{"id":8872,"date":"2025-11-06T07:05:15","date_gmt":"2025-11-06T10:05:15","guid":{"rendered":"https:\/\/fmgente.com.ar\/la-dolorosa-traicion-que-sufrio-david-beckham-en-el-dia-mas-importante-de-su-vida\/"},"modified":"2025-11-06T07:05:15","modified_gmt":"2025-11-06T10:05:15","slug":"la-dolorosa-traicion-que-sufrio-david-beckham-en-el-dia-mas-importante-de-su-vida","status":"publish","type":"post","link":"https:\/\/fmgente.com.ar\/web\/la-dolorosa-traicion-que-sufrio-david-beckham-en-el-dia-mas-importante-de-su-vida\/","title":{"rendered":"La dolorosa traici\u00f3n que sufri\u00f3 David Beckham en el d\u00eda m\u00e1s importante de su vida"},"content":{"rendered":"<p>En un d\u00eda que quedar\u00e1 grabado para siempre en el clan <strong>Beckham<\/strong>, <strong>David Beckham<\/strong> vivi\u00f3 lo que \u00e9l mismo defini\u00f3 como <em>\u201cel momento de mayor orgullo\u201d <\/em>de su vida. En el Castillo de Windsor, <a href=\"https:\/\/www.paparazzi.com.ar\/tag\/david-beckham\/\">David <\/a>recibi\u00f3 de manos del rey <strong>Carlos III <\/strong>el t\u00edtulo de caballero, una distinci\u00f3n que corona su impecable carrera deportiva y su compromiso con las causas solidarias.<\/p>\n<p>A su lado, como desde hace casi tres d\u00e9cadas, estuvo <strong>Victoria Beckham<\/strong>, quien comparti\u00f3 en redes un mensaje cargado de ternura y orgullo. La ex <strong>Spice Girl<\/strong> celebr\u00f3 el logro de su marido con dulces palabras: <em>\u201cDavid, desde el momento en que te conoc\u00ed hace 28 a\u00f1os, siempre estuviste tan orgulloso de representar a tu pa\u00eds. Dentro y fuera de la cancha, nadie ama m\u00e1s a Inglaterra ni respeta m\u00e1s a nuestra Familia Real\u201d.<\/em><\/p>\n<p>En el mismo posteo, <a href=\"https:\/\/www.paparazzi.com.ar\/tag\/victoria-beckham\/\">Victoria <\/a>destac\u00f3 las virtudes personales de quien hoy es oficialmente <strong>Sir David Beckham<\/strong>. <em>\u201cHas logrado tantas cosas, y aun as\u00ed segu\u00eds siendo el mismo hombre amable, humilde y trabajador que conoc\u00ed hace casi 30 a\u00f1os\u201d<\/em>, expres\u00f3, y cerr\u00f3:<em> \u201cNunca me sent\u00ed m\u00e1s orgullosa que hoy. Sir David Beckham, te amamos much\u00edsimo\u201d.<\/em><\/p>\n<div class=\"mt-box \">\n<h4 class=\"mt-heading\">Mir\u00e1 Tambi\u00e9n<\/h4>\n<p><a href=\"https:\/\/www.paparazzi.com.ar\/internacionales\/la-esposa-de-david-beckham-conto-toda-la-verdad-de-las-infidelidades-del-famoso\/\"><\/p>\n<div class=\"mt-content\">\n<div class=\"mt-image-container\"><img decoding=\"async\" src=\"https:\/\/www.paparazzi.com.ar\/wp-content\/uploads\/2025\/08\/David-Victoria-Beckham.jpg.webp\" alt=\"La esposa de David Beckham cont\u00f3 toda la verdad de las infidelidades del famoso\" class=\"mt-image\" loading=\"lazy\" \/><\/div>\n<h5 class=\"mt-title\">La esposa de David Beckham cont\u00f3 toda la verdad de las infidelidades del famoso<\/h5>\n<\/div>\n<p><\/a><\/div>\n<p>El exjugador no lleg\u00f3 solo a Windsor: lo acompa\u00f1aron tres de sus hijos \u2014<strong>Romeo<\/strong>, <strong>Cruz <\/strong>y <strong>Harper<\/strong>\u2014 quienes siguieron de cerca cada momento del emotivo reconocimiento. Las c\u00e1maras captaron a la familia sonriente, elegante y conmovida, mientras el flamante caballero recib\u00eda la condecoraci\u00f3n de manos del rey.<\/p>\n<figure class=\"wp-block-image size-large\"><img decoding=\"async\" src=\"https:\/\/www.paparazzi.com.ar\/wp-content\/uploads\/2025\/11\/david-bekham-1-822x1024.jpg.webp\" loading=\"lazy\" alt=\"\" class=\"wp-image-451570\" \/><\/figure>\n<figure class=\"wp-block-image size-large\"><img decoding=\"async\" src=\"https:\/\/www.paparazzi.com.ar\/wp-content\/uploads\/2025\/11\/david-bekham-2-822x1024.jpg.webp\" loading=\"lazy\" alt=\"\" class=\"wp-image-451571\" \/><\/figure>\n<figure class=\"wp-block-image size-large\"><img decoding=\"async\" src=\"https:\/\/www.paparazzi.com.ar\/wp-content\/uploads\/2025\/11\/david-bekham-3-822x1024.jpg.webp\" loading=\"lazy\" alt=\"\" class=\"wp-image-451572\" \/><\/figure>\n<figure class=\"wp-block-image size-large\"><img decoding=\"async\" src=\"https:\/\/www.paparazzi.com.ar\/wp-content\/uploads\/2025\/11\/david-bekham-1024x647.jpg.webp\" loading=\"lazy\" alt=\"\" class=\"wp-image-451573\" \/><\/figure>\n<h2 class=\"wp-block-heading\">LA POL\u00c9MICA AUSENCIA EN EL MOMENTO M\u00c1S IMPORTANTE DE DAVID BECKHAM<\/h2>\n<p>Pero, una vez m\u00e1s, el gran ausente fue <strong><a href=\"https:\/\/www.paparazzi.com.ar\/internacionales\/david-y-victoria-beckham-destrozados-por-la-traicion-de-su-hijo-brooklyn-en-su-peor-momento-familiar\/\">Brooklyn<\/a><\/strong>, el hijo mayor del matrimonio, quien no apareci\u00f3 en la ceremonia. El faltazo no pas\u00f3 desapercibido y aliment\u00f3 las versiones de distanciamiento con su familia. Aunque ni David ni Victoria hicieron comentarios al respecto, el silencio volvi\u00f3 a despertar las sospechas sobre un posible conflicto interno.<\/p>\n<p>Las tensiones no son nuevas. Todo empez\u00f3 tras la boda de Brooklyn y su pareja, <strong>Nicola<\/strong>, en 2022. Desde el vestido de Valentino que la novia eligi\u00f3 en lugar de uno dise\u00f1ado por Victoria, hasta las l\u00e1grimas y desplantes que nunca se olvidaron, todo qued\u00f3 acumulado hasta que explot\u00f3.<\/p>\n<div class=\"mt-box \">\n<h4 class=\"mt-heading\">Mir\u00e1 Tambi\u00e9n<\/h4>\n<p><a href=\"https:\/\/www.paparazzi.com.ar\/romances\/confirmaron-la-infidelidad-de-david-beckham-a-su-esposa-victoria-beckham-tras-26-anos-juntos\/\"><\/p>\n<div class=\"mt-content\">\n<div class=\"mt-image-container\"><img decoding=\"async\" src=\"https:\/\/www.paparazzi.com.ar\/wp-content\/uploads\/2024\/06\/David-Beckham-saco-a-la-luz-un-secreto-familiar-que-oculto-durante-anos.jpg.webp\" alt=\"Confirmaron la infidelidad de David Beckham a su esposa, Victoria Beckham, tras 26 a\u00f1os juntos\" class=\"mt-image\" loading=\"lazy\" \/><\/div>\n<h5 class=\"mt-title\">Confirmaron la infidelidad de David Beckham a su esposa, Victoria Beckham, tras 26 a\u00f1os juntos<\/h5>\n<\/div>\n<p><\/a><\/div>\n<p>Las \u00faltimas se\u00f1ales no son alentadoras.<em> \u201cNo hay vuelta atr\u00e1s\u201d<\/em>, asegur\u00f3 <strong>Page Six<\/strong> sobre la distancia que tom\u00f3 el primog\u00e9nito de los Beckham. Y aunque algunos aseguran que solo un milagro podr\u00eda recomponer el v\u00ednculo, lo cierto es que la familia Beckham hoy est\u00e1 dividida por una tremenda grieta.<\/p>\n<div class=\"mt-box \">\n<h4 class=\"mt-heading\">Mir\u00e1 Tambi\u00e9n<\/h4>\n<p><a href=\"https:\/\/www.paparazzi.com.ar\/teve\/los-detalles-del-calvario-de-lowrdez-de-bandana-mas-conmocionantes-los-gritos-de-auxilio\/\"><\/p>\n<div class=\"mt-content\">\n<div class=\"mt-image-container\"><img decoding=\"async\" src=\"https:\/\/www.paparazzi.com.ar\/wp-content\/uploads\/2025\/11\/lowrdez-fernandez-leandro-garcia-gomez-359x226.jpg\" alt=\"Los detalles m\u00e1s conmocionantes del calvario que Lowrdez de Bandana sufri\u00f3 por su ex: \u201cLos gritos de auxilio\u2026\u201d\" class=\"mt-image\" loading=\"lazy\" \/><\/div>\n<h5 class=\"mt-title\">Los detalles m\u00e1s conmocionantes del calvario que Lowrdez de Bandana sufri\u00f3 por su ex: \u201cLos gritos de auxilio\u2026\u201d<\/h5>\n<\/div>\n<p><\/a><\/div>\n<div class=\"mt-box \">\n<h4 class=\"mt-heading\">Mir\u00e1 Tambi\u00e9n<\/h4>\n<p><a href=\"https:\/\/www.paparazzi.com.ar\/teve\/jorge-rial-detallo-que-arruino-a-marcelo-tinelli-y-lo-llevo-a-la-amenaza-a-juanita-y-al-escandalo-total-en-un-viaje-a-peru\/\"><\/p>\n<div class=\"mt-content\">\n<div class=\"mt-image-container\"><img decoding=\"async\" src=\"https:\/\/www.paparazzi.com.ar\/wp-content\/uploads\/2025\/11\/Rial-Tinelli-1-359x226.jpg\" alt=\"Jorge Rial detall\u00f3 qu\u00e9 arruin\u00f3 a Marcelo Tinelli y lo llev\u00f3 a la amenaza a Juanita y al esc\u00e1ndalo total: &quot;En un viaje a Per\u00fa&quot;\" class=\"mt-image\" loading=\"lazy\" \/><\/div>\n<h5 class=\"mt-title\">Jorge Rial detall\u00f3 qu\u00e9 arruin\u00f3 a Marcelo Tinelli y lo llev\u00f3 a la amenaza a Juanita y al esc\u00e1ndalo total: \u00abEn un viaje a Per\u00fa\u00bb<\/h5>\n<\/div>\n<p><\/a><\/div>\n<p>The post <a href=\"https:\/\/www.paparazzi.com.ar\/internacionales\/la-dolorosa-traicion-que-sufrio-david-beckham-en-el-dia-mas-importante-de-su-vida\/\">La dolorosa traici\u00f3n que sufri\u00f3 David Beckham en el d\u00eda m\u00e1s importante de su vida<\/a> appeared first on <a href=\"https:\/\/www.paparazzi.com.ar\">Revista Paparazzi<\/a>.<\/p>\n","protected":false},"excerpt":{"rendered":"<p>En un d\u00eda que quedar\u00e1 grabado para siempre en el clan Beckham, David Beckham vivi\u00f3<\/p>\n","protected":false},"author":0,"featured_media":8873,"comment_status":"","ping_status":"","sticky":false,"template":"","format":"standard","meta":{"footnotes":""},"categories":[11],"tags":[],"class_list":["post-8872","post","type-post","status-publish","format-standard","has-post-thumbnail","hentry","category-destacadas"],"yoast_head":"<!-- This site is optimized with the Yoast SEO plugin v27.4 - https:\/\/yoast.com\/product\/yoast-seo-wordpress\/ -->\n<title>La dolorosa traici\u00f3n que sufri\u00f3 David Beckham en el d\u00eda m\u00e1s importante de su vida - Fm Gente<\/title>\n<meta name=\"robots\" content=\"index, follow, max-snippet:-1, max-image-preview:large, max-video-preview:-1\" \/>\n<link rel=\"canonical\" href=\"https:\/\/fmgente.com.ar\/web\/la-dolorosa-traicion-que-sufrio-david-beckham-en-el-dia-mas-importante-de-su-vida\/\" \/>\n<meta property=\"og:locale\" content=\"es_ES\" \/>\n<meta property=\"og:type\" content=\"article\" \/>\n<meta property=\"og:title\" content=\"La dolorosa traici\u00f3n que sufri\u00f3 David Beckham en el d\u00eda m\u00e1s importante de su vida - Fm Gente\" \/>\n<meta property=\"og:description\" content=\"En un d\u00eda que quedar\u00e1 grabado para siempre en el clan Beckham, David Beckham vivi\u00f3\" \/>\n<meta property=\"og:url\" content=\"https:\/\/fmgente.com.ar\/web\/la-dolorosa-traicion-que-sufrio-david-beckham-en-el-dia-mas-importante-de-su-vida\/\" \/>\n<meta property=\"og:site_name\" content=\"Fm Gente\" \/>\n<meta property=\"article:published_time\" content=\"2025-11-06T10:05:15+00:00\" \/>\n<meta property=\"og:image\" content=\"https:\/\/fmgente.com.ar\/web\/wp-content\/uploads\/2025\/11\/David-Victoria-Beckham.jpg.webp\" \/>\n\t<meta property=\"og:image:width\" content=\"1052\" \/>\n\t<meta property=\"og:image:height\" content=\"665\" \/>\n\t<meta property=\"og:image:type\" content=\"image\/webp\" \/>\n<meta name=\"twitter:card\" content=\"summary_large_image\" \/>\n<meta name=\"twitter:label1\" content=\"Tiempo de lectura\" \/>\n\t<meta name=\"twitter:data1\" content=\"3 minutos\" \/>\n<script type=\"application\/ld+json\" class=\"yoast-schema-graph\">{\"@context\":\"https:\\\/\\\/schema.org\",\"@graph\":[{\"@type\":\"Article\",\"@id\":\"https:\\\/\\\/fmgente.com.ar\\\/web\\\/la-dolorosa-traicion-que-sufrio-david-beckham-en-el-dia-mas-importante-de-su-vida\\\/#article\",\"isPartOf\":{\"@id\":\"https:\\\/\\\/fmgente.com.ar\\\/web\\\/la-dolorosa-traicion-que-sufrio-david-beckham-en-el-dia-mas-importante-de-su-vida\\\/\"},\"author\":{\"name\":\"\",\"@id\":\"\"},\"headline\":\"La dolorosa traici\u00f3n que sufri\u00f3 David Beckham en el d\u00eda m\u00e1s importante de su vida\",\"datePublished\":\"2025-11-06T10:05:15+00:00\",\"mainEntityOfPage\":{\"@id\":\"https:\\\/\\\/fmgente.com.ar\\\/web\\\/la-dolorosa-traicion-que-sufrio-david-beckham-en-el-dia-mas-importante-de-su-vida\\\/\"},\"wordCount\":553,\"publisher\":{\"@id\":\"https:\\\/\\\/fmgente.com.ar\\\/web\\\/#organization\"},\"image\":{\"@id\":\"https:\\\/\\\/fmgente.com.ar\\\/web\\\/la-dolorosa-traicion-que-sufrio-david-beckham-en-el-dia-mas-importante-de-su-vida\\\/#primaryimage\"},\"thumbnailUrl\":\"https:\\\/\\\/fmgente.com.ar\\\/web\\\/wp-content\\\/uploads\\\/2025\\\/11\\\/David-Victoria-Beckham.jpg.webp\",\"articleSection\":[\"DESTACADAS\"],\"inLanguage\":\"es\"},{\"@type\":\"WebPage\",\"@id\":\"https:\\\/\\\/fmgente.com.ar\\\/web\\\/la-dolorosa-traicion-que-sufrio-david-beckham-en-el-dia-mas-importante-de-su-vida\\\/\",\"url\":\"https:\\\/\\\/fmgente.com.ar\\\/web\\\/la-dolorosa-traicion-que-sufrio-david-beckham-en-el-dia-mas-importante-de-su-vida\\\/\",\"name\":\"La dolorosa traici\u00f3n que sufri\u00f3 David Beckham en el d\u00eda m\u00e1s importante de su vida - Fm Gente\",\"isPartOf\":{\"@id\":\"https:\\\/\\\/fmgente.com.ar\\\/web\\\/#website\"},\"primaryImageOfPage\":{\"@id\":\"https:\\\/\\\/fmgente.com.ar\\\/web\\\/la-dolorosa-traicion-que-sufrio-david-beckham-en-el-dia-mas-importante-de-su-vida\\\/#primaryimage\"},\"image\":{\"@id\":\"https:\\\/\\\/fmgente.com.ar\\\/web\\\/la-dolorosa-traicion-que-sufrio-david-beckham-en-el-dia-mas-importante-de-su-vida\\\/#primaryimage\"},\"thumbnailUrl\":\"https:\\\/\\\/fmgente.com.ar\\\/web\\\/wp-content\\\/uploads\\\/2025\\\/11\\\/David-Victoria-Beckham.jpg.webp\",\"datePublished\":\"2025-11-06T10:05:15+00:00\",\"inLanguage\":\"es\",\"potentialAction\":[{\"@type\":\"ReadAction\",\"target\":[\"https:\\\/\\\/fmgente.com.ar\\\/web\\\/la-dolorosa-traicion-que-sufrio-david-beckham-en-el-dia-mas-importante-de-su-vida\\\/\"]}]},{\"@type\":\"ImageObject\",\"inLanguage\":\"es\",\"@id\":\"https:\\\/\\\/fmgente.com.ar\\\/web\\\/la-dolorosa-traicion-que-sufrio-david-beckham-en-el-dia-mas-importante-de-su-vida\\\/#primaryimage\",\"url\":\"https:\\\/\\\/fmgente.com.ar\\\/web\\\/wp-content\\\/uploads\\\/2025\\\/11\\\/David-Victoria-Beckham.jpg.webp\",\"contentUrl\":\"https:\\\/\\\/fmgente.com.ar\\\/web\\\/wp-content\\\/uploads\\\/2025\\\/11\\\/David-Victoria-Beckham.jpg.webp\",\"width\":1052,\"height\":665},{\"@type\":\"WebSite\",\"@id\":\"https:\\\/\\\/fmgente.com.ar\\\/web\\\/#website\",\"url\":\"https:\\\/\\\/fmgente.com.ar\\\/web\\\/\",\"name\":\"Fm Gente\",\"description\":\"- Jes\u00fas Mar\u00eda\",\"publisher\":{\"@id\":\"https:\\\/\\\/fmgente.com.ar\\\/web\\\/#organization\"},\"potentialAction\":[{\"@type\":\"SearchAction\",\"target\":{\"@type\":\"EntryPoint\",\"urlTemplate\":\"https:\\\/\\\/fmgente.com.ar\\\/web\\\/?s={search_term_string}\"},\"query-input\":{\"@type\":\"PropertyValueSpecification\",\"valueRequired\":true,\"valueName\":\"search_term_string\"}}],\"inLanguage\":\"es\"},{\"@type\":\"Organization\",\"@id\":\"https:\\\/\\\/fmgente.com.ar\\\/web\\\/#organization\",\"name\":\"Fm Gente\",\"url\":\"https:\\\/\\\/fmgente.com.ar\\\/web\\\/\",\"logo\":{\"@type\":\"ImageObject\",\"inLanguage\":\"es\",\"@id\":\"https:\\\/\\\/fmgente.com.ar\\\/web\\\/#\\\/schema\\\/logo\\\/image\\\/\",\"url\":\"https:\\\/\\\/fmgente.com.ar\\\/web\\\/wp-content\\\/uploads\\\/2023\\\/07\\\/cropped-cropped-logo-sombra2.png\",\"contentUrl\":\"https:\\\/\\\/fmgente.com.ar\\\/web\\\/wp-content\\\/uploads\\\/2023\\\/07\\\/cropped-cropped-logo-sombra2.png\",\"width\":1782,\"height\":1782,\"caption\":\"Fm Gente\"},\"image\":{\"@id\":\"https:\\\/\\\/fmgente.com.ar\\\/web\\\/#\\\/schema\\\/logo\\\/image\\\/\"}}]}<\/script>\n<!-- \/ Yoast SEO plugin. -->","yoast_head_json":{"title":"La dolorosa traici\u00f3n que sufri\u00f3 David Beckham en el d\u00eda m\u00e1s importante de su vida - Fm Gente","robots":{"index":"index","follow":"follow","max-snippet":"max-snippet:-1","max-image-preview":"max-image-preview:large","max-video-preview":"max-video-preview:-1"},"canonical":"https:\/\/fmgente.com.ar\/web\/la-dolorosa-traicion-que-sufrio-david-beckham-en-el-dia-mas-importante-de-su-vida\/","og_locale":"es_ES","og_type":"article","og_title":"La dolorosa traici\u00f3n que sufri\u00f3 David Beckham en el d\u00eda m\u00e1s importante de su vida - Fm Gente","og_description":"En un d\u00eda que quedar\u00e1 grabado para siempre en el clan Beckham, David Beckham vivi\u00f3","og_url":"https:\/\/fmgente.com.ar\/web\/la-dolorosa-traicion-que-sufrio-david-beckham-en-el-dia-mas-importante-de-su-vida\/","og_site_name":"Fm Gente","article_published_time":"2025-11-06T10:05:15+00:00","og_image":[{"width":1052,"height":665,"url":"https:\/\/fmgente.com.ar\/web\/wp-content\/uploads\/2025\/11\/David-Victoria-Beckham.jpg.webp","type":"image\/webp"}],"twitter_card":"summary_large_image","twitter_misc":{"Tiempo de lectura":"3 minutos"},"schema":{"@context":"https:\/\/schema.org","@graph":[{"@type":"Article","@id":"https:\/\/fmgente.com.ar\/web\/la-dolorosa-traicion-que-sufrio-david-beckham-en-el-dia-mas-importante-de-su-vida\/#article","isPartOf":{"@id":"https:\/\/fmgente.com.ar\/web\/la-dolorosa-traicion-que-sufrio-david-beckham-en-el-dia-mas-importante-de-su-vida\/"},"author":{"name":"","@id":""},"headline":"La dolorosa traici\u00f3n que sufri\u00f3 David Beckham en el d\u00eda m\u00e1s importante de su vida","datePublished":"2025-11-06T10:05:15+00:00","mainEntityOfPage":{"@id":"https:\/\/fmgente.com.ar\/web\/la-dolorosa-traicion-que-sufrio-david-beckham-en-el-dia-mas-importante-de-su-vida\/"},"wordCount":553,"publisher":{"@id":"https:\/\/fmgente.com.ar\/web\/#organization"},"image":{"@id":"https:\/\/fmgente.com.ar\/web\/la-dolorosa-traicion-que-sufrio-david-beckham-en-el-dia-mas-importante-de-su-vida\/#primaryimage"},"thumbnailUrl":"https:\/\/fmgente.com.ar\/web\/wp-content\/uploads\/2025\/11\/David-Victoria-Beckham.jpg.webp","articleSection":["DESTACADAS"],"inLanguage":"es"},{"@type":"WebPage","@id":"https:\/\/fmgente.com.ar\/web\/la-dolorosa-traicion-que-sufrio-david-beckham-en-el-dia-mas-importante-de-su-vida\/","url":"https:\/\/fmgente.com.ar\/web\/la-dolorosa-traicion-que-sufrio-david-beckham-en-el-dia-mas-importante-de-su-vida\/","name":"La dolorosa traici\u00f3n que sufri\u00f3 David Beckham en el d\u00eda m\u00e1s importante de su vida - Fm Gente","isPartOf":{"@id":"https:\/\/fmgente.com.ar\/web\/#website"},"primaryImageOfPage":{"@id":"https:\/\/fmgente.com.ar\/web\/la-dolorosa-traicion-que-sufrio-david-beckham-en-el-dia-mas-importante-de-su-vida\/#primaryimage"},"image":{"@id":"https:\/\/fmgente.com.ar\/web\/la-dolorosa-traicion-que-sufrio-david-beckham-en-el-dia-mas-importante-de-su-vida\/#primaryimage"},"thumbnailUrl":"https:\/\/fmgente.com.ar\/web\/wp-content\/uploads\/2025\/11\/David-Victoria-Beckham.jpg.webp","datePublished":"2025-11-06T10:05:15+00:00","inLanguage":"es","potentialAction":[{"@type":"ReadAction","target":["https:\/\/fmgente.com.ar\/web\/la-dolorosa-traicion-que-sufrio-david-beckham-en-el-dia-mas-importante-de-su-vida\/"]}]},{"@type":"ImageObject","inLanguage":"es","@id":"https:\/\/fmgente.com.ar\/web\/la-dolorosa-traicion-que-sufrio-david-beckham-en-el-dia-mas-importante-de-su-vida\/#primaryimage","url":"https:\/\/fmgente.com.ar\/web\/wp-content\/uploads\/2025\/11\/David-Victoria-Beckham.jpg.webp","contentUrl":"https:\/\/fmgente.com.ar\/web\/wp-content\/uploads\/2025\/11\/David-Victoria-Beckham.jpg.webp","width":1052,"height":665},{"@type":"WebSite","@id":"https:\/\/fmgente.com.ar\/web\/#website","url":"https:\/\/fmgente.com.ar\/web\/","name":"Fm Gente","description":"- Jes\u00fas Mar\u00eda","publisher":{"@id":"https:\/\/fmgente.com.ar\/web\/#organization"},"potentialAction":[{"@type":"SearchAction","target":{"@type":"EntryPoint","urlTemplate":"https:\/\/fmgente.com.ar\/web\/?s={search_term_string}"},"query-input":{"@type":"PropertyValueSpecification","valueRequired":true,"valueName":"search_term_string"}}],"inLanguage":"es"},{"@type":"Organization","@id":"https:\/\/fmgente.com.ar\/web\/#organization","name":"Fm Gente","url":"https:\/\/fmgente.com.ar\/web\/","logo":{"@type":"ImageObject","inLanguage":"es","@id":"https:\/\/fmgente.com.ar\/web\/#\/schema\/logo\/image\/","url":"https:\/\/fmgente.com.ar\/web\/wp-content\/uploads\/2023\/07\/cropped-cropped-logo-sombra2.png","contentUrl":"https:\/\/fmgente.com.ar\/web\/wp-content\/uploads\/2023\/07\/cropped-cropped-logo-sombra2.png","width":1782,"height":1782,"caption":"Fm Gente"},"image":{"@id":"https:\/\/fmgente.com.ar\/web\/#\/schema\/logo\/image\/"}}]}},"_links":{"self":[{"href":"https:\/\/fmgente.com.ar\/web\/wp-json\/wp\/v2\/posts\/8872","targetHints":{"allow":["GET"]}}],"collection":[{"href":"https:\/\/fmgente.com.ar\/web\/wp-json\/wp\/v2\/posts"}],"about":[{"href":"https:\/\/fmgente.com.ar\/web\/wp-json\/wp\/v2\/types\/post"}],"replies":[{"embeddable":true,"href":"https:\/\/fmgente.com.ar\/web\/wp-json\/wp\/v2\/comments?post=8872"}],"version-history":[{"count":0,"href":"https:\/\/fmgente.com.ar\/web\/wp-json\/wp\/v2\/posts\/8872\/revisions"}],"wp:featuredmedia":[{"embeddable":true,"href":"https:\/\/fmgente.com.ar\/web\/wp-json\/wp\/v2\/media\/8873"}],"wp:attachment":[{"href":"https:\/\/fmgente.com.ar\/web\/wp-json\/wp\/v2\/media?parent=8872"}],"wp:term":[{"taxonomy":"category","embeddable":true,"href":"https:\/\/fmgente.com.ar\/web\/wp-json\/wp\/v2\/categories?post=8872"},{"taxonomy":"post_tag","embeddable":true,"href":"https:\/\/fmgente.com.ar\/web\/wp-json\/wp\/v2\/tags?post=8872"}],"curies":[{"name":"wp","href":"https:\/\/api.w.org\/{rel}","templated":true}]}}