{"id":8870,"date":"2025-11-06T06:06:13","date_gmt":"2025-11-06T09:06:13","guid":{"rendered":"https:\/\/fmgente.com.ar\/un-desastre-estafaron-a-fernanda-vives-y-le-destrozaron-la-casa-me-rompieron-la-pileta\/"},"modified":"2025-11-06T06:06:13","modified_gmt":"2025-11-06T09:06:13","slug":"un-desastre-estafaron-a-fernanda-vives-y-le-destrozaron-la-casa-me-rompieron-la-pileta","status":"publish","type":"post","link":"https:\/\/fmgente.com.ar\/web\/un-desastre-estafaron-a-fernanda-vives-y-le-destrozaron-la-casa-me-rompieron-la-pileta\/","title":{"rendered":"\u00a1Un desastre! Estafaron a Fernanda Vives y le destrozaron la casa: \u201cMe rompieron la pileta\u201d"},"content":{"rendered":"<p>Hace unos cuantos d\u00edas <strong>Fernanda Vives<\/strong> y su marido <strong>Sebasti\u00e1n Cobelli <\/strong>se pusieron en campa\u00f1a para ayudar a una mujer con problemas de salud y discapacidad a qui\u00e9n se le vino abajo el techo de su casa y viv\u00eda en malas condiciones. As\u00ed, siendo ellos mismos quienes se pusieron a sacar escombros intentaron buscar gente que se sume a la causa.<\/p>\n<p>Y entre empresas o seguidores que aportaron su granito de arena llegaron a una firma llamada<em> Construcciones del Norte, <\/em>quienes accedieron de alguna forma a colaborar. Pero, como no les serv\u00eda ese caso como publicidad, le pidieron a la actriz y al ex futbolista que los dejen hacer algo en su casa.<\/p>\n<p>Sin embargo, no solo habr\u00edan hecho a medias lo pautado sino que, adem\u00e1s y seg\u00fan las im\u00e1genes que comparti\u00f3 la pareja famosa en internet, el responsable de la empresa se hab\u00eda tomado la atribuci\u00f3n de romper la piscina y les levant\u00f3 las baldosas que la rodean dej\u00e1ndolas, incluso, a medio pintar.<\/p>\n<div class=\"mt-box \">\n<h4 class=\"mt-heading\">Mir\u00e1 Tambi\u00e9n<\/h4>\n<p><a href=\"https:\/\/www.paparazzi.com.ar\/teve\/juana-repetto-confirmo-por-que-decidio-ser-madre-soltera-me-deprimi-mucho-y\/\"><\/p>\n<div class=\"mt-content\">\n<div class=\"mt-image-container\"><img decoding=\"async\" src=\"https:\/\/www.paparazzi.com.ar\/wp-content\/uploads\/2025\/09\/Juana-Repetto-2.jpg.webp\" alt=\"Juana Repetto confirm\u00f3 por qu\u00e9 decidi\u00f3 ser madre soltera: &quot;Me deprim\u00ed mucho y\u2026&quot;\" class=\"mt-image\" loading=\"lazy\" \/><\/div>\n<h5 class=\"mt-title\">Juana Repetto confirm\u00f3 por qu\u00e9 decidi\u00f3 ser madre soltera: \u00abMe deprim\u00ed mucho y\u2026\u00bb<\/h5>\n<\/div>\n<p><\/a><\/div>\n<p>Entendiendo que bien pudo haber tenido un inconveniente la gente de este servicio de piletas, <a href=\"https:\/\/www.paparazzi.com.ar\/teve\/fernanda-vives-compro-un-robot-en-paraguay-por-150-dolares-que-se-volvio-furor-entre-sus-seguidores-que-usos-le-da\/\">Vives<\/a> esper\u00f3 varios d\u00edas para que vengan a terminar el desastre que le hab\u00edan dejado en el patio de su casa. Sin embargo, quienes deb\u00edan responder al servicio en cuesti\u00f3n brillaron por su ausencia.<\/p>\n<h2 class=\"wp-block-heading\">LA ANGUSTIA E IMPOTENCIA DE FERNANDA VIVES<\/h2>\n<p>Indignada, ya que<a href=\"https:\/\/www.paparazzi.com.ar\/teve\/exclusivo-las-fotos-del-accidente-de-transito-a-donde-quedo-involucrada-fernanda-vives-en-mar-del-plata\/\"> la actriz <\/a>tendr\u00eda que tener su casa en condiciones para las pr\u00f3ximas semanas por compromisos personales y viendo que la empresa constructora le dej\u00f3 el parque hecho un desastre sin intenciones de terminar el trabajo, hizo un descargo en sus redes sociales.<\/p>\n<p><em>\u201cTengo que denunciar a esta persona porque hasta el d\u00eda de hoy aguant\u00e9 y aguant\u00e9 para resolver el quilombo en el que me meti\u00f3. No va a venir. Esto no es para m\u00ed sola. Le ha pasado a otras personas del medio art\u00edstico y me empez\u00f3 a llegar por instagram otros a los que estaf\u00f3. Un garr\u00f3n. Me meti\u00f3 en un problema. Ojo, no se comprometan porque es un hombre que no cumple<\/em>\u201d, expuso.<\/p>\n<div class=\"mt-box \">\n<h4 class=\"mt-heading\">Mir\u00e1 Tambi\u00e9n<\/h4>\n<p><a href=\"https:\/\/www.paparazzi.com.ar\/actualidad\/atlantida-rompe-records-mas-de-18-millones-de-usuarios-unicos-en-septiembre\/\"><\/p>\n<div class=\"mt-content\">\n<div class=\"mt-image-container\"><img decoding=\"async\" src=\"https:\/\/www.paparazzi.com.ar\/wp-content\/uploads\/2025\/10\/DSC04577-359x226.jpg\" alt=\"Atl\u00e1ntida rompe r\u00e9cords: m\u00e1s de 18 millones de usuarios \u00fanicos en septiembre\" class=\"mt-image\" loading=\"lazy\" \/><\/div>\n<h5 class=\"mt-title\">Atl\u00e1ntida rompe r\u00e9cords: m\u00e1s de 18 millones de usuarios \u00fanicos en septiembre<\/h5>\n<\/div>\n<p><\/a><\/div>\n<p>Siguiendo con su descarga, <a href=\"https:\/\/www.paparazzi.com.ar\/romances\/fernanda-vives-tomo-la-decision-mas-audaz-para-romper-la-rutina-con-sebastian-cobelli-quiero-hacer-un-trio-en\/\">Fernanda<\/a> sum\u00f3: <em>\u201cEstamos ayudando a Leticia a hacer cosas en su casa. Me dijeron que aceptaba hacer canjes. Este se encarga de hacer piletas. Cuando le muestro lo que estamos haciendo para ayudar solidariamente me dijo que lo pod\u00eda hacer pero que no le serv\u00eda de promoci\u00f3n porque hace piletas. Me pidi\u00f3 entonces hacer algo en mi casa\u201d.<\/em><\/p>\n<p><em>\u201cLe dije que venga porque mi pileta estaba bien. Que la limpie y filmo eso. Despu\u00e9s hacemos el piso de Leticia. Se arregla ese canje con el tipo. Cuando estaba ac\u00e1 hidrolavando y cuando me voy adentro me dijo de darle una mano de pintura. Cuando salgo de casa lo veo taladr\u00e1ndome la pileta sin consentimiento. Ahora tengo una baldosa abierta y floja. Me la dej\u00f3 despegada y la parti\u00f3. Me dijo ma\u00f1ana vengo y pas\u00f3 una semana\u201d,<\/em> agreg\u00f3 Vives.<\/p>\n<figure class=\"wp-block-image size-large\"><img decoding=\"async\" src=\"https:\/\/www.paparazzi.com.ar\/wp-content\/uploads\/2025\/11\/vives-estafa-607x1024.jpeg.webp\" loading=\"lazy\" alt=\"\" class=\"wp-image-451583\" \/><\/figure>\n<figure class=\"wp-block-image size-large\"><img decoding=\"async\" src=\"https:\/\/www.paparazzi.com.ar\/wp-content\/uploads\/2025\/11\/estafador-vives-575x1024.jpeg.webp\" loading=\"lazy\" alt=\"\" class=\"wp-image-451586\" \/><\/figure>\n<div class=\"mt-box \">\n<h4 class=\"mt-heading\">Mir\u00e1 Tambi\u00e9n<\/h4>\n<p><a href=\"https:\/\/www.paparazzi.com.ar\/horoscopo\/horoscopo-de-hoy-los-signos-que-tendran-dinero-amor-y-trabajo-en-noviembre-segun-jimena-la-torre\/\"><\/p>\n<div class=\"mt-content\">\n<div class=\"mt-image-container\"><img decoding=\"async\" src=\"https:\/\/www.paparazzi.com.ar\/wp-content\/uploads\/2025\/11\/Horoscopo-de-hoy-los-signos-que-tendran-dinero-amor-y-trabajo-en-noviembre-segun-Jimena-La-Torre-359x226.jpg\" alt=\"Hor\u00f3scopo de hoy: los signos que tendr\u00e1n dinero, amor y trabajo en noviembre, seg\u00fan Jimena La Torre\" class=\"mt-image\" loading=\"lazy\" \/><\/div>\n<h5 class=\"mt-title\">Hor\u00f3scopo de hoy: los signos que tendr\u00e1n dinero, amor y trabajo en noviembre, seg\u00fan Jimena La Torre<\/h5>\n<\/div>\n<p><\/a><\/div>\n<div class=\"mt-box \">\n<h4 class=\"mt-heading\">Mir\u00e1 Tambi\u00e9n<\/h4>\n<p><a href=\"https:\/\/www.paparazzi.com.ar\/teve\/jorge-rial-detallo-que-arruino-a-marcelo-tinelli-y-lo-llevo-a-la-amenaza-a-juanita-y-al-escandalo-total-en-un-viaje-a-peru\/\"><\/p>\n<div class=\"mt-content\">\n<div class=\"mt-image-container\"><img decoding=\"async\" src=\"https:\/\/www.paparazzi.com.ar\/wp-content\/uploads\/2025\/11\/Rial-Tinelli-1-359x226.jpg\" alt=\"Jorge Rial detall\u00f3 qu\u00e9 arruin\u00f3 a Marcelo Tinelli y lo llev\u00f3 a la amenaza a Juanita y al esc\u00e1ndalo total: &quot;En un viaje a Per\u00fa&quot;\" class=\"mt-image\" loading=\"lazy\" \/><\/div>\n<h5 class=\"mt-title\">Jorge Rial detall\u00f3 qu\u00e9 arruin\u00f3 a Marcelo Tinelli y lo llev\u00f3 a la amenaza a Juanita y al esc\u00e1ndalo total: \u00abEn un viaje a Per\u00fa\u00bb<\/h5>\n<\/div>\n<p><\/a><\/div>\n<p>The post <a href=\"https:\/\/www.paparazzi.com.ar\/teve\/un-desastre-estafaron-a-fernanda-vives-y-le-destrozaron-la-casa-me-rompieron-la-pileta\/\">\u00a1Un desastre! Estafaron a Fernanda Vives y le destrozaron la casa: \u201cMe rompieron la pileta\u201d<\/a> appeared first on <a href=\"https:\/\/www.paparazzi.com.ar\">Revista Paparazzi<\/a>.<\/p>\n","protected":false},"excerpt":{"rendered":"<p>Hace unos cuantos d\u00edas Fernanda Vives y su marido Sebasti\u00e1n Cobelli se pusieron en campa\u00f1a<\/p>\n","protected":false},"author":0,"featured_media":8871,"comment_status":"","ping_status":"","sticky":false,"template":"","format":"standard","meta":{"footnotes":""},"categories":[11],"tags":[],"class_list":["post-8870","post","type-post","status-publish","format-standard","has-post-thumbnail","hentry","category-destacadas"],"yoast_head":"<!-- This site is optimized with the Yoast SEO plugin v27.4 - https:\/\/yoast.com\/product\/yoast-seo-wordpress\/ -->\n<title>\u00a1Un desastre! Estafaron a Fernanda Vives y le destrozaron la casa: \u201cMe rompieron la pileta\u201d - Fm Gente<\/title>\n<meta name=\"robots\" content=\"index, follow, max-snippet:-1, max-image-preview:large, max-video-preview:-1\" \/>\n<link rel=\"canonical\" href=\"https:\/\/fmgente.com.ar\/web\/un-desastre-estafaron-a-fernanda-vives-y-le-destrozaron-la-casa-me-rompieron-la-pileta\/\" \/>\n<meta property=\"og:locale\" content=\"es_ES\" \/>\n<meta property=\"og:type\" content=\"article\" \/>\n<meta property=\"og:title\" content=\"\u00a1Un desastre! Estafaron a Fernanda Vives y le destrozaron la casa: \u201cMe rompieron la pileta\u201d - Fm Gente\" \/>\n<meta property=\"og:description\" content=\"Hace unos cuantos d\u00edas Fernanda Vives y su marido Sebasti\u00e1n Cobelli se pusieron en campa\u00f1a\" \/>\n<meta property=\"og:url\" content=\"https:\/\/fmgente.com.ar\/web\/un-desastre-estafaron-a-fernanda-vives-y-le-destrozaron-la-casa-me-rompieron-la-pileta\/\" \/>\n<meta property=\"og:site_name\" content=\"Fm Gente\" \/>\n<meta property=\"article:published_time\" content=\"2025-11-06T09:06:13+00:00\" \/>\n<meta property=\"og:image\" content=\"https:\/\/fmgente.com.ar\/web\/wp-content\/uploads\/2025\/11\/Juana-Repetto-2.jpg.webp\" \/>\n\t<meta property=\"og:image:width\" content=\"1052\" \/>\n\t<meta property=\"og:image:height\" content=\"665\" \/>\n\t<meta property=\"og:image:type\" content=\"image\/webp\" \/>\n<meta name=\"twitter:card\" content=\"summary_large_image\" \/>\n<meta name=\"twitter:label1\" content=\"Tiempo de lectura\" \/>\n\t<meta name=\"twitter:data1\" content=\"3 minutos\" \/>\n<script type=\"application\/ld+json\" class=\"yoast-schema-graph\">{\"@context\":\"https:\\\/\\\/schema.org\",\"@graph\":[{\"@type\":\"Article\",\"@id\":\"https:\\\/\\\/fmgente.com.ar\\\/web\\\/un-desastre-estafaron-a-fernanda-vives-y-le-destrozaron-la-casa-me-rompieron-la-pileta\\\/#article\",\"isPartOf\":{\"@id\":\"https:\\\/\\\/fmgente.com.ar\\\/web\\\/un-desastre-estafaron-a-fernanda-vives-y-le-destrozaron-la-casa-me-rompieron-la-pileta\\\/\"},\"author\":{\"name\":\"\",\"@id\":\"\"},\"headline\":\"\u00a1Un desastre! Estafaron a Fernanda Vives y le destrozaron la casa: \u201cMe rompieron la pileta\u201d\",\"datePublished\":\"2025-11-06T09:06:13+00:00\",\"mainEntityOfPage\":{\"@id\":\"https:\\\/\\\/fmgente.com.ar\\\/web\\\/un-desastre-estafaron-a-fernanda-vives-y-le-destrozaron-la-casa-me-rompieron-la-pileta\\\/\"},\"wordCount\":631,\"publisher\":{\"@id\":\"https:\\\/\\\/fmgente.com.ar\\\/web\\\/#organization\"},\"image\":{\"@id\":\"https:\\\/\\\/fmgente.com.ar\\\/web\\\/un-desastre-estafaron-a-fernanda-vives-y-le-destrozaron-la-casa-me-rompieron-la-pileta\\\/#primaryimage\"},\"thumbnailUrl\":\"https:\\\/\\\/fmgente.com.ar\\\/web\\\/wp-content\\\/uploads\\\/2025\\\/11\\\/Juana-Repetto-2.jpg.webp\",\"articleSection\":[\"DESTACADAS\"],\"inLanguage\":\"es\"},{\"@type\":\"WebPage\",\"@id\":\"https:\\\/\\\/fmgente.com.ar\\\/web\\\/un-desastre-estafaron-a-fernanda-vives-y-le-destrozaron-la-casa-me-rompieron-la-pileta\\\/\",\"url\":\"https:\\\/\\\/fmgente.com.ar\\\/web\\\/un-desastre-estafaron-a-fernanda-vives-y-le-destrozaron-la-casa-me-rompieron-la-pileta\\\/\",\"name\":\"\u00a1Un desastre! Estafaron a Fernanda Vives y le destrozaron la casa: \u201cMe rompieron la pileta\u201d - Fm Gente\",\"isPartOf\":{\"@id\":\"https:\\\/\\\/fmgente.com.ar\\\/web\\\/#website\"},\"primaryImageOfPage\":{\"@id\":\"https:\\\/\\\/fmgente.com.ar\\\/web\\\/un-desastre-estafaron-a-fernanda-vives-y-le-destrozaron-la-casa-me-rompieron-la-pileta\\\/#primaryimage\"},\"image\":{\"@id\":\"https:\\\/\\\/fmgente.com.ar\\\/web\\\/un-desastre-estafaron-a-fernanda-vives-y-le-destrozaron-la-casa-me-rompieron-la-pileta\\\/#primaryimage\"},\"thumbnailUrl\":\"https:\\\/\\\/fmgente.com.ar\\\/web\\\/wp-content\\\/uploads\\\/2025\\\/11\\\/Juana-Repetto-2.jpg.webp\",\"datePublished\":\"2025-11-06T09:06:13+00:00\",\"inLanguage\":\"es\",\"potentialAction\":[{\"@type\":\"ReadAction\",\"target\":[\"https:\\\/\\\/fmgente.com.ar\\\/web\\\/un-desastre-estafaron-a-fernanda-vives-y-le-destrozaron-la-casa-me-rompieron-la-pileta\\\/\"]}]},{\"@type\":\"ImageObject\",\"inLanguage\":\"es\",\"@id\":\"https:\\\/\\\/fmgente.com.ar\\\/web\\\/un-desastre-estafaron-a-fernanda-vives-y-le-destrozaron-la-casa-me-rompieron-la-pileta\\\/#primaryimage\",\"url\":\"https:\\\/\\\/fmgente.com.ar\\\/web\\\/wp-content\\\/uploads\\\/2025\\\/11\\\/Juana-Repetto-2.jpg.webp\",\"contentUrl\":\"https:\\\/\\\/fmgente.com.ar\\\/web\\\/wp-content\\\/uploads\\\/2025\\\/11\\\/Juana-Repetto-2.jpg.webp\",\"width\":1052,\"height\":665},{\"@type\":\"WebSite\",\"@id\":\"https:\\\/\\\/fmgente.com.ar\\\/web\\\/#website\",\"url\":\"https:\\\/\\\/fmgente.com.ar\\\/web\\\/\",\"name\":\"Fm Gente\",\"description\":\"- Jes\u00fas Mar\u00eda\",\"publisher\":{\"@id\":\"https:\\\/\\\/fmgente.com.ar\\\/web\\\/#organization\"},\"potentialAction\":[{\"@type\":\"SearchAction\",\"target\":{\"@type\":\"EntryPoint\",\"urlTemplate\":\"https:\\\/\\\/fmgente.com.ar\\\/web\\\/?s={search_term_string}\"},\"query-input\":{\"@type\":\"PropertyValueSpecification\",\"valueRequired\":true,\"valueName\":\"search_term_string\"}}],\"inLanguage\":\"es\"},{\"@type\":\"Organization\",\"@id\":\"https:\\\/\\\/fmgente.com.ar\\\/web\\\/#organization\",\"name\":\"Fm Gente\",\"url\":\"https:\\\/\\\/fmgente.com.ar\\\/web\\\/\",\"logo\":{\"@type\":\"ImageObject\",\"inLanguage\":\"es\",\"@id\":\"https:\\\/\\\/fmgente.com.ar\\\/web\\\/#\\\/schema\\\/logo\\\/image\\\/\",\"url\":\"https:\\\/\\\/fmgente.com.ar\\\/web\\\/wp-content\\\/uploads\\\/2023\\\/07\\\/cropped-cropped-logo-sombra2.png\",\"contentUrl\":\"https:\\\/\\\/fmgente.com.ar\\\/web\\\/wp-content\\\/uploads\\\/2023\\\/07\\\/cropped-cropped-logo-sombra2.png\",\"width\":1782,\"height\":1782,\"caption\":\"Fm Gente\"},\"image\":{\"@id\":\"https:\\\/\\\/fmgente.com.ar\\\/web\\\/#\\\/schema\\\/logo\\\/image\\\/\"}}]}<\/script>\n<!-- \/ Yoast SEO plugin. -->","yoast_head_json":{"title":"\u00a1Un desastre! Estafaron a Fernanda Vives y le destrozaron la casa: \u201cMe rompieron la pileta\u201d - Fm Gente","robots":{"index":"index","follow":"follow","max-snippet":"max-snippet:-1","max-image-preview":"max-image-preview:large","max-video-preview":"max-video-preview:-1"},"canonical":"https:\/\/fmgente.com.ar\/web\/un-desastre-estafaron-a-fernanda-vives-y-le-destrozaron-la-casa-me-rompieron-la-pileta\/","og_locale":"es_ES","og_type":"article","og_title":"\u00a1Un desastre! Estafaron a Fernanda Vives y le destrozaron la casa: \u201cMe rompieron la pileta\u201d - Fm Gente","og_description":"Hace unos cuantos d\u00edas Fernanda Vives y su marido Sebasti\u00e1n Cobelli se pusieron en campa\u00f1a","og_url":"https:\/\/fmgente.com.ar\/web\/un-desastre-estafaron-a-fernanda-vives-y-le-destrozaron-la-casa-me-rompieron-la-pileta\/","og_site_name":"Fm Gente","article_published_time":"2025-11-06T09:06:13+00:00","og_image":[{"width":1052,"height":665,"url":"https:\/\/fmgente.com.ar\/web\/wp-content\/uploads\/2025\/11\/Juana-Repetto-2.jpg.webp","type":"image\/webp"}],"twitter_card":"summary_large_image","twitter_misc":{"Tiempo de lectura":"3 minutos"},"schema":{"@context":"https:\/\/schema.org","@graph":[{"@type":"Article","@id":"https:\/\/fmgente.com.ar\/web\/un-desastre-estafaron-a-fernanda-vives-y-le-destrozaron-la-casa-me-rompieron-la-pileta\/#article","isPartOf":{"@id":"https:\/\/fmgente.com.ar\/web\/un-desastre-estafaron-a-fernanda-vives-y-le-destrozaron-la-casa-me-rompieron-la-pileta\/"},"author":{"name":"","@id":""},"headline":"\u00a1Un desastre! Estafaron a Fernanda Vives y le destrozaron la casa: \u201cMe rompieron la pileta\u201d","datePublished":"2025-11-06T09:06:13+00:00","mainEntityOfPage":{"@id":"https:\/\/fmgente.com.ar\/web\/un-desastre-estafaron-a-fernanda-vives-y-le-destrozaron-la-casa-me-rompieron-la-pileta\/"},"wordCount":631,"publisher":{"@id":"https:\/\/fmgente.com.ar\/web\/#organization"},"image":{"@id":"https:\/\/fmgente.com.ar\/web\/un-desastre-estafaron-a-fernanda-vives-y-le-destrozaron-la-casa-me-rompieron-la-pileta\/#primaryimage"},"thumbnailUrl":"https:\/\/fmgente.com.ar\/web\/wp-content\/uploads\/2025\/11\/Juana-Repetto-2.jpg.webp","articleSection":["DESTACADAS"],"inLanguage":"es"},{"@type":"WebPage","@id":"https:\/\/fmgente.com.ar\/web\/un-desastre-estafaron-a-fernanda-vives-y-le-destrozaron-la-casa-me-rompieron-la-pileta\/","url":"https:\/\/fmgente.com.ar\/web\/un-desastre-estafaron-a-fernanda-vives-y-le-destrozaron-la-casa-me-rompieron-la-pileta\/","name":"\u00a1Un desastre! Estafaron a Fernanda Vives y le destrozaron la casa: \u201cMe rompieron la pileta\u201d - Fm Gente","isPartOf":{"@id":"https:\/\/fmgente.com.ar\/web\/#website"},"primaryImageOfPage":{"@id":"https:\/\/fmgente.com.ar\/web\/un-desastre-estafaron-a-fernanda-vives-y-le-destrozaron-la-casa-me-rompieron-la-pileta\/#primaryimage"},"image":{"@id":"https:\/\/fmgente.com.ar\/web\/un-desastre-estafaron-a-fernanda-vives-y-le-destrozaron-la-casa-me-rompieron-la-pileta\/#primaryimage"},"thumbnailUrl":"https:\/\/fmgente.com.ar\/web\/wp-content\/uploads\/2025\/11\/Juana-Repetto-2.jpg.webp","datePublished":"2025-11-06T09:06:13+00:00","inLanguage":"es","potentialAction":[{"@type":"ReadAction","target":["https:\/\/fmgente.com.ar\/web\/un-desastre-estafaron-a-fernanda-vives-y-le-destrozaron-la-casa-me-rompieron-la-pileta\/"]}]},{"@type":"ImageObject","inLanguage":"es","@id":"https:\/\/fmgente.com.ar\/web\/un-desastre-estafaron-a-fernanda-vives-y-le-destrozaron-la-casa-me-rompieron-la-pileta\/#primaryimage","url":"https:\/\/fmgente.com.ar\/web\/wp-content\/uploads\/2025\/11\/Juana-Repetto-2.jpg.webp","contentUrl":"https:\/\/fmgente.com.ar\/web\/wp-content\/uploads\/2025\/11\/Juana-Repetto-2.jpg.webp","width":1052,"height":665},{"@type":"WebSite","@id":"https:\/\/fmgente.com.ar\/web\/#website","url":"https:\/\/fmgente.com.ar\/web\/","name":"Fm Gente","description":"- Jes\u00fas Mar\u00eda","publisher":{"@id":"https:\/\/fmgente.com.ar\/web\/#organization"},"potentialAction":[{"@type":"SearchAction","target":{"@type":"EntryPoint","urlTemplate":"https:\/\/fmgente.com.ar\/web\/?s={search_term_string}"},"query-input":{"@type":"PropertyValueSpecification","valueRequired":true,"valueName":"search_term_string"}}],"inLanguage":"es"},{"@type":"Organization","@id":"https:\/\/fmgente.com.ar\/web\/#organization","name":"Fm Gente","url":"https:\/\/fmgente.com.ar\/web\/","logo":{"@type":"ImageObject","inLanguage":"es","@id":"https:\/\/fmgente.com.ar\/web\/#\/schema\/logo\/image\/","url":"https:\/\/fmgente.com.ar\/web\/wp-content\/uploads\/2023\/07\/cropped-cropped-logo-sombra2.png","contentUrl":"https:\/\/fmgente.com.ar\/web\/wp-content\/uploads\/2023\/07\/cropped-cropped-logo-sombra2.png","width":1782,"height":1782,"caption":"Fm Gente"},"image":{"@id":"https:\/\/fmgente.com.ar\/web\/#\/schema\/logo\/image\/"}}]}},"_links":{"self":[{"href":"https:\/\/fmgente.com.ar\/web\/wp-json\/wp\/v2\/posts\/8870","targetHints":{"allow":["GET"]}}],"collection":[{"href":"https:\/\/fmgente.com.ar\/web\/wp-json\/wp\/v2\/posts"}],"about":[{"href":"https:\/\/fmgente.com.ar\/web\/wp-json\/wp\/v2\/types\/post"}],"replies":[{"embeddable":true,"href":"https:\/\/fmgente.com.ar\/web\/wp-json\/wp\/v2\/comments?post=8870"}],"version-history":[{"count":0,"href":"https:\/\/fmgente.com.ar\/web\/wp-json\/wp\/v2\/posts\/8870\/revisions"}],"wp:featuredmedia":[{"embeddable":true,"href":"https:\/\/fmgente.com.ar\/web\/wp-json\/wp\/v2\/media\/8871"}],"wp:attachment":[{"href":"https:\/\/fmgente.com.ar\/web\/wp-json\/wp\/v2\/media?parent=8870"}],"wp:term":[{"taxonomy":"category","embeddable":true,"href":"https:\/\/fmgente.com.ar\/web\/wp-json\/wp\/v2\/categories?post=8870"},{"taxonomy":"post_tag","embeddable":true,"href":"https:\/\/fmgente.com.ar\/web\/wp-json\/wp\/v2\/tags?post=8870"}],"curies":[{"name":"wp","href":"https:\/\/api.w.org\/{rel}","templated":true}]}}