{"id":8841,"date":"2025-11-05T22:04:56","date_gmt":"2025-11-06T01:04:56","guid":{"rendered":"https:\/\/fmgente.com.ar\/escandalo-valentina-cervantes-renuncio-a-masterchef-por-enzo-fernandez-el-motivo\/"},"modified":"2025-11-05T22:04:56","modified_gmt":"2025-11-06T01:04:56","slug":"escandalo-valentina-cervantes-renuncio-a-masterchef-por-enzo-fernandez-el-motivo","status":"publish","type":"post","link":"https:\/\/fmgente.com.ar\/web\/escandalo-valentina-cervantes-renuncio-a-masterchef-por-enzo-fernandez-el-motivo\/","title":{"rendered":"\u00a1Esc\u00e1ndalo! Valentina Cervantes renunci\u00f3 a MasterChef por Enzo Fern\u00e1ndez: el motivo"},"content":{"rendered":"<p><a href=\"https:\/\/www.paparazzi.com.ar\/?s=Valentina+Cervantes\">Valentina Cervantes<\/a> sorprendi\u00f3 a todos cuando comunic\u00f3 su decisi\u00f3n de abandonar <a href=\"https:\/\/www.paparazzi.com.ar\/?s=MasterChef+Celebrity\">MasterChef Celebrity<\/a>, a pesar del buen desempe\u00f1o que manten\u00eda. La confirmaci\u00f3n lleg\u00f3 de la mano de <strong>\u00c1ngel de Brito<\/strong>, quien revel\u00f3 la noticia en LAM y desat\u00f3 la pol\u00e9mica.<\/p>\n<p>Seg\u00fan explic\u00f3 el conductor, la influencer dio un paso al costado por razones personales con el jugador: \u201c<em>Ella renunci\u00f3. Ya se despidi\u00f3 y se va en cinco d\u00edas. Renunci\u00f3 porque Enzo Fern\u00e1ndez le pidi\u00f3 que se vuelva porque no aguanta m\u00e1s, \u00e9l es s\u00faper celoso\u201d<\/em>.<\/p>\n<p><strong>Yanina Latorre<\/strong> tambi\u00e9n aport\u00f3 detalles sobre la situaci\u00f3n familiar que vivi\u00f3 la pareja. \u201c<em>El arreglo era que se quedaba el beb\u00e9 ac\u00e1 con ella porque es muy chiquito y la nena m\u00e1s grande, como va al colegio, se iba a quedar con su pap\u00e1 en Europa con la ni\u00f1era. La nena volvi\u00f3 para el D\u00eda de la Madre y no se quiso volver porque la extra\u00f1a. Entonces la familia queda separada<\/em>\u201d.<\/p>\n<div class=\"mt-box \">\n<h4 class=\"mt-heading\">Mir\u00e1 Tambi\u00e9n<\/h4>\n<p><a href=\"https:\/\/www.paparazzi.com.ar\/videos\/exclusivo-daniela-celis-confirmo-el-ultimo-paso-para-que-thiago-medina-reciba-el-alta\/\"><\/p>\n<div class=\"mt-content\">\n<div class=\"mt-image-container\"><img decoding=\"async\" src=\"https:\/\/www.paparazzi.com.ar\/wp-content\/uploads\/2025\/10\/Thiago-Medina-Daniela-359x226.jpg\" alt=\"\u00a1Exclusivo! Daniela Celis confirm\u00f3 el \u00faltimo paso para que Thiago Medina reciba el alta\" class=\"mt-image\" loading=\"lazy\" \/><\/div>\n<h5 class=\"mt-title\">\u00a1Exclusivo! Daniela Celis confirm\u00f3 el \u00faltimo paso para que Thiago Medina reciba el alta<\/h5>\n<\/div>\n<p><\/a><\/div>\n<p>En medio de los rumores, trascendi\u00f3 que el 10 de noviembre fue la \u00faltima grabaci\u00f3n de <strong>Valentina<\/strong>. \u201c<em>Ah\u00ed se despide, quiz\u00e1s tenga un reemplazo<\/em>\u201d, adelant\u00f3 <strong>De Brito<\/strong>. La producci\u00f3n de <strong>Telefe <\/strong>ya fue notificada y trabaja en c\u00f3mo reorganizar las pr\u00f3ximas emisiones del programa, que contin\u00faa grab\u00e1ndose con normalidad a pesar del sorpresivo portazo.<\/p>\n<h2 class=\"wp-block-heading\">LOS CRUCES DE VALU CERVANTES<\/h2>\n<p>Durante las \u00faltimas semanas, <strong>Cervantes <\/strong>tambi\u00e9n protagoniz\u00f3 momentos tensos con <strong>Wanda Nara<\/strong>, conductora del reality. En una de las emisiones, ambas intercambiaron un comentario que dio que hablar. \u201c<em>Bienvenida a la fama<\/em>\u201d, le dijo la empresaria al aire, marcando distancia tras los rumores que vinculaban al futbolista con la empresaria. <\/p>\n<p>Desde el entorno de la modelo, sin embargo, aseguraron que su salida no estuvo relacionada con ese episodio, sino con la necesidad de reunirse nuevamente con su familia en Londres. <strong>Valentina <\/strong>viaj\u00f3 a la Argentina solo por unas semanas, pero las circunstancias personales aceleraron su regreso. <\/p>\n<div class=\"mt-box \">\n<h4 class=\"mt-heading\">Mir\u00e1 Tambi\u00e9n<\/h4>\n<p><a href=\"https:\/\/www.paparazzi.com.ar\/teve\/la-ex-gran-hermano-que-festejo-el-baby-shower-a-su-bebe-a-los-7-meses-de-embarazo\/\"><\/p>\n<div class=\"mt-content\">\n<div class=\"mt-image-container\"><img decoding=\"async\" src=\"https:\/\/www.paparazzi.com.ar\/wp-content\/uploads\/2025\/11\/una-exparticipante-de-gran-hermano-anuncio-que-esta-embarazada-2052725-359x226.jpg\" alt=\"La ex Gran Hermano que festej\u00f3 el baby shower a su beb\u00e9 a los 7 meses de embarazo\" class=\"mt-image\" loading=\"lazy\" \/><\/div>\n<h5 class=\"mt-title\">La ex Gran Hermano que festej\u00f3 el baby shower a su beb\u00e9 a los 7 meses de embarazo<\/h5>\n<\/div>\n<p><\/a><\/div>\n<div class=\"mt-box \">\n<h4 class=\"mt-heading\">Mir\u00e1 Tambi\u00e9n<\/h4>\n<p><a href=\"https:\/\/www.paparazzi.com.ar\/teve\/impacto-total-por-el-anuncio-de-ricardo-montaner-a-sus-68-anos-ya-no-puedo-mas\/\"><\/p>\n<div class=\"mt-content\">\n<div class=\"mt-image-container\"><img decoding=\"async\" src=\"https:\/\/www.paparazzi.com.ar\/wp-content\/uploads\/2025\/11\/Impacto-total-por-el-anuncio-de-Ricardo-Montaner-a-sus-68-anos-22Ya-no-puedo-mas22-359x226.jpg\" alt=\"Impacto total por el anuncio de Ricardo Montaner a sus 68 a\u00f1os: &quot;Ya no puedo m\u00e1s&quot;\" class=\"mt-image\" loading=\"lazy\" \/><\/div>\n<h5 class=\"mt-title\">Impacto total por el anuncio de Ricardo Montaner a sus 68 a\u00f1os: \u00abYa no puedo m\u00e1s\u00bb<\/h5>\n<\/div>\n<p><\/a><\/div>\n<p>The post <a href=\"https:\/\/www.paparazzi.com.ar\/teve\/escandalo-valentina-cervantes-renuncio-a-masterchef-por-enzo-fernandez-el-motivo\/\">\u00a1Esc\u00e1ndalo! Valentina Cervantes renunci\u00f3 a MasterChef por Enzo Fern\u00e1ndez: el motivo<\/a> appeared first on <a href=\"https:\/\/www.paparazzi.com.ar\">Revista Paparazzi<\/a>.<\/p>\n","protected":false},"excerpt":{"rendered":"<p>Valentina Cervantes sorprendi\u00f3 a todos cuando comunic\u00f3 su decisi\u00f3n de abandonar MasterChef Celebrity, a pesar<\/p>\n","protected":false},"author":0,"featured_media":8842,"comment_status":"","ping_status":"","sticky":false,"template":"","format":"standard","meta":{"footnotes":""},"categories":[11],"tags":[],"class_list":["post-8841","post","type-post","status-publish","format-standard","has-post-thumbnail","hentry","category-destacadas"],"yoast_head":"<!-- This site is optimized with the Yoast SEO plugin v27.4 - https:\/\/yoast.com\/product\/yoast-seo-wordpress\/ -->\n<title>\u00a1Esc\u00e1ndalo! Valentina Cervantes renunci\u00f3 a MasterChef por Enzo Fern\u00e1ndez: el motivo - Fm Gente<\/title>\n<meta name=\"robots\" content=\"index, follow, max-snippet:-1, max-image-preview:large, max-video-preview:-1\" \/>\n<link rel=\"canonical\" href=\"https:\/\/fmgente.com.ar\/web\/escandalo-valentina-cervantes-renuncio-a-masterchef-por-enzo-fernandez-el-motivo\/\" \/>\n<meta property=\"og:locale\" content=\"es_ES\" \/>\n<meta property=\"og:type\" content=\"article\" \/>\n<meta property=\"og:title\" content=\"\u00a1Esc\u00e1ndalo! Valentina Cervantes renunci\u00f3 a MasterChef por Enzo Fern\u00e1ndez: el motivo - Fm Gente\" \/>\n<meta property=\"og:description\" content=\"Valentina Cervantes sorprendi\u00f3 a todos cuando comunic\u00f3 su decisi\u00f3n de abandonar MasterChef Celebrity, a pesar\" \/>\n<meta property=\"og:url\" content=\"https:\/\/fmgente.com.ar\/web\/escandalo-valentina-cervantes-renuncio-a-masterchef-por-enzo-fernandez-el-motivo\/\" \/>\n<meta property=\"og:site_name\" content=\"Fm Gente\" \/>\n<meta property=\"article:published_time\" content=\"2025-11-06T01:04:56+00:00\" \/>\n<meta property=\"og:image\" content=\"https:\/\/fmgente.com.ar\/web\/wp-content\/uploads\/2025\/11\/Thiago-Medina-Daniela-359x226-7.jpg\" \/>\n\t<meta property=\"og:image:width\" content=\"359\" \/>\n\t<meta property=\"og:image:height\" content=\"226\" \/>\n\t<meta property=\"og:image:type\" content=\"image\/jpeg\" \/>\n<meta name=\"twitter:card\" content=\"summary_large_image\" \/>\n<meta name=\"twitter:label1\" content=\"Tiempo de lectura\" \/>\n\t<meta name=\"twitter:data1\" content=\"2 minutos\" \/>\n<script type=\"application\/ld+json\" class=\"yoast-schema-graph\">{\"@context\":\"https:\\\/\\\/schema.org\",\"@graph\":[{\"@type\":\"Article\",\"@id\":\"https:\\\/\\\/fmgente.com.ar\\\/web\\\/escandalo-valentina-cervantes-renuncio-a-masterchef-por-enzo-fernandez-el-motivo\\\/#article\",\"isPartOf\":{\"@id\":\"https:\\\/\\\/fmgente.com.ar\\\/web\\\/escandalo-valentina-cervantes-renuncio-a-masterchef-por-enzo-fernandez-el-motivo\\\/\"},\"author\":{\"name\":\"\",\"@id\":\"\"},\"headline\":\"\u00a1Esc\u00e1ndalo! Valentina Cervantes renunci\u00f3 a MasterChef por Enzo Fern\u00e1ndez: el motivo\",\"datePublished\":\"2025-11-06T01:04:56+00:00\",\"mainEntityOfPage\":{\"@id\":\"https:\\\/\\\/fmgente.com.ar\\\/web\\\/escandalo-valentina-cervantes-renuncio-a-masterchef-por-enzo-fernandez-el-motivo\\\/\"},\"wordCount\":424,\"publisher\":{\"@id\":\"https:\\\/\\\/fmgente.com.ar\\\/web\\\/#organization\"},\"image\":{\"@id\":\"https:\\\/\\\/fmgente.com.ar\\\/web\\\/escandalo-valentina-cervantes-renuncio-a-masterchef-por-enzo-fernandez-el-motivo\\\/#primaryimage\"},\"thumbnailUrl\":\"https:\\\/\\\/fmgente.com.ar\\\/web\\\/wp-content\\\/uploads\\\/2025\\\/11\\\/Thiago-Medina-Daniela-359x226-7.jpg\",\"articleSection\":[\"DESTACADAS\"],\"inLanguage\":\"es\"},{\"@type\":\"WebPage\",\"@id\":\"https:\\\/\\\/fmgente.com.ar\\\/web\\\/escandalo-valentina-cervantes-renuncio-a-masterchef-por-enzo-fernandez-el-motivo\\\/\",\"url\":\"https:\\\/\\\/fmgente.com.ar\\\/web\\\/escandalo-valentina-cervantes-renuncio-a-masterchef-por-enzo-fernandez-el-motivo\\\/\",\"name\":\"\u00a1Esc\u00e1ndalo! Valentina Cervantes renunci\u00f3 a MasterChef por Enzo Fern\u00e1ndez: el motivo - Fm Gente\",\"isPartOf\":{\"@id\":\"https:\\\/\\\/fmgente.com.ar\\\/web\\\/#website\"},\"primaryImageOfPage\":{\"@id\":\"https:\\\/\\\/fmgente.com.ar\\\/web\\\/escandalo-valentina-cervantes-renuncio-a-masterchef-por-enzo-fernandez-el-motivo\\\/#primaryimage\"},\"image\":{\"@id\":\"https:\\\/\\\/fmgente.com.ar\\\/web\\\/escandalo-valentina-cervantes-renuncio-a-masterchef-por-enzo-fernandez-el-motivo\\\/#primaryimage\"},\"thumbnailUrl\":\"https:\\\/\\\/fmgente.com.ar\\\/web\\\/wp-content\\\/uploads\\\/2025\\\/11\\\/Thiago-Medina-Daniela-359x226-7.jpg\",\"datePublished\":\"2025-11-06T01:04:56+00:00\",\"inLanguage\":\"es\",\"potentialAction\":[{\"@type\":\"ReadAction\",\"target\":[\"https:\\\/\\\/fmgente.com.ar\\\/web\\\/escandalo-valentina-cervantes-renuncio-a-masterchef-por-enzo-fernandez-el-motivo\\\/\"]}]},{\"@type\":\"ImageObject\",\"inLanguage\":\"es\",\"@id\":\"https:\\\/\\\/fmgente.com.ar\\\/web\\\/escandalo-valentina-cervantes-renuncio-a-masterchef-por-enzo-fernandez-el-motivo\\\/#primaryimage\",\"url\":\"https:\\\/\\\/fmgente.com.ar\\\/web\\\/wp-content\\\/uploads\\\/2025\\\/11\\\/Thiago-Medina-Daniela-359x226-7.jpg\",\"contentUrl\":\"https:\\\/\\\/fmgente.com.ar\\\/web\\\/wp-content\\\/uploads\\\/2025\\\/11\\\/Thiago-Medina-Daniela-359x226-7.jpg\",\"width\":359,\"height\":226},{\"@type\":\"WebSite\",\"@id\":\"https:\\\/\\\/fmgente.com.ar\\\/web\\\/#website\",\"url\":\"https:\\\/\\\/fmgente.com.ar\\\/web\\\/\",\"name\":\"Fm Gente\",\"description\":\"- Jes\u00fas Mar\u00eda\",\"publisher\":{\"@id\":\"https:\\\/\\\/fmgente.com.ar\\\/web\\\/#organization\"},\"potentialAction\":[{\"@type\":\"SearchAction\",\"target\":{\"@type\":\"EntryPoint\",\"urlTemplate\":\"https:\\\/\\\/fmgente.com.ar\\\/web\\\/?s={search_term_string}\"},\"query-input\":{\"@type\":\"PropertyValueSpecification\",\"valueRequired\":true,\"valueName\":\"search_term_string\"}}],\"inLanguage\":\"es\"},{\"@type\":\"Organization\",\"@id\":\"https:\\\/\\\/fmgente.com.ar\\\/web\\\/#organization\",\"name\":\"Fm Gente\",\"url\":\"https:\\\/\\\/fmgente.com.ar\\\/web\\\/\",\"logo\":{\"@type\":\"ImageObject\",\"inLanguage\":\"es\",\"@id\":\"https:\\\/\\\/fmgente.com.ar\\\/web\\\/#\\\/schema\\\/logo\\\/image\\\/\",\"url\":\"https:\\\/\\\/fmgente.com.ar\\\/web\\\/wp-content\\\/uploads\\\/2023\\\/07\\\/cropped-cropped-logo-sombra2.png\",\"contentUrl\":\"https:\\\/\\\/fmgente.com.ar\\\/web\\\/wp-content\\\/uploads\\\/2023\\\/07\\\/cropped-cropped-logo-sombra2.png\",\"width\":1782,\"height\":1782,\"caption\":\"Fm Gente\"},\"image\":{\"@id\":\"https:\\\/\\\/fmgente.com.ar\\\/web\\\/#\\\/schema\\\/logo\\\/image\\\/\"}}]}<\/script>\n<!-- \/ Yoast SEO plugin. -->","yoast_head_json":{"title":"\u00a1Esc\u00e1ndalo! Valentina Cervantes renunci\u00f3 a MasterChef por Enzo Fern\u00e1ndez: el motivo - Fm Gente","robots":{"index":"index","follow":"follow","max-snippet":"max-snippet:-1","max-image-preview":"max-image-preview:large","max-video-preview":"max-video-preview:-1"},"canonical":"https:\/\/fmgente.com.ar\/web\/escandalo-valentina-cervantes-renuncio-a-masterchef-por-enzo-fernandez-el-motivo\/","og_locale":"es_ES","og_type":"article","og_title":"\u00a1Esc\u00e1ndalo! Valentina Cervantes renunci\u00f3 a MasterChef por Enzo Fern\u00e1ndez: el motivo - Fm Gente","og_description":"Valentina Cervantes sorprendi\u00f3 a todos cuando comunic\u00f3 su decisi\u00f3n de abandonar MasterChef Celebrity, a pesar","og_url":"https:\/\/fmgente.com.ar\/web\/escandalo-valentina-cervantes-renuncio-a-masterchef-por-enzo-fernandez-el-motivo\/","og_site_name":"Fm Gente","article_published_time":"2025-11-06T01:04:56+00:00","og_image":[{"width":359,"height":226,"url":"https:\/\/fmgente.com.ar\/web\/wp-content\/uploads\/2025\/11\/Thiago-Medina-Daniela-359x226-7.jpg","type":"image\/jpeg"}],"twitter_card":"summary_large_image","twitter_misc":{"Tiempo de lectura":"2 minutos"},"schema":{"@context":"https:\/\/schema.org","@graph":[{"@type":"Article","@id":"https:\/\/fmgente.com.ar\/web\/escandalo-valentina-cervantes-renuncio-a-masterchef-por-enzo-fernandez-el-motivo\/#article","isPartOf":{"@id":"https:\/\/fmgente.com.ar\/web\/escandalo-valentina-cervantes-renuncio-a-masterchef-por-enzo-fernandez-el-motivo\/"},"author":{"name":"","@id":""},"headline":"\u00a1Esc\u00e1ndalo! Valentina Cervantes renunci\u00f3 a MasterChef por Enzo Fern\u00e1ndez: el motivo","datePublished":"2025-11-06T01:04:56+00:00","mainEntityOfPage":{"@id":"https:\/\/fmgente.com.ar\/web\/escandalo-valentina-cervantes-renuncio-a-masterchef-por-enzo-fernandez-el-motivo\/"},"wordCount":424,"publisher":{"@id":"https:\/\/fmgente.com.ar\/web\/#organization"},"image":{"@id":"https:\/\/fmgente.com.ar\/web\/escandalo-valentina-cervantes-renuncio-a-masterchef-por-enzo-fernandez-el-motivo\/#primaryimage"},"thumbnailUrl":"https:\/\/fmgente.com.ar\/web\/wp-content\/uploads\/2025\/11\/Thiago-Medina-Daniela-359x226-7.jpg","articleSection":["DESTACADAS"],"inLanguage":"es"},{"@type":"WebPage","@id":"https:\/\/fmgente.com.ar\/web\/escandalo-valentina-cervantes-renuncio-a-masterchef-por-enzo-fernandez-el-motivo\/","url":"https:\/\/fmgente.com.ar\/web\/escandalo-valentina-cervantes-renuncio-a-masterchef-por-enzo-fernandez-el-motivo\/","name":"\u00a1Esc\u00e1ndalo! Valentina Cervantes renunci\u00f3 a MasterChef por Enzo Fern\u00e1ndez: el motivo - Fm Gente","isPartOf":{"@id":"https:\/\/fmgente.com.ar\/web\/#website"},"primaryImageOfPage":{"@id":"https:\/\/fmgente.com.ar\/web\/escandalo-valentina-cervantes-renuncio-a-masterchef-por-enzo-fernandez-el-motivo\/#primaryimage"},"image":{"@id":"https:\/\/fmgente.com.ar\/web\/escandalo-valentina-cervantes-renuncio-a-masterchef-por-enzo-fernandez-el-motivo\/#primaryimage"},"thumbnailUrl":"https:\/\/fmgente.com.ar\/web\/wp-content\/uploads\/2025\/11\/Thiago-Medina-Daniela-359x226-7.jpg","datePublished":"2025-11-06T01:04:56+00:00","inLanguage":"es","potentialAction":[{"@type":"ReadAction","target":["https:\/\/fmgente.com.ar\/web\/escandalo-valentina-cervantes-renuncio-a-masterchef-por-enzo-fernandez-el-motivo\/"]}]},{"@type":"ImageObject","inLanguage":"es","@id":"https:\/\/fmgente.com.ar\/web\/escandalo-valentina-cervantes-renuncio-a-masterchef-por-enzo-fernandez-el-motivo\/#primaryimage","url":"https:\/\/fmgente.com.ar\/web\/wp-content\/uploads\/2025\/11\/Thiago-Medina-Daniela-359x226-7.jpg","contentUrl":"https:\/\/fmgente.com.ar\/web\/wp-content\/uploads\/2025\/11\/Thiago-Medina-Daniela-359x226-7.jpg","width":359,"height":226},{"@type":"WebSite","@id":"https:\/\/fmgente.com.ar\/web\/#website","url":"https:\/\/fmgente.com.ar\/web\/","name":"Fm Gente","description":"- Jes\u00fas Mar\u00eda","publisher":{"@id":"https:\/\/fmgente.com.ar\/web\/#organization"},"potentialAction":[{"@type":"SearchAction","target":{"@type":"EntryPoint","urlTemplate":"https:\/\/fmgente.com.ar\/web\/?s={search_term_string}"},"query-input":{"@type":"PropertyValueSpecification","valueRequired":true,"valueName":"search_term_string"}}],"inLanguage":"es"},{"@type":"Organization","@id":"https:\/\/fmgente.com.ar\/web\/#organization","name":"Fm Gente","url":"https:\/\/fmgente.com.ar\/web\/","logo":{"@type":"ImageObject","inLanguage":"es","@id":"https:\/\/fmgente.com.ar\/web\/#\/schema\/logo\/image\/","url":"https:\/\/fmgente.com.ar\/web\/wp-content\/uploads\/2023\/07\/cropped-cropped-logo-sombra2.png","contentUrl":"https:\/\/fmgente.com.ar\/web\/wp-content\/uploads\/2023\/07\/cropped-cropped-logo-sombra2.png","width":1782,"height":1782,"caption":"Fm Gente"},"image":{"@id":"https:\/\/fmgente.com.ar\/web\/#\/schema\/logo\/image\/"}}]}},"_links":{"self":[{"href":"https:\/\/fmgente.com.ar\/web\/wp-json\/wp\/v2\/posts\/8841","targetHints":{"allow":["GET"]}}],"collection":[{"href":"https:\/\/fmgente.com.ar\/web\/wp-json\/wp\/v2\/posts"}],"about":[{"href":"https:\/\/fmgente.com.ar\/web\/wp-json\/wp\/v2\/types\/post"}],"replies":[{"embeddable":true,"href":"https:\/\/fmgente.com.ar\/web\/wp-json\/wp\/v2\/comments?post=8841"}],"version-history":[{"count":0,"href":"https:\/\/fmgente.com.ar\/web\/wp-json\/wp\/v2\/posts\/8841\/revisions"}],"wp:featuredmedia":[{"embeddable":true,"href":"https:\/\/fmgente.com.ar\/web\/wp-json\/wp\/v2\/media\/8842"}],"wp:attachment":[{"href":"https:\/\/fmgente.com.ar\/web\/wp-json\/wp\/v2\/media?parent=8841"}],"wp:term":[{"taxonomy":"category","embeddable":true,"href":"https:\/\/fmgente.com.ar\/web\/wp-json\/wp\/v2\/categories?post=8841"},{"taxonomy":"post_tag","embeddable":true,"href":"https:\/\/fmgente.com.ar\/web\/wp-json\/wp\/v2\/tags?post=8841"}],"curies":[{"name":"wp","href":"https:\/\/api.w.org\/{rel}","templated":true}]}}