{"id":8720,"date":"2025-11-04T22:06:15","date_gmt":"2025-11-05T01:06:15","guid":{"rendered":"https:\/\/fmgente.com.ar\/cher-confeso-el-gran-secreto-de-su-relacion-con-su-novio-40-anos-menor\/"},"modified":"2025-11-04T22:06:15","modified_gmt":"2025-11-05T01:06:15","slug":"cher-confeso-el-gran-secreto-de-su-relacion-con-su-novio-40-anos-menor","status":"publish","type":"post","link":"https:\/\/fmgente.com.ar\/web\/cher-confeso-el-gran-secreto-de-su-relacion-con-su-novio-40-anos-menor\/","title":{"rendered":"Cher confes\u00f3 el gran secreto de su relaci\u00f3n con su novio 40 a\u00f1os menor"},"content":{"rendered":"<p><a href=\"https:\/\/www.paparazzi.com.ar\/?s=Cher+\">Cher <\/a>sorprendi\u00f3 al contar detalles in\u00e9ditos sobre su relaci\u00f3n con <strong>Alexander \u201cAE\u201d Edwards<\/strong>, el productor musical 40 a\u00f1os menor que conquist\u00f3 su coraz\u00f3n. Durante una entrevista con<strong> CBS Mornings<\/strong>, la artista de 79 a\u00f1os habl\u00f3 sin filtros sobre c\u00f3mo vive esta historia de amor que sigue llamando la atenci\u00f3n del p\u00fablico desde 2022.<\/p>\n<p>La cantante record\u00f3 que desde el primer momento entendi\u00f3 que la diferencia de edad no ser\u00eda un problema: \u201c<em>Me da igual<\/em>. <em>Ellos no viven mi vida. Nadie sabe lo que pasa entre nosotros, pero nos lo pasamos genial<\/em>\u201d. Seg\u00fan explic\u00f3, los comentarios ajenos nunca influyeron en la conexi\u00f3n que comparte con <strong>Edwards<\/strong>.<\/p>\n<p><strong>Cher <\/strong>cont\u00f3 que su novio siempre tuvo una mirada positiva sobre la edad. <em>\u201cGracias a Dios<\/em>\u201d, respondi\u00f3 cuando le preguntaron si la diferencia los afectaba. \u201c<em>\u00c9l simplemente dice: \u2018Ya sabes, uno envejece, pero el esp\u00edritu es joven<\/em>\u2019\u201d. La cantante asegur\u00f3 que esa forma de pensar fue una de las razones por las que el v\u00ednculo entre ambos creci\u00f3 con tanta fuerza.<\/p>\n<div class=\"mt-box \">\n<h4 class=\"mt-heading\">Mir\u00e1 Tambi\u00e9n<\/h4>\n<p><a href=\"https:\/\/www.paparazzi.com.ar\/videos\/exclusivo-daniela-celis-confirmo-el-ultimo-paso-para-que-thiago-medina-reciba-el-alta\/\"><\/p>\n<div class=\"mt-content\">\n<div class=\"mt-image-container\"><img decoding=\"async\" src=\"https:\/\/www.paparazzi.com.ar\/wp-content\/uploads\/2025\/10\/Thiago-Medina-Daniela-359x226.jpg\" alt=\"\u00a1Exclusivo! Daniela Celis confirm\u00f3 el \u00faltimo paso para que Thiago Medina reciba el alta\" class=\"mt-image\" loading=\"lazy\" \/><\/div>\n<h5 class=\"mt-title\">\u00a1Exclusivo! Daniela Celis confirm\u00f3 el \u00faltimo paso para que Thiago Medina reciba el alta<\/h5>\n<\/div>\n<p><\/a><\/div>\n<p>\u201c<em>Nos re\u00edmos todo el tiempo, \u00bfsabes? Simplemente lo amo<\/em>\u201d, confes\u00f3. Y no tard\u00f3 en lanzar elogios: \u201c<em>Creo que es guap\u00edsimo. Tiene much\u00edsimo talento. Es una de las personas con m\u00e1s talento que he conocido<\/em>\u201d. As\u00ed, dej\u00f3 en claro que el amor entre ellos se basa m\u00e1s en la complicidad que en los a\u00f1os.<\/p>\n<h2 class=\"wp-block-heading\">EL DESEO QUE SE CUMPLI\u00d3 DE CHER<\/h2>\n<p>La artista tambi\u00e9n habl\u00f3 del hijo de su pareja, un ni\u00f1o de seis a\u00f1os llamado <strong>Slash<\/strong>, con quien form\u00f3 un v\u00ednculo muy especial. \u201c<em>Sol\u00eda decir: \u2018Dios, dame un ni\u00f1o peque\u00f1o y un hombre<\/em>\u2019\u201d, cont\u00f3 entre risas. \u201cY<em> exactamente eso fue lo que recib\u00ed<\/em>. <em>Es tan gracioso. Es tan inteligente. Es un encanto\u201d.<\/em><\/p>\n<p>Por \u00faltimo, <strong>Cher <\/strong>mencion\u00f3 que, aunque odi\u00f3 envejecer, aprendi\u00f3 a disfrutar de la vida con una mirada m\u00e1s relajada. \u201c<em>La raz\u00f3n por la que salgo con hombres j\u00f3venes es porque los hombres de mi edad o mayores, bueno, ahora todos est\u00e1n muertos<\/em>\u201d.<\/p>\n<div class=\"mt-box \">\n<h4 class=\"mt-heading\">Mir\u00e1 Tambi\u00e9n<\/h4>\n<p><a href=\"https:\/\/www.paparazzi.com.ar\/teve\/el-desgarrador-video-de-flavio-mendoza-tras-confirmar-la-muerte-de-un-ser-querido-muchos-anos-de-lucha\/\"><\/p>\n<div class=\"mt-content\">\n<div class=\"mt-image-container\"><img decoding=\"async\" src=\"https:\/\/www.paparazzi.com.ar\/wp-content\/uploads\/2025\/11\/flavio-mendoza-359x226.png\" alt=\"El desgarrador video de Flavio Mendoza tras confirmar la muerte de un ser querido: &quot;Muchos a\u00f1os de lucha&quot;\" class=\"mt-image\" loading=\"lazy\" \/><\/div>\n<h5 class=\"mt-title\">El desgarrador video de Flavio Mendoza tras confirmar la muerte de un ser querido: \u00abMuchos a\u00f1os de lucha\u00bb<\/h5>\n<\/div>\n<p><\/a><\/div>\n<div class=\"mt-box \">\n<h4 class=\"mt-heading\">Mir\u00e1 Tambi\u00e9n<\/h4>\n<p><a href=\"https:\/\/www.paparazzi.com.ar\/teve\/el-acusado-de-amenazar-a-juanita-tinelli-hizo-un-durisimo-descargo-de-la-denuncia-absurdo\/\"><\/p>\n<div class=\"mt-content\">\n<div class=\"mt-image-container\"><img decoding=\"async\" src=\"https:\/\/www.paparazzi.com.ar\/wp-content\/uploads\/2025\/11\/Gustavo-Scaglione-Juanita-Tinelli-359x226.jpg\" alt=\"El acusado de amenazar a Juanita Tinelli hizo un dur\u00edsimo descargo de la denuncia: \u201cAbsurdo\u201d\" class=\"mt-image\" loading=\"lazy\" \/><\/div>\n<h5 class=\"mt-title\">El acusado de amenazar a Juanita Tinelli hizo un dur\u00edsimo descargo de la denuncia: \u201cAbsurdo\u201d<\/h5>\n<\/div>\n<p><\/a><\/div>\n<p>The post <a href=\"https:\/\/www.paparazzi.com.ar\/internacionales\/cher-confeso-el-gran-secreto-de-su-relacion-con-su-novio-40-anos-menor\/\">Cher confes\u00f3 el gran secreto de su relaci\u00f3n con su novio 40 a\u00f1os menor<\/a> appeared first on <a href=\"https:\/\/www.paparazzi.com.ar\">Revista Paparazzi<\/a>.<\/p>\n","protected":false},"excerpt":{"rendered":"<p>Cher sorprendi\u00f3 al contar detalles in\u00e9ditos sobre su relaci\u00f3n con Alexander \u201cAE\u201d Edwards, el productor<\/p>\n","protected":false},"author":0,"featured_media":8721,"comment_status":"","ping_status":"","sticky":false,"template":"","format":"standard","meta":{"footnotes":""},"categories":[11],"tags":[],"class_list":["post-8720","post","type-post","status-publish","format-standard","has-post-thumbnail","hentry","category-destacadas"],"yoast_head":"<!-- This site is optimized with the Yoast SEO plugin v27.4 - https:\/\/yoast.com\/product\/yoast-seo-wordpress\/ -->\n<title>Cher confes\u00f3 el gran secreto de su relaci\u00f3n con su novio 40 a\u00f1os menor - Fm Gente<\/title>\n<meta name=\"robots\" content=\"index, follow, max-snippet:-1, max-image-preview:large, max-video-preview:-1\" \/>\n<link rel=\"canonical\" href=\"https:\/\/fmgente.com.ar\/web\/cher-confeso-el-gran-secreto-de-su-relacion-con-su-novio-40-anos-menor\/\" \/>\n<meta property=\"og:locale\" content=\"es_ES\" \/>\n<meta property=\"og:type\" content=\"article\" \/>\n<meta property=\"og:title\" content=\"Cher confes\u00f3 el gran secreto de su relaci\u00f3n con su novio 40 a\u00f1os menor - Fm Gente\" \/>\n<meta property=\"og:description\" content=\"Cher sorprendi\u00f3 al contar detalles in\u00e9ditos sobre su relaci\u00f3n con Alexander \u201cAE\u201d Edwards, el productor\" \/>\n<meta property=\"og:url\" content=\"https:\/\/fmgente.com.ar\/web\/cher-confeso-el-gran-secreto-de-su-relacion-con-su-novio-40-anos-menor\/\" \/>\n<meta property=\"og:site_name\" content=\"Fm Gente\" \/>\n<meta property=\"article:published_time\" content=\"2025-11-05T01:06:15+00:00\" \/>\n<meta property=\"og:image\" content=\"https:\/\/fmgente.com.ar\/web\/wp-content\/uploads\/2025\/11\/Thiago-Medina-Daniela-359x226-5.jpg\" \/>\n\t<meta property=\"og:image:width\" content=\"359\" \/>\n\t<meta property=\"og:image:height\" content=\"226\" \/>\n\t<meta property=\"og:image:type\" content=\"image\/jpeg\" \/>\n<meta name=\"twitter:card\" content=\"summary_large_image\" \/>\n<meta name=\"twitter:label1\" content=\"Tiempo de lectura\" \/>\n\t<meta name=\"twitter:data1\" content=\"2 minutos\" \/>\n<script type=\"application\/ld+json\" class=\"yoast-schema-graph\">{\"@context\":\"https:\\\/\\\/schema.org\",\"@graph\":[{\"@type\":\"Article\",\"@id\":\"https:\\\/\\\/fmgente.com.ar\\\/web\\\/cher-confeso-el-gran-secreto-de-su-relacion-con-su-novio-40-anos-menor\\\/#article\",\"isPartOf\":{\"@id\":\"https:\\\/\\\/fmgente.com.ar\\\/web\\\/cher-confeso-el-gran-secreto-de-su-relacion-con-su-novio-40-anos-menor\\\/\"},\"author\":{\"name\":\"\",\"@id\":\"\"},\"headline\":\"Cher confes\u00f3 el gran secreto de su relaci\u00f3n con su novio 40 a\u00f1os menor\",\"datePublished\":\"2025-11-05T01:06:15+00:00\",\"mainEntityOfPage\":{\"@id\":\"https:\\\/\\\/fmgente.com.ar\\\/web\\\/cher-confeso-el-gran-secreto-de-su-relacion-con-su-novio-40-anos-menor\\\/\"},\"wordCount\":442,\"publisher\":{\"@id\":\"https:\\\/\\\/fmgente.com.ar\\\/web\\\/#organization\"},\"image\":{\"@id\":\"https:\\\/\\\/fmgente.com.ar\\\/web\\\/cher-confeso-el-gran-secreto-de-su-relacion-con-su-novio-40-anos-menor\\\/#primaryimage\"},\"thumbnailUrl\":\"https:\\\/\\\/fmgente.com.ar\\\/web\\\/wp-content\\\/uploads\\\/2025\\\/11\\\/Thiago-Medina-Daniela-359x226-5.jpg\",\"articleSection\":[\"DESTACADAS\"],\"inLanguage\":\"es\"},{\"@type\":\"WebPage\",\"@id\":\"https:\\\/\\\/fmgente.com.ar\\\/web\\\/cher-confeso-el-gran-secreto-de-su-relacion-con-su-novio-40-anos-menor\\\/\",\"url\":\"https:\\\/\\\/fmgente.com.ar\\\/web\\\/cher-confeso-el-gran-secreto-de-su-relacion-con-su-novio-40-anos-menor\\\/\",\"name\":\"Cher confes\u00f3 el gran secreto de su relaci\u00f3n con su novio 40 a\u00f1os menor - Fm Gente\",\"isPartOf\":{\"@id\":\"https:\\\/\\\/fmgente.com.ar\\\/web\\\/#website\"},\"primaryImageOfPage\":{\"@id\":\"https:\\\/\\\/fmgente.com.ar\\\/web\\\/cher-confeso-el-gran-secreto-de-su-relacion-con-su-novio-40-anos-menor\\\/#primaryimage\"},\"image\":{\"@id\":\"https:\\\/\\\/fmgente.com.ar\\\/web\\\/cher-confeso-el-gran-secreto-de-su-relacion-con-su-novio-40-anos-menor\\\/#primaryimage\"},\"thumbnailUrl\":\"https:\\\/\\\/fmgente.com.ar\\\/web\\\/wp-content\\\/uploads\\\/2025\\\/11\\\/Thiago-Medina-Daniela-359x226-5.jpg\",\"datePublished\":\"2025-11-05T01:06:15+00:00\",\"inLanguage\":\"es\",\"potentialAction\":[{\"@type\":\"ReadAction\",\"target\":[\"https:\\\/\\\/fmgente.com.ar\\\/web\\\/cher-confeso-el-gran-secreto-de-su-relacion-con-su-novio-40-anos-menor\\\/\"]}]},{\"@type\":\"ImageObject\",\"inLanguage\":\"es\",\"@id\":\"https:\\\/\\\/fmgente.com.ar\\\/web\\\/cher-confeso-el-gran-secreto-de-su-relacion-con-su-novio-40-anos-menor\\\/#primaryimage\",\"url\":\"https:\\\/\\\/fmgente.com.ar\\\/web\\\/wp-content\\\/uploads\\\/2025\\\/11\\\/Thiago-Medina-Daniela-359x226-5.jpg\",\"contentUrl\":\"https:\\\/\\\/fmgente.com.ar\\\/web\\\/wp-content\\\/uploads\\\/2025\\\/11\\\/Thiago-Medina-Daniela-359x226-5.jpg\",\"width\":359,\"height\":226},{\"@type\":\"WebSite\",\"@id\":\"https:\\\/\\\/fmgente.com.ar\\\/web\\\/#website\",\"url\":\"https:\\\/\\\/fmgente.com.ar\\\/web\\\/\",\"name\":\"Fm Gente\",\"description\":\"- Jes\u00fas Mar\u00eda\",\"publisher\":{\"@id\":\"https:\\\/\\\/fmgente.com.ar\\\/web\\\/#organization\"},\"potentialAction\":[{\"@type\":\"SearchAction\",\"target\":{\"@type\":\"EntryPoint\",\"urlTemplate\":\"https:\\\/\\\/fmgente.com.ar\\\/web\\\/?s={search_term_string}\"},\"query-input\":{\"@type\":\"PropertyValueSpecification\",\"valueRequired\":true,\"valueName\":\"search_term_string\"}}],\"inLanguage\":\"es\"},{\"@type\":\"Organization\",\"@id\":\"https:\\\/\\\/fmgente.com.ar\\\/web\\\/#organization\",\"name\":\"Fm Gente\",\"url\":\"https:\\\/\\\/fmgente.com.ar\\\/web\\\/\",\"logo\":{\"@type\":\"ImageObject\",\"inLanguage\":\"es\",\"@id\":\"https:\\\/\\\/fmgente.com.ar\\\/web\\\/#\\\/schema\\\/logo\\\/image\\\/\",\"url\":\"https:\\\/\\\/fmgente.com.ar\\\/web\\\/wp-content\\\/uploads\\\/2023\\\/07\\\/cropped-cropped-logo-sombra2.png\",\"contentUrl\":\"https:\\\/\\\/fmgente.com.ar\\\/web\\\/wp-content\\\/uploads\\\/2023\\\/07\\\/cropped-cropped-logo-sombra2.png\",\"width\":1782,\"height\":1782,\"caption\":\"Fm Gente\"},\"image\":{\"@id\":\"https:\\\/\\\/fmgente.com.ar\\\/web\\\/#\\\/schema\\\/logo\\\/image\\\/\"}}]}<\/script>\n<!-- \/ Yoast SEO plugin. -->","yoast_head_json":{"title":"Cher confes\u00f3 el gran secreto de su relaci\u00f3n con su novio 40 a\u00f1os menor - Fm Gente","robots":{"index":"index","follow":"follow","max-snippet":"max-snippet:-1","max-image-preview":"max-image-preview:large","max-video-preview":"max-video-preview:-1"},"canonical":"https:\/\/fmgente.com.ar\/web\/cher-confeso-el-gran-secreto-de-su-relacion-con-su-novio-40-anos-menor\/","og_locale":"es_ES","og_type":"article","og_title":"Cher confes\u00f3 el gran secreto de su relaci\u00f3n con su novio 40 a\u00f1os menor - Fm Gente","og_description":"Cher sorprendi\u00f3 al contar detalles in\u00e9ditos sobre su relaci\u00f3n con Alexander \u201cAE\u201d Edwards, el productor","og_url":"https:\/\/fmgente.com.ar\/web\/cher-confeso-el-gran-secreto-de-su-relacion-con-su-novio-40-anos-menor\/","og_site_name":"Fm Gente","article_published_time":"2025-11-05T01:06:15+00:00","og_image":[{"width":359,"height":226,"url":"https:\/\/fmgente.com.ar\/web\/wp-content\/uploads\/2025\/11\/Thiago-Medina-Daniela-359x226-5.jpg","type":"image\/jpeg"}],"twitter_card":"summary_large_image","twitter_misc":{"Tiempo de lectura":"2 minutos"},"schema":{"@context":"https:\/\/schema.org","@graph":[{"@type":"Article","@id":"https:\/\/fmgente.com.ar\/web\/cher-confeso-el-gran-secreto-de-su-relacion-con-su-novio-40-anos-menor\/#article","isPartOf":{"@id":"https:\/\/fmgente.com.ar\/web\/cher-confeso-el-gran-secreto-de-su-relacion-con-su-novio-40-anos-menor\/"},"author":{"name":"","@id":""},"headline":"Cher confes\u00f3 el gran secreto de su relaci\u00f3n con su novio 40 a\u00f1os menor","datePublished":"2025-11-05T01:06:15+00:00","mainEntityOfPage":{"@id":"https:\/\/fmgente.com.ar\/web\/cher-confeso-el-gran-secreto-de-su-relacion-con-su-novio-40-anos-menor\/"},"wordCount":442,"publisher":{"@id":"https:\/\/fmgente.com.ar\/web\/#organization"},"image":{"@id":"https:\/\/fmgente.com.ar\/web\/cher-confeso-el-gran-secreto-de-su-relacion-con-su-novio-40-anos-menor\/#primaryimage"},"thumbnailUrl":"https:\/\/fmgente.com.ar\/web\/wp-content\/uploads\/2025\/11\/Thiago-Medina-Daniela-359x226-5.jpg","articleSection":["DESTACADAS"],"inLanguage":"es"},{"@type":"WebPage","@id":"https:\/\/fmgente.com.ar\/web\/cher-confeso-el-gran-secreto-de-su-relacion-con-su-novio-40-anos-menor\/","url":"https:\/\/fmgente.com.ar\/web\/cher-confeso-el-gran-secreto-de-su-relacion-con-su-novio-40-anos-menor\/","name":"Cher confes\u00f3 el gran secreto de su relaci\u00f3n con su novio 40 a\u00f1os menor - Fm Gente","isPartOf":{"@id":"https:\/\/fmgente.com.ar\/web\/#website"},"primaryImageOfPage":{"@id":"https:\/\/fmgente.com.ar\/web\/cher-confeso-el-gran-secreto-de-su-relacion-con-su-novio-40-anos-menor\/#primaryimage"},"image":{"@id":"https:\/\/fmgente.com.ar\/web\/cher-confeso-el-gran-secreto-de-su-relacion-con-su-novio-40-anos-menor\/#primaryimage"},"thumbnailUrl":"https:\/\/fmgente.com.ar\/web\/wp-content\/uploads\/2025\/11\/Thiago-Medina-Daniela-359x226-5.jpg","datePublished":"2025-11-05T01:06:15+00:00","inLanguage":"es","potentialAction":[{"@type":"ReadAction","target":["https:\/\/fmgente.com.ar\/web\/cher-confeso-el-gran-secreto-de-su-relacion-con-su-novio-40-anos-menor\/"]}]},{"@type":"ImageObject","inLanguage":"es","@id":"https:\/\/fmgente.com.ar\/web\/cher-confeso-el-gran-secreto-de-su-relacion-con-su-novio-40-anos-menor\/#primaryimage","url":"https:\/\/fmgente.com.ar\/web\/wp-content\/uploads\/2025\/11\/Thiago-Medina-Daniela-359x226-5.jpg","contentUrl":"https:\/\/fmgente.com.ar\/web\/wp-content\/uploads\/2025\/11\/Thiago-Medina-Daniela-359x226-5.jpg","width":359,"height":226},{"@type":"WebSite","@id":"https:\/\/fmgente.com.ar\/web\/#website","url":"https:\/\/fmgente.com.ar\/web\/","name":"Fm Gente","description":"- Jes\u00fas Mar\u00eda","publisher":{"@id":"https:\/\/fmgente.com.ar\/web\/#organization"},"potentialAction":[{"@type":"SearchAction","target":{"@type":"EntryPoint","urlTemplate":"https:\/\/fmgente.com.ar\/web\/?s={search_term_string}"},"query-input":{"@type":"PropertyValueSpecification","valueRequired":true,"valueName":"search_term_string"}}],"inLanguage":"es"},{"@type":"Organization","@id":"https:\/\/fmgente.com.ar\/web\/#organization","name":"Fm Gente","url":"https:\/\/fmgente.com.ar\/web\/","logo":{"@type":"ImageObject","inLanguage":"es","@id":"https:\/\/fmgente.com.ar\/web\/#\/schema\/logo\/image\/","url":"https:\/\/fmgente.com.ar\/web\/wp-content\/uploads\/2023\/07\/cropped-cropped-logo-sombra2.png","contentUrl":"https:\/\/fmgente.com.ar\/web\/wp-content\/uploads\/2023\/07\/cropped-cropped-logo-sombra2.png","width":1782,"height":1782,"caption":"Fm Gente"},"image":{"@id":"https:\/\/fmgente.com.ar\/web\/#\/schema\/logo\/image\/"}}]}},"_links":{"self":[{"href":"https:\/\/fmgente.com.ar\/web\/wp-json\/wp\/v2\/posts\/8720","targetHints":{"allow":["GET"]}}],"collection":[{"href":"https:\/\/fmgente.com.ar\/web\/wp-json\/wp\/v2\/posts"}],"about":[{"href":"https:\/\/fmgente.com.ar\/web\/wp-json\/wp\/v2\/types\/post"}],"replies":[{"embeddable":true,"href":"https:\/\/fmgente.com.ar\/web\/wp-json\/wp\/v2\/comments?post=8720"}],"version-history":[{"count":0,"href":"https:\/\/fmgente.com.ar\/web\/wp-json\/wp\/v2\/posts\/8720\/revisions"}],"wp:featuredmedia":[{"embeddable":true,"href":"https:\/\/fmgente.com.ar\/web\/wp-json\/wp\/v2\/media\/8721"}],"wp:attachment":[{"href":"https:\/\/fmgente.com.ar\/web\/wp-json\/wp\/v2\/media?parent=8720"}],"wp:term":[{"taxonomy":"category","embeddable":true,"href":"https:\/\/fmgente.com.ar\/web\/wp-json\/wp\/v2\/categories?post=8720"},{"taxonomy":"post_tag","embeddable":true,"href":"https:\/\/fmgente.com.ar\/web\/wp-json\/wp\/v2\/tags?post=8720"}],"curies":[{"name":"wp","href":"https:\/\/api.w.org\/{rel}","templated":true}]}}