{"id":77,"date":"2023-07-04T07:28:44","date_gmt":"2023-07-04T10:28:44","guid":{"rendered":"https:\/\/fmgente.com.ar\/?p=77"},"modified":"2023-07-04T07:28:44","modified_gmt":"2023-07-04T10:28:44","slug":"lo-que-trae-la-agenda-cultural-del-3-al-9-de-julio","status":"publish","type":"post","link":"https:\/\/fmgente.com.ar\/web\/lo-que-trae-la-agenda-cultural-del-3-al-9-de-julio\/","title":{"rendered":"Lo que trae la agenda cultural del 3 al 9 de julio"},"content":{"rendered":"<p>La agenda de actividades de la Agencia C\u00f3rdoba Cultura propone diversos eventos para disfrutar de los artistas locales. Cada semana se presenta una nutrida programaci\u00f3n que puede consultarse tambi\u00e9n en\u00a0<a href=\"http:\/\/cultura.cba.gov.ar\/\" target=\"_blank\" rel=\"noreferrer noopener\">cultura.cba.gov.ar.<\/a><\/p>\n<p>Entre lo destacado est\u00e1 la inauguraci\u00f3n de una nueva edici\u00f3n de la Bienal Internacional de Arte Contempor\u00e1neo del Sur, en el Museo Provincial de Fotograf\u00eda Palacio Dionisi, con la exposici\u00f3n de\u00a0<strong>C\u00f3mo escapar del planeta Tierra<\/strong>.<strong>\u00a0<\/strong>La muestra re\u00fane un conjunto de obras que indagan en la relaci\u00f3n de los humanos con el espacio.<\/p>\n<p>Por otra parte, el martes a las 21 en el Teatro Real y con entradas agotadas, destacados int\u00e9rpretes argentinos se re\u00fanen para homenajear al artista cordob\u00e9s Ica Novo en el espect\u00e1culo \u201cM\u00fasico del nuevo mundo\u201d. Estar\u00e1n presentes Peteco Carabajal, Los 4 de C\u00f3rdoba, Pi\u00f1\u00f3n Fijo, Jos\u00e9 Luis Serrano, Pancho Cabral, Negro Videla, entre otros.<\/p>\n<p>En el inicio de las vacaciones de invierno, el viernes 7, a las 14, llega una nueva edici\u00f3n de la Feria Infantil del Libro C\u00f3rdoba en el Centro Cultural C\u00f3rdoba. Del 7 al 22 de julio y con entrada libre y gratuita, se realizar\u00e1n funciones de teatro, m\u00fasica y t\u00edteres a las 15 y a las 18. Adem\u00e1s, habr\u00e1 un rinc\u00f3n de letras a las 16:30.<\/p>\n<p>Por \u00faltimo, sobre el final de la semana, el Espacio Cultural Museo de las Mujeres inaugura un nuevo lote de muestras.\u00a0<strong>Nada humano jam\u00e1s le import\u00f3 a este mundo<\/strong>\u00a0es una exhibici\u00f3n re\u00fane producciones que exploran formas m\u00e1s sensibles de habitar y pensar los territorios y est\u00e1 formada por seis muestras individuales de artistas locales. La cita es el viernes 7 a las 19.<\/p>\n<div class=\"wp-block-coblocks-gallery-carousel alignfull\" aria-label=\"Carousel Gallery\">\n<div class=\"coblocks-gallery-carousel-swiper-container is-cropped coblocks-gallery has-caption-style-dark\">\n<div id=\"12345\" class=\"has-carousel has-carousel-xlrg swiper-container has-aligned-cells has-nav-f5eeb371\" data-swiper=\"{&quot;alignCells&quot;:true,&quot;autoPlay&quot;:false,&quot;autoPlaySpeed&quot;:3000,&quot;draggable&quot;:false,&quot;freeMode&quot;:false,&quot;loop&quot;:false,&quot;navigation&quot;:false,&quot;pageDots&quot;:false,&quot;pauseHover&quot;:false,&quot;responsiveHeight&quot;:false,&quot;slidesPerView&quot;:1,&quot;thumbnails&quot;:true,&quot;uuid&quot;:&quot;12345&quot;}\">\n<div class=\"swiper-wrapper\">\n<div class=\"swiper-slide swiper-slide-active\" data-slider=\"0\">\n<div class=\"coblocks-gallery--item\" role=\"button\">\n<figure class=\"coblocks-gallery--figure\"><img loading=\"lazy\" decoding=\"async\" class=\"wp-image-558401\" src=\"https:\/\/prensa.cba.gov.ar\/wp-content\/uploads\/2023\/07\/Orquesta-Academica.jpg\" alt=\"\" width=\"892\" height=\"669\" data-id=\"558401\" data-link=\"https:\/\/prensa.cba.gov.ar\/?attachment_id=558401\" \/><\/figure>\n<\/div>\n<\/div>\n<div class=\"swiper-slide swiper-slide-next\" data-slider=\"1\">\n<div class=\"coblocks-gallery--item\" role=\"button\">\n<figure class=\"coblocks-gallery--figure\"><img loading=\"lazy\" decoding=\"async\" class=\"wp-image-558397\" src=\"https:\/\/prensa.cba.gov.ar\/wp-content\/uploads\/2023\/07\/Ica-Novo-Homenaje.jpg\" alt=\"\" width=\"1084\" height=\"748\" data-id=\"558397\" data-link=\"https:\/\/prensa.cba.gov.ar\/?attachment_id=558397\" \/><\/figure>\n<\/div>\n<\/div>\n<div class=\"swiper-slide\" data-slider=\"2\">\n<div class=\"coblocks-gallery--item\" role=\"button\">\n<figure class=\"coblocks-gallery--figure\"><img loading=\"lazy\" decoding=\"async\" class=\"wp-image-558403\" src=\"https:\/\/prensa.cba.gov.ar\/wp-content\/uploads\/2023\/07\/Trampantojos-Buen-Pastor.jpg\" alt=\"\" width=\"1238\" height=\"669\" data-id=\"558403\" data-link=\"https:\/\/prensa.cba.gov.ar\/?attachment_id=558403\" \/><\/figure>\n<\/div>\n<\/div>\n<div class=\"swiper-slide\" data-slider=\"3\">\n<div class=\"coblocks-gallery--item\" role=\"button\">\n<figure class=\"coblocks-gallery--figure\"><img loading=\"lazy\" decoding=\"async\" class=\"wp-image-558393\" src=\"https:\/\/prensa.cba.gov.ar\/wp-content\/uploads\/2023\/07\/Coro-del-Seminario-de-Canto.jpg\" alt=\"\" width=\"2592\" height=\"1944\" data-id=\"558393\" data-link=\"https:\/\/prensa.cba.gov.ar\/?attachment_id=558393\" \/><\/figure>\n<\/div>\n<\/div>\n<div class=\"swiper-slide\" data-slider=\"4\">\n<div class=\"coblocks-gallery--item\" role=\"button\">\n<figure class=\"coblocks-gallery--figure\"><img loading=\"lazy\" decoding=\"async\" class=\"wp-image-558391\" src=\"https:\/\/prensa.cba.gov.ar\/wp-content\/uploads\/2023\/07\/Alcarras.jpg\" alt=\"\" width=\"275\" height=\"183\" data-id=\"558391\" data-link=\"https:\/\/prensa.cba.gov.ar\/?attachment_id=558391\" \/><\/figure>\n<\/div>\n<\/div>\n<div class=\"swiper-slide\" data-slider=\"5\">\n<div class=\"coblocks-gallery--item\" role=\"button\">\n<figure class=\"coblocks-gallery--figure\"><img loading=\"lazy\" decoding=\"async\" class=\"wp-image-558394\" src=\"https:\/\/prensa.cba.gov.ar\/wp-content\/uploads\/2023\/07\/El-gran-dictador.jpg\" alt=\"\" width=\"660\" height=\"495\" data-id=\"558394\" data-link=\"https:\/\/prensa.cba.gov.ar\/?attachment_id=558394\" \/><\/figure>\n<\/div>\n<\/div>\n<div class=\"swiper-slide\" data-slider=\"6\">\n<div class=\"coblocks-gallery--item\" role=\"button\">\n<figure class=\"coblocks-gallery--figure\"><img loading=\"lazy\" decoding=\"async\" class=\"wp-image-558395\" src=\"https:\/\/prensa.cba.gov.ar\/wp-content\/uploads\/2023\/07\/Encandilan-luces.jpg\" alt=\"\" width=\"640\" height=\"338\" data-id=\"558395\" data-link=\"https:\/\/prensa.cba.gov.ar\/?attachment_id=558395\" \/><\/figure>\n<\/div>\n<\/div>\n<div class=\"swiper-slide\" data-slider=\"7\">\n<div class=\"coblocks-gallery--item\" role=\"button\">\n<figure class=\"coblocks-gallery--figure\"><img loading=\"lazy\" decoding=\"async\" class=\"wp-image-558396\" src=\"https:\/\/prensa.cba.gov.ar\/wp-content\/uploads\/2023\/07\/Feria-Infantil-del-libro-Cordoba.jpg\" alt=\"\" width=\"2000\" height=\"1414\" data-id=\"558396\" data-link=\"https:\/\/prensa.cba.gov.ar\/?attachment_id=558396\" \/><\/figure>\n<\/div>\n<\/div>\n<div class=\"swiper-slide\" data-slider=\"8\">\n<div class=\"coblocks-gallery--item\" role=\"button\">\n<figure class=\"coblocks-gallery--figure\"><img loading=\"lazy\" decoding=\"async\" class=\"wp-image-558398\" src=\"https:\/\/prensa.cba.gov.ar\/wp-content\/uploads\/2023\/07\/Juan-Reos-Palacio-Dionisi.png\" alt=\"\" width=\"2886\" height=\"2034\" data-id=\"558398\" data-link=\"https:\/\/prensa.cba.gov.ar\/?attachment_id=558398\" \/><\/figure>\n<\/div>\n<\/div>\n<div class=\"swiper-slide\" data-slider=\"9\">\n<div class=\"coblocks-gallery--item\" role=\"button\">\n<figure class=\"coblocks-gallery--figure\"><img loading=\"lazy\" decoding=\"async\" class=\"wp-image-558399\" src=\"https:\/\/prensa.cba.gov.ar\/wp-content\/uploads\/2023\/07\/Martin-Lanfranco-Memorias-del-agua-muestra.jpg\" alt=\"\" width=\"669\" height=\"309\" data-id=\"558399\" data-link=\"https:\/\/prensa.cba.gov.ar\/?attachment_id=558399\" \/><\/figure>\n<\/div>\n<\/div>\n<div class=\"swiper-slide\" data-slider=\"10\">\n<div class=\"coblocks-gallery--item\" role=\"button\">\n<figure class=\"coblocks-gallery--figure\"><img loading=\"lazy\" decoding=\"async\" class=\"wp-image-558400\" src=\"https:\/\/prensa.cba.gov.ar\/wp-content\/uploads\/2023\/07\/Milk1.jpg\" alt=\"\" width=\"1799\" height=\"1200\" data-id=\"558400\" data-link=\"https:\/\/prensa.cba.gov.ar\/?attachment_id=558400\" \/><\/figure>\n<\/div>\n<\/div>\n<div class=\"swiper-slide\" data-slider=\"11\">\n<div class=\"coblocks-gallery--item\" role=\"button\">\n<figure class=\"coblocks-gallery--figure\"><img loading=\"lazy\" decoding=\"async\" class=\"wp-image-558402\" src=\"https:\/\/prensa.cba.gov.ar\/wp-content\/uploads\/2023\/07\/Teatro-Real-Mientras-los-filosofos-duermen.jpg\" alt=\"\" width=\"1300\" height=\"867\" data-id=\"558402\" data-link=\"https:\/\/prensa.cba.gov.ar\/?attachment_id=558402\" \/><\/figure>\n<\/div>\n<\/div>\n<\/div>\n<\/div>\n<div class=\"wp-block-coblocks-gallery-carousel-thumbnail-pagination\"><button class=\"wp-block-coblocks-gallery-carousel-thumbnail wp-block-coblocks-gallery-carousel-thumbnail-0 is-active\" aria-label=\"gallery thumbnail\"><img decoding=\"async\" src=\"https:\/\/prensa.cba.gov.ar\/wp-content\/uploads\/2023\/07\/Orquesta-Academica.jpg\" alt=\"\" data-id=\"558401\" data-link=\"https:\/\/prensa.cba.gov.ar\/?attachment_id=558401\" \/><\/button><button class=\"wp-block-coblocks-gallery-carousel-thumbnail wp-block-coblocks-gallery-carousel-thumbnail-1\" aria-label=\"gallery thumbnail\"><img decoding=\"async\" src=\"https:\/\/prensa.cba.gov.ar\/wp-content\/uploads\/2023\/07\/Ica-Novo-Homenaje.jpg\" alt=\"\" data-id=\"558397\" data-link=\"https:\/\/prensa.cba.gov.ar\/?attachment_id=558397\" \/><\/button><button class=\"wp-block-coblocks-gallery-carousel-thumbnail wp-block-coblocks-gallery-carousel-thumbnail-2\" aria-label=\"gallery thumbnail\"><img decoding=\"async\" src=\"https:\/\/prensa.cba.gov.ar\/wp-content\/uploads\/2023\/07\/Trampantojos-Buen-Pastor.jpg\" alt=\"\" data-id=\"558403\" data-link=\"https:\/\/prensa.cba.gov.ar\/?attachment_id=558403\" \/><\/button><button class=\"wp-block-coblocks-gallery-carousel-thumbnail wp-block-coblocks-gallery-carousel-thumbnail-3\" aria-label=\"gallery thumbnail\"><img decoding=\"async\" src=\"https:\/\/prensa.cba.gov.ar\/wp-content\/uploads\/2023\/07\/Coro-del-Seminario-de-Canto.jpg\" alt=\"\" data-id=\"558393\" data-link=\"https:\/\/prensa.cba.gov.ar\/?attachment_id=558393\" \/><\/button><button class=\"wp-block-coblocks-gallery-carousel-thumbnail wp-block-coblocks-gallery-carousel-thumbnail-4\" aria-label=\"gallery thumbnail\"><img decoding=\"async\" src=\"https:\/\/prensa.cba.gov.ar\/wp-content\/uploads\/2023\/07\/Alcarras.jpg\" alt=\"\" data-id=\"558391\" data-link=\"https:\/\/prensa.cba.gov.ar\/?attachment_id=558391\" \/><\/button><button class=\"wp-block-coblocks-gallery-carousel-thumbnail wp-block-coblocks-gallery-carousel-thumbnail-5\" aria-label=\"gallery thumbnail\"><img decoding=\"async\" src=\"https:\/\/prensa.cba.gov.ar\/wp-content\/uploads\/2023\/07\/El-gran-dictador.jpg\" alt=\"\" data-id=\"558394\" data-link=\"https:\/\/prensa.cba.gov.ar\/?attachment_id=558394\" \/><\/button><button class=\"wp-block-coblocks-gallery-carousel-thumbnail wp-block-coblocks-gallery-carousel-thumbnail-6\" aria-label=\"gallery thumbnail\"><img decoding=\"async\" src=\"https:\/\/prensa.cba.gov.ar\/wp-content\/uploads\/2023\/07\/Encandilan-luces.jpg\" alt=\"\" data-id=\"558395\" data-link=\"https:\/\/prensa.cba.gov.ar\/?attachment_id=558395\" \/><\/button><button class=\"wp-block-coblocks-gallery-carousel-thumbnail wp-block-coblocks-gallery-carousel-thumbnail-7\" aria-label=\"gallery thumbnail\"><img decoding=\"async\" src=\"https:\/\/prensa.cba.gov.ar\/wp-content\/uploads\/2023\/07\/Feria-Infantil-del-libro-Cordoba.jpg\" alt=\"\" data-id=\"558396\" data-link=\"https:\/\/prensa.cba.gov.ar\/?attachment_id=558396\" \/><\/button><button class=\"wp-block-coblocks-gallery-carousel-thumbnail wp-block-coblocks-gallery-carousel-thumbnail-8\" aria-label=\"gallery thumbnail\"><img decoding=\"async\" src=\"https:\/\/prensa.cba.gov.ar\/wp-content\/uploads\/2023\/07\/Juan-Reos-Palacio-Dionisi.png\" alt=\"\" data-id=\"558398\" data-link=\"https:\/\/prensa.cba.gov.ar\/?attachment_id=558398\" \/><\/button><button class=\"wp-block-coblocks-gallery-carousel-thumbnail wp-block-coblocks-gallery-carousel-thumbnail-9\" aria-label=\"gallery thumbnail\"><img decoding=\"async\" src=\"https:\/\/prensa.cba.gov.ar\/wp-content\/uploads\/2023\/07\/Martin-Lanfranco-Memorias-del-agua-muestra.jpg\" alt=\"\" data-id=\"558399\" data-link=\"https:\/\/prensa.cba.gov.ar\/?attachment_id=558399\" \/><\/button><button class=\"wp-block-coblocks-gallery-carousel-thumbnail wp-block-coblocks-gallery-carousel-thumbnail-10\" aria-label=\"gallery thumbnail\"><img decoding=\"async\" src=\"https:\/\/prensa.cba.gov.ar\/wp-content\/uploads\/2023\/07\/Milk1.jpg\" alt=\"\" data-id=\"558400\" data-link=\"https:\/\/prensa.cba.gov.ar\/?attachment_id=558400\" \/><\/button><button class=\"wp-block-coblocks-gallery-carousel-thumbnail wp-block-coblocks-gallery-carousel-thumbnail-11\" aria-label=\"gallery thumbnail\"><img decoding=\"async\" src=\"https:\/\/prensa.cba.gov.ar\/wp-content\/uploads\/2023\/07\/Teatro-Real-Mientras-los-filosofos-duermen.jpg\" alt=\"\" data-id=\"558402\" data-link=\"https:\/\/prensa.cba.gov.ar\/?attachment_id=558402\" \/><\/button><\/div>\n<\/div>\n<\/div>\n<p>Estas son solo algunas de las actividades que podr\u00e1n disfrutarse, la grilla completa, a continuaci\u00f3n:<\/p>\n<p><strong>Lunes\u00a03<\/strong>\u00a0<strong>de julio<\/strong><\/p>\n<div class=\"wp-block-coblocks-accordion-item__content\">\n<p>A las 18:30:\u00a0<strong>Cine: Vera\u00a0<\/strong><em>(de Tizza Covi y Rainer Frimmel, Australia, 2022)<\/em><\/p>\n<p><strong>Centro Cultural Leonardo Favio \u2013 Buenos Aires 55, R\u00edo Cuarto \u2013<\/strong><\/p>\n<p>Vera vive a la sombra de su famoso padre. Cansada de su vida y de sus relaciones superficiales, se adentra en la alta sociedad romana. Cuando en los suburbios hiere a un ni\u00f1o de ocho a\u00f1os en un accidente automovil\u00edstico, ella forma una relaci\u00f3n intensa con \u00e9l y con su padre. Pero pronto descubre que tambi\u00e9n en ese mundo ella es s\u00f3lo un instrumento para los dem\u00e1s.<strong>\u00a0Repone martes 4 a las 21 y mi\u00e9rcoles 5 a las 18:30.\u00a0<\/strong>Entrada general $400.- Estudiantes y Jubilados $200.<\/p>\n<p>A las 19.\u00a0<strong>Cine en Biblioteca C\u00f3rdoba:\u00a0Fritz The Cat<\/strong>\u00a0<em>(de\u00a0<\/em><em>Ralph Bakshi<\/em><em>, Estados Unidos, 1972)<\/em><\/p>\n<p><strong>Biblioteca C\u00f3rdoba \u2013 27 de Abril 375<\/strong><\/p>\n<p>Vacaciones de Invierno con Animaciones para adultos presentauna pel\u00edcula de animaci\u00f3n que mezcla, en el ambiente en los barrios populares de Nueva York, el sexo, las drogas y la violencia. La historia se desarrolla en la d\u00e9cada de los 60, gira alrededor de un gato fiestero en su b\u00fasqueda del amor en los lugares menos indicados.\u00a0Entrada libre y gratuita.<\/p>\n<p>A las 21.\u00a0<strong>Cine: El siervo in\u00fatil\u00a0<\/strong><em>(de Fernando Lacolla, Argentina, 2023)<\/em><\/p>\n<p><strong>Centro Cultural Leonardo Favio \u2013 Buenos Aires 55, R\u00edo Cuarto \u2013<\/strong><\/p>\n<p>Luca, un taciturno empleado inmobiliario, trabaja en una empresa interesada en construir un housing en unos viejos terrenos del ferrocarril. Ante las burocracias que imposibilitan el avance de la obra, recurre al diputado Cardone quien se involucra en el negocio y lo convierte en su testaferro. Enceguecido por su ambici\u00f3n, Luca no advierte una ca\u00edda sin l\u00edmite.\u00a0<strong>Repone martes 4 a las 19 y mi\u00e9rcoles 5 a las 21.\u00a0<\/strong>Entrada general $400.- Estudiantes y Jubilados $200.<\/p>\n<\/div>\n<p>&nbsp;<\/p>\n<p><strong>Martes 4\u00a0de julio<\/strong><\/p>\n<div class=\"wp-block-coblocks-accordion-item__content\">\n<p>A las 16.<strong>\u00a0Presentaci\u00f3n de libro: \u201cEl neobarroco en\u00a0<em>La Bucanera<\/em>\u00a0de Alejandra Pizarnik<em>\u201d<\/em><\/strong><\/p>\n<p><strong>Biblioteca C\u00f3rdoba \u2013 27 de Abril 375<\/strong><\/p>\n<p>La escritora Leticia Boglio dialogar\u00e1 en este encuentro con las escritoras Griselda G\u00f3mez y Mar\u00eda Teresa Andruetto. El texto propone un recorrido anal\u00edtico sobre un aspecto destacado de La bucanera\u00a0 de Alejandra Pizarnik a partir de la propuesta del neobarroco sarduniano. Plantea una indagaci\u00f3n sobre los l\u00edmites y la frontera de la palabra, de la ruptura de la l\u00f3gica de la causalidad, de los usos de la parodia y de otros efectos de la carnavalizaci\u00f3n, en tanto operaciones discursivas que Pizarnik despliega a trav\u00e9s de un discurso que se concretiza en un juego de estructuras m\u00faltiples. El libro apela a los lectores al desaf\u00edo de transitar un discurso po\u00e9tico, en tanto espacio donde se liberan las vinculaciones entre palabras que garantizan la armon\u00eda del \u00abcaos\u00bb. Entrada libre y gratuita.<\/p>\n<p>De 16 a 19.\u00a0<strong>Capacitaci\u00f3n: \u201cHerramientas para la autogesti\u00f3n de bandas, solistas y managers de cuarteto de C\u00f3rdoba<\/strong><\/p>\n<p><strong>Museo del Cuarteto\u00a0<\/strong><strong>\u2013 Av. Col\u00f3n esq. Rivera Indarte<\/strong><\/p>\n<p>Capacitaci\u00f3n gratuita dirigida a bandas, solistas y personas que quieran desempe\u00f1arse como\u00a0managers en la industria de la m\u00fasica. La misma estar\u00e1 a cargo de Karol Zingali de Oficina de Artistas y Peni Franconi de Big Mama y se abordar\u00e1n herramientas de autogesti\u00f3n y producci\u00f3n en la m\u00fasica. Los requisitos para participar son: Proyectos que se encuentren en etapa inicial y en desarrollo y residir en la Provincia de C\u00f3rdoba. Inscripci\u00f3n a trav\u00e9s del formulario:\u00a0<a href=\"https:\/\/bit.ly\/3PzeDuH\" target=\"_blank\" rel=\"noreferrer noopener\">https:\/\/bit.ly\/3PzeDuH<\/a><\/p>\n<p>A las 17:30.<strong>\u00a0Inauguraci\u00f3n<\/strong>\u00a0<strong>Bienalsur 2023: C\u00f3mo escapar del planeta Tierra<\/strong><\/p>\n<p><strong>Museo Provincial de Fotograf\u00eda Palacio Dionisi\u00a0<\/strong><strong>\u2013 Av. Hip\u00f3lito Yrigoyen 622<\/strong><\/p>\n<p>La Bienal Internacional de Arte Contempor\u00e1neo del Sur (BIENALSUR), inaugura\u00a0esta exposici\u00f3n que re\u00fane un conjunto de obras que indagan en la relaci\u00f3n de los humanos con el espacio a\u00e9reo. Propone mirar el cielo como espacio de imaginaci\u00f3n y escape. Participan las artistas Celeste Rojas Mugica, Graciela Sacco, Juan Reos, Yo-Yo Gonthier y Gabriela Golder. C\u00f3mo escapar del planeta Tierra es una invitaci\u00f3n a mirar hacia arriba e imaginar nuevos mundos. La curadur\u00eda es de Francisco Medail. Entrada libre y gratuita<\/p>\n<p>A las 18.\u00a0<strong>Ciclo Cine en el Palacio:\u00a0Encandilan luces<\/strong><em>\u00a0(de Alejandro Gallo Berm\u00fadez, Argentina, 2018)<\/em><\/p>\n<p><strong>Museo Evita \u2013 Palacio Ferreyra \u2013 Av. Hip\u00f3lito Yrigoyen 511<\/strong><\/p>\n<p>Esta propuesta, que comenz\u00f3 en el a\u00f1o 2022 con 35 proyecciones de diferentes g\u00e9neros y directores, el ciclo\u00a0<strong>Alucina: el alma manifiesta,\u00a0<\/strong>se va despidiendocon el documental argentino. Desde el m\u00edstico pueblo de Curuz\u00fa Cuati\u00e1, en el coraz\u00f3n rural y humilde del noreste argentino, emergen Los S\u00edquicos Litorale\u00f1os, pioneros del chamam\u00e9 psicod\u00e9lico. Desde la precariedad de la periferia han logrado un sonido de inusual autenticidad y son venerados por miles de fan\u00e1ticos alrededor de la galaxia que los aclaman como \u201cEl Pink Floyd de los Pobres\u201d. Encandilan Luces vivir\u00e1 desde dentro su primera gira por su Litoral natal, en un viaje alucinado e hipn\u00f3tico, retratando la vanguardista movida musical que ellos, sin propon\u00e9rselo, iniciaron. Entrada libre y gratuita, por orden de llegada, hasta agotar capacidad de sala.<\/p>\n<p>A las 19.<strong>\u00a0Ciclo Palabras de poeta\u00a0\u00a0<\/strong><\/p>\n<p><strong>Biblioteca C\u00f3rdoba \u2013 27 de Abril 375<\/strong><\/p>\n<p>Un ciclo de encuentros donde participan poetas cordobeses. Este ciclo mensual de lectura de poes\u00eda de mayor permanencia de la literatura cordobesa, se ha desarrollado durante 15 a\u00f1os (2005-2020) en la Facultad de Lenguas de la UNC, y ahora llega a Biblioteca C\u00f3rdoba, a cargo de Hern\u00e1n Jaeggi. En esta oportunidad contar\u00e1 con la presencia de los escritores invitados\u00a0Susana Ar\u00e9valo de C\u00f3rdoba, Daniel Viola de Buenos Aires y Antonio Guti\u00e9rrez de Salta\u00a0y la coordinaci\u00f3n de\u00a0Silvia Barei\u00a0y Claudio Suarez. Entrada libre y gratuita<\/p>\n<p>A las 19.\u00a0<strong>Cine: Alcarr\u00e1s\u00a0<\/strong><em>(de Dolores Fonzi, Argentina, 2023)<\/em><\/p>\n<p><strong>Cine Arte C\u00f3rdoba \u2013 27 de Abril 275<\/strong><\/p>\n<p>La familia Sol\u00e9 lleva varias generaciones cultivando una gran extensi\u00f3n de melocotoneros en Alcarr\u00e1s, una peque\u00f1a localidad rural de Catalu\u00f1a. Pero este verano puede que sea su \u00faltima cosecha: la fruta ya no renta y los paneles solares est\u00e1n sustituyendo a los \u00e1rboles.\u00a0<strong>Repone el mi\u00e9rcoles 5 a las 21, jueves 6 a las 19 y viernes 7 a las 19<\/strong>. Entrada general $700.- Jubilados $600 disponible en boleter\u00eda<\/p>\n<p>A las 19.\u00a0<strong>Inauguraci\u00f3n Bienalsur 2023:<\/strong>\u00a0<strong>\u201cNaturocultura. Pr\u00e1cticas art\u00edsticas sobre las relaciones humanas con la naturaleza\u201d<\/strong><\/p>\n<p><strong>Museo Emilio Caraffa\u00a0<\/strong><strong>\u2013 Av. Poeta Lugones 411<\/strong><\/p>\n<p>La Bienal Internacional de Arte Contempor\u00e1neo del Sur (BIENALSUR), una extensa plataforma para el arte y la cultura en permanente construcci\u00f3n, inaugura la exposici\u00f3n colectiva que plantea c\u00f3mo la crisis clim\u00e1tica nos enfrenta a un replanteo de la relaci\u00f3n humana con la naturaleza.\u00a0Los artistas que participan son de renombre internacional: Felipe Castelblanco, Colectivo de Medios Ind\u00edgenas \u00d1ambi Rimai de Colombia, Laurent Mulot de Francia, Rodrigo Zeferino de Brasil y Lydia Zimmermann de Espa\u00f1a. Con curadur\u00eda de Pablo La Padula. Entrada libre y gratuita<\/p>\n<p>A las 20.\u00a0<strong>Cine por la Diversidad: Milk\u00a0<\/strong><em>(de Gus Van Sant, Estados Unidos, 2008)<\/em><\/p>\n<p><strong>Centro Cultural Leonardo Favio \u2013 Buenos Aires 55, R\u00edo Cuarto<\/strong><\/p>\n<p>Milk decide salir del armario e irse a vivir a California con Scott Smith. Una vez all\u00ed, abre un negocio que no tarda en convertirse en el punto de encuentro de los homosexuales del barrio. Milk se convierte en su portavoz y, para defender sus derechos, no duda en enfrentarse con empresarios, sindicatos y pol\u00edticos. Harvey Milk, el primer pol\u00edtico abiertamente homosexual elegido para ocupar un cargo p\u00fablico en Estados Unidos, fue asesinado un a\u00f1o despu\u00e9s. Entrada libre y gratuita<\/p>\n<p>A las 21.\u00a0<strong>Homenaje a Ica Novo. \u201cM\u00fasico del nuevo mundo\u201d<\/strong><\/p>\n<p><strong>Teatro Real \u2013 Sala Carlos Gim\u00e9nez\u2013 San Jer\u00f3nimo 66<\/strong><\/p>\n<p>Destacados int\u00e9rpretes argentinos se re\u00fanen para homenajear al artista cordob\u00e9s Ica Novo.<\/p>\n<p>Peteco Carabajal, Los 4 de C\u00f3rdoba, Pi\u00f1\u00f3n Fijo, Jos\u00e9 Luis Serrano, Pancho Cabral, Bicho D\u00edaz, Jos\u00e9 Pacheco, Horacio Sosa, Ariel Borda, Horacio Burgos, Ernesto Romero, Silvia Zerbini, Mery Mur\u00faa, Bruna Monte, Diego Bravo, Pichi Pereyra, Cecilia Fandi\u00f1o, Irene Tesouro, Alejandra Carnero, Pamela Santiago, Maril\u00edn Miller, Daniela Dalmasso, Benjam\u00edn Santiago, entre otros. Tambi\u00e9n participar\u00e1n del encuentro, los periodistas Alejandro Mareco y Alejandro Gonz\u00e1lez Dago. Entrada gratuita a retirar por boleter\u00eda del Teatro Real de martes a s\u00e1bados de 10 a 16hs, hasta agotar capacidad de sala.<\/p>\n<p>A las 21.\u00a0<strong>Cine: Blondi\u00a0<\/strong><em>(de Carla Sim\u00f3n, Espa\u00f1a, 2022)<\/em><\/p>\n<p><strong>Cine Arte C\u00f3rdoba \u2013 27 de Abril 275<\/strong><\/p>\n<p>Blondi y Mirko, a simple vista, parecen una pareja ideal. Les encanta vivir juntos, escuchan la misma m\u00fasica, ven las mismas pel\u00edculas, les gusta fumar porros, ir a conciertos, tener los mismos amigos, todo es perfecto entre ellos\u2026 pero, aunque parecen casi de la misma edad, Blondi es la mam\u00e1 de Mirko.\u00a0<strong>Repone el mi\u00e9rcoles 5 a las 19, jueves 6 a las 21 y viernes 7 a las 17<\/strong>. Entrada general $700.- Jubilados $600 disponible en boleter\u00eda.<\/p>\n<\/div>\n<p>&nbsp;<\/p>\n<p><strong>Mi\u00e9rcoles 5<\/strong>\u00a0<strong>de julio<\/strong><\/p>\n<div class=\"wp-block-coblocks-accordion-item__content\">\n<p>De 16 a 19.\u00a0<strong>Capacitaci\u00f3n: \u201cHerramientas para la autogesti\u00f3n de bandas, solistas y managers de cuarteto de C\u00f3rdoba<\/strong><\/p>\n<p><strong>Museo del Cuarteto\u00a0<\/strong><strong>\u2013 Av. Col\u00f3n esq. Rivera Indarte<\/strong><\/p>\n<p>Capacitaci\u00f3n gratuita dirigida a bandas, solistas y personas que quieran desempe\u00f1arse como managers en la industria de la m\u00fasica. La misma estar\u00e1 a cargo de Karol Zingali de Oficina de Artistas y Peni Franconi de Big Mama y se abordar\u00e1n herramientas de autogesti\u00f3n y producci\u00f3n en la m\u00fasica. Los requisitos para participar son: Proyectos que se encuentren en etapa inicial y en desarrollo y residir en la Provincia de C\u00f3rdoba. Inscripci\u00f3n a trav\u00e9s del formulario:\u00a0<a href=\"https:\/\/bit.ly\/3PzeDuH\" target=\"_blank\" rel=\"noreferrer noopener\">https:\/\/bit.ly\/3PzeDuH<\/a><\/p>\n<p>A las 19:30.\u00a0<strong>Cine Club del CCC:\u00a0La sombra del vampiro\u00a0<\/strong><em>(de\u00a0E. Elias Merhige,\u00a0Reino Unido, 2000)<\/em><\/p>\n<p><strong>Centro Cultural C\u00f3rdoba \u2013 Av. Poeta Lugones 401<\/strong><\/p>\n<p>A\u00f1o 1921. Para hacer \u00abNosferatu\u00bb, Murnau ha decidido contratar a Max Schreck, un vampiro aut\u00e9ntico, como protagonista. Trata de justificar ante el equipo de rodaje el peculiar comportamiento de Schreck, explicando que se trata de un actor formado por el mism\u00edsimo Stanislavsky. Si Schreck es capaz de actuar siguiendo las directrices de Murnau y de controlar hasta el final sus primitivas necesidades, recibir\u00e1 como premio el sabroso cuello de Greta, la protagonista de la pel\u00edcula.\u00a0Entrada libre y gratuita hasta agotar capacidad de sala.<\/p>\n<p>A las 20.\u00a0<strong>Cine de cabecera: El gran dictador\u00a0<\/strong><em>(de Charles Chaplin, Estados Unidos, 1940)<\/em><\/p>\n<p><strong>Centro Cultural Leonardo Favio \u2013 Buenos Aires 55, R\u00edo Cuarto<\/strong><\/p>\n<p>Un humilde barbero jud\u00edo que combati\u00f3 con el ej\u00e9rcito en la Primera Guerra Mundial vuelve a su casa a\u00f1os despu\u00e9s del fin del conflicto. Amn\u00e9sico a causa de un accidente de avi\u00f3n, no recuerda pr\u00e1cticamente nada de su vida pasada, y no conoce la situaci\u00f3n pol\u00edtica actual del pa\u00eds: Adenoid Hynkel, un dictador fascista y racista, ha llegado al poder y ha iniciado la persecuci\u00f3n del pueblo jud\u00edo, a quien considera responsable de la situaci\u00f3n de crisis que vive el pa\u00eds. Paralelamente, Hynkel y sus colaboradores han empezado a preparar una ofensiva militar destinada a la conquista de todo el mundo. Entrada libre y gratuita.<\/p>\n<\/div>\n<p>&nbsp;<\/p>\n<p><strong>Jueves 6\u00a0de julio<\/strong><\/p>\n<div class=\"wp-block-coblocks-accordion-item__content\">\n<p>A las 14.\u00a0<strong>Taller de Estenopeica<\/strong><\/p>\n<p><strong>Museo Provincial de Fotograf\u00eda Palacio Dionisi\u00a0<\/strong><strong>\u2013 Av. Hip\u00f3lito Yrigoyen 622<\/strong><\/p>\n<p>Por los 450 a\u00f1os de C\u00f3rdoba, se realiza este taller donde\u00a0se trabajar\u00e1 sobre la puesta de la sistematizaci\u00f3n de la Ca\u00f1ada. Los materiales son proporcionados por los talleristas. La inscripci\u00f3n es gratuita a trav\u00e9s de\u00a0formulario google.<\/p>\n<p>A las 16.\u00a0<strong>Concierto del Seminario de Canto<\/strong><\/p>\n<p><strong>Iglesia de la Compa\u00f1\u00eda de Jes\u00fas \u2013 Caseros 52.<\/strong><\/p>\n<p>El Coro del Seminario de Canto y el ensamble Confluencia Barroca interpretan la \u00abMisa de San Ignacio\u00bb, de Domenico Zipoli, y el \u00abGloria\u00bb, de Antonio Vivaldi, bajo la direcci\u00f3n de Bernardo Illari, destacado docente y music\u00f3logo nacido en C\u00f3rdoba, actualmente a cargo del \u00e1rea de musicolog\u00eda en la Universidad de North Texas. La entrada es libre y gratuita.<\/p>\n<p>A las 18.\u00a0<strong>Cine Foco: Jackie Brown\u00a0<\/strong><em>(de Quentin Tarantino, Estados Unidos, 1998)<\/em><\/p>\n<p><strong>Centro Cultural Leonardo Favio \u2013 Buenos Aires 55, R\u00edo Cuarto \u2013<\/strong><\/p>\n<p>En el ciclo foco se proyectan las primeras cinco pel\u00edculas de Quentin Tarantino, uno de los cineastas m\u00e1s relevantes de las \u00faltimas tres d\u00e9cadas. Jackie Brown (Pam Grier) es una azafata de vuelo que necesita dinero y hace de correo para Robbie, un mafioso buscado por la polic\u00eda. Un d\u00eda es sorprendida en la aduana y acusada de tr\u00e1fico de drogas y evasi\u00f3n de capital. S\u00f3lo podr\u00e1 evitar su ingreso en prisi\u00f3n, si acepta una propuesta de la polic\u00eda: ayudarles a llegar hasta Robbie. Entrada general $400.- Estudiantes y Jubilados $200.<\/p>\n<p>A las 20:30.\u00a0<strong>Mientras los fil\u00f3sofos duermen<\/strong><\/p>\n<p><strong>Teatro Real \u2013 Sala Carlos Gim\u00e9nez\u2013 San Jer\u00f3nimo 66<\/strong><\/p>\n<p>Una coproducci\u00f3n con el Teatro Nacional Cervantes, escrita y dirigida por Paco Gim\u00e9nez. Es medianoche en la ciudad donde la justicia est\u00e1 supeditada al Rey del Dinero. Los Reyes de la Miseria se dan cita, pero el mundo que se viene abajo madura en sus entra\u00f1as otro mundo, \u201cmientras los fil\u00f3sofos duermen\u201d.\u00a0<strong>Repone viernes 7, s\u00e1bado 8 y domingo 9 \u00a0a las 20:30.<\/strong>\u00a0Entrada general $500 pesos disponibles a trav\u00e9s del sistema\u00a0<a href=\"http:\/\/autoentrada.com\/\" target=\"_blank\" rel=\"noreferrer noopener\">autoentrada.com<\/a>\u00a0y en boleter\u00eda del teatro.<\/p>\n<p>A las 21.\u00a0<strong>Cine Foco: Tiempos violentos\u00a0<\/strong><em>(de Quentin Tarantino, Estados Unidos, 1994)<\/em><\/p>\n<p><strong>Centro Cultural Leonardo Favio \u2013 Buenos Aires 55, R\u00edo Cuarto \u2013<\/strong><\/p>\n<p>En el ciclo foco se proyectan las primeras cinco pel\u00edculas de Quentin Tarantino, uno de los cineastas m\u00e1s relevantes de las \u00faltimas tres d\u00e9cadas. Dos asesinos a sueldo con no demasiadas luces, trabajan para el g\u00e1ngster Marsellus Wallace. Cuando llega la hora de trabajar, ambos deben ponerse \u00abmanos a la obra\u00bb. Su misi\u00f3n: recuperar un misterioso malet\u00edn. Entrada general $400.- Estudiantes y Jubilados $200.<\/p>\n<\/div>\n<p>&nbsp;<\/p>\n<p><strong>Viernes 7 de julio<\/strong><\/p>\n<div class=\"wp-block-coblocks-accordion-item__content\">\n<p>A las 14.<strong>\u00a0Apertura<\/strong>\u00a0<strong>Feria Infantil del Libro C\u00f3rdoba<\/strong><\/p>\n<p><strong>Centro\u00a0Cultural\u00a0C\u00f3rdoba<\/strong><strong>\u00a0\u2013 Av. Poeta Lugones 401<\/strong><\/p>\n<p>La 13\u00b0 edici\u00f3n de la Feria Infantil del Libro C\u00f3rdoba abrir\u00e1 sus puertas desde el 7 al 22 de julio, en el horario de lunes a s\u00e1bados de 14 a 20 y domingos de 11 a 20. T\u00edteres, m\u00fasicos, narradores, talleres creativos, encuentro con autores e ilustradores. Adem\u00e1s, habr\u00e1 un rinc\u00f3n de letras a las 16:30 y tambi\u00e9n se podr\u00e1 disfrutar de espect\u00e1culos en el auditorio, todos los d\u00edas dos funciones, a las 15 y 18 hs. La grilla de actividades d\u00eda por d\u00eda se puede consultar en: \u00a0<a href=\"http:\/\/calipacer.com.ar\/#!\/-feria-infantil\/\" target=\"_blank\" rel=\"noreferrer noopener\">http:\/\/calipacer.com.ar\/#!\/-feria-infantil\/<\/a><\/p>\n<p>A las 17:30.<strong>\u00a0Conversatorio: \u201c40 a\u00f1os de democracia y diversidad\u201d\u00a0<\/strong><\/p>\n<p><strong>Biblioteca C\u00f3rdoba \u2013 27 de Abril 375<\/strong><\/p>\n<p>Encuentro que tiene como objetivo llevar adelante acciones que permitan el respeto de la convivencia social. Visibilizar y poner en debate a trav\u00e9s de di\u00e1logos el recorrido hist\u00f3rico de la realidad de las poblaciones LGBTTTIQA+ a lo largo de 40 a\u00f1os de la etapa democr\u00e1tica. Hacer manifiesto y poner en labor las acciones coordinadas entre estado y sociedad civil en relaci\u00f3n a la diversidad y disidencias.\u00a0Con la presencia de Andrea Mossano, Eugenio Cesano, Mauro Bologna y P\u00eda Bongiovani. Entrada libre y gratuita<\/p>\n<p><strong>Centro Cultural C\u00f3rdoba \u2013 Av. Poeta Lugones 401<\/strong><\/p>\n<p>A las 19.\u00a0<strong>Inauguraci\u00f3n de muestra: \u201cNada humano jam\u00e1s le import\u00f3 a este mundo\u201d<\/strong><\/p>\n<p><strong>Espacio Cultural Museo de las Mujeres \u2013 Rivera Indarte 55<\/strong><\/p>\n<p>La exhibici\u00f3n re\u00fane producciones que exploran formas m\u00e1s sensibles de habitar y pensar los territorios. Desde su interconexi\u00f3n estos procesos art\u00edsticos y ecol\u00f3gicos nos recuerdan otras posibilidades para configurar convivencias m\u00e1s afectivas. La exposici\u00f3n est\u00e1 formada por seis muestras individuales de artistas locales:\u00a0<em>El monte impronunciable<\/em>\u00a0de Indira Montoya;\u00a0<em>Placer y beneficio<\/em>\u00a0de\u00a0Alejandra Mizrahi;\u00a0<em>Vaiv\u00e9n atemporal\u00a0<\/em>deAcci\u00f3n Alfarera;\u00a0<em>Voces de la Extinci\u00f3n\u00a0<\/em>de Celeste S\u00e1nchez Goldar, Mar\u00eda Ang\u00e9lica\u00a0<em>Goldar Parodi y Cristian Escribano Bessega<\/em>;\u00a0\u00a0<em>Poci\u00f3n salvaje<\/em>\u00a0de Isabel Caccia e\u00a0<em>Inteligencia vegetal<\/em>deSilvana Montecchiesi. Cherryla participar\u00e1 con m\u00fasica ambient, idm, experimental y anal\u00f3gica. Entrada libre y gratuita<\/p>\n<p>A las 21.\u00a0<strong>Cine: Perros de la calle\u00a0<\/strong><em>(de Quentin Tarantino, Estados Unidos, 1992)<\/em><\/p>\n<p><strong>Centro Cultural Leonardo Favio \u2013 Buenos Aires 55, R\u00edo Cuarto \u2013<\/strong><\/p>\n<p>En el ciclo foco se proyectan las primeras cinco pel\u00edculas de Quentin Tarantino, uno de los cineastas m\u00e1s relevantes de las \u00faltimas tres d\u00e9cadas. Una banda organizada es contratada para atracar una empresa y llevarse unos diamantes. Sin embargo, antes de que suene la alarma, la polic\u00eda ya est\u00e1 all\u00ed. Algunos miembros de la banda mueren en el enfrentamiento con las fuerzas del orden, y los dem\u00e1s se re\u00fanen en el lugar convenido. Entrada general $400.- Estudiantes y Jubilados $200.<\/p>\n<p>A las 20.\u00a0<strong>Inauguran tres nuevas exposiciones<\/strong><\/p>\n<p><strong>Casa de la Cultura \u2013 Rivadavia esq. Gral. Paz,\u00a0<\/strong><strong>R\u00edo Cuarto<\/strong><\/p>\n<p>La Casa de la Cultura inaugura tres nuevas muestras:<strong>Memorias del agua<\/strong>\u00a0de Mart\u00edn Lanfranco, una propuesta expositiva que busca interpelar al espectador desde un formato visual, auditivo y perform\u00e1tico. El tema central es la muerte y vida del amor. Por otro lado,\u00a0<strong>Retazos de r\u00edo<\/strong>\u00a0grabados e intervenciones de M\u00f3nica Neumann, proyecto expositivo que muestra retazos desconocidos de la vida en las riberas, sus habitantes, su ambiente y sus dificultades, para que llegue a los visitantes un nuevo concepto: el r\u00edo no es s\u00f3lo un recurso tur\u00edstico natural e intervenido en su estructura, sino un espacio a conservar, cuidar e interpretar desde muchos aspectos.\u00a0Por \u00faltimo, en la\u00a0<strong>Sala del Tesoro<\/strong>, se expondr\u00e1 una pintura de la artista\u00a0<strong>Myriam Borghini<\/strong>\u00a0perteneciente al patrimonio del Museo Municipal de R\u00edo Cuarto. Las muestras podr\u00e1n visitarse hasta el 2 de agosto. Entrada libre y gratuita.<\/p>\n<p>A las 21.\u00a0<strong>Cine: Los cinco diablos\u00a0<\/strong><em>(de L\u00e9a Mysius, Francia, 2022)<\/em><\/p>\n<p><strong>Cine Arte C\u00f3rdoba \u2013 27 de Abril 275<\/strong><\/p>\n<p>Vicky (Sally Dram\u00e9), una ni\u00f1a extra\u00f1a y solitaria, tiene un don m\u00e1gico: puede reproducir cualquier aroma que le guste, y los recoge en una serie de frascos cuidadosamente etiquetados. Ha capturado en secreto el olor de Joanne (Ad\u00e8le Exarchopoulos), su madre, por quien cultiva un amor salvaje y desmesurado. Cuando la hermana de su padre, Julia (Swala Emati), irrumpe en su vida, Vicky reproduce su olor y se transporta a recuerdos oscuros y arcaicos que la llevan a descubrir los secretos de su pueblo, su familia y su propia existencia.<strong>\u00a0Repone s\u00e1bado 8 y domingo 9 a las 17, 19 y 21 hs.<\/strong>\u00a0Entrada general $700.- Jubilados $600 disponible en boleter\u00eda.<\/p>\n<p>A las 21.\u00a0<strong>Viernes de m\u00fasica: Sue\u00f1o Jovial<\/strong><\/p>\n<p><strong>Casa de la Cultura \u2013 Rivadavia esq. Gral. Paz,\u00a0<\/strong><strong>R\u00edo Cuarto<\/strong><\/p>\n<p>La agrupaci\u00f3n formada en 2014 e integrada por Ignacio Gottardi (voz, guitarra y quena) y Gaspar Oviedo (primera guitarra y voz) presentan\u00a0<em>\u00abEl sinf\u00edn de los sonidos\u00bb.\u00a0<\/em>Las distintas canciones que proponen apuntan a la ra\u00edz folcl\u00f3rica con sus ritmos m\u00e1s caracter\u00edsticos, haciendo juego con composiciones propias y arreglos hechos en casa, con calidez y amistad. Adem\u00e1s, los acompa\u00f1an Iv\u00e1n Curti (piano y acorde\u00f3n) y Nicol\u00e1s L\u00f3pez (percusiones). Entrada general $1.500 pesos\u00a0disponible\u00a0anticipadas\u00a0en boleter\u00eda.<\/p>\n<\/div>\n<p>&nbsp;<\/p>\n<p><strong>S\u00e1bado\u00a08\u00a0de julio<\/strong><\/p>\n<div class=\"wp-block-coblocks-accordion-item__content\">\n<p>A las 15.\u00a0<strong>Vacaciones en el Buenpa: Trampantojos<\/strong><\/p>\n<p><strong>Paseo del Buen Pastor<\/strong>\u00a0\u2013\u00a0<strong>Hip\u00f3lito Yrigoyen 325<\/strong><\/p>\n<p>Espect\u00e1culo infantil de t\u00edteres de la mano de Teatro Piedra Libre dos episodios tramposos. Entre cada uno de estos, los personajes estables del Teatro Piedra Libre se enfrentar\u00e1n con diversos enredos que les imposibilitaban realizar sus tareas con facilidad, necesarias para dar comienzo a cada una de las historias. El primer episodio tramposo son dos pantomimas de H\u00e9ctor Di Mauro: La espera y El pozo, dos escenas donde los personajes contar\u00e1n las historias a trav\u00e9s de acciones. El segundo episodio tramposo sucede en un viejo pueblo donde una vecina del lugar se molesta por la llegada de dos circos. Estos deber\u00e1n buscar la manera de convencerla de que los circos son bien recibidos en todas las partes del mundo. Entrada libre y gratuita<\/p>\n<p>A las 15 y 18.\u00a0<strong>Concierto de la Orquesta Acad\u00e9mica Juvenil<\/strong><\/p>\n<p><strong>Centro\u00a0Cultural\u00a0C\u00f3rdoba<\/strong>\u00a0<strong>\u2013 Av. Poeta Lugones 401<\/strong><\/p>\n<p>La Orquesta Acad\u00e9mica Juvenil interpreta el movimiento N\u00ba 1 del \u00abConcierto para arpa y orquesta\u00bb, del compositor Georg Wagenseil; \u00abNimrod\u00bb de Variaciones enigma, de Edward Elgar; y \u00abSospiri\u201d (Suspiros), del mismo Elgar. Adem\u00e1s, \u00abMolly en la orilla\u00bb, de Percy Grainger; \u00abEn la hora m\u00edstica\u00bb, de Arturo Trigueros; y \u00abTres minuets argentinos\u00bb, de Amancio Alcorta, Pedro Esnaola y Juan Bautista Alberdi, para cerrar con una serie de canciones de m\u00fasicos y docente Sebasti\u00e1n Monk, \u00abA vos, Don Belgrano\u00bb y \u00abChacarera de la Independencia\u00bb. La direcci\u00f3n general es del maestro Hernando Varela. Repite a las 18 hs. Entrada gratuita a retirar por boleter\u00eda.<\/p>\n<p>A las 16.\u00a0<strong>T\u00edteres: \u201cLa Conjura de los Palabristas Contra Virul\u00edfero Virospa\u201d<\/strong><\/p>\n<p><strong>Teatro Real \u2013 Sala Carlos Gim\u00e9nez \u2013\u00a0<\/strong><strong>San Jer\u00f3nimo 66<\/strong><\/p>\n<p>El elenco estable de t\u00edteres lleva a escena la pieza de Halima Tahan, donde se pone en palabras accesibles para las infancias y juventudes, la problem\u00e1tica de la comunicaci\u00f3n, las consecuencias de perder el uso de la palabra y el alejamiento del contacto presencial con el medio ambiente natural.\u00a0La obra permite poner en juego esc\u00e9nicamente, con humor y ternura, algunas resoluciones posibles a un conflicto global: un virus hace perder la voz y la palabra a las personas.\u00a0<strong>Repone lunes 10, martes\u00a0 11 y s\u00e1bado 22 a las 16.<\/strong>\u00a0Entrada general $500 pesos disponible\u00a0a trav\u00e9s del sistema\u00a0<a href=\"http:\/\/autoentrada.com\/\" target=\"_blank\" rel=\"noreferrer noopener\">autoentrada.com<\/a>\u00a0y en boleter\u00eda del teatro.<\/p>\n<p>A las 17.\u00a0<strong>Tiempo de aventuras<\/strong><\/p>\n<p><strong>Museo Evita \u2013 Palacio Ferreyra \u2013 Av. Hip\u00f3lito Yrigoyen 511<\/strong><\/p>\n<p>Nueva edici\u00f3n de esta propuesta para las infancias en vacaciones de julio. En esta oportunidad se recuperar\u00e1n ciertos juegos y juguetes de las infancias de los adultos en su ni\u00f1ez entre los a\u00f1os 70 y 80. Se pondr\u00e1 el acento en la visibilizaci\u00f3n de juguetes de anta\u00f1o y la ejecuci\u00f3n de talleres de juegos de otros tiempos, de la mano de artistas cordobeses quienes estar\u00e1n a cargo de la curadur\u00eda de la muestra. Baleros, m\u00e1scaras, canicas, payanas, rayuela, son algunos de los talleres que se podr\u00e1n realizar. Los artistas que participan de Tiempo de Aventuras 2023 son Tony del Priori, Juan Suarez, Florencia Ag\u00fcero, Miguel \u00c1ngel Rodr\u00edguez y Jos\u00e9 Bari. Curador: Gabriel Mosconi.\u00a0La muestra podr\u00e1 verse hasta el 31 de julio de martes a domingo de 10 a 19.<\/p>\n<p>A las 18:30.\u00a0<strong>Cine: Kill Bill Vol. 1\u00a0<\/strong><em>(de Quentin Tarantino, Estados Unidos, 2003)<\/em><\/p>\n<p><strong>Centro Cultural Leonardo Favio \u2013 Buenos Aires 55, R\u00edo Cuarto \u2013<\/strong><\/p>\n<p>En el ciclo foco se proyectan las primeras cinco pel\u00edculas de Quentin Tarantino, uno de los cineastas m\u00e1s relevantes de las \u00faltimas tres d\u00e9cadas. El d\u00eda de su boda, una asesina profesional (Thurman) sufre el ataque de algunos miembros de su propia banda, que obedecen las \u00f3rdenes de Bill (David Carradine), el jefe de la organizaci\u00f3n criminal. Logra sobrevivir al ataque, aunque queda en coma. Cuatro a\u00f1os despu\u00e9s despierta dominada por un gran deseo de venganza.<\/p>\n<p>Entrada general $400.- Estudiantes y Jubilados $200.<\/p>\n<p>A las 21.\u00a0<strong>Cine: Kill Bill Vol. 2\u00a0<\/strong><em>(de Quentin Tarantino, Estados Unidos, 2004)<\/em><\/p>\n<p><strong>Centro Cultural Leonardo Favio \u2013 Buenos Aires 55, R\u00edo Cuarto \u2013<\/strong><\/p>\n<p>En el ciclo foco se proyectan las primeras cinco pel\u00edculas de Quentin Tarantino, uno de los cineastas m\u00e1s relevantes de las \u00faltimas tres d\u00e9cadas. Tras eliminar a algunos miembros de la banda que intentaron asesinarla el d\u00eda de su boda, \u00abMamba Negra\u00bb (Uma Thurman) intenta acabar con los dem\u00e1s, especialmente con Bill, su antiguo jefe (David Carradine), que la hab\u00eda dado por muerta. Entrada general $400.- Estudiantes y Jubilados $200.<\/p>\n<\/div>\n<p>&nbsp;<\/p>\n<p><strong>Domingo 9<\/strong>\u00a0<strong>de julio<\/strong><\/p>\n<div class=\"wp-block-coblocks-accordion-item__content\">\n<p>A las 11.\u00a0<strong>Tejiendo Infancias: Canciones con patas, orejas, picos y colas<\/strong><\/p>\n<p><strong>Teatro Real \u2013 Hall \u2013 San Jer\u00f3nimo 66<\/strong><\/p>\n<p>Hasta las 16, el hall del Teatro Real se transforma en un espacio participativo para los m\u00e1s chicos con espect\u00e1culos musicales, actividades art\u00edsticas, l\u00fadicas y creativas, donde los ni\u00f1os y ni\u00f1as son protagonistas. En esta oportunidad se presenta el espect\u00e1culo esc\u00e9nico musical que busca recuperar la relaci\u00f3n de las infancias con la naturaleza, basado en el disco hom\u00f3nimo de Guillermo Bonaparte. A partir de canciones y cuentos de animales imaginarios, mascotas y animales en peligro de extinci\u00f3n, se promueve la relaci\u00f3n respetuosa y cari\u00f1osa de ni\u00f1os\/as con su entorno natural y cotidiano. La m\u00fasica atraviesa diferentes g\u00e9neros musicales populares de Latinoam\u00e9rica (bossa nova, gato, blues, marinera, entre otros) y presenta algunos cuentos de Ana Maria Shua y poes\u00edas de Liliana Cinetto. Entrada libre y gratuita<\/p>\n<p>A las 20.\u00a0<strong>La Banda Sinf\u00f3nica de la Provincia presenta:<\/strong>\u00a0<strong>Cordobeses<\/strong><\/p>\n<p><strong>Teatro del Libertador San Mart\u00edn\u00a0<\/strong>\u2013\u00a0<strong>V\u00e9lez Sarsfield 365<\/strong><\/p>\n<p>Con la participaci\u00f3n del Tr\u00edo Borda-Sosa-Korn, y las int\u00e9rpretes Cecilia Mezzadra y Mery Mur\u00faa se lleva adelante el espect\u00e1culo \u201cCordobeses\u201d, con obras del cancionero popular, como \u00abC\u00f3rdoba va\u00bb y \u00abAguas de la Ca\u00f1ada\u00bb, de Francisco Heredia, \u00abR\u00edo de miel\u00bb, de Sergio Korn, \u00abC\u00f3rdoba linda\u00bb, de Polo Gim\u00e9nez, \u00abIcaro\u00bb, de Horacio Sosa, entre otras. La direcci\u00f3n general es del maestro Andr\u00e9s Acosta. La entrada es gratuita, con retiro previo en boleter\u00eda del teatro, desde el martes 4 hasta agotar capacidad de sala.<\/p>\n<\/div>\n<p>&nbsp;<\/p>\n<p><strong>Muestras para visitar<\/strong><\/p>\n<div class=\"wp-block-coblocks-accordion-item__content\">\n<p><strong>Biblioteca C\u00f3rdoba\u00a0<\/strong>\u2013 27 de Abril 375<\/p>\n<p><em>Horario: lunes a viernes de 8 a 20hs. Entrada libre y gratuita.<\/em><\/p>\n<p>La biblioteca p\u00fablica fue creada el 16 de agosto de 1911 y conserva un acervo bibliogr\u00e1fico integrado por:<\/p>\n<p><strong>La Colecci\u00f3n de Referencia<\/strong>: conformada por enciclopedias; diccionarios; estad\u00edsticas y c\u00f3digos, entre otros.<\/p>\n<p><strong>La Colecci\u00f3n de Lujo:<\/strong>\u00a0compuesta por obras sobre historia del arte y cl\u00e1sicos de la literatura espa\u00f1ola de ediciones agotadas o dif\u00edciles de encontrar. Se destacan dentro de la colecci\u00f3n \u201cperlas\u201d bibliogr\u00e1ficas como los libros Los siete partidos de muy noble rey Don Alfonso;\u00a0 El Sabio, del Lic. Gregorio L\u00f3pez, Compa\u00f1\u00eda general de Impresiones y Libros del Reino, Madrid, 1843 y el C\u00f3dice Civile di Napoleone il Grande col confronto delle Leggi Romani, Ed. Dalla Tipogr. del Consiglio di Stato, Napoli, 1813.<\/p>\n<p><strong>La Colecci\u00f3n General:<\/strong>\u00a0contiene material bibliogr\u00e1fico multidisciplinario que puede ser retirado a pr\u00e9stamo y\/o consultado en sala.<\/p>\n<p><strong>La Colecci\u00f3n Fondo Cordob\u00e9s:<\/strong>\u00a0con obras de literatura; arte; historia; costumbres; geograf\u00eda y biograf\u00edas, tanto de autores cordobeses, como de otros que investigan y escriben sobre C\u00f3rdoba.<\/p>\n<p><strong>La Colecci\u00f3n Arturo Capdevila:<\/strong>\u00a0est\u00e1 integrada por una parte de su colecci\u00f3n personal, con libros de su autor\u00eda y obras autografiadas que recibi\u00f3 de diferentes personalidades durante su vida.<\/p>\n<p><strong>Museo Emilio Caraffa\u00a0<\/strong>\u2013 Av. Poeta Lugones 411<\/p>\n<p><em>Horario: de martes a domingo de 10 a 19. Entrada: en efectivo en recepci\u00f3n del museo o con tarjeta a trav\u00e9s del sistema Autoentrada.com.\u00a0Menores de 16 a\u00f1os, gratuita. Mayores, 250 pesos o 450 pesos la visita combinada a los tres museos (Emilio Caraffa, Palacio Dionisi y Museo Evita Palacio Ferreyra). Todos los mi\u00e9rcoles: entrada gratuita.\u00a0Los recorridos mediados de martes a viernes a las 10:30 Y 12:00 hs. entrada sin costo para grupos educativos, reserva al mail:\u00a0<\/em><em><u><a href=\"mailto:educacion@museocaraffa.org.ar\" target=\"_blank\" rel=\"noreferrer noopener\">educacion@museocaraffa.org.ar<\/a><\/u><\/em><em>\u00a0o al tel\u00e9fono 4343348\/9 interno 215 de martes a viernes de 9 a 14 hs. Horarios biblioteca: martes a viernes de 10 a 15 hs.<\/em><\/p>\n<p><strong>Inmanencia vital<\/strong>. Exposici\u00f3n de grabados y esculturas de\u00a0<strong>Olga Autunn<\/strong>. Con curadur\u00eda de Pilar Altilio tiene como tem\u00e1tica principal, la naturaleza vegetal. La artista trabaja a partir de fotograf\u00edas tomadas en diversos lugares del pa\u00eds, de esta manera registra c\u00f3mo la naturaleza es alterada de diferentes formas traduciendo esta mirada en estampas y objetos, con la esperanza de concientizar el desastre ocasionado por la mano del hombre. Esta exhibici\u00f3n completa una trilog\u00eda comenzada en 2015 con la muestra El bosque encendido y continuada con Acerca de la supervivencia. La muestra cuenta.\u00a0<strong>Cierra el 3 de septiembre.<\/strong><\/p>\n<p><strong>14\u00b0 edici\u00f3n del Premio Ita\u00fa a las Artes visuales<\/strong>. Obras premiadas y seleccionadas en la convocatoria nacional de artistas visuales, en sus dos categor\u00edas: general y arte e inteligencia artificial. Tambi\u00e9n se exhiben cuatro obras, premiadas en distintas ediciones, de artistas cordobeses reconocidos: Mart\u00edn Carrizo, Jair Jes\u00fas Toledo, Marcela Bosch y Lucas Jalowski. El premio Ita\u00fa tiene como objetivo estimular, visualizar y difundir la producci\u00f3n de artistas argentinos de Argentina y conformar la Colecci\u00f3n Ita\u00fa de Arte Contempor\u00e1neo perteneciente al Banco Ita\u00fa Argentina (BIA). La muestra cuenta con curadur\u00eda de Mar\u00eda Menegazzo Can\u00e9.\u00a0 En salas 5, 6 y 7.\u00a0<strong>Cierra el 3 de septiembre.<\/strong><\/p>\n<p><strong>Civilizaciones imaginarias<\/strong>. Grabados, dibujos y pinturas de\u00a0<strong>Charly Gait<\/strong>. Re\u00fane sus \u00faltimas producciones pict\u00f3ricas y tambi\u00e9n sus singulares experiencias en torno al grabado. Su obra se presenta como el registro visual de una civilizaci\u00f3n perdida o imaginaria que nos conecta con un antepasado sagrado y que, para ello, recurre a geograf\u00edas mat\u00e9ricas o documentos ficcionales en formatos pl\u00e1sticos. As\u00ed, apela po\u00e9ticamente a la posibilidad de la existencia de dioses y apariciones que se pliegan sobre nuestro tiempo y se revelan, operando como un equilibrio necesario a nuestra actualidad tecnol\u00f3gica y mecanizada. En sala 8.\u00a0<strong>Cierra el 3 de septiembre.<\/strong><\/p>\n<\/div>\n","protected":false},"excerpt":{"rendered":"<p>La agenda de actividades de la Agencia C\u00f3rdoba Cultura propone diversos eventos para disfrutar de<\/p>\n","protected":false},"author":2,"featured_media":78,"comment_status":"closed","ping_status":"closed","sticky":false,"template":"","format":"standard","meta":{"footnotes":""},"categories":[11],"tags":[22,19,24,23,20,21,18,25],"class_list":["post-77","post","type-post","status-publish","format-standard","has-post-thumbnail","hentry","category-destacadas","tag-agencia","tag-agenda","tag-artistas","tag-cordoba","tag-cultura","tag-julio","tag-propuestas","tag-semana"],"yoast_head":"<!-- This site is optimized with the Yoast SEO plugin v27.4 - https:\/\/yoast.com\/product\/yoast-seo-wordpress\/ -->\n<title>Lo que trae la agenda cultural del 3 al 9 de julio - Fm Gente<\/title>\n<meta name=\"robots\" content=\"index, follow, max-snippet:-1, max-image-preview:large, max-video-preview:-1\" \/>\n<link rel=\"canonical\" href=\"https:\/\/fmgente.com.ar\/web\/lo-que-trae-la-agenda-cultural-del-3-al-9-de-julio\/\" \/>\n<meta property=\"og:locale\" content=\"es_ES\" \/>\n<meta property=\"og:type\" content=\"article\" \/>\n<meta property=\"og:title\" content=\"Lo que trae la agenda cultural del 3 al 9 de julio - Fm Gente\" \/>\n<meta property=\"og:description\" content=\"La agenda de actividades de la Agencia C\u00f3rdoba Cultura propone diversos eventos para disfrutar de\" \/>\n<meta property=\"og:url\" content=\"https:\/\/fmgente.com.ar\/web\/lo-que-trae-la-agenda-cultural-del-3-al-9-de-julio\/\" \/>\n<meta property=\"og:site_name\" content=\"Fm Gente\" \/>\n<meta property=\"article:published_time\" content=\"2023-07-04T10:28:44+00:00\" \/>\n<meta property=\"og:image\" content=\"https:\/\/fmgente.com.ar\/web\/wp-content\/uploads\/2023\/07\/Blondi.jpg\" \/>\n\t<meta property=\"og:image:width\" content=\"990\" \/>\n\t<meta property=\"og:image:height\" content=\"660\" \/>\n\t<meta property=\"og:image:type\" content=\"image\/jpeg\" \/>\n<meta name=\"author\" content=\"Adri\u00e1n Hern\u00e1ndez\" \/>\n<meta name=\"twitter:card\" content=\"summary_large_image\" \/>\n<meta name=\"twitter:label1\" content=\"Escrito por\" \/>\n\t<meta name=\"twitter:data1\" content=\"Adri\u00e1n Hern\u00e1ndez\" \/>\n\t<meta name=\"twitter:label2\" content=\"Tiempo de lectura\" \/>\n\t<meta name=\"twitter:data2\" content=\"28 minutos\" \/>\n<script type=\"application\/ld+json\" class=\"yoast-schema-graph\">{\"@context\":\"https:\\\/\\\/schema.org\",\"@graph\":[{\"@type\":\"Article\",\"@id\":\"https:\\\/\\\/fmgente.com.ar\\\/web\\\/lo-que-trae-la-agenda-cultural-del-3-al-9-de-julio\\\/#article\",\"isPartOf\":{\"@id\":\"https:\\\/\\\/fmgente.com.ar\\\/web\\\/lo-que-trae-la-agenda-cultural-del-3-al-9-de-julio\\\/\"},\"author\":{\"name\":\"Adri\u00e1n Hern\u00e1ndez\",\"@id\":\"https:\\\/\\\/fmgente.com.ar\\\/web\\\/#\\\/schema\\\/person\\\/ba03fa75c17effdaafbd6daa1d78c508\"},\"headline\":\"Lo que trae la agenda cultural del 3 al 9 de julio\",\"datePublished\":\"2023-07-04T10:28:44+00:00\",\"mainEntityOfPage\":{\"@id\":\"https:\\\/\\\/fmgente.com.ar\\\/web\\\/lo-que-trae-la-agenda-cultural-del-3-al-9-de-julio\\\/\"},\"wordCount\":5167,\"publisher\":{\"@id\":\"https:\\\/\\\/fmgente.com.ar\\\/web\\\/#organization\"},\"image\":{\"@id\":\"https:\\\/\\\/fmgente.com.ar\\\/web\\\/lo-que-trae-la-agenda-cultural-del-3-al-9-de-julio\\\/#primaryimage\"},\"thumbnailUrl\":\"https:\\\/\\\/fmgente.com.ar\\\/web\\\/wp-content\\\/uploads\\\/2023\\\/07\\\/Blondi.jpg\",\"keywords\":[\"agencia\",\"agenda\",\"artistas\",\"C\u00f3rdoba\",\"cultura\",\"julio\",\"propuestas\",\"semana\"],\"articleSection\":[\"DESTACADAS\"],\"inLanguage\":\"es\"},{\"@type\":\"WebPage\",\"@id\":\"https:\\\/\\\/fmgente.com.ar\\\/web\\\/lo-que-trae-la-agenda-cultural-del-3-al-9-de-julio\\\/\",\"url\":\"https:\\\/\\\/fmgente.com.ar\\\/web\\\/lo-que-trae-la-agenda-cultural-del-3-al-9-de-julio\\\/\",\"name\":\"Lo que trae la agenda cultural del 3 al 9 de julio - Fm Gente\",\"isPartOf\":{\"@id\":\"https:\\\/\\\/fmgente.com.ar\\\/web\\\/#website\"},\"primaryImageOfPage\":{\"@id\":\"https:\\\/\\\/fmgente.com.ar\\\/web\\\/lo-que-trae-la-agenda-cultural-del-3-al-9-de-julio\\\/#primaryimage\"},\"image\":{\"@id\":\"https:\\\/\\\/fmgente.com.ar\\\/web\\\/lo-que-trae-la-agenda-cultural-del-3-al-9-de-julio\\\/#primaryimage\"},\"thumbnailUrl\":\"https:\\\/\\\/fmgente.com.ar\\\/web\\\/wp-content\\\/uploads\\\/2023\\\/07\\\/Blondi.jpg\",\"datePublished\":\"2023-07-04T10:28:44+00:00\",\"inLanguage\":\"es\",\"potentialAction\":[{\"@type\":\"ReadAction\",\"target\":[\"https:\\\/\\\/fmgente.com.ar\\\/web\\\/lo-que-trae-la-agenda-cultural-del-3-al-9-de-julio\\\/\"]}]},{\"@type\":\"ImageObject\",\"inLanguage\":\"es\",\"@id\":\"https:\\\/\\\/fmgente.com.ar\\\/web\\\/lo-que-trae-la-agenda-cultural-del-3-al-9-de-julio\\\/#primaryimage\",\"url\":\"https:\\\/\\\/fmgente.com.ar\\\/web\\\/wp-content\\\/uploads\\\/2023\\\/07\\\/Blondi.jpg\",\"contentUrl\":\"https:\\\/\\\/fmgente.com.ar\\\/web\\\/wp-content\\\/uploads\\\/2023\\\/07\\\/Blondi.jpg\",\"width\":990,\"height\":660},{\"@type\":\"WebSite\",\"@id\":\"https:\\\/\\\/fmgente.com.ar\\\/web\\\/#website\",\"url\":\"https:\\\/\\\/fmgente.com.ar\\\/web\\\/\",\"name\":\"Fm Gente\",\"description\":\"- Jes\u00fas Mar\u00eda\",\"publisher\":{\"@id\":\"https:\\\/\\\/fmgente.com.ar\\\/web\\\/#organization\"},\"potentialAction\":[{\"@type\":\"SearchAction\",\"target\":{\"@type\":\"EntryPoint\",\"urlTemplate\":\"https:\\\/\\\/fmgente.com.ar\\\/web\\\/?s={search_term_string}\"},\"query-input\":{\"@type\":\"PropertyValueSpecification\",\"valueRequired\":true,\"valueName\":\"search_term_string\"}}],\"inLanguage\":\"es\"},{\"@type\":\"Organization\",\"@id\":\"https:\\\/\\\/fmgente.com.ar\\\/web\\\/#organization\",\"name\":\"Fm Gente\",\"url\":\"https:\\\/\\\/fmgente.com.ar\\\/web\\\/\",\"logo\":{\"@type\":\"ImageObject\",\"inLanguage\":\"es\",\"@id\":\"https:\\\/\\\/fmgente.com.ar\\\/web\\\/#\\\/schema\\\/logo\\\/image\\\/\",\"url\":\"https:\\\/\\\/fmgente.com.ar\\\/web\\\/wp-content\\\/uploads\\\/2023\\\/07\\\/cropped-cropped-logo-sombra2.png\",\"contentUrl\":\"https:\\\/\\\/fmgente.com.ar\\\/web\\\/wp-content\\\/uploads\\\/2023\\\/07\\\/cropped-cropped-logo-sombra2.png\",\"width\":1782,\"height\":1782,\"caption\":\"Fm Gente\"},\"image\":{\"@id\":\"https:\\\/\\\/fmgente.com.ar\\\/web\\\/#\\\/schema\\\/logo\\\/image\\\/\"}},{\"@type\":\"Person\",\"@id\":\"https:\\\/\\\/fmgente.com.ar\\\/web\\\/#\\\/schema\\\/person\\\/ba03fa75c17effdaafbd6daa1d78c508\",\"name\":\"Adri\u00e1n Hern\u00e1ndez\",\"url\":\"https:\\\/\\\/fmgente.com.ar\\\/web\\\/author\\\/c1601891\\\/\"}]}<\/script>\n<!-- \/ Yoast SEO plugin. -->","yoast_head_json":{"title":"Lo que trae la agenda cultural del 3 al 9 de julio - Fm Gente","robots":{"index":"index","follow":"follow","max-snippet":"max-snippet:-1","max-image-preview":"max-image-preview:large","max-video-preview":"max-video-preview:-1"},"canonical":"https:\/\/fmgente.com.ar\/web\/lo-que-trae-la-agenda-cultural-del-3-al-9-de-julio\/","og_locale":"es_ES","og_type":"article","og_title":"Lo que trae la agenda cultural del 3 al 9 de julio - Fm Gente","og_description":"La agenda de actividades de la Agencia C\u00f3rdoba Cultura propone diversos eventos para disfrutar de","og_url":"https:\/\/fmgente.com.ar\/web\/lo-que-trae-la-agenda-cultural-del-3-al-9-de-julio\/","og_site_name":"Fm Gente","article_published_time":"2023-07-04T10:28:44+00:00","og_image":[{"width":990,"height":660,"url":"https:\/\/fmgente.com.ar\/web\/wp-content\/uploads\/2023\/07\/Blondi.jpg","type":"image\/jpeg"}],"author":"Adri\u00e1n Hern\u00e1ndez","twitter_card":"summary_large_image","twitter_misc":{"Escrito por":"Adri\u00e1n Hern\u00e1ndez","Tiempo de lectura":"28 minutos"},"schema":{"@context":"https:\/\/schema.org","@graph":[{"@type":"Article","@id":"https:\/\/fmgente.com.ar\/web\/lo-que-trae-la-agenda-cultural-del-3-al-9-de-julio\/#article","isPartOf":{"@id":"https:\/\/fmgente.com.ar\/web\/lo-que-trae-la-agenda-cultural-del-3-al-9-de-julio\/"},"author":{"name":"Adri\u00e1n Hern\u00e1ndez","@id":"https:\/\/fmgente.com.ar\/web\/#\/schema\/person\/ba03fa75c17effdaafbd6daa1d78c508"},"headline":"Lo que trae la agenda cultural del 3 al 9 de julio","datePublished":"2023-07-04T10:28:44+00:00","mainEntityOfPage":{"@id":"https:\/\/fmgente.com.ar\/web\/lo-que-trae-la-agenda-cultural-del-3-al-9-de-julio\/"},"wordCount":5167,"publisher":{"@id":"https:\/\/fmgente.com.ar\/web\/#organization"},"image":{"@id":"https:\/\/fmgente.com.ar\/web\/lo-que-trae-la-agenda-cultural-del-3-al-9-de-julio\/#primaryimage"},"thumbnailUrl":"https:\/\/fmgente.com.ar\/web\/wp-content\/uploads\/2023\/07\/Blondi.jpg","keywords":["agencia","agenda","artistas","C\u00f3rdoba","cultura","julio","propuestas","semana"],"articleSection":["DESTACADAS"],"inLanguage":"es"},{"@type":"WebPage","@id":"https:\/\/fmgente.com.ar\/web\/lo-que-trae-la-agenda-cultural-del-3-al-9-de-julio\/","url":"https:\/\/fmgente.com.ar\/web\/lo-que-trae-la-agenda-cultural-del-3-al-9-de-julio\/","name":"Lo que trae la agenda cultural del 3 al 9 de julio - Fm Gente","isPartOf":{"@id":"https:\/\/fmgente.com.ar\/web\/#website"},"primaryImageOfPage":{"@id":"https:\/\/fmgente.com.ar\/web\/lo-que-trae-la-agenda-cultural-del-3-al-9-de-julio\/#primaryimage"},"image":{"@id":"https:\/\/fmgente.com.ar\/web\/lo-que-trae-la-agenda-cultural-del-3-al-9-de-julio\/#primaryimage"},"thumbnailUrl":"https:\/\/fmgente.com.ar\/web\/wp-content\/uploads\/2023\/07\/Blondi.jpg","datePublished":"2023-07-04T10:28:44+00:00","inLanguage":"es","potentialAction":[{"@type":"ReadAction","target":["https:\/\/fmgente.com.ar\/web\/lo-que-trae-la-agenda-cultural-del-3-al-9-de-julio\/"]}]},{"@type":"ImageObject","inLanguage":"es","@id":"https:\/\/fmgente.com.ar\/web\/lo-que-trae-la-agenda-cultural-del-3-al-9-de-julio\/#primaryimage","url":"https:\/\/fmgente.com.ar\/web\/wp-content\/uploads\/2023\/07\/Blondi.jpg","contentUrl":"https:\/\/fmgente.com.ar\/web\/wp-content\/uploads\/2023\/07\/Blondi.jpg","width":990,"height":660},{"@type":"WebSite","@id":"https:\/\/fmgente.com.ar\/web\/#website","url":"https:\/\/fmgente.com.ar\/web\/","name":"Fm Gente","description":"- Jes\u00fas Mar\u00eda","publisher":{"@id":"https:\/\/fmgente.com.ar\/web\/#organization"},"potentialAction":[{"@type":"SearchAction","target":{"@type":"EntryPoint","urlTemplate":"https:\/\/fmgente.com.ar\/web\/?s={search_term_string}"},"query-input":{"@type":"PropertyValueSpecification","valueRequired":true,"valueName":"search_term_string"}}],"inLanguage":"es"},{"@type":"Organization","@id":"https:\/\/fmgente.com.ar\/web\/#organization","name":"Fm Gente","url":"https:\/\/fmgente.com.ar\/web\/","logo":{"@type":"ImageObject","inLanguage":"es","@id":"https:\/\/fmgente.com.ar\/web\/#\/schema\/logo\/image\/","url":"https:\/\/fmgente.com.ar\/web\/wp-content\/uploads\/2023\/07\/cropped-cropped-logo-sombra2.png","contentUrl":"https:\/\/fmgente.com.ar\/web\/wp-content\/uploads\/2023\/07\/cropped-cropped-logo-sombra2.png","width":1782,"height":1782,"caption":"Fm Gente"},"image":{"@id":"https:\/\/fmgente.com.ar\/web\/#\/schema\/logo\/image\/"}},{"@type":"Person","@id":"https:\/\/fmgente.com.ar\/web\/#\/schema\/person\/ba03fa75c17effdaafbd6daa1d78c508","name":"Adri\u00e1n Hern\u00e1ndez","url":"https:\/\/fmgente.com.ar\/web\/author\/c1601891\/"}]}},"_links":{"self":[{"href":"https:\/\/fmgente.com.ar\/web\/wp-json\/wp\/v2\/posts\/77","targetHints":{"allow":["GET"]}}],"collection":[{"href":"https:\/\/fmgente.com.ar\/web\/wp-json\/wp\/v2\/posts"}],"about":[{"href":"https:\/\/fmgente.com.ar\/web\/wp-json\/wp\/v2\/types\/post"}],"author":[{"embeddable":true,"href":"https:\/\/fmgente.com.ar\/web\/wp-json\/wp\/v2\/users\/2"}],"replies":[{"embeddable":true,"href":"https:\/\/fmgente.com.ar\/web\/wp-json\/wp\/v2\/comments?post=77"}],"version-history":[{"count":1,"href":"https:\/\/fmgente.com.ar\/web\/wp-json\/wp\/v2\/posts\/77\/revisions"}],"predecessor-version":[{"id":79,"href":"https:\/\/fmgente.com.ar\/web\/wp-json\/wp\/v2\/posts\/77\/revisions\/79"}],"wp:featuredmedia":[{"embeddable":true,"href":"https:\/\/fmgente.com.ar\/web\/wp-json\/wp\/v2\/media\/78"}],"wp:attachment":[{"href":"https:\/\/fmgente.com.ar\/web\/wp-json\/wp\/v2\/media?parent=77"}],"wp:term":[{"taxonomy":"category","embeddable":true,"href":"https:\/\/fmgente.com.ar\/web\/wp-json\/wp\/v2\/categories?post=77"},{"taxonomy":"post_tag","embeddable":true,"href":"https:\/\/fmgente.com.ar\/web\/wp-json\/wp\/v2\/tags?post=77"}],"curies":[{"name":"wp","href":"https:\/\/api.w.org\/{rel}","templated":true}]}}