{"id":74,"date":"2023-07-04T07:21:39","date_gmt":"2023-07-04T10:21:39","guid":{"rendered":"https:\/\/fmgente.com.ar\/?p=74"},"modified":"2023-07-04T07:21:39","modified_gmt":"2023-07-04T10:21:39","slug":"continua-el-pago-a-empleados-de-la-administracion-publica-provincial","status":"publish","type":"post","link":"https:\/\/fmgente.com.ar\/web\/continua-el-pago-a-empleados-de-la-administracion-publica-provincial\/","title":{"rendered":"Contin\u00faa el pago a empleados de la Administraci\u00f3n P\u00fablica Provincial"},"content":{"rendered":"<article id=\"post-558385\" class=\"post-558385 post type-post status-publish format-standard has-post-thumbnail hentry category-informacion-general ast-article-single\">\n<div class=\"ast-post-format- single-layout-1\">\n<div class=\"entry-content clear\">\n<p>El Gobierno de C\u00f3rdoba, a trav\u00e9s de la Secretar\u00eda General de la Gobernaci\u00f3n, informa la continuidad del pago de haberes de junio a los agentes de la Administraci\u00f3n P\u00fablica Provincial.<\/p>\n<p><strong>Lunes 3 de julio<\/strong><\/p>\n<p>\u2022 Ministerio de Salud<br \/>\n\u2022 APROSS: Adm. Prov. del Seg. de Salud<br \/>\n\u2022 Ministerio de Educaci\u00f3n: \u00c1rea Central, Nivel Inicial y Nivel Primario<br \/>\n\u2022 Ministerio de Educaci\u00f3n: Nivel Secundario y Resto de Niveles<br \/>\n\u2022 Personal Docente Universidad Provincial de C\u00f3rdoba<\/p>\n<p><strong>Martes 4 de julio<\/strong><\/p>\n<p>\u2022 Ministerio de Educaci\u00f3n: DIPE<br \/>\n\u2022 Escalaf\u00f3n General Tramo Ejecuci\u00f3n<br \/>\n\u2022 Contratados Servicio\/Nivel<br \/>\n\u2022 Contratados Tribunal de Cuentas<br \/>\n\u2022 Escalaf\u00f3n Salud (no pertenecientes al Ministerio de Salud)<br \/>\n\u2022 Escalaf\u00f3n Docente (no pertenecientes al Ministerio de Educaci\u00f3n)<br \/>\n\u2022 Personal Poder Judicial<br \/>\n\u2022 Personal Poder Legislativo<br \/>\n\u2022 Personal Defensor\u00eda del Pueblo<br \/>\n\u2022 Personal Defensor\u00eda de los Derechos de los Ni\u00f1as, Ni\u00f1os y Adolescentes<br \/>\n\u2022 Caja de Jubilaciones<br \/>\n\u2022 Escalaf\u00f3n General Tramo Superior<br \/>\n\u2022 Escalaf\u00f3n Vialidad<br \/>\n\u2022 Escalaf\u00f3n M\u00fasicos<br \/>\n\u2022 Escalaf\u00f3n Cuerpos Art\u00edsticos<br \/>\n\u2022 Escalaf\u00f3n Gr\u00e1ficos<br \/>\n\u2022 Escalaf\u00f3n Cient\u00edfico y Tecnol\u00f3gico<br \/>\n\u2022 Escalaf\u00f3n Bancarios<br \/>\n\u2022 Escalaf\u00f3n Aeron\u00e1uticos<br \/>\n\u2022 Inteligencia Fiscal<\/p>\n<p><strong>Mi\u00e9rcoles 5 de julio<\/strong><\/p>\n<p>\u2022 Autoridades Superiores y Personal de Gabinete del Poder Ejecutivo<br \/>\n\u2022 Autoridades Poder Legislativo<br \/>\n\u2022 Autoridades Defensor\u00eda del Pueblo<br \/>\n\u2022 Autoridades Defensor\u00eda de los Derechos de los Ni\u00f1as, Ni\u00f1os y Adolescentes<br \/>\n\u2022 Autoridades Tribunal de Cuentas<br \/>\n\u2022 Magistrados y Funcionarios Judiciales<br \/>\n\u2022 Autoridades Universidad Provincial<\/p>\n<\/div>\n<\/div>\n<\/article>\n","protected":false},"excerpt":{"rendered":"<p>El Gobierno de C\u00f3rdoba, a trav\u00e9s de la Secretar\u00eda General de la Gobernaci\u00f3n, informa la<\/p>\n","protected":false},"author":2,"featured_media":75,"comment_status":"closed","ping_status":"closed","sticky":false,"template":"","format":"standard","meta":{"footnotes":""},"categories":[11],"tags":[17,16,12,13,14,15],"class_list":["post-74","post","type-post","status-publish","format-standard","has-post-thumbnail","hentry","category-destacadas","tag-administracion-publica","tag-empleados","tag-gobierno","tag-haberes","tag-pago","tag-sueldo"],"yoast_head":"<!-- This site is optimized with the Yoast SEO plugin v27.4 - https:\/\/yoast.com\/product\/yoast-seo-wordpress\/ -->\n<title>Contin\u00faa el pago a empleados de la Administraci\u00f3n P\u00fablica Provincial - Fm Gente<\/title>\n<meta name=\"robots\" content=\"index, follow, max-snippet:-1, max-image-preview:large, max-video-preview:-1\" \/>\n<link rel=\"canonical\" href=\"https:\/\/fmgente.com.ar\/web\/continua-el-pago-a-empleados-de-la-administracion-publica-provincial\/\" \/>\n<meta property=\"og:locale\" content=\"es_ES\" \/>\n<meta property=\"og:type\" content=\"article\" \/>\n<meta property=\"og:title\" content=\"Contin\u00faa el pago a empleados de la Administraci\u00f3n P\u00fablica Provincial - Fm Gente\" \/>\n<meta property=\"og:description\" content=\"El Gobierno de C\u00f3rdoba, a trav\u00e9s de la Secretar\u00eda General de la Gobernaci\u00f3n, informa la\" \/>\n<meta property=\"og:url\" content=\"https:\/\/fmgente.com.ar\/web\/continua-el-pago-a-empleados-de-la-administracion-publica-provincial\/\" \/>\n<meta property=\"og:site_name\" content=\"Fm Gente\" \/>\n<meta property=\"article:published_time\" content=\"2023-07-04T10:21:39+00:00\" \/>\n<meta property=\"og:image\" content=\"https:\/\/fmgente.com.ar\/web\/wp-content\/uploads\/2023\/07\/pago-de-haberes-centro-civico.jpg\" \/>\n\t<meta property=\"og:image:width\" content=\"990\" \/>\n\t<meta property=\"og:image:height\" content=\"660\" \/>\n\t<meta property=\"og:image:type\" content=\"image\/jpeg\" \/>\n<meta name=\"author\" content=\"Adri\u00e1n Hern\u00e1ndez\" \/>\n<meta name=\"twitter:card\" content=\"summary_large_image\" \/>\n<meta name=\"twitter:label1\" content=\"Escrito por\" \/>\n\t<meta name=\"twitter:data1\" content=\"Adri\u00e1n Hern\u00e1ndez\" \/>\n\t<meta name=\"twitter:label2\" content=\"Tiempo de lectura\" \/>\n\t<meta name=\"twitter:data2\" content=\"2 minutos\" \/>\n<script type=\"application\/ld+json\" class=\"yoast-schema-graph\">{\"@context\":\"https:\\\/\\\/schema.org\",\"@graph\":[{\"@type\":\"Article\",\"@id\":\"https:\\\/\\\/fmgente.com.ar\\\/web\\\/continua-el-pago-a-empleados-de-la-administracion-publica-provincial\\\/#article\",\"isPartOf\":{\"@id\":\"https:\\\/\\\/fmgente.com.ar\\\/web\\\/continua-el-pago-a-empleados-de-la-administracion-publica-provincial\\\/\"},\"author\":{\"name\":\"Adri\u00e1n Hern\u00e1ndez\",\"@id\":\"https:\\\/\\\/fmgente.com.ar\\\/web\\\/#\\\/schema\\\/person\\\/ba03fa75c17effdaafbd6daa1d78c508\"},\"headline\":\"Contin\u00faa el pago a empleados de la Administraci\u00f3n P\u00fablica Provincial\",\"datePublished\":\"2023-07-04T10:21:39+00:00\",\"mainEntityOfPage\":{\"@id\":\"https:\\\/\\\/fmgente.com.ar\\\/web\\\/continua-el-pago-a-empleados-de-la-administracion-publica-provincial\\\/\"},\"wordCount\":241,\"publisher\":{\"@id\":\"https:\\\/\\\/fmgente.com.ar\\\/web\\\/#organization\"},\"image\":{\"@id\":\"https:\\\/\\\/fmgente.com.ar\\\/web\\\/continua-el-pago-a-empleados-de-la-administracion-publica-provincial\\\/#primaryimage\"},\"thumbnailUrl\":\"https:\\\/\\\/fmgente.com.ar\\\/web\\\/wp-content\\\/uploads\\\/2023\\\/07\\\/pago-de-haberes-centro-civico.jpg\",\"keywords\":[\"administraci\u00f3n p\u00fablica\",\"empleados\",\"gobierno\",\"haberes\",\"pago\",\"sueldo\"],\"articleSection\":[\"DESTACADAS\"],\"inLanguage\":\"es\"},{\"@type\":\"WebPage\",\"@id\":\"https:\\\/\\\/fmgente.com.ar\\\/web\\\/continua-el-pago-a-empleados-de-la-administracion-publica-provincial\\\/\",\"url\":\"https:\\\/\\\/fmgente.com.ar\\\/web\\\/continua-el-pago-a-empleados-de-la-administracion-publica-provincial\\\/\",\"name\":\"Contin\u00faa el pago a empleados de la Administraci\u00f3n P\u00fablica Provincial - Fm Gente\",\"isPartOf\":{\"@id\":\"https:\\\/\\\/fmgente.com.ar\\\/web\\\/#website\"},\"primaryImageOfPage\":{\"@id\":\"https:\\\/\\\/fmgente.com.ar\\\/web\\\/continua-el-pago-a-empleados-de-la-administracion-publica-provincial\\\/#primaryimage\"},\"image\":{\"@id\":\"https:\\\/\\\/fmgente.com.ar\\\/web\\\/continua-el-pago-a-empleados-de-la-administracion-publica-provincial\\\/#primaryimage\"},\"thumbnailUrl\":\"https:\\\/\\\/fmgente.com.ar\\\/web\\\/wp-content\\\/uploads\\\/2023\\\/07\\\/pago-de-haberes-centro-civico.jpg\",\"datePublished\":\"2023-07-04T10:21:39+00:00\",\"inLanguage\":\"es\",\"potentialAction\":[{\"@type\":\"ReadAction\",\"target\":[\"https:\\\/\\\/fmgente.com.ar\\\/web\\\/continua-el-pago-a-empleados-de-la-administracion-publica-provincial\\\/\"]}]},{\"@type\":\"ImageObject\",\"inLanguage\":\"es\",\"@id\":\"https:\\\/\\\/fmgente.com.ar\\\/web\\\/continua-el-pago-a-empleados-de-la-administracion-publica-provincial\\\/#primaryimage\",\"url\":\"https:\\\/\\\/fmgente.com.ar\\\/web\\\/wp-content\\\/uploads\\\/2023\\\/07\\\/pago-de-haberes-centro-civico.jpg\",\"contentUrl\":\"https:\\\/\\\/fmgente.com.ar\\\/web\\\/wp-content\\\/uploads\\\/2023\\\/07\\\/pago-de-haberes-centro-civico.jpg\",\"width\":990,\"height\":660},{\"@type\":\"WebSite\",\"@id\":\"https:\\\/\\\/fmgente.com.ar\\\/web\\\/#website\",\"url\":\"https:\\\/\\\/fmgente.com.ar\\\/web\\\/\",\"name\":\"Fm Gente\",\"description\":\"- Jes\u00fas Mar\u00eda\",\"publisher\":{\"@id\":\"https:\\\/\\\/fmgente.com.ar\\\/web\\\/#organization\"},\"potentialAction\":[{\"@type\":\"SearchAction\",\"target\":{\"@type\":\"EntryPoint\",\"urlTemplate\":\"https:\\\/\\\/fmgente.com.ar\\\/web\\\/?s={search_term_string}\"},\"query-input\":{\"@type\":\"PropertyValueSpecification\",\"valueRequired\":true,\"valueName\":\"search_term_string\"}}],\"inLanguage\":\"es\"},{\"@type\":\"Organization\",\"@id\":\"https:\\\/\\\/fmgente.com.ar\\\/web\\\/#organization\",\"name\":\"Fm Gente\",\"url\":\"https:\\\/\\\/fmgente.com.ar\\\/web\\\/\",\"logo\":{\"@type\":\"ImageObject\",\"inLanguage\":\"es\",\"@id\":\"https:\\\/\\\/fmgente.com.ar\\\/web\\\/#\\\/schema\\\/logo\\\/image\\\/\",\"url\":\"https:\\\/\\\/fmgente.com.ar\\\/web\\\/wp-content\\\/uploads\\\/2023\\\/07\\\/cropped-cropped-logo-sombra2.png\",\"contentUrl\":\"https:\\\/\\\/fmgente.com.ar\\\/web\\\/wp-content\\\/uploads\\\/2023\\\/07\\\/cropped-cropped-logo-sombra2.png\",\"width\":1782,\"height\":1782,\"caption\":\"Fm Gente\"},\"image\":{\"@id\":\"https:\\\/\\\/fmgente.com.ar\\\/web\\\/#\\\/schema\\\/logo\\\/image\\\/\"}},{\"@type\":\"Person\",\"@id\":\"https:\\\/\\\/fmgente.com.ar\\\/web\\\/#\\\/schema\\\/person\\\/ba03fa75c17effdaafbd6daa1d78c508\",\"name\":\"Adri\u00e1n Hern\u00e1ndez\",\"url\":\"https:\\\/\\\/fmgente.com.ar\\\/web\\\/author\\\/c1601891\\\/\"}]}<\/script>\n<!-- \/ Yoast SEO plugin. -->","yoast_head_json":{"title":"Contin\u00faa el pago a empleados de la Administraci\u00f3n P\u00fablica Provincial - Fm Gente","robots":{"index":"index","follow":"follow","max-snippet":"max-snippet:-1","max-image-preview":"max-image-preview:large","max-video-preview":"max-video-preview:-1"},"canonical":"https:\/\/fmgente.com.ar\/web\/continua-el-pago-a-empleados-de-la-administracion-publica-provincial\/","og_locale":"es_ES","og_type":"article","og_title":"Contin\u00faa el pago a empleados de la Administraci\u00f3n P\u00fablica Provincial - Fm Gente","og_description":"El Gobierno de C\u00f3rdoba, a trav\u00e9s de la Secretar\u00eda General de la Gobernaci\u00f3n, informa la","og_url":"https:\/\/fmgente.com.ar\/web\/continua-el-pago-a-empleados-de-la-administracion-publica-provincial\/","og_site_name":"Fm Gente","article_published_time":"2023-07-04T10:21:39+00:00","og_image":[{"width":990,"height":660,"url":"https:\/\/fmgente.com.ar\/web\/wp-content\/uploads\/2023\/07\/pago-de-haberes-centro-civico.jpg","type":"image\/jpeg"}],"author":"Adri\u00e1n Hern\u00e1ndez","twitter_card":"summary_large_image","twitter_misc":{"Escrito por":"Adri\u00e1n Hern\u00e1ndez","Tiempo de lectura":"2 minutos"},"schema":{"@context":"https:\/\/schema.org","@graph":[{"@type":"Article","@id":"https:\/\/fmgente.com.ar\/web\/continua-el-pago-a-empleados-de-la-administracion-publica-provincial\/#article","isPartOf":{"@id":"https:\/\/fmgente.com.ar\/web\/continua-el-pago-a-empleados-de-la-administracion-publica-provincial\/"},"author":{"name":"Adri\u00e1n Hern\u00e1ndez","@id":"https:\/\/fmgente.com.ar\/web\/#\/schema\/person\/ba03fa75c17effdaafbd6daa1d78c508"},"headline":"Contin\u00faa el pago a empleados de la Administraci\u00f3n P\u00fablica Provincial","datePublished":"2023-07-04T10:21:39+00:00","mainEntityOfPage":{"@id":"https:\/\/fmgente.com.ar\/web\/continua-el-pago-a-empleados-de-la-administracion-publica-provincial\/"},"wordCount":241,"publisher":{"@id":"https:\/\/fmgente.com.ar\/web\/#organization"},"image":{"@id":"https:\/\/fmgente.com.ar\/web\/continua-el-pago-a-empleados-de-la-administracion-publica-provincial\/#primaryimage"},"thumbnailUrl":"https:\/\/fmgente.com.ar\/web\/wp-content\/uploads\/2023\/07\/pago-de-haberes-centro-civico.jpg","keywords":["administraci\u00f3n p\u00fablica","empleados","gobierno","haberes","pago","sueldo"],"articleSection":["DESTACADAS"],"inLanguage":"es"},{"@type":"WebPage","@id":"https:\/\/fmgente.com.ar\/web\/continua-el-pago-a-empleados-de-la-administracion-publica-provincial\/","url":"https:\/\/fmgente.com.ar\/web\/continua-el-pago-a-empleados-de-la-administracion-publica-provincial\/","name":"Contin\u00faa el pago a empleados de la Administraci\u00f3n P\u00fablica Provincial - Fm Gente","isPartOf":{"@id":"https:\/\/fmgente.com.ar\/web\/#website"},"primaryImageOfPage":{"@id":"https:\/\/fmgente.com.ar\/web\/continua-el-pago-a-empleados-de-la-administracion-publica-provincial\/#primaryimage"},"image":{"@id":"https:\/\/fmgente.com.ar\/web\/continua-el-pago-a-empleados-de-la-administracion-publica-provincial\/#primaryimage"},"thumbnailUrl":"https:\/\/fmgente.com.ar\/web\/wp-content\/uploads\/2023\/07\/pago-de-haberes-centro-civico.jpg","datePublished":"2023-07-04T10:21:39+00:00","inLanguage":"es","potentialAction":[{"@type":"ReadAction","target":["https:\/\/fmgente.com.ar\/web\/continua-el-pago-a-empleados-de-la-administracion-publica-provincial\/"]}]},{"@type":"ImageObject","inLanguage":"es","@id":"https:\/\/fmgente.com.ar\/web\/continua-el-pago-a-empleados-de-la-administracion-publica-provincial\/#primaryimage","url":"https:\/\/fmgente.com.ar\/web\/wp-content\/uploads\/2023\/07\/pago-de-haberes-centro-civico.jpg","contentUrl":"https:\/\/fmgente.com.ar\/web\/wp-content\/uploads\/2023\/07\/pago-de-haberes-centro-civico.jpg","width":990,"height":660},{"@type":"WebSite","@id":"https:\/\/fmgente.com.ar\/web\/#website","url":"https:\/\/fmgente.com.ar\/web\/","name":"Fm Gente","description":"- Jes\u00fas Mar\u00eda","publisher":{"@id":"https:\/\/fmgente.com.ar\/web\/#organization"},"potentialAction":[{"@type":"SearchAction","target":{"@type":"EntryPoint","urlTemplate":"https:\/\/fmgente.com.ar\/web\/?s={search_term_string}"},"query-input":{"@type":"PropertyValueSpecification","valueRequired":true,"valueName":"search_term_string"}}],"inLanguage":"es"},{"@type":"Organization","@id":"https:\/\/fmgente.com.ar\/web\/#organization","name":"Fm Gente","url":"https:\/\/fmgente.com.ar\/web\/","logo":{"@type":"ImageObject","inLanguage":"es","@id":"https:\/\/fmgente.com.ar\/web\/#\/schema\/logo\/image\/","url":"https:\/\/fmgente.com.ar\/web\/wp-content\/uploads\/2023\/07\/cropped-cropped-logo-sombra2.png","contentUrl":"https:\/\/fmgente.com.ar\/web\/wp-content\/uploads\/2023\/07\/cropped-cropped-logo-sombra2.png","width":1782,"height":1782,"caption":"Fm Gente"},"image":{"@id":"https:\/\/fmgente.com.ar\/web\/#\/schema\/logo\/image\/"}},{"@type":"Person","@id":"https:\/\/fmgente.com.ar\/web\/#\/schema\/person\/ba03fa75c17effdaafbd6daa1d78c508","name":"Adri\u00e1n Hern\u00e1ndez","url":"https:\/\/fmgente.com.ar\/web\/author\/c1601891\/"}]}},"_links":{"self":[{"href":"https:\/\/fmgente.com.ar\/web\/wp-json\/wp\/v2\/posts\/74","targetHints":{"allow":["GET"]}}],"collection":[{"href":"https:\/\/fmgente.com.ar\/web\/wp-json\/wp\/v2\/posts"}],"about":[{"href":"https:\/\/fmgente.com.ar\/web\/wp-json\/wp\/v2\/types\/post"}],"author":[{"embeddable":true,"href":"https:\/\/fmgente.com.ar\/web\/wp-json\/wp\/v2\/users\/2"}],"replies":[{"embeddable":true,"href":"https:\/\/fmgente.com.ar\/web\/wp-json\/wp\/v2\/comments?post=74"}],"version-history":[{"count":1,"href":"https:\/\/fmgente.com.ar\/web\/wp-json\/wp\/v2\/posts\/74\/revisions"}],"predecessor-version":[{"id":76,"href":"https:\/\/fmgente.com.ar\/web\/wp-json\/wp\/v2\/posts\/74\/revisions\/76"}],"wp:featuredmedia":[{"embeddable":true,"href":"https:\/\/fmgente.com.ar\/web\/wp-json\/wp\/v2\/media\/75"}],"wp:attachment":[{"href":"https:\/\/fmgente.com.ar\/web\/wp-json\/wp\/v2\/media?parent=74"}],"wp:term":[{"taxonomy":"category","embeddable":true,"href":"https:\/\/fmgente.com.ar\/web\/wp-json\/wp\/v2\/categories?post=74"},{"taxonomy":"post_tag","embeddable":true,"href":"https:\/\/fmgente.com.ar\/web\/wp-json\/wp\/v2\/tags?post=74"}],"curies":[{"name":"wp","href":"https:\/\/api.w.org\/{rel}","templated":true}]}}