{"id":713,"date":"2023-08-14T07:03:56","date_gmt":"2023-08-14T10:03:56","guid":{"rendered":"https:\/\/fmgente.com.ar\/?p=713"},"modified":"2023-08-14T07:03:56","modified_gmt":"2023-08-14T10:03:56","slug":"cordoba-frente-al-cambio-climatico-un-camino-hacia-la-sostenibilidad-y-la-resiliencia","status":"publish","type":"post","link":"https:\/\/fmgente.com.ar\/web\/cordoba-frente-al-cambio-climatico-un-camino-hacia-la-sostenibilidad-y-la-resiliencia\/","title":{"rendered":"C\u00f3rdoba frente al cambio clim\u00e1tico: un camino hacia la sostenibilidad y la resiliencia"},"content":{"rendered":"<article id=\"post-563479\" class=\"post-563479 post type-post status-publish format-standard has-post-thumbnail hentry category-ambiente category-informacion-general category-no-home tag-ambiente tag-cambio-climatico tag-secretaria-de-ambiente ast-article-single\">\n<div class=\"ast-post-format- single-layout-1\">\n<div class=\"entry-content clear\">\n<p>Frente a la crisis clim\u00e1tica y ambiental global,\u00a0<strong>C\u00f3rdoba se instala como una provincia pionera<\/strong>\u00a0en desarrollar y fortalecer acciones que nos permitan adaptarnos y mitigar los efectos del cambio clim\u00e1tico.<\/p>\n<p>En este sentido, la Secretar\u00eda de Ambiente, organismo que pertenece a la \u00f3rbita del Ministerio de Coordinaci\u00f3n, particip\u00f3 en la\u00a0<strong>Mesa de Articulaci\u00f3n Provincial del Gabinete Nacional de Cambio Clim\u00e1tico<\/strong>, que se llev\u00f3 a cabo en la ciudad de Funes, Santa Fe.<\/p>\n<p>All\u00ed, la cartera ambiental present\u00f3 las estrategias que se est\u00e1n llevando a cabo para\u00a0<strong>contribuir, a nivel local, en los desaf\u00edos globales que implica esta problem\u00e1tica.<\/strong><\/p>\n<p><strong>Pero, \u00bfqu\u00e9 es el cambio clim\u00e1tico?<\/strong><\/p>\n<p>Desde los \u00faltimos a\u00f1os del siglo XIX, a partir de actividades humanas como la producci\u00f3n de energ\u00eda con quema de combustibles f\u00f3siles, la generaci\u00f3n de residuos urbanos, la ganader\u00eda, algunos m\u00e9todos de explotaci\u00f3n agr\u00edcola, entre otras, se produjo un aumento desproporcionado de la cantidad de gases de efecto invernadero liberados a la atm\u00f3sfera.<\/p>\n<p>Esto altera el equilibrio normal de la naturaleza y genera eventos extremos como sequ\u00edas, inundaciones, tormentas intensas y otras situaciones riesgosas para los seres humanos y todas las dem\u00e1s formas de vida,\u00a0<strong>fen\u00f3meno que conocemos como cambio clim\u00e1tico.\u00a0<\/strong><\/p>\n<p><strong>Marco legal<\/strong><\/p>\n<p>Para hacer frente a estas consecuencias, contamos con marcos y acuerdos globales como los Objetivos de Desarrollo Sostenible, la Convenci\u00f3n Marco de las Naciones Unidas sobre el Cambio Clim\u00e1tico (CMNUCC), el Protocolo de Kioto y el Acuerdo de Par\u00eds.<\/p>\n<p>En este contexto, nuestro pa\u00eds ha establecido un marco normativo mediante la Ley 27.520 de Presupuestos M\u00ednimos de Adaptaci\u00f3n y Mitigaci\u00f3n al Cambio Clim\u00e1tico. En su art\u00edculo 20, establece\u00a0<strong>que las provincias deber\u00e1n desarrollar, de manera participativa, un plan de respuesta<\/strong>\u00a0donde detallen las estrategias que llevar\u00e1n a cabo para afrontar los impactos del cambio clim\u00e1tico.<\/p>\n<p>La Mesa de Articulaci\u00f3n Provincial que se desarroll\u00f3 en Santa Fe, fue una oportunidad donde referentes ambientales de todo el pa\u00eds pusieron en com\u00fan los criterios para elaborar este documento.<\/p>\n<p>En el caso de C\u00f3rdoba, el plan de trabajo que impulsa la Secretar\u00eda de Ambiente apunta a coordinar esfuerzos para implementar medidas concretas, estableciendo alianzas con todos los sectores de la sociedad. Entre los ejes principales, se encuentra\u00a0<strong>la conservaci\u00f3n de los ecosistemas y la biodiversidad, el desarrollo de la agricultura sustentable, la planificaci\u00f3n urbana sostenible y la participaci\u00f3n ciudadana.<\/strong><\/p>\n<figure class=\"wp-block-gallery has-nested-images columns-default is-cropped wp-block-gallery-1 is-layout-flex\">\n<figure class=\"wp-block-image size-large\"><img loading=\"lazy\" decoding=\"async\" class=\"wp-image-563480\" src=\"https:\/\/prensa.cba.gov.ar\/wp-content\/uploads\/2023\/08\/2-1.png\" alt=\"\" width=\"990\" height=\"660\" data-id=\"563480\" \/><\/figure>\n<figure class=\"wp-block-image size-large\"><img loading=\"lazy\" decoding=\"async\" class=\"wp-image-563481\" src=\"https:\/\/prensa.cba.gov.ar\/wp-content\/uploads\/2023\/08\/4-1.png\" alt=\"\" width=\"990\" height=\"660\" data-id=\"563481\" \/><\/figure>\n<\/figure>\n<p>&nbsp;<\/p>\n<p><strong>Industria y agricultura sostenible<\/strong><\/p>\n<p>Teniendo en cuenta el perfil agroindustrial de nuestra provincia, la Secretar\u00eda de Ambiente trabaja activamente en la promoci\u00f3n de pr\u00e1cticas sustentables y de econom\u00eda circular en la actividad agr\u00edcola y ganadera, con el objetivo de mejorar la resiliencia de este sector ante los cambios clim\u00e1ticos.<\/p>\n<p>A partir del Programa de Acciones Sustentables, la cartera ambiental otorg\u00f3\u00a0<strong>m\u00e1s de 270 millones de pesos en cr\u00e9ditos verdes<\/strong>, con el apoyo del Consejo Federal de Inversiones, destinados a mejorar la gesti\u00f3n de residuos y promover la eficiencia energ\u00e9tica en el sector.<\/p>\n<p>Otro hito importante fue la creaci\u00f3n del<a href=\"https:\/\/ambiente.cba.gov.ar\/la-secretaria-de-ambiente-creo-el-primer-registro-de-huella-de-carbono\/\">\u00a0<\/a><a href=\"https:\/\/ambiente.cba.gov.ar\/la-secretaria-de-ambiente-creo-el-primer-registro-de-huella-de-carbono\/\"><strong>primer registro de huella de carbono<\/strong><\/a>, destinado a, por un lado, personas f\u00edsicas o jur\u00eddicas que presenten el c\u00e1lculo de huella de carbono y que tengan expectativas de reducir y compensar sus emisiones; y por otro, para aquellos proyectos de remoci\u00f3n y absorci\u00f3n de emisiones.<\/p>\n<p>Con el registro, se busca unificar la informaci\u00f3n provincial de emisiones de gases de efecto invernadero, y\u00a0<strong>generar una estrategia a largo plazo para mitigar el cambio clim\u00e1tico<\/strong>.<\/p>\n<p>Al respecto, el secretario de Ambiente, Juan Carlos Scotto, destac\u00f3: \u201c<em>Disponer de este registro es un paso fundamental para el desarrollo de pol\u00edticas de mitigaci\u00f3n y compensaci\u00f3n de las emisiones de GEI, que implica asumir un compromiso con la sostenibilidad y el cuidado de la biodiversidad y los recursos naturales<\/em>\u201d.<\/p>\n<p><strong>Conservaci\u00f3n de bosques y biodiversidad<\/strong><\/p>\n<p>El cambio clim\u00e1tico tambi\u00e9n trae consecuencias en la p\u00e9rdida de los ecosistemas y la biodiversidad. Ante esto, la cartera ambiental puso en marcha el\u00a0\u00a0<strong>Plan de Puesta en Valor<\/strong>\u00a0para fortalecer la protecci\u00f3n de las 28 \u00c1reas Naturales Protegidas que se encuentran en la provincia.<\/p>\n<p>Se trata de m\u00e1s de\u00a0<strong>cuatro millones de hect\u00e1reas custodiadas<\/strong>\u00a0que conservan la vida silvestre, poseen una valiosa representaci\u00f3n de la flora aut\u00f3ctona, de numerosas especies de fauna y del patrimonio cultural y natural de C\u00f3rdoba.<\/p>\n<p>Con el objetivo de ampliar el territorio custodiado y seguir protegiendo los ecosistemas y el patrimonio natural de los cordobeses,<a href=\"https:\/\/ambiente.cba.gov.ar\/la-provincia-impulsa-la-creacion-de-dos-nuevas-areas-naturales-protegidas\/\">\u00a0<\/a><a href=\"https:\/\/ambiente.cba.gov.ar\/la-provincia-impulsa-la-creacion-de-dos-nuevas-areas-naturales-protegidas\/\">el gobernador Schiaretti present\u00f3<\/a>, en abril de este a\u00f1o, un proyecto de ley para la creaci\u00f3n de dos nuevas reservas que se incorporar\u00e1n al Sistema de \u00c1reas Naturales Protegidas: la Reserva de Uso M\u00faltiple Paravachasca, y la Reserva de Uso M\u00faltiple R\u00edo Quilpo.<\/p>\n<p>Otra de las iniciativas que impacta directamente en la protecci\u00f3n de nuestro bosque nativo, es el<strong>\u00a0Programa de Pago por Servicio Ambiental<\/strong>, un reconocimiento econ\u00f3mico que se le otorga a titulares de tierras cuya superficie conservan estos ecosistemas.<\/p>\n<p>Hasta el momento, la superficie protegida a partir de esta iniciativa\u00a0<strong>abarca m\u00e1s de 335.000,00 hect\u00e1reas.<\/strong>\u00a0De esta forma, el programa contribuye en la mitigaci\u00f3n del cambio clim\u00e1tico, reduciendo la tasa de deforestaci\u00f3n.<\/p>\n<p><strong>Planificaci\u00f3n urbana sostenible<\/strong><\/p>\n<p>En pos de reducir la huella de carbono de las ciudades y mejorar la calidad de vida de sus habitantes, la Secretar\u00eda de Ambiente promueve pol\u00edticas de planificaci\u00f3n urbana a trav\u00e9s del uso eficiente del suelo, la creaci\u00f3n de espacios verdes y el tratamiento eficiente de residuos.<\/p>\n<p>A trav\u00e9s del \u00e1rea\u00a0<strong>Ordenamiento Ambiental del Territorio<\/strong>, la cartera ambiental organiza y regula el uso del suelo en toda la provincia, con un enfoque orientado a la protecci\u00f3n y conservaci\u00f3n de los ecosistemas en equilibrio con las actividades humanas que promueven el desarrollo socioecon\u00f3mico.<\/p>\n<p>Por otro lado, el Programa Forestando C\u00f3rdoba apuesta a la creaci\u00f3n y recuperaci\u00f3n de los espacios verdes, urbanos y rurales. Desde su puesta en marcha, ya\u00a0<strong>se plantaron 800 mil \u00e1rboles nativos.<\/strong><\/p>\n<p>En diciembre de 2022, se puso en marcha el\u00a0<strong>Plan Provincial para la Gesti\u00f3n Integral de Residuos<\/strong>, una iniciativa que contempla, entre sus ejes principales, una inversi\u00f3n de 1.500 millones de pesos para la clausura de m\u00e1s de 71 basurales a cielo abierto y la<a href=\"https:\/\/prensa.cba.gov.ar\/informacion-general\/ambiente-entrego-equipamiento-a-cooperativas-de-recuperadores-urbanos\/\">\u00a0construcci\u00f3n y reacondicionamiento de centros ambientales<\/a>\u00a0para el tratamiento diferenciado de los desechos, el impulso del reciclado y pr\u00e1cticas de econom\u00eda circular.<\/p>\n<figure class=\"wp-block-gallery has-nested-images columns-default is-cropped wp-block-gallery-3 is-layout-flex\">\n<figure class=\"wp-block-image size-large\"><img loading=\"lazy\" decoding=\"async\" class=\"wp-image-563483\" src=\"https:\/\/prensa.cba.gov.ar\/wp-content\/uploads\/2023\/08\/5.png\" alt=\"\" width=\"990\" height=\"660\" data-id=\"563483\" \/><\/figure>\n<figure class=\"wp-block-image size-large\"><img loading=\"lazy\" decoding=\"async\" class=\"wp-image-563482\" src=\"https:\/\/prensa.cba.gov.ar\/wp-content\/uploads\/2023\/08\/6.png\" alt=\"\" width=\"990\" height=\"660\" data-id=\"563482\" \/><\/figure>\n<\/figure>\n<p>&nbsp;<\/p>\n<p><strong>Participaci\u00f3n ciudadana<\/strong><\/p>\n<p>Desde la dependencia se promueven instancias de formaci\u00f3n como charlas, talleres y jornadas de concientizaci\u00f3n en el \u00e1mbito de la educaci\u00f3n p\u00fablica y privada, en todos sus niveles, para\u00a0<strong>promover la educaci\u00f3n ambiental,<\/strong>\u00a0un pilar fundamental en la lucha contra el cambio clim\u00e1tico.<\/p>\n<p>Tambi\u00e9n se lleva adelante la implementaci\u00f3n de la Ley Yolanda, que tiene como objetivo garantizar la formaci\u00f3n integral en ambiente para todas las personas que se desempe\u00f1an en la funci\u00f3n p\u00fablica.<\/p>\n<p>Otra de las estrategias que se desarroll\u00f3 para formar una ciudadan\u00eda responsable, es la\u00a0<a href=\"https:\/\/ambiente.cba.gov.ar\/ambiente-elaboro-la-guia-de-practicas-para-la-organizacion-de-eventos-sostenibles\/\"><strong>elaboraci\u00f3n de la Gu\u00eda de pr\u00e1cticas para la organizaci\u00f3n de Eventos Sostenibles,<\/strong><\/a>\u00a0que contiene orientaciones para proteger el entorno natural, implementar medidas de eficiencia energ\u00e9tica, promover la movilidad sostenible y gestionar de manera adecuada los residuos que se generen en estos acontecimientos.<\/p>\n<p>Con estas medidas, la provincia de C\u00f3rdoba camina hacia el crecimiento sustentable de sus actividades productivas y al desarrollo sostenible de las ciudades, haciendo frente al cambio clim\u00e1tico y asegurando un futuro habitable para todas y todos los cordobeses.<\/p>\n<figure class=\"wp-block-gallery has-nested-images columns-default is-cropped wp-block-gallery-5 is-layout-flex\">\n<figure class=\"wp-block-image size-large\"><img loading=\"lazy\" decoding=\"async\" class=\"wp-image-563484\" src=\"https:\/\/prensa.cba.gov.ar\/wp-content\/uploads\/2023\/08\/3-1.png\" alt=\"\" width=\"990\" height=\"660\" data-id=\"563484\" \/><\/figure>\n<\/figure>\n<\/div>\n<\/div>\n<\/article>\n<p><script async src=\"https:\/\/pagead2.googlesyndication.com\/pagead\/js\/adsbygoogle.js?client=ca-pub-6190387823963118\" crossorigin=\"anonymous\"><\/script><br \/>\n<!-- publi horizontal --><br \/>\n<ins class=\"adsbygoogle\" style=\"display: block;\" data-ad-client=\"ca-pub-6190387823963118\" data-ad-slot=\"1318105772\" data-ad-format=\"auto\" data-full-width-responsive=\"true\"><\/ins><br \/>\n<script>\n     (adsbygoogle = window.adsbygoogle || []).push({});\n<\/script><\/p>\n","protected":false},"excerpt":{"rendered":"<p>Frente a la crisis clim\u00e1tica y ambiental global,\u00a0C\u00f3rdoba se instala como una provincia pionera\u00a0en desarrollar<\/p>\n","protected":false},"author":2,"featured_media":714,"comment_status":"closed","ping_status":"closed","sticky":false,"template":"","format":"standard","meta":{"footnotes":""},"categories":[11],"tags":[620,621,23,623,622],"class_list":["post-713","post","type-post","status-publish","format-standard","has-post-thumbnail","hentry","category-destacadas","tag-cambio-climatico","tag-camino","tag-cordoba","tag-resiliencia","tag-sostenibilidad"],"yoast_head":"<!-- This site is optimized with the Yoast SEO plugin v27.4 - https:\/\/yoast.com\/product\/yoast-seo-wordpress\/ -->\n<title>C\u00f3rdoba frente al cambio clim\u00e1tico: un camino hacia la sostenibilidad y la resiliencia - Fm Gente<\/title>\n<meta name=\"robots\" content=\"index, follow, max-snippet:-1, max-image-preview:large, max-video-preview:-1\" \/>\n<link rel=\"canonical\" href=\"https:\/\/fmgente.com.ar\/web\/cordoba-frente-al-cambio-climatico-un-camino-hacia-la-sostenibilidad-y-la-resiliencia\/\" \/>\n<meta property=\"og:locale\" content=\"es_ES\" \/>\n<meta property=\"og:type\" content=\"article\" \/>\n<meta property=\"og:title\" content=\"C\u00f3rdoba frente al cambio clim\u00e1tico: un camino hacia la sostenibilidad y la resiliencia - Fm Gente\" \/>\n<meta property=\"og:description\" content=\"Frente a la crisis clim\u00e1tica y ambiental global,\u00a0C\u00f3rdoba se instala como una provincia pionera\u00a0en desarrollar\" \/>\n<meta property=\"og:url\" content=\"https:\/\/fmgente.com.ar\/web\/cordoba-frente-al-cambio-climatico-un-camino-hacia-la-sostenibilidad-y-la-resiliencia\/\" \/>\n<meta property=\"og:site_name\" content=\"Fm Gente\" \/>\n<meta property=\"article:published_time\" content=\"2023-08-14T10:03:56+00:00\" \/>\n<meta property=\"og:image\" content=\"https:\/\/fmgente.com.ar\/web\/wp-content\/uploads\/2023\/08\/1-1.png\" \/>\n\t<meta property=\"og:image:width\" content=\"990\" \/>\n\t<meta property=\"og:image:height\" content=\"660\" \/>\n\t<meta property=\"og:image:type\" content=\"image\/png\" \/>\n<meta name=\"author\" content=\"Adri\u00e1n Hern\u00e1ndez\" \/>\n<meta name=\"twitter:card\" content=\"summary_large_image\" \/>\n<meta name=\"twitter:label1\" content=\"Escrito por\" \/>\n\t<meta name=\"twitter:data1\" content=\"Adri\u00e1n Hern\u00e1ndez\" \/>\n\t<meta name=\"twitter:label2\" content=\"Tiempo de lectura\" \/>\n\t<meta name=\"twitter:data2\" content=\"7 minutos\" \/>\n<script type=\"application\/ld+json\" class=\"yoast-schema-graph\">{\"@context\":\"https:\\\/\\\/schema.org\",\"@graph\":[{\"@type\":\"Article\",\"@id\":\"https:\\\/\\\/fmgente.com.ar\\\/web\\\/cordoba-frente-al-cambio-climatico-un-camino-hacia-la-sostenibilidad-y-la-resiliencia\\\/#article\",\"isPartOf\":{\"@id\":\"https:\\\/\\\/fmgente.com.ar\\\/web\\\/cordoba-frente-al-cambio-climatico-un-camino-hacia-la-sostenibilidad-y-la-resiliencia\\\/\"},\"author\":{\"name\":\"Adri\u00e1n Hern\u00e1ndez\",\"@id\":\"https:\\\/\\\/fmgente.com.ar\\\/web\\\/#\\\/schema\\\/person\\\/ba03fa75c17effdaafbd6daa1d78c508\"},\"headline\":\"C\u00f3rdoba frente al cambio clim\u00e1tico: un camino hacia la sostenibilidad y la resiliencia\",\"datePublished\":\"2023-08-14T10:03:56+00:00\",\"mainEntityOfPage\":{\"@id\":\"https:\\\/\\\/fmgente.com.ar\\\/web\\\/cordoba-frente-al-cambio-climatico-un-camino-hacia-la-sostenibilidad-y-la-resiliencia\\\/\"},\"wordCount\":1327,\"publisher\":{\"@id\":\"https:\\\/\\\/fmgente.com.ar\\\/web\\\/#organization\"},\"image\":{\"@id\":\"https:\\\/\\\/fmgente.com.ar\\\/web\\\/cordoba-frente-al-cambio-climatico-un-camino-hacia-la-sostenibilidad-y-la-resiliencia\\\/#primaryimage\"},\"thumbnailUrl\":\"https:\\\/\\\/fmgente.com.ar\\\/web\\\/wp-content\\\/uploads\\\/2023\\\/08\\\/1-1.png\",\"keywords\":[\"cambio clim\u00e1tico\",\"camino\",\"C\u00f3rdoba\",\"resiliencia\",\"sostenibilidad\"],\"articleSection\":[\"DESTACADAS\"],\"inLanguage\":\"es\"},{\"@type\":\"WebPage\",\"@id\":\"https:\\\/\\\/fmgente.com.ar\\\/web\\\/cordoba-frente-al-cambio-climatico-un-camino-hacia-la-sostenibilidad-y-la-resiliencia\\\/\",\"url\":\"https:\\\/\\\/fmgente.com.ar\\\/web\\\/cordoba-frente-al-cambio-climatico-un-camino-hacia-la-sostenibilidad-y-la-resiliencia\\\/\",\"name\":\"C\u00f3rdoba frente al cambio clim\u00e1tico: un camino hacia la sostenibilidad y la resiliencia - Fm Gente\",\"isPartOf\":{\"@id\":\"https:\\\/\\\/fmgente.com.ar\\\/web\\\/#website\"},\"primaryImageOfPage\":{\"@id\":\"https:\\\/\\\/fmgente.com.ar\\\/web\\\/cordoba-frente-al-cambio-climatico-un-camino-hacia-la-sostenibilidad-y-la-resiliencia\\\/#primaryimage\"},\"image\":{\"@id\":\"https:\\\/\\\/fmgente.com.ar\\\/web\\\/cordoba-frente-al-cambio-climatico-un-camino-hacia-la-sostenibilidad-y-la-resiliencia\\\/#primaryimage\"},\"thumbnailUrl\":\"https:\\\/\\\/fmgente.com.ar\\\/web\\\/wp-content\\\/uploads\\\/2023\\\/08\\\/1-1.png\",\"datePublished\":\"2023-08-14T10:03:56+00:00\",\"inLanguage\":\"es\",\"potentialAction\":[{\"@type\":\"ReadAction\",\"target\":[\"https:\\\/\\\/fmgente.com.ar\\\/web\\\/cordoba-frente-al-cambio-climatico-un-camino-hacia-la-sostenibilidad-y-la-resiliencia\\\/\"]}]},{\"@type\":\"ImageObject\",\"inLanguage\":\"es\",\"@id\":\"https:\\\/\\\/fmgente.com.ar\\\/web\\\/cordoba-frente-al-cambio-climatico-un-camino-hacia-la-sostenibilidad-y-la-resiliencia\\\/#primaryimage\",\"url\":\"https:\\\/\\\/fmgente.com.ar\\\/web\\\/wp-content\\\/uploads\\\/2023\\\/08\\\/1-1.png\",\"contentUrl\":\"https:\\\/\\\/fmgente.com.ar\\\/web\\\/wp-content\\\/uploads\\\/2023\\\/08\\\/1-1.png\",\"width\":990,\"height\":660},{\"@type\":\"WebSite\",\"@id\":\"https:\\\/\\\/fmgente.com.ar\\\/web\\\/#website\",\"url\":\"https:\\\/\\\/fmgente.com.ar\\\/web\\\/\",\"name\":\"Fm Gente\",\"description\":\"- Jes\u00fas Mar\u00eda\",\"publisher\":{\"@id\":\"https:\\\/\\\/fmgente.com.ar\\\/web\\\/#organization\"},\"potentialAction\":[{\"@type\":\"SearchAction\",\"target\":{\"@type\":\"EntryPoint\",\"urlTemplate\":\"https:\\\/\\\/fmgente.com.ar\\\/web\\\/?s={search_term_string}\"},\"query-input\":{\"@type\":\"PropertyValueSpecification\",\"valueRequired\":true,\"valueName\":\"search_term_string\"}}],\"inLanguage\":\"es\"},{\"@type\":\"Organization\",\"@id\":\"https:\\\/\\\/fmgente.com.ar\\\/web\\\/#organization\",\"name\":\"Fm Gente\",\"url\":\"https:\\\/\\\/fmgente.com.ar\\\/web\\\/\",\"logo\":{\"@type\":\"ImageObject\",\"inLanguage\":\"es\",\"@id\":\"https:\\\/\\\/fmgente.com.ar\\\/web\\\/#\\\/schema\\\/logo\\\/image\\\/\",\"url\":\"https:\\\/\\\/fmgente.com.ar\\\/web\\\/wp-content\\\/uploads\\\/2023\\\/07\\\/cropped-cropped-logo-sombra2.png\",\"contentUrl\":\"https:\\\/\\\/fmgente.com.ar\\\/web\\\/wp-content\\\/uploads\\\/2023\\\/07\\\/cropped-cropped-logo-sombra2.png\",\"width\":1782,\"height\":1782,\"caption\":\"Fm Gente\"},\"image\":{\"@id\":\"https:\\\/\\\/fmgente.com.ar\\\/web\\\/#\\\/schema\\\/logo\\\/image\\\/\"}},{\"@type\":\"Person\",\"@id\":\"https:\\\/\\\/fmgente.com.ar\\\/web\\\/#\\\/schema\\\/person\\\/ba03fa75c17effdaafbd6daa1d78c508\",\"name\":\"Adri\u00e1n Hern\u00e1ndez\",\"url\":\"https:\\\/\\\/fmgente.com.ar\\\/web\\\/author\\\/c1601891\\\/\"}]}<\/script>\n<!-- \/ Yoast SEO plugin. -->","yoast_head_json":{"title":"C\u00f3rdoba frente al cambio clim\u00e1tico: un camino hacia la sostenibilidad y la resiliencia - Fm Gente","robots":{"index":"index","follow":"follow","max-snippet":"max-snippet:-1","max-image-preview":"max-image-preview:large","max-video-preview":"max-video-preview:-1"},"canonical":"https:\/\/fmgente.com.ar\/web\/cordoba-frente-al-cambio-climatico-un-camino-hacia-la-sostenibilidad-y-la-resiliencia\/","og_locale":"es_ES","og_type":"article","og_title":"C\u00f3rdoba frente al cambio clim\u00e1tico: un camino hacia la sostenibilidad y la resiliencia - Fm Gente","og_description":"Frente a la crisis clim\u00e1tica y ambiental global,\u00a0C\u00f3rdoba se instala como una provincia pionera\u00a0en desarrollar","og_url":"https:\/\/fmgente.com.ar\/web\/cordoba-frente-al-cambio-climatico-un-camino-hacia-la-sostenibilidad-y-la-resiliencia\/","og_site_name":"Fm Gente","article_published_time":"2023-08-14T10:03:56+00:00","og_image":[{"width":990,"height":660,"url":"https:\/\/fmgente.com.ar\/web\/wp-content\/uploads\/2023\/08\/1-1.png","type":"image\/png"}],"author":"Adri\u00e1n Hern\u00e1ndez","twitter_card":"summary_large_image","twitter_misc":{"Escrito por":"Adri\u00e1n Hern\u00e1ndez","Tiempo de lectura":"7 minutos"},"schema":{"@context":"https:\/\/schema.org","@graph":[{"@type":"Article","@id":"https:\/\/fmgente.com.ar\/web\/cordoba-frente-al-cambio-climatico-un-camino-hacia-la-sostenibilidad-y-la-resiliencia\/#article","isPartOf":{"@id":"https:\/\/fmgente.com.ar\/web\/cordoba-frente-al-cambio-climatico-un-camino-hacia-la-sostenibilidad-y-la-resiliencia\/"},"author":{"name":"Adri\u00e1n Hern\u00e1ndez","@id":"https:\/\/fmgente.com.ar\/web\/#\/schema\/person\/ba03fa75c17effdaafbd6daa1d78c508"},"headline":"C\u00f3rdoba frente al cambio clim\u00e1tico: un camino hacia la sostenibilidad y la resiliencia","datePublished":"2023-08-14T10:03:56+00:00","mainEntityOfPage":{"@id":"https:\/\/fmgente.com.ar\/web\/cordoba-frente-al-cambio-climatico-un-camino-hacia-la-sostenibilidad-y-la-resiliencia\/"},"wordCount":1327,"publisher":{"@id":"https:\/\/fmgente.com.ar\/web\/#organization"},"image":{"@id":"https:\/\/fmgente.com.ar\/web\/cordoba-frente-al-cambio-climatico-un-camino-hacia-la-sostenibilidad-y-la-resiliencia\/#primaryimage"},"thumbnailUrl":"https:\/\/fmgente.com.ar\/web\/wp-content\/uploads\/2023\/08\/1-1.png","keywords":["cambio clim\u00e1tico","camino","C\u00f3rdoba","resiliencia","sostenibilidad"],"articleSection":["DESTACADAS"],"inLanguage":"es"},{"@type":"WebPage","@id":"https:\/\/fmgente.com.ar\/web\/cordoba-frente-al-cambio-climatico-un-camino-hacia-la-sostenibilidad-y-la-resiliencia\/","url":"https:\/\/fmgente.com.ar\/web\/cordoba-frente-al-cambio-climatico-un-camino-hacia-la-sostenibilidad-y-la-resiliencia\/","name":"C\u00f3rdoba frente al cambio clim\u00e1tico: un camino hacia la sostenibilidad y la resiliencia - Fm Gente","isPartOf":{"@id":"https:\/\/fmgente.com.ar\/web\/#website"},"primaryImageOfPage":{"@id":"https:\/\/fmgente.com.ar\/web\/cordoba-frente-al-cambio-climatico-un-camino-hacia-la-sostenibilidad-y-la-resiliencia\/#primaryimage"},"image":{"@id":"https:\/\/fmgente.com.ar\/web\/cordoba-frente-al-cambio-climatico-un-camino-hacia-la-sostenibilidad-y-la-resiliencia\/#primaryimage"},"thumbnailUrl":"https:\/\/fmgente.com.ar\/web\/wp-content\/uploads\/2023\/08\/1-1.png","datePublished":"2023-08-14T10:03:56+00:00","inLanguage":"es","potentialAction":[{"@type":"ReadAction","target":["https:\/\/fmgente.com.ar\/web\/cordoba-frente-al-cambio-climatico-un-camino-hacia-la-sostenibilidad-y-la-resiliencia\/"]}]},{"@type":"ImageObject","inLanguage":"es","@id":"https:\/\/fmgente.com.ar\/web\/cordoba-frente-al-cambio-climatico-un-camino-hacia-la-sostenibilidad-y-la-resiliencia\/#primaryimage","url":"https:\/\/fmgente.com.ar\/web\/wp-content\/uploads\/2023\/08\/1-1.png","contentUrl":"https:\/\/fmgente.com.ar\/web\/wp-content\/uploads\/2023\/08\/1-1.png","width":990,"height":660},{"@type":"WebSite","@id":"https:\/\/fmgente.com.ar\/web\/#website","url":"https:\/\/fmgente.com.ar\/web\/","name":"Fm Gente","description":"- Jes\u00fas Mar\u00eda","publisher":{"@id":"https:\/\/fmgente.com.ar\/web\/#organization"},"potentialAction":[{"@type":"SearchAction","target":{"@type":"EntryPoint","urlTemplate":"https:\/\/fmgente.com.ar\/web\/?s={search_term_string}"},"query-input":{"@type":"PropertyValueSpecification","valueRequired":true,"valueName":"search_term_string"}}],"inLanguage":"es"},{"@type":"Organization","@id":"https:\/\/fmgente.com.ar\/web\/#organization","name":"Fm Gente","url":"https:\/\/fmgente.com.ar\/web\/","logo":{"@type":"ImageObject","inLanguage":"es","@id":"https:\/\/fmgente.com.ar\/web\/#\/schema\/logo\/image\/","url":"https:\/\/fmgente.com.ar\/web\/wp-content\/uploads\/2023\/07\/cropped-cropped-logo-sombra2.png","contentUrl":"https:\/\/fmgente.com.ar\/web\/wp-content\/uploads\/2023\/07\/cropped-cropped-logo-sombra2.png","width":1782,"height":1782,"caption":"Fm Gente"},"image":{"@id":"https:\/\/fmgente.com.ar\/web\/#\/schema\/logo\/image\/"}},{"@type":"Person","@id":"https:\/\/fmgente.com.ar\/web\/#\/schema\/person\/ba03fa75c17effdaafbd6daa1d78c508","name":"Adri\u00e1n Hern\u00e1ndez","url":"https:\/\/fmgente.com.ar\/web\/author\/c1601891\/"}]}},"_links":{"self":[{"href":"https:\/\/fmgente.com.ar\/web\/wp-json\/wp\/v2\/posts\/713","targetHints":{"allow":["GET"]}}],"collection":[{"href":"https:\/\/fmgente.com.ar\/web\/wp-json\/wp\/v2\/posts"}],"about":[{"href":"https:\/\/fmgente.com.ar\/web\/wp-json\/wp\/v2\/types\/post"}],"author":[{"embeddable":true,"href":"https:\/\/fmgente.com.ar\/web\/wp-json\/wp\/v2\/users\/2"}],"replies":[{"embeddable":true,"href":"https:\/\/fmgente.com.ar\/web\/wp-json\/wp\/v2\/comments?post=713"}],"version-history":[{"count":1,"href":"https:\/\/fmgente.com.ar\/web\/wp-json\/wp\/v2\/posts\/713\/revisions"}],"predecessor-version":[{"id":715,"href":"https:\/\/fmgente.com.ar\/web\/wp-json\/wp\/v2\/posts\/713\/revisions\/715"}],"wp:featuredmedia":[{"embeddable":true,"href":"https:\/\/fmgente.com.ar\/web\/wp-json\/wp\/v2\/media\/714"}],"wp:attachment":[{"href":"https:\/\/fmgente.com.ar\/web\/wp-json\/wp\/v2\/media?parent=713"}],"wp:term":[{"taxonomy":"category","embeddable":true,"href":"https:\/\/fmgente.com.ar\/web\/wp-json\/wp\/v2\/categories?post=713"},{"taxonomy":"post_tag","embeddable":true,"href":"https:\/\/fmgente.com.ar\/web\/wp-json\/wp\/v2\/tags?post=713"}],"curies":[{"name":"wp","href":"https:\/\/api.w.org\/{rel}","templated":true}]}}