{"id":6650,"date":"2025-10-11T18:05:13","date_gmt":"2025-10-11T21:05:13","guid":{"rendered":"https:\/\/fmgente.com.ar\/el-ultimatum-del-galatasaray-a-mauro-icardi-en-medio-del-escandalo-por-sus-hijas-con-wanda-nara\/"},"modified":"2025-10-11T18:05:13","modified_gmt":"2025-10-11T21:05:13","slug":"el-ultimatum-del-galatasaray-a-mauro-icardi-en-medio-del-escandalo-por-sus-hijas-con-wanda-nara","status":"publish","type":"post","link":"https:\/\/fmgente.com.ar\/web\/el-ultimatum-del-galatasaray-a-mauro-icardi-en-medio-del-escandalo-por-sus-hijas-con-wanda-nara\/","title":{"rendered":"El ultim\u00e1tum del Galatasaray a Mauro Icardi en medio del esc\u00e1ndalo por sus hijas con Wanda Nara"},"content":{"rendered":"<p>El presente deportivo de <strong>Mauro Icardi<\/strong> transita una etapa tan intensa como decisiva. Mientras el Galatasaray avanza en la liga turca, el nombre del delantero volvi\u00f3 a ser tema central tras las declaraciones del presidente del club, quien habl\u00f3 sobre el futuro del jugador. \u00bfSeguir\u00e1 en Estambul o deber\u00e1 comenzar a pensar en mudarse a otro equipo?<\/p>\n<p><em>\u201cA mitad de temporada\u201d<\/em>. Con esas tres palabras, el dirigente marc\u00f3 el momento en que se conocer\u00e1 qu\u00e9 pasar\u00e1 con <strong><a href=\"https:\/\/www.paparazzi.com.ar\/romances\/y-la-cuota-para-sus-hijas-cuantos-millones-gasto-mauro-icardi-en-su-viaje-con-la-china-suarez-a-madrid\/\">Icardi<\/a><\/strong>, un anuncio que despert\u00f3 expectativa en Turqu\u00eda y que marca finales de este 2025 como un punto de bisagra. Habr\u00e1 que ver c\u00f3mo encara lo que resta del a\u00f1o para entender sus chances y el escenario donde estar\u00e1 parado.<\/p>\n<p>Mientras todo esto pasa, <strong><a href=\"https:\/\/www.paparazzi.com.ar\/romances\/las-fotos-de-la-china-suarez-y-mauro-icardi-en-espana-mientras-abandonaron-a-sus-hijos\/\">Icardi<\/a><\/strong> debe seguir enfocado en su trabajo: entrenando con intensidad, decidido a recuperar su mejor forma, recordando que estuvo parado durante varios meses debido a la rotura de ligamentos cruzados en una de sus rodillas. Necesita recuperar terreno, y m\u00e1s all\u00e1 de los goles tambi\u00e9n deber\u00e1 estar en plenitud para responder f\u00edsicamente.<\/p>\n<div class=\"mt-box \">\n<h4 class=\"mt-heading\">Mir\u00e1 Tambi\u00e9n<\/h4>\n<p><a href=\"https:\/\/www.paparazzi.com.ar\/teve\/exclusivo-el-video-de-la-salida-de-thiago-medina-del-hospital-que-famosos-lo-fueron-a-buscar\/\"><\/p>\n<div class=\"mt-content\">\n<div class=\"mt-image-container\"><img decoding=\"async\" src=\"https:\/\/www.paparazzi.com.ar\/wp-content\/uploads\/2025\/10\/Thiago-Medina-hospital-359x226.jpg\" alt=\"\u00a1Exclusivo! El video de la salida de Thiago Medina del hospital: qu\u00e9 famosos lo fueron a buscar\" class=\"mt-image\" loading=\"lazy\" \/><\/div>\n<h5 class=\"mt-title\">\u00a1Exclusivo! El video de la salida de Thiago Medina del hospital: qu\u00e9 famosos lo fueron a buscar<\/h5>\n<\/div>\n<p><\/a><\/div>\n<p>Pero su realidad no se limita al campo de juego. En paralelo, <strong><a href=\"https:\/\/www.paparazzi.com.ar\/romances\/los-desgarradores-testimonios-de-las-hijas-de-wanda-nara-contra-mauro-icardi-me-arruina-la-vida-con-su\/\">Mauro<\/a><\/strong> sigue el trabajo de sus abogados en Argentina e Italia, quienes avanzan en distintos procesos judiciales que involucran causas penales, temas de familia y un pedido de restituci\u00f3n internacional relacionado con sus hijas con <strong>Wanda Nara<\/strong>, a quienes no ve en persona desde julio pasado.<\/p>\n<h2 class=\"wp-block-heading\">POR QU\u00c9 EL GALATASARAY PONE EN DUDA LA CONTINUIDAD DE MAURO ICARDI EN EL EQUIPO<\/h2>\n<p>Las videollamadas son el puente m\u00e1s cercano que <strong>Icardi<\/strong> mantiene con Francesca e Isabella. Este fin de semana, mientras \u00e9l sigue con su vida en Europa junto a la <strong>China Su\u00e1rez<\/strong>, las nenas viajaron junto a <strong>Wanda<\/strong> a Misiones. Por el momento, la medi\u00e1tica no puede salir del pa\u00eds con las ni\u00f1as, por lo que el potencial reencuentro del futbolista con sus hijas se seguir\u00e1 postergando.<\/p>\n<p>Volviendo a lo deportivo y sabiendo que hay un breve parate en el torneo turco, <strong>Icardi<\/strong> ya empieza a centrarse en el pr\u00f3ximo objetivo: el s\u00e1bado 18, el Galatasaray volver\u00e1 a la cancha, y con ello se renovar\u00e1 la cuenta regresiva hacia esa mitad de temporada donde todo podr\u00eda cambiar.<\/p>\n<div class=\"mt-box \">\n<h4 class=\"mt-heading\">Mir\u00e1 Tambi\u00e9n<\/h4>\n<p><a href=\"https:\/\/www.paparazzi.com.ar\/romances\/y-la-cuota-para-sus-hijas-cuantos-millones-gasto-mauro-icardi-en-su-viaje-con-la-china-suarez-a-madrid\/\"><\/p>\n<div class=\"mt-content\">\n<div class=\"mt-image-container\"><img decoding=\"async\" src=\"https:\/\/www.paparazzi.com.ar\/wp-content\/uploads\/2025\/10\/avion-chin-icardi-359x226.jpeg\" alt=\"\u00bfY la cuota para sus hijas? Cu\u00e1ntos millones gast\u00f3 Mauro Icardi en su viaje con la China Su\u00e1rez a Madrid\" class=\"mt-image\" loading=\"lazy\" \/><\/div>\n<h5 class=\"mt-title\">\u00bfY la cuota para sus hijas? Cu\u00e1ntos millones gast\u00f3 Mauro Icardi en su viaje con la China Su\u00e1rez a Madrid<\/h5>\n<\/div>\n<p><\/a><\/div>\n<p>M\u00e1s all\u00e1 del resultado de los partidos y de las cuestiones personales que a\u00fan lo rodean, lo cierto es que el 2026 se perfila como un punto de inflexi\u00f3n en la carrera de <strong>Mauro<\/strong>. Turqu\u00eda, Europa o un nuevo destino, el tiempo dir\u00e1. Por ahora, sigue entrenando y con la esperanza de que, en el futuro cercano, las definiciones lleguen tanto en su vida.<\/p>\n<div class=\"mt-box \">\n<h4 class=\"mt-heading\">Mir\u00e1 Tambi\u00e9n<\/h4>\n<p><a href=\"https:\/\/www.paparazzi.com.ar\/romances\/las-fotos-de-la-china-suarez-y-mauro-icardi-en-espana-mientras-abandonaron-a-sus-hijos\/\"><\/p>\n<div class=\"mt-content\">\n<div class=\"mt-image-container\"><img decoding=\"async\" src=\"https:\/\/www.paparazzi.com.ar\/wp-content\/uploads\/2025\/10\/China-Mauro-359x226.jpg\" alt=\"Las fotos de la China Su\u00e1rez y Mauro Icardi en Espa\u00f1a mientras abandonaron a sus hijos\" class=\"mt-image\" loading=\"lazy\" \/><\/div>\n<h5 class=\"mt-title\">Las fotos de la China Su\u00e1rez y Mauro Icardi en Espa\u00f1a mientras abandonaron a sus hijos<\/h5>\n<\/div>\n<p><\/a><\/div>\n<div class=\"mt-box \">\n<h4 class=\"mt-heading\">Mir\u00e1 Tambi\u00e9n<\/h4>\n<p><a href=\"https:\/\/www.paparazzi.com.ar\/romances\/los-desgarradores-testimonios-de-las-hijas-de-wanda-nara-contra-mauro-icardi-me-arruina-la-vida-con-su\/\"><\/p>\n<div class=\"mt-content\">\n<div class=\"mt-image-container\"><img decoding=\"async\" src=\"https:\/\/www.paparazzi.com.ar\/wp-content\/uploads\/2025\/08\/Wanda-Nara-Isabella-Mauro-Icardi.jpg.webp\" alt=\"Los desgarradores testimonios de las hijas de Wanda Nara contra Mauro Icardi: \u201cMe arruina la vida con su\u2026\u201d\" class=\"mt-image\" loading=\"lazy\" \/><\/div>\n<h5 class=\"mt-title\">Los desgarradores testimonios de las hijas de Wanda Nara contra Mauro Icardi: \u201cMe arruina la vida con su\u2026\u201d<\/h5>\n<\/div>\n<p><\/a><\/div>\n<p>The post <a href=\"https:\/\/www.paparazzi.com.ar\/deportes\/el-ultimatum-del-galatasaray-a-mauro-icardi-en-medio-del-escandalo-por-sus-hijas-con-wanda-nara\/\">El ultim\u00e1tum del Galatasaray a Mauro Icardi en medio del esc\u00e1ndalo por sus hijas con Wanda Nara<\/a> appeared first on <a href=\"https:\/\/www.paparazzi.com.ar\">Revista Paparazzi<\/a>.<\/p>\n","protected":false},"excerpt":{"rendered":"<p>El presente deportivo de Mauro Icardi transita una etapa tan intensa como decisiva. Mientras el<\/p>\n","protected":false},"author":0,"featured_media":6651,"comment_status":"","ping_status":"","sticky":false,"template":"","format":"standard","meta":{"footnotes":""},"categories":[11],"tags":[],"class_list":["post-6650","post","type-post","status-publish","format-standard","has-post-thumbnail","hentry","category-destacadas"],"yoast_head":"<!-- This site is optimized with the Yoast SEO plugin v27.5 - https:\/\/yoast.com\/product\/yoast-seo-wordpress\/ -->\n<title>El ultim\u00e1tum del Galatasaray a Mauro Icardi en medio del esc\u00e1ndalo por sus hijas con Wanda Nara - Fm Gente<\/title>\n<meta name=\"robots\" content=\"index, follow, max-snippet:-1, max-image-preview:large, max-video-preview:-1\" \/>\n<link rel=\"canonical\" href=\"https:\/\/fmgente.com.ar\/web\/el-ultimatum-del-galatasaray-a-mauro-icardi-en-medio-del-escandalo-por-sus-hijas-con-wanda-nara\/\" \/>\n<meta property=\"og:locale\" content=\"es_ES\" \/>\n<meta property=\"og:type\" content=\"article\" \/>\n<meta property=\"og:title\" content=\"El ultim\u00e1tum del Galatasaray a Mauro Icardi en medio del esc\u00e1ndalo por sus hijas con Wanda Nara - Fm Gente\" \/>\n<meta property=\"og:description\" content=\"El presente deportivo de Mauro Icardi transita una etapa tan intensa como decisiva. Mientras el\" \/>\n<meta property=\"og:url\" content=\"https:\/\/fmgente.com.ar\/web\/el-ultimatum-del-galatasaray-a-mauro-icardi-en-medio-del-escandalo-por-sus-hijas-con-wanda-nara\/\" \/>\n<meta property=\"og:site_name\" content=\"Fm Gente\" \/>\n<meta property=\"article:published_time\" content=\"2025-10-11T21:05:13+00:00\" \/>\n<meta property=\"og:image\" content=\"https:\/\/fmgente.com.ar\/web\/wp-content\/uploads\/2025\/10\/Thiago-Medina-hospital-359x226-14.jpg\" \/>\n\t<meta property=\"og:image:width\" content=\"359\" \/>\n\t<meta property=\"og:image:height\" content=\"226\" \/>\n\t<meta property=\"og:image:type\" content=\"image\/jpeg\" \/>\n<meta name=\"twitter:card\" content=\"summary_large_image\" \/>\n<meta name=\"twitter:label1\" content=\"Tiempo de lectura\" \/>\n\t<meta name=\"twitter:data1\" content=\"3 minutos\" \/>\n<script type=\"application\/ld+json\" class=\"yoast-schema-graph\">{\"@context\":\"https:\\\/\\\/schema.org\",\"@graph\":[{\"@type\":\"Article\",\"@id\":\"https:\\\/\\\/fmgente.com.ar\\\/web\\\/el-ultimatum-del-galatasaray-a-mauro-icardi-en-medio-del-escandalo-por-sus-hijas-con-wanda-nara\\\/#article\",\"isPartOf\":{\"@id\":\"https:\\\/\\\/fmgente.com.ar\\\/web\\\/el-ultimatum-del-galatasaray-a-mauro-icardi-en-medio-del-escandalo-por-sus-hijas-con-wanda-nara\\\/\"},\"author\":{\"name\":\"\",\"@id\":\"\"},\"headline\":\"El ultim\u00e1tum del Galatasaray a Mauro Icardi en medio del esc\u00e1ndalo por sus hijas con Wanda Nara\",\"datePublished\":\"2025-10-11T21:05:13+00:00\",\"mainEntityOfPage\":{\"@id\":\"https:\\\/\\\/fmgente.com.ar\\\/web\\\/el-ultimatum-del-galatasaray-a-mauro-icardi-en-medio-del-escandalo-por-sus-hijas-con-wanda-nara\\\/\"},\"wordCount\":574,\"publisher\":{\"@id\":\"https:\\\/\\\/fmgente.com.ar\\\/web\\\/#organization\"},\"image\":{\"@id\":\"https:\\\/\\\/fmgente.com.ar\\\/web\\\/el-ultimatum-del-galatasaray-a-mauro-icardi-en-medio-del-escandalo-por-sus-hijas-con-wanda-nara\\\/#primaryimage\"},\"thumbnailUrl\":\"https:\\\/\\\/fmgente.com.ar\\\/web\\\/wp-content\\\/uploads\\\/2025\\\/10\\\/Thiago-Medina-hospital-359x226-14.jpg\",\"articleSection\":[\"DESTACADAS\"],\"inLanguage\":\"es\"},{\"@type\":\"WebPage\",\"@id\":\"https:\\\/\\\/fmgente.com.ar\\\/web\\\/el-ultimatum-del-galatasaray-a-mauro-icardi-en-medio-del-escandalo-por-sus-hijas-con-wanda-nara\\\/\",\"url\":\"https:\\\/\\\/fmgente.com.ar\\\/web\\\/el-ultimatum-del-galatasaray-a-mauro-icardi-en-medio-del-escandalo-por-sus-hijas-con-wanda-nara\\\/\",\"name\":\"El ultim\u00e1tum del Galatasaray a Mauro Icardi en medio del esc\u00e1ndalo por sus hijas con Wanda Nara - Fm Gente\",\"isPartOf\":{\"@id\":\"https:\\\/\\\/fmgente.com.ar\\\/web\\\/#website\"},\"primaryImageOfPage\":{\"@id\":\"https:\\\/\\\/fmgente.com.ar\\\/web\\\/el-ultimatum-del-galatasaray-a-mauro-icardi-en-medio-del-escandalo-por-sus-hijas-con-wanda-nara\\\/#primaryimage\"},\"image\":{\"@id\":\"https:\\\/\\\/fmgente.com.ar\\\/web\\\/el-ultimatum-del-galatasaray-a-mauro-icardi-en-medio-del-escandalo-por-sus-hijas-con-wanda-nara\\\/#primaryimage\"},\"thumbnailUrl\":\"https:\\\/\\\/fmgente.com.ar\\\/web\\\/wp-content\\\/uploads\\\/2025\\\/10\\\/Thiago-Medina-hospital-359x226-14.jpg\",\"datePublished\":\"2025-10-11T21:05:13+00:00\",\"inLanguage\":\"es\",\"potentialAction\":[{\"@type\":\"ReadAction\",\"target\":[\"https:\\\/\\\/fmgente.com.ar\\\/web\\\/el-ultimatum-del-galatasaray-a-mauro-icardi-en-medio-del-escandalo-por-sus-hijas-con-wanda-nara\\\/\"]}]},{\"@type\":\"ImageObject\",\"inLanguage\":\"es\",\"@id\":\"https:\\\/\\\/fmgente.com.ar\\\/web\\\/el-ultimatum-del-galatasaray-a-mauro-icardi-en-medio-del-escandalo-por-sus-hijas-con-wanda-nara\\\/#primaryimage\",\"url\":\"https:\\\/\\\/fmgente.com.ar\\\/web\\\/wp-content\\\/uploads\\\/2025\\\/10\\\/Thiago-Medina-hospital-359x226-14.jpg\",\"contentUrl\":\"https:\\\/\\\/fmgente.com.ar\\\/web\\\/wp-content\\\/uploads\\\/2025\\\/10\\\/Thiago-Medina-hospital-359x226-14.jpg\",\"width\":359,\"height\":226},{\"@type\":\"WebSite\",\"@id\":\"https:\\\/\\\/fmgente.com.ar\\\/web\\\/#website\",\"url\":\"https:\\\/\\\/fmgente.com.ar\\\/web\\\/\",\"name\":\"Fm Gente\",\"description\":\"- Jes\u00fas Mar\u00eda\",\"publisher\":{\"@id\":\"https:\\\/\\\/fmgente.com.ar\\\/web\\\/#organization\"},\"potentialAction\":[{\"@type\":\"SearchAction\",\"target\":{\"@type\":\"EntryPoint\",\"urlTemplate\":\"https:\\\/\\\/fmgente.com.ar\\\/web\\\/?s={search_term_string}\"},\"query-input\":{\"@type\":\"PropertyValueSpecification\",\"valueRequired\":true,\"valueName\":\"search_term_string\"}}],\"inLanguage\":\"es\"},{\"@type\":\"Organization\",\"@id\":\"https:\\\/\\\/fmgente.com.ar\\\/web\\\/#organization\",\"name\":\"Fm Gente\",\"url\":\"https:\\\/\\\/fmgente.com.ar\\\/web\\\/\",\"logo\":{\"@type\":\"ImageObject\",\"inLanguage\":\"es\",\"@id\":\"https:\\\/\\\/fmgente.com.ar\\\/web\\\/#\\\/schema\\\/logo\\\/image\\\/\",\"url\":\"https:\\\/\\\/fmgente.com.ar\\\/web\\\/wp-content\\\/uploads\\\/2023\\\/07\\\/cropped-cropped-logo-sombra2.png\",\"contentUrl\":\"https:\\\/\\\/fmgente.com.ar\\\/web\\\/wp-content\\\/uploads\\\/2023\\\/07\\\/cropped-cropped-logo-sombra2.png\",\"width\":1782,\"height\":1782,\"caption\":\"Fm Gente\"},\"image\":{\"@id\":\"https:\\\/\\\/fmgente.com.ar\\\/web\\\/#\\\/schema\\\/logo\\\/image\\\/\"}}]}<\/script>\n<!-- \/ Yoast SEO plugin. -->","yoast_head_json":{"title":"El ultim\u00e1tum del Galatasaray a Mauro Icardi en medio del esc\u00e1ndalo por sus hijas con Wanda Nara - Fm Gente","robots":{"index":"index","follow":"follow","max-snippet":"max-snippet:-1","max-image-preview":"max-image-preview:large","max-video-preview":"max-video-preview:-1"},"canonical":"https:\/\/fmgente.com.ar\/web\/el-ultimatum-del-galatasaray-a-mauro-icardi-en-medio-del-escandalo-por-sus-hijas-con-wanda-nara\/","og_locale":"es_ES","og_type":"article","og_title":"El ultim\u00e1tum del Galatasaray a Mauro Icardi en medio del esc\u00e1ndalo por sus hijas con Wanda Nara - Fm Gente","og_description":"El presente deportivo de Mauro Icardi transita una etapa tan intensa como decisiva. Mientras el","og_url":"https:\/\/fmgente.com.ar\/web\/el-ultimatum-del-galatasaray-a-mauro-icardi-en-medio-del-escandalo-por-sus-hijas-con-wanda-nara\/","og_site_name":"Fm Gente","article_published_time":"2025-10-11T21:05:13+00:00","og_image":[{"width":359,"height":226,"url":"https:\/\/fmgente.com.ar\/web\/wp-content\/uploads\/2025\/10\/Thiago-Medina-hospital-359x226-14.jpg","type":"image\/jpeg"}],"twitter_card":"summary_large_image","twitter_misc":{"Tiempo de lectura":"3 minutos"},"schema":{"@context":"https:\/\/schema.org","@graph":[{"@type":"Article","@id":"https:\/\/fmgente.com.ar\/web\/el-ultimatum-del-galatasaray-a-mauro-icardi-en-medio-del-escandalo-por-sus-hijas-con-wanda-nara\/#article","isPartOf":{"@id":"https:\/\/fmgente.com.ar\/web\/el-ultimatum-del-galatasaray-a-mauro-icardi-en-medio-del-escandalo-por-sus-hijas-con-wanda-nara\/"},"author":{"name":"","@id":""},"headline":"El ultim\u00e1tum del Galatasaray a Mauro Icardi en medio del esc\u00e1ndalo por sus hijas con Wanda Nara","datePublished":"2025-10-11T21:05:13+00:00","mainEntityOfPage":{"@id":"https:\/\/fmgente.com.ar\/web\/el-ultimatum-del-galatasaray-a-mauro-icardi-en-medio-del-escandalo-por-sus-hijas-con-wanda-nara\/"},"wordCount":574,"publisher":{"@id":"https:\/\/fmgente.com.ar\/web\/#organization"},"image":{"@id":"https:\/\/fmgente.com.ar\/web\/el-ultimatum-del-galatasaray-a-mauro-icardi-en-medio-del-escandalo-por-sus-hijas-con-wanda-nara\/#primaryimage"},"thumbnailUrl":"https:\/\/fmgente.com.ar\/web\/wp-content\/uploads\/2025\/10\/Thiago-Medina-hospital-359x226-14.jpg","articleSection":["DESTACADAS"],"inLanguage":"es"},{"@type":"WebPage","@id":"https:\/\/fmgente.com.ar\/web\/el-ultimatum-del-galatasaray-a-mauro-icardi-en-medio-del-escandalo-por-sus-hijas-con-wanda-nara\/","url":"https:\/\/fmgente.com.ar\/web\/el-ultimatum-del-galatasaray-a-mauro-icardi-en-medio-del-escandalo-por-sus-hijas-con-wanda-nara\/","name":"El ultim\u00e1tum del Galatasaray a Mauro Icardi en medio del esc\u00e1ndalo por sus hijas con Wanda Nara - Fm Gente","isPartOf":{"@id":"https:\/\/fmgente.com.ar\/web\/#website"},"primaryImageOfPage":{"@id":"https:\/\/fmgente.com.ar\/web\/el-ultimatum-del-galatasaray-a-mauro-icardi-en-medio-del-escandalo-por-sus-hijas-con-wanda-nara\/#primaryimage"},"image":{"@id":"https:\/\/fmgente.com.ar\/web\/el-ultimatum-del-galatasaray-a-mauro-icardi-en-medio-del-escandalo-por-sus-hijas-con-wanda-nara\/#primaryimage"},"thumbnailUrl":"https:\/\/fmgente.com.ar\/web\/wp-content\/uploads\/2025\/10\/Thiago-Medina-hospital-359x226-14.jpg","datePublished":"2025-10-11T21:05:13+00:00","inLanguage":"es","potentialAction":[{"@type":"ReadAction","target":["https:\/\/fmgente.com.ar\/web\/el-ultimatum-del-galatasaray-a-mauro-icardi-en-medio-del-escandalo-por-sus-hijas-con-wanda-nara\/"]}]},{"@type":"ImageObject","inLanguage":"es","@id":"https:\/\/fmgente.com.ar\/web\/el-ultimatum-del-galatasaray-a-mauro-icardi-en-medio-del-escandalo-por-sus-hijas-con-wanda-nara\/#primaryimage","url":"https:\/\/fmgente.com.ar\/web\/wp-content\/uploads\/2025\/10\/Thiago-Medina-hospital-359x226-14.jpg","contentUrl":"https:\/\/fmgente.com.ar\/web\/wp-content\/uploads\/2025\/10\/Thiago-Medina-hospital-359x226-14.jpg","width":359,"height":226},{"@type":"WebSite","@id":"https:\/\/fmgente.com.ar\/web\/#website","url":"https:\/\/fmgente.com.ar\/web\/","name":"Fm Gente","description":"- Jes\u00fas Mar\u00eda","publisher":{"@id":"https:\/\/fmgente.com.ar\/web\/#organization"},"potentialAction":[{"@type":"SearchAction","target":{"@type":"EntryPoint","urlTemplate":"https:\/\/fmgente.com.ar\/web\/?s={search_term_string}"},"query-input":{"@type":"PropertyValueSpecification","valueRequired":true,"valueName":"search_term_string"}}],"inLanguage":"es"},{"@type":"Organization","@id":"https:\/\/fmgente.com.ar\/web\/#organization","name":"Fm Gente","url":"https:\/\/fmgente.com.ar\/web\/","logo":{"@type":"ImageObject","inLanguage":"es","@id":"https:\/\/fmgente.com.ar\/web\/#\/schema\/logo\/image\/","url":"https:\/\/fmgente.com.ar\/web\/wp-content\/uploads\/2023\/07\/cropped-cropped-logo-sombra2.png","contentUrl":"https:\/\/fmgente.com.ar\/web\/wp-content\/uploads\/2023\/07\/cropped-cropped-logo-sombra2.png","width":1782,"height":1782,"caption":"Fm Gente"},"image":{"@id":"https:\/\/fmgente.com.ar\/web\/#\/schema\/logo\/image\/"}}]}},"_links":{"self":[{"href":"https:\/\/fmgente.com.ar\/web\/wp-json\/wp\/v2\/posts\/6650","targetHints":{"allow":["GET"]}}],"collection":[{"href":"https:\/\/fmgente.com.ar\/web\/wp-json\/wp\/v2\/posts"}],"about":[{"href":"https:\/\/fmgente.com.ar\/web\/wp-json\/wp\/v2\/types\/post"}],"replies":[{"embeddable":true,"href":"https:\/\/fmgente.com.ar\/web\/wp-json\/wp\/v2\/comments?post=6650"}],"version-history":[{"count":0,"href":"https:\/\/fmgente.com.ar\/web\/wp-json\/wp\/v2\/posts\/6650\/revisions"}],"wp:featuredmedia":[{"embeddable":true,"href":"https:\/\/fmgente.com.ar\/web\/wp-json\/wp\/v2\/media\/6651"}],"wp:attachment":[{"href":"https:\/\/fmgente.com.ar\/web\/wp-json\/wp\/v2\/media?parent=6650"}],"wp:term":[{"taxonomy":"category","embeddable":true,"href":"https:\/\/fmgente.com.ar\/web\/wp-json\/wp\/v2\/categories?post=6650"},{"taxonomy":"post_tag","embeddable":true,"href":"https:\/\/fmgente.com.ar\/web\/wp-json\/wp\/v2\/tags?post=6650"}],"curies":[{"name":"wp","href":"https:\/\/api.w.org\/{rel}","templated":true}]}}