{"id":6536,"date":"2025-10-10T01:05:30","date_gmt":"2025-10-10T04:05:30","guid":{"rendered":"https:\/\/fmgente.com.ar\/cathy-fulop-conto-cual-es-el-peor-miedo-que-siente-por-oriana-sabatini-tras-confirmar-su-embarazo\/"},"modified":"2025-10-10T01:05:30","modified_gmt":"2025-10-10T04:05:30","slug":"cathy-fulop-conto-cual-es-el-peor-miedo-que-siente-por-oriana-sabatini-tras-confirmar-su-embarazo","status":"publish","type":"post","link":"https:\/\/fmgente.com.ar\/web\/cathy-fulop-conto-cual-es-el-peor-miedo-que-siente-por-oriana-sabatini-tras-confirmar-su-embarazo\/","title":{"rendered":"Cathy Fulop cont\u00f3 cu\u00e1l es el peor miedo que siente por Oriana Sabatini tras confirmar su embarazo"},"content":{"rendered":"<p><a href=\"https:\/\/www.paparazzi.com.ar\/?s=Cathy+Fulop\">Cathy Fulop<\/a> vivi\u00f3 semanas cargadas de emoci\u00f3n desde que <a href=\"https:\/\/www.paparazzi.com.ar\/?s=Oriana+Sabatini\">Oriana Sabatini<\/a> confirm\u00f3 que espera su primera hija junto a <strong>Paulo Dybala<\/strong>. En una charla \u00edntima con <strong>LAM<\/strong>, la actriz abri\u00f3 su coraz\u00f3n y revel\u00f3 el gran temor que sinti\u00f3 como madre. <\/p>\n<p><strong>\u00c1ngel de Brito<\/strong> introdujo el tema con una confesi\u00f3n que lo conmovi\u00f3: \u201c<em>Hay algo que me dijo Ori que me qued\u00f3 dando vueltas. Ella dec\u00eda algo as\u00ed como que ahora se sent\u00eda responsable, que ya no era una nena que estaba de novia o reci\u00e9n casada<\/em>\u201d. <strong>Cathy<\/strong> respondi\u00f3: \u201c<em>Sus miedos, sus inseguridades. Esto de que a veces ella no puede con ella misma. Creo que esto la va a hacer madurar\u201d.<\/em><\/p>\n<p><strong>Fulop <\/strong>detall\u00f3 adem\u00e1s el comentario que m\u00e1s miedo le daba: \u201c<em>Ella me dec\u00eda: \u2018Mam\u00e1, yo hasta que no sienta que pueda asumir esta responsabilidad, no lo voy a hacer porque a veces no puedo ni con mi propia vida, ni con mi propia existencia<\/em>\u2019\u201d. Para <strong>Cathy<\/strong>, ese pensamiento reflej\u00f3 el mayor miedo de <strong>Oriana<\/strong>: no estar preparada emocionalmente para la maternidad. <\/p>\n<div class=\"mt-box \">\n<h4 class=\"mt-heading\">Mir\u00e1 Tambi\u00e9n<\/h4>\n<p><a href=\"https:\/\/www.paparazzi.com.ar\/videos\/exclusivo-daniela-celis-confirmo-el-ultimo-paso-para-que-thiago-medina-reciba-el-alta\/\"><\/p>\n<div class=\"mt-content\">\n<div class=\"mt-image-container\"><img decoding=\"async\" src=\"https:\/\/www.paparazzi.com.ar\/wp-content\/uploads\/2025\/10\/Thiago-Medina-Daniela-359x226.jpg\" alt=\"\u00a1Exclusivo! Daniela Celis confirm\u00f3 el \u00faltimo paso para que Thiago Medina reciba el alta\" class=\"mt-image\" loading=\"lazy\" \/><\/div>\n<h5 class=\"mt-title\">\u00a1Exclusivo! Daniela Celis confirm\u00f3 el \u00faltimo paso para que Thiago Medina reciba el alta<\/h5>\n<\/div>\n<p><\/a><\/div>\n<p>Con una sonrisa, <strong>Cathy <\/strong>tambi\u00e9n habl\u00f3 de c\u00f3mo su hija abraz\u00f3 los cambios f\u00edsicos del embarazo. \u201c<em>Ahora que le sali\u00f3 la pancita es un momento en el que ella se siente bien porque dice: \u2018Bueno, es una pancita de embarazada<\/em>\u2019\u201d. Adem\u00e1s, sostuvo: \u201c<em>Yo creo que le va a ayudar mucho, creo que viene a dar muchas bendiciones para ella y para toda la familia<\/em>\u201d.<\/p>\n<h2 class=\"wp-block-heading\">EL RECUERDO DE CATHY FULOP<\/h2>\n<p><strong>\u00c1ngel <\/strong>quiso saber si <strong>Fulop <\/strong>hab\u00eda vivido algo similar en su carrera: <em>\u201c\u00bfA vos te pas\u00f3 esto, Cathy, tambi\u00e9n con el peso o con el alimento en alg\u00fan momento de tu carrera o no?<\/em>\u201d. Entre risas, ella contest\u00f3: \u201c<em>Para nada. Yo en Venezuela&#8230; s\u00ed, uno se ve celulitis o estr\u00edas, pero no se pone hilito dental y ya est\u00e1. Al segundo whisquistito, mi amor<\/em>,<em> se te olvidaron la celulitis. No, mentira, mentira<\/em>\u201d.<\/p>\n<p><strong>Cathy <\/strong>se sincer\u00f3 sobre su propia experiencia con la maternidad. \u201c<em>Yo cuando qued\u00e9 embarazada me sent\u00eda divina. No me importaba nada. El tema fue despu\u00e9s. Yo no pod\u00eda con mi vida, no pod\u00eda volver a la carrera, no pod\u00eda ser actriz, mam\u00e1, esposa&#8230; Es una etapa dif\u00edcil<\/em>\u201d.<\/p>\n<div class=\"mt-box \">\n<h4 class=\"mt-heading\">Mir\u00e1 Tambi\u00e9n<\/h4>\n<p><a href=\"https:\/\/www.paparazzi.com.ar\/romances\/la-emocion-de-nico-vazquez-en-medio-de-su-romance-con-dai-fernandez-en-la-vida-hay-senales\/\"><\/p>\n<div class=\"mt-content\">\n<div class=\"mt-image-container\"><img decoding=\"async\" src=\"https:\/\/www.paparazzi.com.ar\/wp-content\/uploads\/2025\/10\/nico-vazquez-dai-fernandez-1-359x226.jpg\" alt=\"La emoci\u00f3n de Nico V\u00e1zquez en medio de su romance con Dai Fern\u00e1ndez: \u201cEn la vida hay se\u00f1ales\u2026\u201d\" class=\"mt-image\" loading=\"lazy\" \/><\/div>\n<h5 class=\"mt-title\">La emoci\u00f3n de Nico V\u00e1zquez en medio de su romance con Dai Fern\u00e1ndez: \u201cEn la vida hay se\u00f1ales\u2026\u201d<\/h5>\n<\/div>\n<p><\/a><\/div>\n<div class=\"mt-box \">\n<h4 class=\"mt-heading\">Mir\u00e1 Tambi\u00e9n<\/h4>\n<p><a href=\"https:\/\/www.paparazzi.com.ar\/romances\/y-la-cuota-para-sus-hijas-cuantos-millones-gasto-mauro-icardi-en-su-viaje-con-la-china-suarez-a-madrid\/\"><\/p>\n<div class=\"mt-content\">\n<div class=\"mt-image-container\"><img decoding=\"async\" src=\"https:\/\/www.paparazzi.com.ar\/wp-content\/uploads\/2025\/10\/avion-chin-icardi-359x226.jpeg\" alt=\"\u00bfY la cuota para sus hijas? Cu\u00e1ntos millones gast\u00f3 Mauro Icardi en su viaje con la China Su\u00e1rez a Madrid\" class=\"mt-image\" loading=\"lazy\" \/><\/div>\n<h5 class=\"mt-title\">\u00bfY la cuota para sus hijas? Cu\u00e1ntos millones gast\u00f3 Mauro Icardi en su viaje con la China Su\u00e1rez a Madrid<\/h5>\n<\/div>\n<p><\/a><\/div>\n<p>The post <a href=\"https:\/\/www.paparazzi.com.ar\/teve\/cathy-fulop-conto-cual-es-el-peor-miedo-que-siente-por-oriana-sabatini-tras-confirmar-su-embarazo\/\">Cathy Fulop cont\u00f3 cu\u00e1l es el peor miedo que siente por Oriana Sabatini tras confirmar su embarazo<\/a> appeared first on <a href=\"https:\/\/www.paparazzi.com.ar\">Revista Paparazzi<\/a>.<\/p>\n","protected":false},"excerpt":{"rendered":"<p>Cathy Fulop vivi\u00f3 semanas cargadas de emoci\u00f3n desde que Oriana Sabatini confirm\u00f3 que espera su<\/p>\n","protected":false},"author":0,"featured_media":6537,"comment_status":"","ping_status":"","sticky":false,"template":"","format":"standard","meta":{"footnotes":""},"categories":[11],"tags":[],"class_list":["post-6536","post","type-post","status-publish","format-standard","has-post-thumbnail","hentry","category-destacadas"],"yoast_head":"<!-- This site is optimized with the Yoast SEO plugin v28.3 - https:\/\/yoast.com\/product\/yoast-seo-wordpress\/ -->\n<title>Cathy Fulop cont\u00f3 cu\u00e1l es el peor miedo que siente por Oriana Sabatini tras confirmar su embarazo - Fm Gente<\/title>\n<meta name=\"robots\" content=\"index, follow, max-snippet:-1, max-image-preview:large, max-video-preview:-1\" \/>\n<link rel=\"canonical\" href=\"https:\/\/fmgente.com.ar\/web\/cathy-fulop-conto-cual-es-el-peor-miedo-que-siente-por-oriana-sabatini-tras-confirmar-su-embarazo\/\" \/>\n<meta property=\"og:locale\" content=\"es_ES\" \/>\n<meta property=\"og:type\" content=\"article\" \/>\n<meta property=\"og:title\" content=\"Cathy Fulop cont\u00f3 cu\u00e1l es el peor miedo que siente por Oriana Sabatini tras confirmar su embarazo - Fm Gente\" \/>\n<meta property=\"og:description\" content=\"Cathy Fulop vivi\u00f3 semanas cargadas de emoci\u00f3n desde que Oriana Sabatini confirm\u00f3 que espera su\" \/>\n<meta property=\"og:url\" content=\"https:\/\/fmgente.com.ar\/web\/cathy-fulop-conto-cual-es-el-peor-miedo-que-siente-por-oriana-sabatini-tras-confirmar-su-embarazo\/\" \/>\n<meta property=\"og:site_name\" content=\"Fm Gente\" \/>\n<meta property=\"article:published_time\" content=\"2025-10-10T04:05:30+00:00\" \/>\n<meta property=\"og:image\" content=\"https:\/\/fmgente.com.ar\/web\/wp-content\/uploads\/2025\/10\/Thiago-Medina-Daniela-359x226-38.jpg\" \/>\n\t<meta property=\"og:image:width\" content=\"359\" \/>\n\t<meta property=\"og:image:height\" content=\"226\" \/>\n\t<meta property=\"og:image:type\" content=\"image\/jpeg\" \/>\n<meta name=\"twitter:card\" content=\"summary_large_image\" \/>\n<meta name=\"twitter:label1\" content=\"Tiempo de lectura\" \/>\n\t<meta name=\"twitter:data1\" content=\"2 minutos\" \/>\n<script type=\"application\/ld+json\" class=\"yoast-schema-graph\">{\"@context\":\"https:\\\/\\\/schema.org\",\"@graph\":[{\"@type\":\"Article\",\"@id\":\"https:\\\/\\\/fmgente.com.ar\\\/web\\\/cathy-fulop-conto-cual-es-el-peor-miedo-que-siente-por-oriana-sabatini-tras-confirmar-su-embarazo\\\/#article\",\"isPartOf\":{\"@id\":\"https:\\\/\\\/fmgente.com.ar\\\/web\\\/cathy-fulop-conto-cual-es-el-peor-miedo-que-siente-por-oriana-sabatini-tras-confirmar-su-embarazo\\\/\"},\"author\":{\"name\":\"\",\"@id\":\"\"},\"headline\":\"Cathy Fulop cont\u00f3 cu\u00e1l es el peor miedo que siente por Oriana Sabatini tras confirmar su embarazo\",\"datePublished\":\"2025-10-10T04:05:30+00:00\",\"mainEntityOfPage\":{\"@id\":\"https:\\\/\\\/fmgente.com.ar\\\/web\\\/cathy-fulop-conto-cual-es-el-peor-miedo-que-siente-por-oriana-sabatini-tras-confirmar-su-embarazo\\\/\"},\"wordCount\":494,\"publisher\":{\"@id\":\"https:\\\/\\\/fmgente.com.ar\\\/web\\\/#organization\"},\"image\":{\"@id\":\"https:\\\/\\\/fmgente.com.ar\\\/web\\\/cathy-fulop-conto-cual-es-el-peor-miedo-que-siente-por-oriana-sabatini-tras-confirmar-su-embarazo\\\/#primaryimage\"},\"thumbnailUrl\":\"https:\\\/\\\/fmgente.com.ar\\\/web\\\/wp-content\\\/uploads\\\/2025\\\/10\\\/Thiago-Medina-Daniela-359x226-38.jpg\",\"articleSection\":[\"DESTACADAS\"],\"inLanguage\":\"es\"},{\"@type\":\"WebPage\",\"@id\":\"https:\\\/\\\/fmgente.com.ar\\\/web\\\/cathy-fulop-conto-cual-es-el-peor-miedo-que-siente-por-oriana-sabatini-tras-confirmar-su-embarazo\\\/\",\"url\":\"https:\\\/\\\/fmgente.com.ar\\\/web\\\/cathy-fulop-conto-cual-es-el-peor-miedo-que-siente-por-oriana-sabatini-tras-confirmar-su-embarazo\\\/\",\"name\":\"Cathy Fulop cont\u00f3 cu\u00e1l es el peor miedo que siente por Oriana Sabatini tras confirmar su embarazo - Fm Gente\",\"isPartOf\":{\"@id\":\"https:\\\/\\\/fmgente.com.ar\\\/web\\\/#website\"},\"primaryImageOfPage\":{\"@id\":\"https:\\\/\\\/fmgente.com.ar\\\/web\\\/cathy-fulop-conto-cual-es-el-peor-miedo-que-siente-por-oriana-sabatini-tras-confirmar-su-embarazo\\\/#primaryimage\"},\"image\":{\"@id\":\"https:\\\/\\\/fmgente.com.ar\\\/web\\\/cathy-fulop-conto-cual-es-el-peor-miedo-que-siente-por-oriana-sabatini-tras-confirmar-su-embarazo\\\/#primaryimage\"},\"thumbnailUrl\":\"https:\\\/\\\/fmgente.com.ar\\\/web\\\/wp-content\\\/uploads\\\/2025\\\/10\\\/Thiago-Medina-Daniela-359x226-38.jpg\",\"datePublished\":\"2025-10-10T04:05:30+00:00\",\"inLanguage\":\"es\",\"potentialAction\":[{\"@type\":\"ReadAction\",\"target\":[\"https:\\\/\\\/fmgente.com.ar\\\/web\\\/cathy-fulop-conto-cual-es-el-peor-miedo-que-siente-por-oriana-sabatini-tras-confirmar-su-embarazo\\\/\"]}]},{\"@type\":\"ImageObject\",\"inLanguage\":\"es\",\"@id\":\"https:\\\/\\\/fmgente.com.ar\\\/web\\\/cathy-fulop-conto-cual-es-el-peor-miedo-que-siente-por-oriana-sabatini-tras-confirmar-su-embarazo\\\/#primaryimage\",\"url\":\"https:\\\/\\\/fmgente.com.ar\\\/web\\\/wp-content\\\/uploads\\\/2025\\\/10\\\/Thiago-Medina-Daniela-359x226-38.jpg\",\"contentUrl\":\"https:\\\/\\\/fmgente.com.ar\\\/web\\\/wp-content\\\/uploads\\\/2025\\\/10\\\/Thiago-Medina-Daniela-359x226-38.jpg\",\"width\":359,\"height\":226},{\"@type\":\"WebSite\",\"@id\":\"https:\\\/\\\/fmgente.com.ar\\\/web\\\/#website\",\"url\":\"https:\\\/\\\/fmgente.com.ar\\\/web\\\/\",\"name\":\"Fm Gente\",\"description\":\"- Jes\u00fas Mar\u00eda\",\"publisher\":{\"@id\":\"https:\\\/\\\/fmgente.com.ar\\\/web\\\/#organization\"},\"potentialAction\":[{\"@type\":\"SearchAction\",\"target\":{\"@type\":\"EntryPoint\",\"urlTemplate\":\"https:\\\/\\\/fmgente.com.ar\\\/web\\\/?s={search_term_string}\"},\"query-input\":{\"@type\":\"PropertyValueSpecification\",\"valueRequired\":true,\"valueName\":\"search_term_string\"}}],\"inLanguage\":\"es\"},{\"@type\":\"Organization\",\"@id\":\"https:\\\/\\\/fmgente.com.ar\\\/web\\\/#organization\",\"name\":\"Fm Gente\",\"url\":\"https:\\\/\\\/fmgente.com.ar\\\/web\\\/\",\"logo\":{\"@type\":\"ImageObject\",\"inLanguage\":\"es\",\"@id\":\"https:\\\/\\\/fmgente.com.ar\\\/web\\\/#\\\/schema\\\/logo\\\/image\\\/\",\"url\":\"https:\\\/\\\/fmgente.com.ar\\\/web\\\/wp-content\\\/uploads\\\/2023\\\/07\\\/cropped-cropped-logo-sombra2.png\",\"contentUrl\":\"https:\\\/\\\/fmgente.com.ar\\\/web\\\/wp-content\\\/uploads\\\/2023\\\/07\\\/cropped-cropped-logo-sombra2.png\",\"width\":1782,\"height\":1782,\"caption\":\"Fm Gente\"},\"image\":{\"@id\":\"https:\\\/\\\/fmgente.com.ar\\\/web\\\/#\\\/schema\\\/logo\\\/image\\\/\"}}]}<\/script>\n<!-- \/ Yoast SEO plugin. -->","yoast_head_json":{"title":"Cathy Fulop cont\u00f3 cu\u00e1l es el peor miedo que siente por Oriana Sabatini tras confirmar su embarazo - Fm Gente","robots":{"index":"index","follow":"follow","max-snippet":"max-snippet:-1","max-image-preview":"max-image-preview:large","max-video-preview":"max-video-preview:-1"},"canonical":"https:\/\/fmgente.com.ar\/web\/cathy-fulop-conto-cual-es-el-peor-miedo-que-siente-por-oriana-sabatini-tras-confirmar-su-embarazo\/","og_locale":"es_ES","og_type":"article","og_title":"Cathy Fulop cont\u00f3 cu\u00e1l es el peor miedo que siente por Oriana Sabatini tras confirmar su embarazo - Fm Gente","og_description":"Cathy Fulop vivi\u00f3 semanas cargadas de emoci\u00f3n desde que Oriana Sabatini confirm\u00f3 que espera su","og_url":"https:\/\/fmgente.com.ar\/web\/cathy-fulop-conto-cual-es-el-peor-miedo-que-siente-por-oriana-sabatini-tras-confirmar-su-embarazo\/","og_site_name":"Fm Gente","article_published_time":"2025-10-10T04:05:30+00:00","og_image":[{"width":359,"height":226,"url":"https:\/\/fmgente.com.ar\/web\/wp-content\/uploads\/2025\/10\/Thiago-Medina-Daniela-359x226-38.jpg","type":"image\/jpeg"}],"twitter_card":"summary_large_image","twitter_misc":{"Tiempo de lectura":"2 minutos"},"schema":{"@context":"https:\/\/schema.org","@graph":[{"@type":"Article","@id":"https:\/\/fmgente.com.ar\/web\/cathy-fulop-conto-cual-es-el-peor-miedo-que-siente-por-oriana-sabatini-tras-confirmar-su-embarazo\/#article","isPartOf":{"@id":"https:\/\/fmgente.com.ar\/web\/cathy-fulop-conto-cual-es-el-peor-miedo-que-siente-por-oriana-sabatini-tras-confirmar-su-embarazo\/"},"author":{"name":"","@id":""},"headline":"Cathy Fulop cont\u00f3 cu\u00e1l es el peor miedo que siente por Oriana Sabatini tras confirmar su embarazo","datePublished":"2025-10-10T04:05:30+00:00","mainEntityOfPage":{"@id":"https:\/\/fmgente.com.ar\/web\/cathy-fulop-conto-cual-es-el-peor-miedo-que-siente-por-oriana-sabatini-tras-confirmar-su-embarazo\/"},"wordCount":494,"publisher":{"@id":"https:\/\/fmgente.com.ar\/web\/#organization"},"image":{"@id":"https:\/\/fmgente.com.ar\/web\/cathy-fulop-conto-cual-es-el-peor-miedo-que-siente-por-oriana-sabatini-tras-confirmar-su-embarazo\/#primaryimage"},"thumbnailUrl":"https:\/\/fmgente.com.ar\/web\/wp-content\/uploads\/2025\/10\/Thiago-Medina-Daniela-359x226-38.jpg","articleSection":["DESTACADAS"],"inLanguage":"es"},{"@type":"WebPage","@id":"https:\/\/fmgente.com.ar\/web\/cathy-fulop-conto-cual-es-el-peor-miedo-que-siente-por-oriana-sabatini-tras-confirmar-su-embarazo\/","url":"https:\/\/fmgente.com.ar\/web\/cathy-fulop-conto-cual-es-el-peor-miedo-que-siente-por-oriana-sabatini-tras-confirmar-su-embarazo\/","name":"Cathy Fulop cont\u00f3 cu\u00e1l es el peor miedo que siente por Oriana Sabatini tras confirmar su embarazo - Fm Gente","isPartOf":{"@id":"https:\/\/fmgente.com.ar\/web\/#website"},"primaryImageOfPage":{"@id":"https:\/\/fmgente.com.ar\/web\/cathy-fulop-conto-cual-es-el-peor-miedo-que-siente-por-oriana-sabatini-tras-confirmar-su-embarazo\/#primaryimage"},"image":{"@id":"https:\/\/fmgente.com.ar\/web\/cathy-fulop-conto-cual-es-el-peor-miedo-que-siente-por-oriana-sabatini-tras-confirmar-su-embarazo\/#primaryimage"},"thumbnailUrl":"https:\/\/fmgente.com.ar\/web\/wp-content\/uploads\/2025\/10\/Thiago-Medina-Daniela-359x226-38.jpg","datePublished":"2025-10-10T04:05:30+00:00","inLanguage":"es","potentialAction":[{"@type":"ReadAction","target":["https:\/\/fmgente.com.ar\/web\/cathy-fulop-conto-cual-es-el-peor-miedo-que-siente-por-oriana-sabatini-tras-confirmar-su-embarazo\/"]}]},{"@type":"ImageObject","inLanguage":"es","@id":"https:\/\/fmgente.com.ar\/web\/cathy-fulop-conto-cual-es-el-peor-miedo-que-siente-por-oriana-sabatini-tras-confirmar-su-embarazo\/#primaryimage","url":"https:\/\/fmgente.com.ar\/web\/wp-content\/uploads\/2025\/10\/Thiago-Medina-Daniela-359x226-38.jpg","contentUrl":"https:\/\/fmgente.com.ar\/web\/wp-content\/uploads\/2025\/10\/Thiago-Medina-Daniela-359x226-38.jpg","width":359,"height":226},{"@type":"WebSite","@id":"https:\/\/fmgente.com.ar\/web\/#website","url":"https:\/\/fmgente.com.ar\/web\/","name":"Fm Gente","description":"- Jes\u00fas Mar\u00eda","publisher":{"@id":"https:\/\/fmgente.com.ar\/web\/#organization"},"potentialAction":[{"@type":"SearchAction","target":{"@type":"EntryPoint","urlTemplate":"https:\/\/fmgente.com.ar\/web\/?s={search_term_string}"},"query-input":{"@type":"PropertyValueSpecification","valueRequired":true,"valueName":"search_term_string"}}],"inLanguage":"es"},{"@type":"Organization","@id":"https:\/\/fmgente.com.ar\/web\/#organization","name":"Fm Gente","url":"https:\/\/fmgente.com.ar\/web\/","logo":{"@type":"ImageObject","inLanguage":"es","@id":"https:\/\/fmgente.com.ar\/web\/#\/schema\/logo\/image\/","url":"https:\/\/fmgente.com.ar\/web\/wp-content\/uploads\/2023\/07\/cropped-cropped-logo-sombra2.png","contentUrl":"https:\/\/fmgente.com.ar\/web\/wp-content\/uploads\/2023\/07\/cropped-cropped-logo-sombra2.png","width":1782,"height":1782,"caption":"Fm Gente"},"image":{"@id":"https:\/\/fmgente.com.ar\/web\/#\/schema\/logo\/image\/"}}]}},"_links":{"self":[{"href":"https:\/\/fmgente.com.ar\/web\/wp-json\/wp\/v2\/posts\/6536","targetHints":{"allow":["GET"]}}],"collection":[{"href":"https:\/\/fmgente.com.ar\/web\/wp-json\/wp\/v2\/posts"}],"about":[{"href":"https:\/\/fmgente.com.ar\/web\/wp-json\/wp\/v2\/types\/post"}],"replies":[{"embeddable":true,"href":"https:\/\/fmgente.com.ar\/web\/wp-json\/wp\/v2\/comments?post=6536"}],"version-history":[{"count":0,"href":"https:\/\/fmgente.com.ar\/web\/wp-json\/wp\/v2\/posts\/6536\/revisions"}],"wp:featuredmedia":[{"embeddable":true,"href":"https:\/\/fmgente.com.ar\/web\/wp-json\/wp\/v2\/media\/6537"}],"wp:attachment":[{"href":"https:\/\/fmgente.com.ar\/web\/wp-json\/wp\/v2\/media?parent=6536"}],"wp:term":[{"taxonomy":"category","embeddable":true,"href":"https:\/\/fmgente.com.ar\/web\/wp-json\/wp\/v2\/categories?post=6536"},{"taxonomy":"post_tag","embeddable":true,"href":"https:\/\/fmgente.com.ar\/web\/wp-json\/wp\/v2\/tags?post=6536"}],"curies":[{"name":"wp","href":"https:\/\/api.w.org\/{rel}","templated":true}]}}