{"id":6530,"date":"2025-10-10T00:05:33","date_gmt":"2025-10-10T03:05:33","guid":{"rendered":"https:\/\/fmgente.com.ar\/fernanda-iglesias-se-va-de-puro-show-el-escandaloso-motivo-de-su-salida\/"},"modified":"2025-10-10T00:05:33","modified_gmt":"2025-10-10T03:05:33","slug":"fernanda-iglesias-se-va-de-puro-show-el-escandaloso-motivo-de-su-salida","status":"publish","type":"post","link":"https:\/\/fmgente.com.ar\/web\/fernanda-iglesias-se-va-de-puro-show-el-escandaloso-motivo-de-su-salida\/","title":{"rendered":"Fernanda Iglesias se va de Puro Show: el escandaloso motivo de su salida"},"content":{"rendered":"<p>La periodista <strong>Fernanda Iglesias<\/strong> sacudi\u00f3 la interna de <a href=\"https:\/\/www.paparazzi.com.ar\/tag\/fernanda-iglesias\/\">Puro Show<\/a> al confirmar su partida del ciclo de <strong>El Trece<\/strong>. La comunicadora, una de las voces m\u00e1s filosas del programa conducido por <strong>Pampito<\/strong> y <strong>Mat\u00edas V\u00e1zquez<\/strong>, fue convocada para sumarse al nuevo env\u00edo de <strong>Mar\u00eda Bel\u00e9n Ludue\u00f1a<\/strong>, que ocupar\u00e1 las tardes de la se\u00f1al y promete ser una de las grandes apuestas del canal. La noticia gener\u00f3 sorpresa entre sus compa\u00f1eros, quienes se enteraron casi al mismo tiempo que el p\u00fablico.<\/p>\n<p>Seg\u00fan contaron en Ya Fue Todo, la periodista ser\u00e1 la \u00fanica especialista en espect\u00e1culos del nuevo ciclo. <em>\u201cElla dice estar contenta y sentirlo como un ascenso\u201d<\/em>, revel\u00f3 <strong>Santiago Sposato<\/strong> en A la Tarde, dando a entender que el cambio llega en un momento de pleno crecimiento profesional. En los pasillos de El Trece, el rumor es que su nuevo rol implica mayor exposici\u00f3n y una posici\u00f3n m\u00e1s estrat\u00e9gica dentro de la grilla.<\/p>\n<p>El cronista <strong>Oliver Quir\u00f3z<\/strong> habl\u00f3 con las <a href=\"https:\/\/www.paparazzi.com.ar\/teve\/angel-de-brito-revelo-el-peor-secreto-de-la-salida-de-fernanda-iglesias-de-lam-mentirosa-loca-y\/\">panelistas<\/a> del ciclo, y ninguna ocult\u00f3 su asombro por la salida. <strong>Angie Balbiani<\/strong> fue tajante: <em>\u201cMe enter\u00e9 ayer. Para ella es un upgrade, se est\u00e1 yendo pedida por Mar\u00eda Bel\u00e9n Ludue\u00f1a\u201d<\/em>. Desde su lugar, <strong>Pochi de Gossipeame<\/strong> destac\u00f3 el profesionalismo de la periodista: <em>\u201cEs una gran oportunidad y propuesta para Fer. Pensaron en ella porque es muy buena periodista\u201d<\/em>. Adem\u00e1s, desminti\u00f3 cualquier malestar entre ellas: <em>\u201cEs exigente, s\u00ed, pero nunca quiso sobresalir sobre el resto\u201d<\/em>.<\/p>\n<div class=\"mt-box \">\n<h4 class=\"mt-heading\">Mir\u00e1 Tambi\u00e9n<\/h4>\n<p><a href=\"https:\/\/www.paparazzi.com.ar\/videos\/exclusivo-jose-maria-muscari-homenajeo-a-bruce-willis-en-el-papel-de-duro-de-matar-los-pelados-nos-parecemos-todos\/\"><\/p>\n<div class=\"mt-content\">\n<div class=\"mt-image-container\"><img decoding=\"async\" src=\"https:\/\/www.paparazzi.com.ar\/wp-content\/uploads\/2025\/09\/PORTADA-WEB-YO-QUIERO-SER-muscari-willis.jpg.webp\" alt=\"\u00a1Exclusivo! Jos\u00e9 Mar\u00eda Muscari homenaje\u00f3 a Bruce Willis en el papel de Duro de Matar: &quot;Los pelados nos parecemos todos&quot;\" class=\"mt-image\" loading=\"lazy\" \/><\/div>\n<h5 class=\"mt-title\">\u00a1Exclusivo! Jos\u00e9 Mar\u00eda Muscari homenaje\u00f3 a Bruce Willis en el papel de Duro de Matar: \u00abLos pelados nos parecemos todos\u00bb<\/h5>\n<\/div>\n<p><\/a><\/div>\n<p>Los conductores del ciclo tambi\u00e9n hablaron. <strong>Pampito<\/strong> fue sincero al admitir: <em>\u201cS\u00e9 lo que sab\u00e9s vos de chimento de pasillo, que pasar\u00eda al programa de Bel\u00e9n Ludue\u00f1a, pero todav\u00eda no nos comunicaron nada\u201d<\/em>. Luego aclar\u00f3 que no hay conflictos de por medio: <em>\u201cDe ac\u00e1 no se va mal, sigue contratada por la misma empresa. Me encanta Fernanda Iglesias y es muy efectiva para el trabajo\u201d<\/em>.<\/p>\n<h2 class=\"wp-block-heading\">LA SALIDA DE FERNANDA IGLESIAS DE PURO SHOW<\/h2>\n<p>Por su parte, <strong><a href=\"https:\/\/www.paparazzi.com.ar\/teve\/fuerte-angel-de-brito-conto-lo-peor-de-la-ex-angelita-que-lo-trato-de-traidor-cuando-le-fue-infiel\/\">Mat\u00edas V\u00e1zquez<\/a><\/strong> se refiri\u00f3 al episodio que d\u00edas atr\u00e1s enfrent\u00f3 a la periodista con el productor <strong>Adri\u00e1n Sgro<\/strong>, tras una cena de la que las panelistas quedaron afuera. <em>\u201cFue una cena pensada para conductores y parte de la producci\u00f3n. Cada uno puede reaccionar como quiera\u201d<\/em>, explic\u00f3, baj\u00e1ndole el tono a la pol\u00e9mica.<\/p>\n<p>Finalmente, el conductor cerr\u00f3 con una frase cargada de afecto y reconocimiento: <em>\u201cVoy a extra\u00f1ar lo gran profesional que es. Muchas de las bombas que tuvimos este a\u00f1o fueron gracias a ella\u201d<\/em>.<\/p>\n<div class=\"mt-box \">\n<h4 class=\"mt-heading\">Mir\u00e1 Tambi\u00e9n<\/h4>\n<p><a href=\"https:\/\/www.paparazzi.com.ar\/internacionales\/salio-a-la-luz-un-inedito-secreto-que-relaciona-a-matthew-perry-con-ozzy-osbourne\/\"><\/p>\n<div class=\"mt-content\">\n<div class=\"mt-image-container\"><img decoding=\"async\" src=\"https:\/\/www.paparazzi.com.ar\/wp-content\/uploads\/2025\/10\/matther-perry-ozzy-ousborne-359x226.png\" alt=\"Sali\u00f3 a la luz un in\u00e9dito secreto que relaciona a Matthew Perry con Ozzy Osbourne\" class=\"mt-image\" loading=\"lazy\" \/><\/div>\n<h5 class=\"mt-title\">Sali\u00f3 a la luz un in\u00e9dito secreto que relaciona a Matthew Perry con Ozzy Osbourne<\/h5>\n<\/div>\n<p><\/a><\/div>\n<div class=\"mt-box \">\n<h4 class=\"mt-heading\">Mir\u00e1 Tambi\u00e9n<\/h4>\n<p><a href=\"https:\/\/www.paparazzi.com.ar\/romances\/a-un-paso-de-blanquear-nico-vazquez-y-dai-fernandez-el-romance-que-ya-nadie-oculta\/\"><\/p>\n<div class=\"mt-content\">\n<div class=\"mt-image-container\"><img decoding=\"async\" src=\"https:\/\/www.paparazzi.com.ar\/wp-content\/uploads\/2025\/10\/nico-vazquez-dai-fernandez-359x226.jpg\" alt=\"\u00a1A un paso de blanquear! Nico V\u00e1zquez y Dai Fern\u00e1ndez, el romance que ya nadie oculta\" class=\"mt-image\" loading=\"lazy\" \/><\/div>\n<h5 class=\"mt-title\">\u00a1A un paso de blanquear! Nico V\u00e1zquez y Dai Fern\u00e1ndez, el romance que ya nadie oculta<\/h5>\n<\/div>\n<p><\/a><\/div>\n<p>The post <a href=\"https:\/\/www.paparazzi.com.ar\/teve\/fernanda-iglesias-se-va-de-puro-show-el-escandaloso-motivo-de-su-salida\/\">Fernanda Iglesias se va de Puro Show: el escandaloso motivo de su salida<\/a> appeared first on <a href=\"https:\/\/www.paparazzi.com.ar\">Revista Paparazzi<\/a>.<\/p>\n","protected":false},"excerpt":{"rendered":"<p>La periodista Fernanda Iglesias sacudi\u00f3 la interna de Puro Show al confirmar su partida del<\/p>\n","protected":false},"author":0,"featured_media":6531,"comment_status":"","ping_status":"","sticky":false,"template":"","format":"standard","meta":{"footnotes":""},"categories":[11],"tags":[],"class_list":["post-6530","post","type-post","status-publish","format-standard","has-post-thumbnail","hentry","category-destacadas"],"yoast_head":"<!-- This site is optimized with the Yoast SEO plugin v28.3 - https:\/\/yoast.com\/product\/yoast-seo-wordpress\/ -->\n<title>Fernanda Iglesias se va de Puro Show: el escandaloso motivo de su salida - Fm Gente<\/title>\n<meta name=\"robots\" content=\"index, follow, max-snippet:-1, max-image-preview:large, max-video-preview:-1\" \/>\n<link rel=\"canonical\" href=\"https:\/\/fmgente.com.ar\/web\/fernanda-iglesias-se-va-de-puro-show-el-escandaloso-motivo-de-su-salida\/\" \/>\n<meta property=\"og:locale\" content=\"es_ES\" \/>\n<meta property=\"og:type\" content=\"article\" \/>\n<meta property=\"og:title\" content=\"Fernanda Iglesias se va de Puro Show: el escandaloso motivo de su salida - Fm Gente\" \/>\n<meta property=\"og:description\" content=\"La periodista Fernanda Iglesias sacudi\u00f3 la interna de Puro Show al confirmar su partida del\" \/>\n<meta property=\"og:url\" content=\"https:\/\/fmgente.com.ar\/web\/fernanda-iglesias-se-va-de-puro-show-el-escandaloso-motivo-de-su-salida\/\" \/>\n<meta property=\"og:site_name\" content=\"Fm Gente\" \/>\n<meta property=\"article:published_time\" content=\"2025-10-10T03:05:33+00:00\" \/>\n<meta property=\"og:image\" content=\"https:\/\/fmgente.com.ar\/web\/wp-content\/uploads\/2025\/10\/PORTADA-WEB-YO-QUIERO-SER-muscari-willis.jpg-5.webp\" \/>\n\t<meta property=\"og:image:width\" content=\"828\" \/>\n\t<meta property=\"og:image:height\" content=\"621\" \/>\n\t<meta property=\"og:image:type\" content=\"image\/webp\" \/>\n<meta name=\"twitter:card\" content=\"summary_large_image\" \/>\n<meta name=\"twitter:label1\" content=\"Tiempo de lectura\" \/>\n\t<meta name=\"twitter:data1\" content=\"3 minutos\" \/>\n<script type=\"application\/ld+json\" class=\"yoast-schema-graph\">{\"@context\":\"https:\\\/\\\/schema.org\",\"@graph\":[{\"@type\":\"Article\",\"@id\":\"https:\\\/\\\/fmgente.com.ar\\\/web\\\/fernanda-iglesias-se-va-de-puro-show-el-escandaloso-motivo-de-su-salida\\\/#article\",\"isPartOf\":{\"@id\":\"https:\\\/\\\/fmgente.com.ar\\\/web\\\/fernanda-iglesias-se-va-de-puro-show-el-escandaloso-motivo-de-su-salida\\\/\"},\"author\":{\"name\":\"\",\"@id\":\"\"},\"headline\":\"Fernanda Iglesias se va de Puro Show: el escandaloso motivo de su salida\",\"datePublished\":\"2025-10-10T03:05:33+00:00\",\"mainEntityOfPage\":{\"@id\":\"https:\\\/\\\/fmgente.com.ar\\\/web\\\/fernanda-iglesias-se-va-de-puro-show-el-escandaloso-motivo-de-su-salida\\\/\"},\"wordCount\":528,\"publisher\":{\"@id\":\"https:\\\/\\\/fmgente.com.ar\\\/web\\\/#organization\"},\"image\":{\"@id\":\"https:\\\/\\\/fmgente.com.ar\\\/web\\\/fernanda-iglesias-se-va-de-puro-show-el-escandaloso-motivo-de-su-salida\\\/#primaryimage\"},\"thumbnailUrl\":\"https:\\\/\\\/fmgente.com.ar\\\/web\\\/wp-content\\\/uploads\\\/2025\\\/10\\\/PORTADA-WEB-YO-QUIERO-SER-muscari-willis.jpg-5.webp\",\"articleSection\":[\"DESTACADAS\"],\"inLanguage\":\"es\"},{\"@type\":\"WebPage\",\"@id\":\"https:\\\/\\\/fmgente.com.ar\\\/web\\\/fernanda-iglesias-se-va-de-puro-show-el-escandaloso-motivo-de-su-salida\\\/\",\"url\":\"https:\\\/\\\/fmgente.com.ar\\\/web\\\/fernanda-iglesias-se-va-de-puro-show-el-escandaloso-motivo-de-su-salida\\\/\",\"name\":\"Fernanda Iglesias se va de Puro Show: el escandaloso motivo de su salida - Fm Gente\",\"isPartOf\":{\"@id\":\"https:\\\/\\\/fmgente.com.ar\\\/web\\\/#website\"},\"primaryImageOfPage\":{\"@id\":\"https:\\\/\\\/fmgente.com.ar\\\/web\\\/fernanda-iglesias-se-va-de-puro-show-el-escandaloso-motivo-de-su-salida\\\/#primaryimage\"},\"image\":{\"@id\":\"https:\\\/\\\/fmgente.com.ar\\\/web\\\/fernanda-iglesias-se-va-de-puro-show-el-escandaloso-motivo-de-su-salida\\\/#primaryimage\"},\"thumbnailUrl\":\"https:\\\/\\\/fmgente.com.ar\\\/web\\\/wp-content\\\/uploads\\\/2025\\\/10\\\/PORTADA-WEB-YO-QUIERO-SER-muscari-willis.jpg-5.webp\",\"datePublished\":\"2025-10-10T03:05:33+00:00\",\"inLanguage\":\"es\",\"potentialAction\":[{\"@type\":\"ReadAction\",\"target\":[\"https:\\\/\\\/fmgente.com.ar\\\/web\\\/fernanda-iglesias-se-va-de-puro-show-el-escandaloso-motivo-de-su-salida\\\/\"]}]},{\"@type\":\"ImageObject\",\"inLanguage\":\"es\",\"@id\":\"https:\\\/\\\/fmgente.com.ar\\\/web\\\/fernanda-iglesias-se-va-de-puro-show-el-escandaloso-motivo-de-su-salida\\\/#primaryimage\",\"url\":\"https:\\\/\\\/fmgente.com.ar\\\/web\\\/wp-content\\\/uploads\\\/2025\\\/10\\\/PORTADA-WEB-YO-QUIERO-SER-muscari-willis.jpg-5.webp\",\"contentUrl\":\"https:\\\/\\\/fmgente.com.ar\\\/web\\\/wp-content\\\/uploads\\\/2025\\\/10\\\/PORTADA-WEB-YO-QUIERO-SER-muscari-willis.jpg-5.webp\",\"width\":828,\"height\":621},{\"@type\":\"WebSite\",\"@id\":\"https:\\\/\\\/fmgente.com.ar\\\/web\\\/#website\",\"url\":\"https:\\\/\\\/fmgente.com.ar\\\/web\\\/\",\"name\":\"Fm Gente\",\"description\":\"- Jes\u00fas Mar\u00eda\",\"publisher\":{\"@id\":\"https:\\\/\\\/fmgente.com.ar\\\/web\\\/#organization\"},\"potentialAction\":[{\"@type\":\"SearchAction\",\"target\":{\"@type\":\"EntryPoint\",\"urlTemplate\":\"https:\\\/\\\/fmgente.com.ar\\\/web\\\/?s={search_term_string}\"},\"query-input\":{\"@type\":\"PropertyValueSpecification\",\"valueRequired\":true,\"valueName\":\"search_term_string\"}}],\"inLanguage\":\"es\"},{\"@type\":\"Organization\",\"@id\":\"https:\\\/\\\/fmgente.com.ar\\\/web\\\/#organization\",\"name\":\"Fm Gente\",\"url\":\"https:\\\/\\\/fmgente.com.ar\\\/web\\\/\",\"logo\":{\"@type\":\"ImageObject\",\"inLanguage\":\"es\",\"@id\":\"https:\\\/\\\/fmgente.com.ar\\\/web\\\/#\\\/schema\\\/logo\\\/image\\\/\",\"url\":\"https:\\\/\\\/fmgente.com.ar\\\/web\\\/wp-content\\\/uploads\\\/2023\\\/07\\\/cropped-cropped-logo-sombra2.png\",\"contentUrl\":\"https:\\\/\\\/fmgente.com.ar\\\/web\\\/wp-content\\\/uploads\\\/2023\\\/07\\\/cropped-cropped-logo-sombra2.png\",\"width\":1782,\"height\":1782,\"caption\":\"Fm Gente\"},\"image\":{\"@id\":\"https:\\\/\\\/fmgente.com.ar\\\/web\\\/#\\\/schema\\\/logo\\\/image\\\/\"}}]}<\/script>\n<!-- \/ Yoast SEO plugin. -->","yoast_head_json":{"title":"Fernanda Iglesias se va de Puro Show: el escandaloso motivo de su salida - Fm Gente","robots":{"index":"index","follow":"follow","max-snippet":"max-snippet:-1","max-image-preview":"max-image-preview:large","max-video-preview":"max-video-preview:-1"},"canonical":"https:\/\/fmgente.com.ar\/web\/fernanda-iglesias-se-va-de-puro-show-el-escandaloso-motivo-de-su-salida\/","og_locale":"es_ES","og_type":"article","og_title":"Fernanda Iglesias se va de Puro Show: el escandaloso motivo de su salida - Fm Gente","og_description":"La periodista Fernanda Iglesias sacudi\u00f3 la interna de Puro Show al confirmar su partida del","og_url":"https:\/\/fmgente.com.ar\/web\/fernanda-iglesias-se-va-de-puro-show-el-escandaloso-motivo-de-su-salida\/","og_site_name":"Fm Gente","article_published_time":"2025-10-10T03:05:33+00:00","og_image":[{"width":828,"height":621,"url":"https:\/\/fmgente.com.ar\/web\/wp-content\/uploads\/2025\/10\/PORTADA-WEB-YO-QUIERO-SER-muscari-willis.jpg-5.webp","type":"image\/webp"}],"twitter_card":"summary_large_image","twitter_misc":{"Tiempo de lectura":"3 minutos"},"schema":{"@context":"https:\/\/schema.org","@graph":[{"@type":"Article","@id":"https:\/\/fmgente.com.ar\/web\/fernanda-iglesias-se-va-de-puro-show-el-escandaloso-motivo-de-su-salida\/#article","isPartOf":{"@id":"https:\/\/fmgente.com.ar\/web\/fernanda-iglesias-se-va-de-puro-show-el-escandaloso-motivo-de-su-salida\/"},"author":{"name":"","@id":""},"headline":"Fernanda Iglesias se va de Puro Show: el escandaloso motivo de su salida","datePublished":"2025-10-10T03:05:33+00:00","mainEntityOfPage":{"@id":"https:\/\/fmgente.com.ar\/web\/fernanda-iglesias-se-va-de-puro-show-el-escandaloso-motivo-de-su-salida\/"},"wordCount":528,"publisher":{"@id":"https:\/\/fmgente.com.ar\/web\/#organization"},"image":{"@id":"https:\/\/fmgente.com.ar\/web\/fernanda-iglesias-se-va-de-puro-show-el-escandaloso-motivo-de-su-salida\/#primaryimage"},"thumbnailUrl":"https:\/\/fmgente.com.ar\/web\/wp-content\/uploads\/2025\/10\/PORTADA-WEB-YO-QUIERO-SER-muscari-willis.jpg-5.webp","articleSection":["DESTACADAS"],"inLanguage":"es"},{"@type":"WebPage","@id":"https:\/\/fmgente.com.ar\/web\/fernanda-iglesias-se-va-de-puro-show-el-escandaloso-motivo-de-su-salida\/","url":"https:\/\/fmgente.com.ar\/web\/fernanda-iglesias-se-va-de-puro-show-el-escandaloso-motivo-de-su-salida\/","name":"Fernanda Iglesias se va de Puro Show: el escandaloso motivo de su salida - Fm Gente","isPartOf":{"@id":"https:\/\/fmgente.com.ar\/web\/#website"},"primaryImageOfPage":{"@id":"https:\/\/fmgente.com.ar\/web\/fernanda-iglesias-se-va-de-puro-show-el-escandaloso-motivo-de-su-salida\/#primaryimage"},"image":{"@id":"https:\/\/fmgente.com.ar\/web\/fernanda-iglesias-se-va-de-puro-show-el-escandaloso-motivo-de-su-salida\/#primaryimage"},"thumbnailUrl":"https:\/\/fmgente.com.ar\/web\/wp-content\/uploads\/2025\/10\/PORTADA-WEB-YO-QUIERO-SER-muscari-willis.jpg-5.webp","datePublished":"2025-10-10T03:05:33+00:00","inLanguage":"es","potentialAction":[{"@type":"ReadAction","target":["https:\/\/fmgente.com.ar\/web\/fernanda-iglesias-se-va-de-puro-show-el-escandaloso-motivo-de-su-salida\/"]}]},{"@type":"ImageObject","inLanguage":"es","@id":"https:\/\/fmgente.com.ar\/web\/fernanda-iglesias-se-va-de-puro-show-el-escandaloso-motivo-de-su-salida\/#primaryimage","url":"https:\/\/fmgente.com.ar\/web\/wp-content\/uploads\/2025\/10\/PORTADA-WEB-YO-QUIERO-SER-muscari-willis.jpg-5.webp","contentUrl":"https:\/\/fmgente.com.ar\/web\/wp-content\/uploads\/2025\/10\/PORTADA-WEB-YO-QUIERO-SER-muscari-willis.jpg-5.webp","width":828,"height":621},{"@type":"WebSite","@id":"https:\/\/fmgente.com.ar\/web\/#website","url":"https:\/\/fmgente.com.ar\/web\/","name":"Fm Gente","description":"- Jes\u00fas Mar\u00eda","publisher":{"@id":"https:\/\/fmgente.com.ar\/web\/#organization"},"potentialAction":[{"@type":"SearchAction","target":{"@type":"EntryPoint","urlTemplate":"https:\/\/fmgente.com.ar\/web\/?s={search_term_string}"},"query-input":{"@type":"PropertyValueSpecification","valueRequired":true,"valueName":"search_term_string"}}],"inLanguage":"es"},{"@type":"Organization","@id":"https:\/\/fmgente.com.ar\/web\/#organization","name":"Fm Gente","url":"https:\/\/fmgente.com.ar\/web\/","logo":{"@type":"ImageObject","inLanguage":"es","@id":"https:\/\/fmgente.com.ar\/web\/#\/schema\/logo\/image\/","url":"https:\/\/fmgente.com.ar\/web\/wp-content\/uploads\/2023\/07\/cropped-cropped-logo-sombra2.png","contentUrl":"https:\/\/fmgente.com.ar\/web\/wp-content\/uploads\/2023\/07\/cropped-cropped-logo-sombra2.png","width":1782,"height":1782,"caption":"Fm Gente"},"image":{"@id":"https:\/\/fmgente.com.ar\/web\/#\/schema\/logo\/image\/"}}]}},"_links":{"self":[{"href":"https:\/\/fmgente.com.ar\/web\/wp-json\/wp\/v2\/posts\/6530","targetHints":{"allow":["GET"]}}],"collection":[{"href":"https:\/\/fmgente.com.ar\/web\/wp-json\/wp\/v2\/posts"}],"about":[{"href":"https:\/\/fmgente.com.ar\/web\/wp-json\/wp\/v2\/types\/post"}],"replies":[{"embeddable":true,"href":"https:\/\/fmgente.com.ar\/web\/wp-json\/wp\/v2\/comments?post=6530"}],"version-history":[{"count":0,"href":"https:\/\/fmgente.com.ar\/web\/wp-json\/wp\/v2\/posts\/6530\/revisions"}],"wp:featuredmedia":[{"embeddable":true,"href":"https:\/\/fmgente.com.ar\/web\/wp-json\/wp\/v2\/media\/6531"}],"wp:attachment":[{"href":"https:\/\/fmgente.com.ar\/web\/wp-json\/wp\/v2\/media?parent=6530"}],"wp:term":[{"taxonomy":"category","embeddable":true,"href":"https:\/\/fmgente.com.ar\/web\/wp-json\/wp\/v2\/categories?post=6530"},{"taxonomy":"post_tag","embeddable":true,"href":"https:\/\/fmgente.com.ar\/web\/wp-json\/wp\/v2\/tags?post=6530"}],"curies":[{"name":"wp","href":"https:\/\/api.w.org\/{rel}","templated":true}]}}