{"id":6528,"date":"2025-10-10T00:05:32","date_gmt":"2025-10-10T03:05:32","guid":{"rendered":"https:\/\/fmgente.com.ar\/nacho-castanares-revelo-cuales-son-los-fuertes-dolores-de-thiago-medina-tras-recibir-el-alta\/"},"modified":"2025-10-10T00:05:32","modified_gmt":"2025-10-10T03:05:32","slug":"nacho-castanares-revelo-cuales-son-los-fuertes-dolores-de-thiago-medina-tras-recibir-el-alta","status":"publish","type":"post","link":"https:\/\/fmgente.com.ar\/web\/nacho-castanares-revelo-cuales-son-los-fuertes-dolores-de-thiago-medina-tras-recibir-el-alta\/","title":{"rendered":"Nacho Casta\u00f1ares revel\u00f3 cu\u00e1les son los fuertes dolores de Thiago Medina tras recibir el alta"},"content":{"rendered":"<p><a href=\"https:\/\/www.paparazzi.com.ar\/?s=Thiago+Medina\">Thiago Medina<\/a> volvi\u00f3 a su casa y comenz\u00f3 su recuperaci\u00f3n rodeado de afecto. Su amigo y excompa\u00f1ero de <strong>Gran Hermano<\/strong>, <a href=\"https:\/\/www.paparazzi.com.ar\/?s=Nacho+Casta%C3%B1ares\">Nacho Casta\u00f1ares<\/a>, cont\u00f3 en <strong>LAM <\/strong>c\u00f3mo atraves\u00f3 ese proceso y qu\u00e9 molestias todav\u00eda afectan al joven tras salir de alta. <\/p>\n<p>\u201c<em>Est\u00e1 bien, est\u00e1 sin dolores. Obviamente, hay partes que le duelen, la herida de la espalda y las costillas. Pero de piernas, de cabeza y de todo lo dem\u00e1s, estaba impecable<\/em>\u201d, explic\u00f3 <strong>Nacho <\/strong>al describir el estado actual del joven. Sus palabras llevaron tranquilidad a quienes siguieron de cerca el accidente que preocup\u00f3 a todos.<\/p>\n<p><strong>Nacho<\/strong> tambi\u00e9n revel\u00f3 que <strong>Thiago <\/strong>todav\u00eda no recuper\u00f3 completamente la memoria del hecho: \u201c<em>Me dijo que no recordaba nada del accidente, ni de las horas previas ni posteriores. Fue recolectando informaci\u00f3n y le fueron contando c\u00f3mo hab\u00eda sucedido<\/em>\u201d.<\/p>\n<div class=\"mt-box \">\n<h4 class=\"mt-heading\">Mir\u00e1 Tambi\u00e9n<\/h4>\n<p><a href=\"https:\/\/www.paparazzi.com.ar\/videos\/exclusivo-daniela-celis-confirmo-el-ultimo-paso-para-que-thiago-medina-reciba-el-alta\/\"><\/p>\n<div class=\"mt-content\">\n<div class=\"mt-image-container\"><img decoding=\"async\" src=\"https:\/\/www.paparazzi.com.ar\/wp-content\/uploads\/2025\/10\/Thiago-Medina-Daniela-359x226.jpg\" alt=\"\u00a1Exclusivo! Daniela Celis confirm\u00f3 el \u00faltimo paso para que Thiago Medina reciba el alta\" class=\"mt-image\" loading=\"lazy\" \/><\/div>\n<h5 class=\"mt-title\">\u00a1Exclusivo! Daniela Celis confirm\u00f3 el \u00faltimo paso para que Thiago Medina reciba el alta<\/h5>\n<\/div>\n<p><\/a><\/div>\n<p>El c\u00edrculo \u00edntimo de <strong>Thiago <\/strong>vivi\u00f3 d\u00edas dif\u00edciles mientras \u00e9l permaneci\u00f3 internado y <strong>Nacho <\/strong>cont\u00f3 c\u00f3mo fue: \u201c<em>Hoy nosotros, como familia, los hermanos, el padre, Dani y los amigos, la pasamos mal, as\u00ed que ahora que est\u00e1 en casa estamos muy contentos<\/em>\u201d.<\/p>\n<h2 class=\"wp-block-heading\">C\u00d3MO AYUD\u00d3 NACHO A DANIELA CELIS<\/h2>\n<p><strong>Nacho <\/strong>detall\u00f3 el acompa\u00f1amiento que mantuvo junto a <strong>Daniela Celis<\/strong> y la familia: \u201c<em>Desde ir a la casa de Dani, pasar por el hospital, hacer compras, quedarse con las ni\u00f1as o cocinar. Los primeros d\u00edas fueron m\u00e1s complicados porque la familia de Thiago y Dani no dorm\u00edan ni com\u00edan, entonces era ponernos en un rol de comer juntos y acompa\u00f1ar<\/em>\u201d.<\/p>\n<p>Para cerrar, el exhermanito habl\u00f3 del futuro de la pareja y lo hizo con humor y esperanza: \u201c<em>Ojal\u00e1 que se casen, pero no lo s\u00e9. Ahora empieza todo de vuelta y, en una situaci\u00f3n as\u00ed, uno se replantea un mont\u00f3n de cosas. Van a convivir porque Dani lo va a ayudar<\/em>\u201d.<\/p>\n<div class=\"mt-box \">\n<h4 class=\"mt-heading\">Mir\u00e1 Tambi\u00e9n<\/h4>\n<p><a href=\"https:\/\/www.paparazzi.com.ar\/romances\/la-jugada-foto-que-j-rei-subio-de-maria-becerra-en-la-cama-que-causo-polemica\/\"><\/p>\n<div class=\"mt-content\">\n<div class=\"mt-image-container\"><img decoding=\"async\" src=\"https:\/\/www.paparazzi.com.ar\/wp-content\/uploads\/2025\/10\/maria-becerra-2-359x226.png\" alt=\"La jugada foto que J Rei subi\u00f3 de Mar\u00eda Becerra en la cama que caus\u00f3 pol\u00e9mica\" class=\"mt-image\" loading=\"lazy\" \/><\/div>\n<h5 class=\"mt-title\">La jugada foto que J Rei subi\u00f3 de Mar\u00eda Becerra en la cama que caus\u00f3 pol\u00e9mica<\/h5>\n<\/div>\n<p><\/a><\/div>\n<div class=\"mt-box \">\n<h4 class=\"mt-heading\">Mir\u00e1 Tambi\u00e9n<\/h4>\n<p><a href=\"https:\/\/www.paparazzi.com.ar\/romances\/nico-vazquez-conto-toda-la-verdad-de-su-romance-con-dai-fernandez-estoy-muy-feliz\/\"><\/p>\n<div class=\"mt-content\">\n<div class=\"mt-image-container\"><img decoding=\"async\" src=\"https:\/\/www.paparazzi.com.ar\/wp-content\/uploads\/2025\/10\/Nico-Vazquez-359x226.jpg\" alt=\"Nico V\u00e1zquez cont\u00f3 toda la verdad de su romance con Dai Fern\u00e1ndez: \u201cEstoy muy feliz\u201d\" class=\"mt-image\" loading=\"lazy\" \/><\/div>\n<h5 class=\"mt-title\">Nico V\u00e1zquez cont\u00f3 toda la verdad de su romance con Dai Fern\u00e1ndez: \u201cEstoy muy feliz\u201d<\/h5>\n<\/div>\n<p><\/a><\/div>\n<p>The post <a href=\"https:\/\/www.paparazzi.com.ar\/teve\/nacho-castanares-revelo-cuales-son-los-fuertes-dolores-de-thiago-medina-tras-recibir-el-alta\/\">Nacho Casta\u00f1ares revel\u00f3 cu\u00e1les son los fuertes dolores de Thiago Medina tras recibir el alta<\/a> appeared first on <a href=\"https:\/\/www.paparazzi.com.ar\">Revista Paparazzi<\/a>.<\/p>\n","protected":false},"excerpt":{"rendered":"<p>Thiago Medina volvi\u00f3 a su casa y comenz\u00f3 su recuperaci\u00f3n rodeado de afecto. Su amigo<\/p>\n","protected":false},"author":0,"featured_media":6529,"comment_status":"","ping_status":"","sticky":false,"template":"","format":"standard","meta":{"footnotes":""},"categories":[11],"tags":[],"class_list":["post-6528","post","type-post","status-publish","format-standard","has-post-thumbnail","hentry","category-destacadas"],"yoast_head":"<!-- This site is optimized with the Yoast SEO plugin v28.3 - https:\/\/yoast.com\/product\/yoast-seo-wordpress\/ -->\n<title>Nacho Casta\u00f1ares revel\u00f3 cu\u00e1les son los fuertes dolores de Thiago Medina tras recibir el alta - Fm Gente<\/title>\n<meta name=\"robots\" content=\"index, follow, max-snippet:-1, max-image-preview:large, max-video-preview:-1\" \/>\n<link rel=\"canonical\" href=\"https:\/\/fmgente.com.ar\/web\/nacho-castanares-revelo-cuales-son-los-fuertes-dolores-de-thiago-medina-tras-recibir-el-alta\/\" \/>\n<meta property=\"og:locale\" content=\"es_ES\" \/>\n<meta property=\"og:type\" content=\"article\" \/>\n<meta property=\"og:title\" content=\"Nacho Casta\u00f1ares revel\u00f3 cu\u00e1les son los fuertes dolores de Thiago Medina tras recibir el alta - Fm Gente\" \/>\n<meta property=\"og:description\" content=\"Thiago Medina volvi\u00f3 a su casa y comenz\u00f3 su recuperaci\u00f3n rodeado de afecto. Su amigo\" \/>\n<meta property=\"og:url\" content=\"https:\/\/fmgente.com.ar\/web\/nacho-castanares-revelo-cuales-son-los-fuertes-dolores-de-thiago-medina-tras-recibir-el-alta\/\" \/>\n<meta property=\"og:site_name\" content=\"Fm Gente\" \/>\n<meta property=\"article:published_time\" content=\"2025-10-10T03:05:32+00:00\" \/>\n<meta property=\"og:image\" content=\"https:\/\/fmgente.com.ar\/web\/wp-content\/uploads\/2025\/10\/Thiago-Medina-Daniela-359x226-37.jpg\" \/>\n\t<meta property=\"og:image:width\" content=\"359\" \/>\n\t<meta property=\"og:image:height\" content=\"226\" \/>\n\t<meta property=\"og:image:type\" content=\"image\/jpeg\" \/>\n<meta name=\"twitter:card\" content=\"summary_large_image\" \/>\n<meta name=\"twitter:label1\" content=\"Tiempo de lectura\" \/>\n\t<meta name=\"twitter:data1\" content=\"2 minutos\" \/>\n<script type=\"application\/ld+json\" class=\"yoast-schema-graph\">{\"@context\":\"https:\\\/\\\/schema.org\",\"@graph\":[{\"@type\":\"Article\",\"@id\":\"https:\\\/\\\/fmgente.com.ar\\\/web\\\/nacho-castanares-revelo-cuales-son-los-fuertes-dolores-de-thiago-medina-tras-recibir-el-alta\\\/#article\",\"isPartOf\":{\"@id\":\"https:\\\/\\\/fmgente.com.ar\\\/web\\\/nacho-castanares-revelo-cuales-son-los-fuertes-dolores-de-thiago-medina-tras-recibir-el-alta\\\/\"},\"author\":{\"name\":\"\",\"@id\":\"\"},\"headline\":\"Nacho Casta\u00f1ares revel\u00f3 cu\u00e1les son los fuertes dolores de Thiago Medina tras recibir el alta\",\"datePublished\":\"2025-10-10T03:05:32+00:00\",\"mainEntityOfPage\":{\"@id\":\"https:\\\/\\\/fmgente.com.ar\\\/web\\\/nacho-castanares-revelo-cuales-son-los-fuertes-dolores-de-thiago-medina-tras-recibir-el-alta\\\/\"},\"wordCount\":416,\"publisher\":{\"@id\":\"https:\\\/\\\/fmgente.com.ar\\\/web\\\/#organization\"},\"image\":{\"@id\":\"https:\\\/\\\/fmgente.com.ar\\\/web\\\/nacho-castanares-revelo-cuales-son-los-fuertes-dolores-de-thiago-medina-tras-recibir-el-alta\\\/#primaryimage\"},\"thumbnailUrl\":\"https:\\\/\\\/fmgente.com.ar\\\/web\\\/wp-content\\\/uploads\\\/2025\\\/10\\\/Thiago-Medina-Daniela-359x226-37.jpg\",\"articleSection\":[\"DESTACADAS\"],\"inLanguage\":\"es\"},{\"@type\":\"WebPage\",\"@id\":\"https:\\\/\\\/fmgente.com.ar\\\/web\\\/nacho-castanares-revelo-cuales-son-los-fuertes-dolores-de-thiago-medina-tras-recibir-el-alta\\\/\",\"url\":\"https:\\\/\\\/fmgente.com.ar\\\/web\\\/nacho-castanares-revelo-cuales-son-los-fuertes-dolores-de-thiago-medina-tras-recibir-el-alta\\\/\",\"name\":\"Nacho Casta\u00f1ares revel\u00f3 cu\u00e1les son los fuertes dolores de Thiago Medina tras recibir el alta - Fm Gente\",\"isPartOf\":{\"@id\":\"https:\\\/\\\/fmgente.com.ar\\\/web\\\/#website\"},\"primaryImageOfPage\":{\"@id\":\"https:\\\/\\\/fmgente.com.ar\\\/web\\\/nacho-castanares-revelo-cuales-son-los-fuertes-dolores-de-thiago-medina-tras-recibir-el-alta\\\/#primaryimage\"},\"image\":{\"@id\":\"https:\\\/\\\/fmgente.com.ar\\\/web\\\/nacho-castanares-revelo-cuales-son-los-fuertes-dolores-de-thiago-medina-tras-recibir-el-alta\\\/#primaryimage\"},\"thumbnailUrl\":\"https:\\\/\\\/fmgente.com.ar\\\/web\\\/wp-content\\\/uploads\\\/2025\\\/10\\\/Thiago-Medina-Daniela-359x226-37.jpg\",\"datePublished\":\"2025-10-10T03:05:32+00:00\",\"inLanguage\":\"es\",\"potentialAction\":[{\"@type\":\"ReadAction\",\"target\":[\"https:\\\/\\\/fmgente.com.ar\\\/web\\\/nacho-castanares-revelo-cuales-son-los-fuertes-dolores-de-thiago-medina-tras-recibir-el-alta\\\/\"]}]},{\"@type\":\"ImageObject\",\"inLanguage\":\"es\",\"@id\":\"https:\\\/\\\/fmgente.com.ar\\\/web\\\/nacho-castanares-revelo-cuales-son-los-fuertes-dolores-de-thiago-medina-tras-recibir-el-alta\\\/#primaryimage\",\"url\":\"https:\\\/\\\/fmgente.com.ar\\\/web\\\/wp-content\\\/uploads\\\/2025\\\/10\\\/Thiago-Medina-Daniela-359x226-37.jpg\",\"contentUrl\":\"https:\\\/\\\/fmgente.com.ar\\\/web\\\/wp-content\\\/uploads\\\/2025\\\/10\\\/Thiago-Medina-Daniela-359x226-37.jpg\",\"width\":359,\"height\":226},{\"@type\":\"WebSite\",\"@id\":\"https:\\\/\\\/fmgente.com.ar\\\/web\\\/#website\",\"url\":\"https:\\\/\\\/fmgente.com.ar\\\/web\\\/\",\"name\":\"Fm Gente\",\"description\":\"- Jes\u00fas Mar\u00eda\",\"publisher\":{\"@id\":\"https:\\\/\\\/fmgente.com.ar\\\/web\\\/#organization\"},\"potentialAction\":[{\"@type\":\"SearchAction\",\"target\":{\"@type\":\"EntryPoint\",\"urlTemplate\":\"https:\\\/\\\/fmgente.com.ar\\\/web\\\/?s={search_term_string}\"},\"query-input\":{\"@type\":\"PropertyValueSpecification\",\"valueRequired\":true,\"valueName\":\"search_term_string\"}}],\"inLanguage\":\"es\"},{\"@type\":\"Organization\",\"@id\":\"https:\\\/\\\/fmgente.com.ar\\\/web\\\/#organization\",\"name\":\"Fm Gente\",\"url\":\"https:\\\/\\\/fmgente.com.ar\\\/web\\\/\",\"logo\":{\"@type\":\"ImageObject\",\"inLanguage\":\"es\",\"@id\":\"https:\\\/\\\/fmgente.com.ar\\\/web\\\/#\\\/schema\\\/logo\\\/image\\\/\",\"url\":\"https:\\\/\\\/fmgente.com.ar\\\/web\\\/wp-content\\\/uploads\\\/2023\\\/07\\\/cropped-cropped-logo-sombra2.png\",\"contentUrl\":\"https:\\\/\\\/fmgente.com.ar\\\/web\\\/wp-content\\\/uploads\\\/2023\\\/07\\\/cropped-cropped-logo-sombra2.png\",\"width\":1782,\"height\":1782,\"caption\":\"Fm Gente\"},\"image\":{\"@id\":\"https:\\\/\\\/fmgente.com.ar\\\/web\\\/#\\\/schema\\\/logo\\\/image\\\/\"}}]}<\/script>\n<!-- \/ Yoast SEO plugin. -->","yoast_head_json":{"title":"Nacho Casta\u00f1ares revel\u00f3 cu\u00e1les son los fuertes dolores de Thiago Medina tras recibir el alta - Fm Gente","robots":{"index":"index","follow":"follow","max-snippet":"max-snippet:-1","max-image-preview":"max-image-preview:large","max-video-preview":"max-video-preview:-1"},"canonical":"https:\/\/fmgente.com.ar\/web\/nacho-castanares-revelo-cuales-son-los-fuertes-dolores-de-thiago-medina-tras-recibir-el-alta\/","og_locale":"es_ES","og_type":"article","og_title":"Nacho Casta\u00f1ares revel\u00f3 cu\u00e1les son los fuertes dolores de Thiago Medina tras recibir el alta - Fm Gente","og_description":"Thiago Medina volvi\u00f3 a su casa y comenz\u00f3 su recuperaci\u00f3n rodeado de afecto. Su amigo","og_url":"https:\/\/fmgente.com.ar\/web\/nacho-castanares-revelo-cuales-son-los-fuertes-dolores-de-thiago-medina-tras-recibir-el-alta\/","og_site_name":"Fm Gente","article_published_time":"2025-10-10T03:05:32+00:00","og_image":[{"width":359,"height":226,"url":"https:\/\/fmgente.com.ar\/web\/wp-content\/uploads\/2025\/10\/Thiago-Medina-Daniela-359x226-37.jpg","type":"image\/jpeg"}],"twitter_card":"summary_large_image","twitter_misc":{"Tiempo de lectura":"2 minutos"},"schema":{"@context":"https:\/\/schema.org","@graph":[{"@type":"Article","@id":"https:\/\/fmgente.com.ar\/web\/nacho-castanares-revelo-cuales-son-los-fuertes-dolores-de-thiago-medina-tras-recibir-el-alta\/#article","isPartOf":{"@id":"https:\/\/fmgente.com.ar\/web\/nacho-castanares-revelo-cuales-son-los-fuertes-dolores-de-thiago-medina-tras-recibir-el-alta\/"},"author":{"name":"","@id":""},"headline":"Nacho Casta\u00f1ares revel\u00f3 cu\u00e1les son los fuertes dolores de Thiago Medina tras recibir el alta","datePublished":"2025-10-10T03:05:32+00:00","mainEntityOfPage":{"@id":"https:\/\/fmgente.com.ar\/web\/nacho-castanares-revelo-cuales-son-los-fuertes-dolores-de-thiago-medina-tras-recibir-el-alta\/"},"wordCount":416,"publisher":{"@id":"https:\/\/fmgente.com.ar\/web\/#organization"},"image":{"@id":"https:\/\/fmgente.com.ar\/web\/nacho-castanares-revelo-cuales-son-los-fuertes-dolores-de-thiago-medina-tras-recibir-el-alta\/#primaryimage"},"thumbnailUrl":"https:\/\/fmgente.com.ar\/web\/wp-content\/uploads\/2025\/10\/Thiago-Medina-Daniela-359x226-37.jpg","articleSection":["DESTACADAS"],"inLanguage":"es"},{"@type":"WebPage","@id":"https:\/\/fmgente.com.ar\/web\/nacho-castanares-revelo-cuales-son-los-fuertes-dolores-de-thiago-medina-tras-recibir-el-alta\/","url":"https:\/\/fmgente.com.ar\/web\/nacho-castanares-revelo-cuales-son-los-fuertes-dolores-de-thiago-medina-tras-recibir-el-alta\/","name":"Nacho Casta\u00f1ares revel\u00f3 cu\u00e1les son los fuertes dolores de Thiago Medina tras recibir el alta - Fm Gente","isPartOf":{"@id":"https:\/\/fmgente.com.ar\/web\/#website"},"primaryImageOfPage":{"@id":"https:\/\/fmgente.com.ar\/web\/nacho-castanares-revelo-cuales-son-los-fuertes-dolores-de-thiago-medina-tras-recibir-el-alta\/#primaryimage"},"image":{"@id":"https:\/\/fmgente.com.ar\/web\/nacho-castanares-revelo-cuales-son-los-fuertes-dolores-de-thiago-medina-tras-recibir-el-alta\/#primaryimage"},"thumbnailUrl":"https:\/\/fmgente.com.ar\/web\/wp-content\/uploads\/2025\/10\/Thiago-Medina-Daniela-359x226-37.jpg","datePublished":"2025-10-10T03:05:32+00:00","inLanguage":"es","potentialAction":[{"@type":"ReadAction","target":["https:\/\/fmgente.com.ar\/web\/nacho-castanares-revelo-cuales-son-los-fuertes-dolores-de-thiago-medina-tras-recibir-el-alta\/"]}]},{"@type":"ImageObject","inLanguage":"es","@id":"https:\/\/fmgente.com.ar\/web\/nacho-castanares-revelo-cuales-son-los-fuertes-dolores-de-thiago-medina-tras-recibir-el-alta\/#primaryimage","url":"https:\/\/fmgente.com.ar\/web\/wp-content\/uploads\/2025\/10\/Thiago-Medina-Daniela-359x226-37.jpg","contentUrl":"https:\/\/fmgente.com.ar\/web\/wp-content\/uploads\/2025\/10\/Thiago-Medina-Daniela-359x226-37.jpg","width":359,"height":226},{"@type":"WebSite","@id":"https:\/\/fmgente.com.ar\/web\/#website","url":"https:\/\/fmgente.com.ar\/web\/","name":"Fm Gente","description":"- Jes\u00fas Mar\u00eda","publisher":{"@id":"https:\/\/fmgente.com.ar\/web\/#organization"},"potentialAction":[{"@type":"SearchAction","target":{"@type":"EntryPoint","urlTemplate":"https:\/\/fmgente.com.ar\/web\/?s={search_term_string}"},"query-input":{"@type":"PropertyValueSpecification","valueRequired":true,"valueName":"search_term_string"}}],"inLanguage":"es"},{"@type":"Organization","@id":"https:\/\/fmgente.com.ar\/web\/#organization","name":"Fm Gente","url":"https:\/\/fmgente.com.ar\/web\/","logo":{"@type":"ImageObject","inLanguage":"es","@id":"https:\/\/fmgente.com.ar\/web\/#\/schema\/logo\/image\/","url":"https:\/\/fmgente.com.ar\/web\/wp-content\/uploads\/2023\/07\/cropped-cropped-logo-sombra2.png","contentUrl":"https:\/\/fmgente.com.ar\/web\/wp-content\/uploads\/2023\/07\/cropped-cropped-logo-sombra2.png","width":1782,"height":1782,"caption":"Fm Gente"},"image":{"@id":"https:\/\/fmgente.com.ar\/web\/#\/schema\/logo\/image\/"}}]}},"_links":{"self":[{"href":"https:\/\/fmgente.com.ar\/web\/wp-json\/wp\/v2\/posts\/6528","targetHints":{"allow":["GET"]}}],"collection":[{"href":"https:\/\/fmgente.com.ar\/web\/wp-json\/wp\/v2\/posts"}],"about":[{"href":"https:\/\/fmgente.com.ar\/web\/wp-json\/wp\/v2\/types\/post"}],"replies":[{"embeddable":true,"href":"https:\/\/fmgente.com.ar\/web\/wp-json\/wp\/v2\/comments?post=6528"}],"version-history":[{"count":0,"href":"https:\/\/fmgente.com.ar\/web\/wp-json\/wp\/v2\/posts\/6528\/revisions"}],"wp:featuredmedia":[{"embeddable":true,"href":"https:\/\/fmgente.com.ar\/web\/wp-json\/wp\/v2\/media\/6529"}],"wp:attachment":[{"href":"https:\/\/fmgente.com.ar\/web\/wp-json\/wp\/v2\/media?parent=6528"}],"wp:term":[{"taxonomy":"category","embeddable":true,"href":"https:\/\/fmgente.com.ar\/web\/wp-json\/wp\/v2\/categories?post=6528"},{"taxonomy":"post_tag","embeddable":true,"href":"https:\/\/fmgente.com.ar\/web\/wp-json\/wp\/v2\/tags?post=6528"}],"curies":[{"name":"wp","href":"https:\/\/api.w.org\/{rel}","templated":true}]}}