{"id":6526,"date":"2025-10-10T00:05:32","date_gmt":"2025-10-10T03:05:32","guid":{"rendered":"https:\/\/fmgente.com.ar\/la-emocion-de-nico-vazquez-en-medio-de-su-romance-con-dai-fernandez-en-la-vida-hay-senales\/"},"modified":"2025-10-10T00:05:32","modified_gmt":"2025-10-10T03:05:32","slug":"la-emocion-de-nico-vazquez-en-medio-de-su-romance-con-dai-fernandez-en-la-vida-hay-senales","status":"publish","type":"post","link":"https:\/\/fmgente.com.ar\/web\/la-emocion-de-nico-vazquez-en-medio-de-su-romance-con-dai-fernandez-en-la-vida-hay-senales\/","title":{"rendered":"La emoci\u00f3n de Nico V\u00e1zquez en medio de su romance con Dai Fern\u00e1ndez: \u201cEn la vida hay se\u00f1ales\u2026\u201d"},"content":{"rendered":"<p><strong>Nico V\u00e1zquez<\/strong> volvi\u00f3 a quedar en el ojo de la tormenta durante las \u00faltimas horas, luego de ser vinculado nuevamente a un potencial romance con<strong> Dai Fern\u00e1ndez<\/strong>. Despu\u00e9s de su escandalosa separaci\u00f3n de <strong>Gimena Accardi<\/strong>, el actor pas\u00f3 a estar bajo la lupa de todos. Se habla de un fuerte acercamiento a su compa\u00f1era de obra de <strong><em>Rocky<\/em><\/strong>, algo que ni \u00e9l mismo se anim\u00f3 a desmentir.<\/p>\n<p><em>\u201cNo quiero hablar de mi vida privada, porque habl\u00e9 durante mucho tiempo. 30 a\u00f1os hablando de mi vida privada y siento que en este momento me quiero preservar, me quiero cuidar\u201d<\/em>, cont\u00f3 <strong><a href=\"https:\/\/www.paparazzi.com.ar\/romances\/a-un-paso-de-blanquear-nico-vazquez-y-dai-fernandez-el-romance-que-ya-nadie-oculta\/\">Nico<\/a><\/strong> este jueves en una nota que dio para <strong><em>Puro Show<\/em><\/strong>. Y si bien no quiso hablar de su vida sentimental, desliz\u00f3 una enigm\u00e1tica frase cuando le preguntaron por <strong>Dai<\/strong> y ese posible romance.<\/p>\n<p><em>\u201cEstoy muy bien. Con quien sea que empiece algo, ustedes se van a enterar, porque siempre lo hice, me mostr\u00e9. Si hoy no me est\u00e1n viendo en ning\u00fan lado, quiz\u00e1s es porque todav\u00eda no empec\u00e9 nada con nadie. Pero el d\u00eda que empiece a estar con alguien, ustedes se van a enterar, porque no soy de esconderme. Tengo ganas de vivir la vida, tengo ganas de ser feliz\u201d<\/em>, lanz\u00f3 <strong><a href=\"https:\/\/www.paparazzi.com.ar\/romances\/un-distinto-que-hizo-nico-vazquez-para-blanquear-el-explosivo-romance-con-su-companera-dai-fernandez\/\">V\u00e1zquez<\/a><\/strong>. \u00bfEntonces?<\/p>\n<div class=\"mt-box \">\n<h4 class=\"mt-heading\">Mir\u00e1 Tambi\u00e9n<\/h4>\n<p><a href=\"https:\/\/www.paparazzi.com.ar\/videos\/exclusivo-daniela-celis-confirmo-el-ultimo-paso-para-que-thiago-medina-reciba-el-alta\/\"><\/p>\n<div class=\"mt-content\">\n<div class=\"mt-image-container\"><img decoding=\"async\" src=\"https:\/\/www.paparazzi.com.ar\/wp-content\/uploads\/2025\/10\/Thiago-Medina-Daniela-359x226.jpg\" alt=\"\u00a1Exclusivo! Daniela Celis confirm\u00f3 el \u00faltimo paso para que Thiago Medina reciba el alta\" class=\"mt-image\" loading=\"lazy\" \/><\/div>\n<h5 class=\"mt-title\">\u00a1Exclusivo! Daniela Celis confirm\u00f3 el \u00faltimo paso para que Thiago Medina reciba el alta<\/h5>\n<\/div>\n<p><\/a><\/div>\n<p>En medio de todo esto, por estas horas el ciclo Buenas noches familia de <strong>Guido Kaczka<\/strong> tuvo dentro de sus invitados a <strong><a href=\"https:\/\/www.paparazzi.com.ar\/romances\/la-fuerte-relevacion-de-nico-vazquez-por-su-relacion-con-dai-fernandez-empece-a-sentir-algo\/\">Nico<\/a><\/strong>. Y lo particular es que, en un momento, el conductor se emocion\u00f3 al contar una an\u00e9cdota que r\u00e1pidamente sensibiliz\u00f3 a todos, incluyendo al actor que decidi\u00f3 contar c\u00f3mo vivi\u00f3 ese momento desde lo \u00edntimo y abrir su coraz\u00f3n.<\/p>\n<h2 class=\"wp-block-heading\">NICO V\u00c1ZQUEZ RECORD\u00d3 C\u00d3MO FUE LA MUERTE DE SU HERMANO SANTIAGO<\/h2>\n<p>Todo comenz\u00f3 con una revelaci\u00f3n de <strong>Kaczka<\/strong> al escuchar la historia de amor de una de las participantes. En ese momento, el conductor se sincer\u00f3: <em>\u201cLo que ella cuenta de c\u00f3mo muri\u00f3 Dionisio&#8230; es muy parecida la situaci\u00f3n, porque fue despu\u00e9s del cumplea\u00f1os, a cuando muri\u00f3 mi pap\u00e1. Mi pap\u00e1 muri\u00f3 de muerte s\u00fabita. \u00c9l le dec\u00eda a mi mam\u00e1 \u2018Susana, te quiero mucho, ven\u00ed, abrazame\u2019, y despu\u00e9s de ese ratito que estaba ah\u00ed, mi mam\u00e1 mir\u00f3 y le dijo \u2018Ay, Susana, me parece que me mareo\u2019, y se fue\u201d<\/em>.<\/p>\n<p>Entonces fue <strong>V\u00e1zquez<\/strong> quien tom\u00f3 la posta, recordando su propio golpe: <em>\u201cEncima est\u00e1bamos trabajando juntos cuando pas\u00f3. Yo te acompa\u00f1\u00e9 mucho sin saber que despu\u00e9s le iba a pasar lo mismo a mi hermano, que muri\u00f3 de muerte s\u00fabita con 27 a\u00f1os\u201d<\/em>.<\/p>\n<div class=\"mt-box \">\n<h4 class=\"mt-heading\">Mir\u00e1 Tambi\u00e9n<\/h4>\n<p><a href=\"https:\/\/www.paparazzi.com.ar\/romances\/a-un-paso-de-blanquear-nico-vazquez-y-dai-fernandez-el-romance-que-ya-nadie-oculta\/\"><\/p>\n<div class=\"mt-content\">\n<div class=\"mt-image-container\"><img decoding=\"async\" src=\"https:\/\/www.paparazzi.com.ar\/wp-content\/uploads\/2025\/10\/nico-vazquez-dai-fernandez-359x226.jpg\" alt=\"\u00a1A un paso de blanquear! Nico V\u00e1zquez y Dai Fern\u00e1ndez, el romance que ya nadie oculta\" class=\"mt-image\" loading=\"lazy\" \/><\/div>\n<h5 class=\"mt-title\">\u00a1A un paso de blanquear! Nico V\u00e1zquez y Dai Fern\u00e1ndez, el romance que ya nadie oculta<\/h5>\n<\/div>\n<p><\/a><\/div>\n<p><strong>Nico<\/strong> fue m\u00e1s all\u00e1 al contar el ejemplo que dej\u00f3 la triste muerte de su hermano Santiago: <em>\u201cEn la vida, a veces, sin querer, hay causalidades o se\u00f1ales\u2026 Dios, quien sea, te va preparando para lo que ten\u00e9s que afrontar. Primero estuve de este lado, y despu\u00e9s me toc\u00f3 estar del otro. Y me acuerdo c\u00f3mo estabas vos con lo de tu viejo, perfectamente, porque fue muy duro\u201d<\/em>.<\/p>\n<p>Todav\u00eda emocionado y tras un intercambio con el conductor, <strong>Nicol\u00e1s<\/strong> mir\u00f3 a la participante y agreg\u00f3: <em>\u201cLa miro y pienso en mi abuela. La resiliencia de perder a tu compa\u00f1ero de vida, es muy dif\u00edcil\u201d<\/em>. Y cerr\u00f3 con una frase que qued\u00f3 flotando en el aire: <em>\u201cEllos siguen estando con nosotros, en otro plano, es as\u00ed\u201d<\/em>.<\/p>\n<div class=\"mt-box \">\n<h4 class=\"mt-heading\">Mir\u00e1 Tambi\u00e9n<\/h4>\n<p><a href=\"https:\/\/www.paparazzi.com.ar\/romances\/un-distinto-que-hizo-nico-vazquez-para-blanquear-el-explosivo-romance-con-su-companera-dai-fernandez\/\"><\/p>\n<div class=\"mt-content\">\n<div class=\"mt-image-container\"><img decoding=\"async\" src=\"https:\/\/www.paparazzi.com.ar\/wp-content\/uploads\/2025\/10\/Nico-Vazquez-Dai-1-359x226.jpg\" alt=\"\u00a1Un distinto! Qu\u00e9 hizo Nico V\u00e1zquez para blanquear el explosivo romance con su compa\u00f1era Dai Fern\u00e1ndez\" class=\"mt-image\" loading=\"lazy\" \/><\/div>\n<h5 class=\"mt-title\">\u00a1Un distinto! Qu\u00e9 hizo Nico V\u00e1zquez para blanquear el explosivo romance con su compa\u00f1era Dai Fern\u00e1ndez<\/h5>\n<\/div>\n<p><\/a><\/div>\n<div class=\"mt-box \">\n<h4 class=\"mt-heading\">Mir\u00e1 Tambi\u00e9n<\/h4>\n<p><a href=\"https:\/\/www.paparazzi.com.ar\/romances\/la-fuerte-relevacion-de-nico-vazquez-por-su-relacion-con-dai-fernandez-empece-a-sentir-algo\/\"><\/p>\n<div class=\"mt-content\">\n<div class=\"mt-image-container\"><img decoding=\"async\" src=\"https:\/\/www.paparazzi.com.ar\/wp-content\/uploads\/2025\/08\/Nico-Vazquez-Dai-Fernandez-1.jpg.webp\" alt=\"La fuerte relevaci\u00f3n de Nico V\u00e1zquez por su relaci\u00f3n con Dai Fern\u00e1ndez: \u201cEmpec\u00e9 a sentir algo\u2026\u201d\" class=\"mt-image\" loading=\"lazy\" \/><\/div>\n<h5 class=\"mt-title\">La fuerte relevaci\u00f3n de Nico V\u00e1zquez por su relaci\u00f3n con Dai Fern\u00e1ndez: \u201cEmpec\u00e9 a sentir algo\u2026\u201d<\/h5>\n<\/div>\n<p><\/a><\/div>\n<p>The post <a href=\"https:\/\/www.paparazzi.com.ar\/romances\/la-emocion-de-nico-vazquez-en-medio-de-su-romance-con-dai-fernandez-en-la-vida-hay-senales\/\">La emoci\u00f3n de Nico V\u00e1zquez en medio de su romance con Dai Fern\u00e1ndez: \u201cEn la vida hay se\u00f1ales\u2026\u201d<\/a> appeared first on <a href=\"https:\/\/www.paparazzi.com.ar\">Revista Paparazzi<\/a>.<\/p>\n","protected":false},"excerpt":{"rendered":"<p>Nico V\u00e1zquez volvi\u00f3 a quedar en el ojo de la tormenta durante las \u00faltimas horas,<\/p>\n","protected":false},"author":0,"featured_media":6527,"comment_status":"","ping_status":"","sticky":false,"template":"","format":"standard","meta":{"footnotes":""},"categories":[11],"tags":[],"class_list":["post-6526","post","type-post","status-publish","format-standard","has-post-thumbnail","hentry","category-destacadas"],"yoast_head":"<!-- This site is optimized with the Yoast SEO plugin v28.3 - https:\/\/yoast.com\/product\/yoast-seo-wordpress\/ -->\n<title>La emoci\u00f3n de Nico V\u00e1zquez en medio de su romance con Dai Fern\u00e1ndez: \u201cEn la vida hay se\u00f1ales\u2026\u201d - Fm Gente<\/title>\n<meta name=\"robots\" content=\"index, follow, max-snippet:-1, max-image-preview:large, max-video-preview:-1\" \/>\n<link rel=\"canonical\" href=\"https:\/\/fmgente.com.ar\/web\/la-emocion-de-nico-vazquez-en-medio-de-su-romance-con-dai-fernandez-en-la-vida-hay-senales\/\" \/>\n<meta property=\"og:locale\" content=\"es_ES\" \/>\n<meta property=\"og:type\" content=\"article\" \/>\n<meta property=\"og:title\" content=\"La emoci\u00f3n de Nico V\u00e1zquez en medio de su romance con Dai Fern\u00e1ndez: \u201cEn la vida hay se\u00f1ales\u2026\u201d - Fm Gente\" \/>\n<meta property=\"og:description\" content=\"Nico V\u00e1zquez volvi\u00f3 a quedar en el ojo de la tormenta durante las \u00faltimas horas,\" \/>\n<meta property=\"og:url\" content=\"https:\/\/fmgente.com.ar\/web\/la-emocion-de-nico-vazquez-en-medio-de-su-romance-con-dai-fernandez-en-la-vida-hay-senales\/\" \/>\n<meta property=\"og:site_name\" content=\"Fm Gente\" \/>\n<meta property=\"article:published_time\" content=\"2025-10-10T03:05:32+00:00\" \/>\n<meta property=\"og:image\" content=\"https:\/\/fmgente.com.ar\/web\/wp-content\/uploads\/2025\/10\/Thiago-Medina-Daniela-359x226-36.jpg\" \/>\n\t<meta property=\"og:image:width\" content=\"359\" \/>\n\t<meta property=\"og:image:height\" content=\"226\" \/>\n\t<meta property=\"og:image:type\" content=\"image\/jpeg\" \/>\n<meta name=\"twitter:card\" content=\"summary_large_image\" \/>\n<meta name=\"twitter:label1\" content=\"Tiempo de lectura\" \/>\n\t<meta name=\"twitter:data1\" content=\"3 minutos\" \/>\n<script type=\"application\/ld+json\" class=\"yoast-schema-graph\">{\"@context\":\"https:\\\/\\\/schema.org\",\"@graph\":[{\"@type\":\"Article\",\"@id\":\"https:\\\/\\\/fmgente.com.ar\\\/web\\\/la-emocion-de-nico-vazquez-en-medio-de-su-romance-con-dai-fernandez-en-la-vida-hay-senales\\\/#article\",\"isPartOf\":{\"@id\":\"https:\\\/\\\/fmgente.com.ar\\\/web\\\/la-emocion-de-nico-vazquez-en-medio-de-su-romance-con-dai-fernandez-en-la-vida-hay-senales\\\/\"},\"author\":{\"name\":\"\",\"@id\":\"\"},\"headline\":\"La emoci\u00f3n de Nico V\u00e1zquez en medio de su romance con Dai Fern\u00e1ndez: \u201cEn la vida hay se\u00f1ales\u2026\u201d\",\"datePublished\":\"2025-10-10T03:05:32+00:00\",\"mainEntityOfPage\":{\"@id\":\"https:\\\/\\\/fmgente.com.ar\\\/web\\\/la-emocion-de-nico-vazquez-en-medio-de-su-romance-con-dai-fernandez-en-la-vida-hay-senales\\\/\"},\"wordCount\":705,\"publisher\":{\"@id\":\"https:\\\/\\\/fmgente.com.ar\\\/web\\\/#organization\"},\"image\":{\"@id\":\"https:\\\/\\\/fmgente.com.ar\\\/web\\\/la-emocion-de-nico-vazquez-en-medio-de-su-romance-con-dai-fernandez-en-la-vida-hay-senales\\\/#primaryimage\"},\"thumbnailUrl\":\"https:\\\/\\\/fmgente.com.ar\\\/web\\\/wp-content\\\/uploads\\\/2025\\\/10\\\/Thiago-Medina-Daniela-359x226-36.jpg\",\"articleSection\":[\"DESTACADAS\"],\"inLanguage\":\"es\"},{\"@type\":\"WebPage\",\"@id\":\"https:\\\/\\\/fmgente.com.ar\\\/web\\\/la-emocion-de-nico-vazquez-en-medio-de-su-romance-con-dai-fernandez-en-la-vida-hay-senales\\\/\",\"url\":\"https:\\\/\\\/fmgente.com.ar\\\/web\\\/la-emocion-de-nico-vazquez-en-medio-de-su-romance-con-dai-fernandez-en-la-vida-hay-senales\\\/\",\"name\":\"La emoci\u00f3n de Nico V\u00e1zquez en medio de su romance con Dai Fern\u00e1ndez: \u201cEn la vida hay se\u00f1ales\u2026\u201d - Fm Gente\",\"isPartOf\":{\"@id\":\"https:\\\/\\\/fmgente.com.ar\\\/web\\\/#website\"},\"primaryImageOfPage\":{\"@id\":\"https:\\\/\\\/fmgente.com.ar\\\/web\\\/la-emocion-de-nico-vazquez-en-medio-de-su-romance-con-dai-fernandez-en-la-vida-hay-senales\\\/#primaryimage\"},\"image\":{\"@id\":\"https:\\\/\\\/fmgente.com.ar\\\/web\\\/la-emocion-de-nico-vazquez-en-medio-de-su-romance-con-dai-fernandez-en-la-vida-hay-senales\\\/#primaryimage\"},\"thumbnailUrl\":\"https:\\\/\\\/fmgente.com.ar\\\/web\\\/wp-content\\\/uploads\\\/2025\\\/10\\\/Thiago-Medina-Daniela-359x226-36.jpg\",\"datePublished\":\"2025-10-10T03:05:32+00:00\",\"inLanguage\":\"es\",\"potentialAction\":[{\"@type\":\"ReadAction\",\"target\":[\"https:\\\/\\\/fmgente.com.ar\\\/web\\\/la-emocion-de-nico-vazquez-en-medio-de-su-romance-con-dai-fernandez-en-la-vida-hay-senales\\\/\"]}]},{\"@type\":\"ImageObject\",\"inLanguage\":\"es\",\"@id\":\"https:\\\/\\\/fmgente.com.ar\\\/web\\\/la-emocion-de-nico-vazquez-en-medio-de-su-romance-con-dai-fernandez-en-la-vida-hay-senales\\\/#primaryimage\",\"url\":\"https:\\\/\\\/fmgente.com.ar\\\/web\\\/wp-content\\\/uploads\\\/2025\\\/10\\\/Thiago-Medina-Daniela-359x226-36.jpg\",\"contentUrl\":\"https:\\\/\\\/fmgente.com.ar\\\/web\\\/wp-content\\\/uploads\\\/2025\\\/10\\\/Thiago-Medina-Daniela-359x226-36.jpg\",\"width\":359,\"height\":226},{\"@type\":\"WebSite\",\"@id\":\"https:\\\/\\\/fmgente.com.ar\\\/web\\\/#website\",\"url\":\"https:\\\/\\\/fmgente.com.ar\\\/web\\\/\",\"name\":\"Fm Gente\",\"description\":\"- Jes\u00fas Mar\u00eda\",\"publisher\":{\"@id\":\"https:\\\/\\\/fmgente.com.ar\\\/web\\\/#organization\"},\"potentialAction\":[{\"@type\":\"SearchAction\",\"target\":{\"@type\":\"EntryPoint\",\"urlTemplate\":\"https:\\\/\\\/fmgente.com.ar\\\/web\\\/?s={search_term_string}\"},\"query-input\":{\"@type\":\"PropertyValueSpecification\",\"valueRequired\":true,\"valueName\":\"search_term_string\"}}],\"inLanguage\":\"es\"},{\"@type\":\"Organization\",\"@id\":\"https:\\\/\\\/fmgente.com.ar\\\/web\\\/#organization\",\"name\":\"Fm Gente\",\"url\":\"https:\\\/\\\/fmgente.com.ar\\\/web\\\/\",\"logo\":{\"@type\":\"ImageObject\",\"inLanguage\":\"es\",\"@id\":\"https:\\\/\\\/fmgente.com.ar\\\/web\\\/#\\\/schema\\\/logo\\\/image\\\/\",\"url\":\"https:\\\/\\\/fmgente.com.ar\\\/web\\\/wp-content\\\/uploads\\\/2023\\\/07\\\/cropped-cropped-logo-sombra2.png\",\"contentUrl\":\"https:\\\/\\\/fmgente.com.ar\\\/web\\\/wp-content\\\/uploads\\\/2023\\\/07\\\/cropped-cropped-logo-sombra2.png\",\"width\":1782,\"height\":1782,\"caption\":\"Fm Gente\"},\"image\":{\"@id\":\"https:\\\/\\\/fmgente.com.ar\\\/web\\\/#\\\/schema\\\/logo\\\/image\\\/\"}}]}<\/script>\n<!-- \/ Yoast SEO plugin. -->","yoast_head_json":{"title":"La emoci\u00f3n de Nico V\u00e1zquez en medio de su romance con Dai Fern\u00e1ndez: \u201cEn la vida hay se\u00f1ales\u2026\u201d - Fm Gente","robots":{"index":"index","follow":"follow","max-snippet":"max-snippet:-1","max-image-preview":"max-image-preview:large","max-video-preview":"max-video-preview:-1"},"canonical":"https:\/\/fmgente.com.ar\/web\/la-emocion-de-nico-vazquez-en-medio-de-su-romance-con-dai-fernandez-en-la-vida-hay-senales\/","og_locale":"es_ES","og_type":"article","og_title":"La emoci\u00f3n de Nico V\u00e1zquez en medio de su romance con Dai Fern\u00e1ndez: \u201cEn la vida hay se\u00f1ales\u2026\u201d - Fm Gente","og_description":"Nico V\u00e1zquez volvi\u00f3 a quedar en el ojo de la tormenta durante las \u00faltimas horas,","og_url":"https:\/\/fmgente.com.ar\/web\/la-emocion-de-nico-vazquez-en-medio-de-su-romance-con-dai-fernandez-en-la-vida-hay-senales\/","og_site_name":"Fm Gente","article_published_time":"2025-10-10T03:05:32+00:00","og_image":[{"width":359,"height":226,"url":"https:\/\/fmgente.com.ar\/web\/wp-content\/uploads\/2025\/10\/Thiago-Medina-Daniela-359x226-36.jpg","type":"image\/jpeg"}],"twitter_card":"summary_large_image","twitter_misc":{"Tiempo de lectura":"3 minutos"},"schema":{"@context":"https:\/\/schema.org","@graph":[{"@type":"Article","@id":"https:\/\/fmgente.com.ar\/web\/la-emocion-de-nico-vazquez-en-medio-de-su-romance-con-dai-fernandez-en-la-vida-hay-senales\/#article","isPartOf":{"@id":"https:\/\/fmgente.com.ar\/web\/la-emocion-de-nico-vazquez-en-medio-de-su-romance-con-dai-fernandez-en-la-vida-hay-senales\/"},"author":{"name":"","@id":""},"headline":"La emoci\u00f3n de Nico V\u00e1zquez en medio de su romance con Dai Fern\u00e1ndez: \u201cEn la vida hay se\u00f1ales\u2026\u201d","datePublished":"2025-10-10T03:05:32+00:00","mainEntityOfPage":{"@id":"https:\/\/fmgente.com.ar\/web\/la-emocion-de-nico-vazquez-en-medio-de-su-romance-con-dai-fernandez-en-la-vida-hay-senales\/"},"wordCount":705,"publisher":{"@id":"https:\/\/fmgente.com.ar\/web\/#organization"},"image":{"@id":"https:\/\/fmgente.com.ar\/web\/la-emocion-de-nico-vazquez-en-medio-de-su-romance-con-dai-fernandez-en-la-vida-hay-senales\/#primaryimage"},"thumbnailUrl":"https:\/\/fmgente.com.ar\/web\/wp-content\/uploads\/2025\/10\/Thiago-Medina-Daniela-359x226-36.jpg","articleSection":["DESTACADAS"],"inLanguage":"es"},{"@type":"WebPage","@id":"https:\/\/fmgente.com.ar\/web\/la-emocion-de-nico-vazquez-en-medio-de-su-romance-con-dai-fernandez-en-la-vida-hay-senales\/","url":"https:\/\/fmgente.com.ar\/web\/la-emocion-de-nico-vazquez-en-medio-de-su-romance-con-dai-fernandez-en-la-vida-hay-senales\/","name":"La emoci\u00f3n de Nico V\u00e1zquez en medio de su romance con Dai Fern\u00e1ndez: \u201cEn la vida hay se\u00f1ales\u2026\u201d - Fm Gente","isPartOf":{"@id":"https:\/\/fmgente.com.ar\/web\/#website"},"primaryImageOfPage":{"@id":"https:\/\/fmgente.com.ar\/web\/la-emocion-de-nico-vazquez-en-medio-de-su-romance-con-dai-fernandez-en-la-vida-hay-senales\/#primaryimage"},"image":{"@id":"https:\/\/fmgente.com.ar\/web\/la-emocion-de-nico-vazquez-en-medio-de-su-romance-con-dai-fernandez-en-la-vida-hay-senales\/#primaryimage"},"thumbnailUrl":"https:\/\/fmgente.com.ar\/web\/wp-content\/uploads\/2025\/10\/Thiago-Medina-Daniela-359x226-36.jpg","datePublished":"2025-10-10T03:05:32+00:00","inLanguage":"es","potentialAction":[{"@type":"ReadAction","target":["https:\/\/fmgente.com.ar\/web\/la-emocion-de-nico-vazquez-en-medio-de-su-romance-con-dai-fernandez-en-la-vida-hay-senales\/"]}]},{"@type":"ImageObject","inLanguage":"es","@id":"https:\/\/fmgente.com.ar\/web\/la-emocion-de-nico-vazquez-en-medio-de-su-romance-con-dai-fernandez-en-la-vida-hay-senales\/#primaryimage","url":"https:\/\/fmgente.com.ar\/web\/wp-content\/uploads\/2025\/10\/Thiago-Medina-Daniela-359x226-36.jpg","contentUrl":"https:\/\/fmgente.com.ar\/web\/wp-content\/uploads\/2025\/10\/Thiago-Medina-Daniela-359x226-36.jpg","width":359,"height":226},{"@type":"WebSite","@id":"https:\/\/fmgente.com.ar\/web\/#website","url":"https:\/\/fmgente.com.ar\/web\/","name":"Fm Gente","description":"- Jes\u00fas Mar\u00eda","publisher":{"@id":"https:\/\/fmgente.com.ar\/web\/#organization"},"potentialAction":[{"@type":"SearchAction","target":{"@type":"EntryPoint","urlTemplate":"https:\/\/fmgente.com.ar\/web\/?s={search_term_string}"},"query-input":{"@type":"PropertyValueSpecification","valueRequired":true,"valueName":"search_term_string"}}],"inLanguage":"es"},{"@type":"Organization","@id":"https:\/\/fmgente.com.ar\/web\/#organization","name":"Fm Gente","url":"https:\/\/fmgente.com.ar\/web\/","logo":{"@type":"ImageObject","inLanguage":"es","@id":"https:\/\/fmgente.com.ar\/web\/#\/schema\/logo\/image\/","url":"https:\/\/fmgente.com.ar\/web\/wp-content\/uploads\/2023\/07\/cropped-cropped-logo-sombra2.png","contentUrl":"https:\/\/fmgente.com.ar\/web\/wp-content\/uploads\/2023\/07\/cropped-cropped-logo-sombra2.png","width":1782,"height":1782,"caption":"Fm Gente"},"image":{"@id":"https:\/\/fmgente.com.ar\/web\/#\/schema\/logo\/image\/"}}]}},"_links":{"self":[{"href":"https:\/\/fmgente.com.ar\/web\/wp-json\/wp\/v2\/posts\/6526","targetHints":{"allow":["GET"]}}],"collection":[{"href":"https:\/\/fmgente.com.ar\/web\/wp-json\/wp\/v2\/posts"}],"about":[{"href":"https:\/\/fmgente.com.ar\/web\/wp-json\/wp\/v2\/types\/post"}],"replies":[{"embeddable":true,"href":"https:\/\/fmgente.com.ar\/web\/wp-json\/wp\/v2\/comments?post=6526"}],"version-history":[{"count":0,"href":"https:\/\/fmgente.com.ar\/web\/wp-json\/wp\/v2\/posts\/6526\/revisions"}],"wp:featuredmedia":[{"embeddable":true,"href":"https:\/\/fmgente.com.ar\/web\/wp-json\/wp\/v2\/media\/6527"}],"wp:attachment":[{"href":"https:\/\/fmgente.com.ar\/web\/wp-json\/wp\/v2\/media?parent=6526"}],"wp:term":[{"taxonomy":"category","embeddable":true,"href":"https:\/\/fmgente.com.ar\/web\/wp-json\/wp\/v2\/categories?post=6526"},{"taxonomy":"post_tag","embeddable":true,"href":"https:\/\/fmgente.com.ar\/web\/wp-json\/wp\/v2\/tags?post=6526"}],"curies":[{"name":"wp","href":"https:\/\/api.w.org\/{rel}","templated":true}]}}