{"id":6522,"date":"2025-10-09T23:05:15","date_gmt":"2025-10-10T02:05:15","guid":{"rendered":"https:\/\/fmgente.com.ar\/quien-es-la-historica-panelista-que-abandona-su-programa-porque-sus-companeros-no-la-quieren\/"},"modified":"2025-10-09T23:05:15","modified_gmt":"2025-10-10T02:05:15","slug":"quien-es-la-historica-panelista-que-abandona-su-programa-porque-sus-companeros-no-la-quieren","status":"publish","type":"post","link":"https:\/\/fmgente.com.ar\/web\/quien-es-la-historica-panelista-que-abandona-su-programa-porque-sus-companeros-no-la-quieren\/","title":{"rendered":"Qui\u00e9n es la hist\u00f3rica panelista que abandona su programa porque sus compa\u00f1eros no la quieren"},"content":{"rendered":"<p>La televisi\u00f3n argentina viene presentando diferentes cambios y muchos de ellos se presentaron a lo largo de los \u00faltimos meses. En ese aspecto, <em>El Trece<\/em> fue uno de los canales que m\u00e1s fichas movi\u00f3 y ahora se habla de una salida hist\u00f3rica:<strong> <a href=\"https:\/\/www.paparazzi.com.ar\/teve\/angel-de-brito-revelo-el-peor-secreto-de-la-salida-de-fernanda-iglesias-de-lam-mentirosa-loca-y\/\">Fernanda Iglesias<\/a><\/strong>.<\/p>\n<p>Habiendo llegado a <em>Puro Show<\/em>, como una de las periodistas mujeres que se sum\u00f3 al staff, tras lo que signific\u00f3 toda su salida de LAM, hay una fuerte informaci\u00f3n sobre que la convivencia con sus compa\u00f1eros se torn\u00f3 \u00abinsostenible\u00bb, seg\u00fan cont\u00f3 <strong>Santiago Riva Roy<\/strong> en <em>Bondi<\/em>.<\/p>\n<p>\u201c<em>Es insostenible la convivencia con Fernanda en el equipo, incluso con la gente de vestuario. Hac\u00eda investigar a los conductores del programa y habla pestes de todos<\/em>\u201d, expuso el joven periodista, sacando a la luz lo que pasa en el programa de espect\u00e1culos.<\/p>\n<div class=\"mt-box \">\n<h4 class=\"mt-heading\">Mir\u00e1 Tambi\u00e9n<\/h4>\n<p><a href=\"https:\/\/www.paparazzi.com.ar\/teve\/exclusivo-el-video-de-la-salida-de-thiago-medina-del-hospital-que-famosos-lo-fueron-a-buscar\/\"><\/p>\n<div class=\"mt-content\">\n<div class=\"mt-image-container\"><img decoding=\"async\" src=\"https:\/\/www.paparazzi.com.ar\/wp-content\/uploads\/2025\/10\/Thiago-Medina-hospital-359x226.jpg\" alt=\"\u00a1Exclusivo! El video de la salida de Thiago Medina del hospital: qu\u00e9 famosos lo fueron a buscar\" class=\"mt-image\" loading=\"lazy\" \/><\/div>\n<h5 class=\"mt-title\">\u00a1Exclusivo! El video de la salida de Thiago Medina del hospital: qu\u00e9 famosos lo fueron a buscar<\/h5>\n<\/div>\n<p><\/a><\/div>\n<p>No obstante, su posible salida de <em>Puro Show<\/em> no significar\u00eda una partida definitiva del canal sino que se quedar\u00eda pero para otro formato. Teniendo en cuenta que<em> Mujeres Argentina<\/em> finaliza al cierrre de este mes y luego comenzar\u00e1 una nueva apuesta, con <strong><a href=\"https:\/\/www.paparazzi.com.ar\/teve\/maria-belen-luduena-envuelta-en-otra-fuerte-polemica-levantan-su-programa-y-filtran-un-duro-mensaje-que-mando-a-sus-companeras\/\">Bel\u00e9n Ludue\u00f1a<\/a> <\/strong>a la cabeza, Iglesias formar\u00e1 parte de ese proyecto.<\/p>\n<h2 class=\"wp-block-heading\">LA PARTIDA DE FERNANDA IGLESIAS EN PURO SHOW<\/h2>\n<p>\u201c<em>La periodista que integra el panel del programa que conducen Pampito y Mat\u00edas Vazquez junto a Pochi, Angie Balbiani y Caro Molinari, permanecer\u00eda en el canal porque la oferta que tiene por parte de la gerencia es pasar al nuevo ciclo que conducir\u00e1 Mar\u00eda Bel\u00e9n Ludue\u00f1a<\/em>\u201d, destac\u00f3.<\/p>\n<div class=\"mt-box \">\n<h4 class=\"mt-heading\">Mir\u00e1 Tambi\u00e9n<\/h4>\n<p><a href=\"https:\/\/www.paparazzi.com.ar\/teve\/angel-de-brito-revelo-el-peor-secreto-de-la-salida-de-fernanda-iglesias-de-lam-mentirosa-loca-y\/\"><\/p>\n<div class=\"mt-content\">\n<div class=\"mt-image-container\"><img decoding=\"async\" src=\"https:\/\/www.paparazzi.com.ar\/wp-content\/uploads\/2025\/10\/Angel-de-Brito-Fernanda-Iglesias-359x226.jpg\" alt=\"\u00c1ngel de Brito revel\u00f3 el peor secreto de la salida de Fernanda Iglesias de LAM: \u201cMentirosa, loca y\u2026\u201d\" class=\"mt-image\" loading=\"lazy\" \/><\/div>\n<h5 class=\"mt-title\">\u00c1ngel de Brito revel\u00f3 el peor secreto de la salida de Fernanda Iglesias de LAM: \u201cMentirosa, loca y\u2026\u201d<\/h5>\n<\/div>\n<p><\/a><\/div>\n<p>Uno de los motivos que termin\u00f3 de agudizar el vinculo entre Iglesias y sus compa\u00f1eros, fueron los recientes chats que se filtraron hablando con <strong>\u00c1ngel de Brito<\/strong>. Pero para su suerte, Ludue\u00f1a la tiene muy bien considerada.<\/p>\n<p>\u201c<em>Iglesias tiene un perfil alto dentro del periodismo de espect\u00e1culos y Ludue\u00f1a busca armar un panel fuerte de profesionales, con lo cual Fernanda que marca l\u00ednea con investigaciones propias, ser\u00eda la elegida para el rubro en el horario de las 14.45<\/em>\u201d, sentenci\u00f3 Ubfal en su portal.<\/p>\n<div class=\"mt-box \">\n<h4 class=\"mt-heading\">Mir\u00e1 Tambi\u00e9n<\/h4>\n<p><a href=\"https:\/\/www.paparazzi.com.ar\/romances\/el-gran-anuncio-de-mica-viciconte-sobre-su-maternidad-a-los-36-anos-estoy\/\"><\/p>\n<div class=\"mt-content\">\n<div class=\"mt-image-container\"><img decoding=\"async\" src=\"https:\/\/www.paparazzi.com.ar\/wp-content\/uploads\/2025\/10\/El-gran-anuncio-de-Mica-Viciconte-sobre-su-maternidad-a-los-36-anos-22Estoy.22-359x226.jpg\" alt=\"El gran anuncio de Mica Viciconte sobre su maternidad a los 36 a\u00f1os: &quot;Estoy...&quot;\" class=\"mt-image\" loading=\"lazy\" \/><\/div>\n<h5 class=\"mt-title\">El gran anuncio de Mica Viciconte sobre su maternidad a los 36 a\u00f1os: \u00abEstoy&#8230;\u00bb<\/h5>\n<\/div>\n<p><\/a><\/div>\n<div class=\"mt-box \">\n<h4 class=\"mt-heading\">Mir\u00e1 Tambi\u00e9n<\/h4>\n<p><a href=\"https:\/\/www.paparazzi.com.ar\/teve\/adrian-suar-confirmo-que-pasara-con-mirtha-legrand-en-el-2026-no-puedo\/\"><\/p>\n<div class=\"mt-content\">\n<div class=\"mt-image-container\"><img decoding=\"async\" src=\"https:\/\/www.paparazzi.com.ar\/wp-content\/uploads\/2025\/10\/Adrian-Suar-y-Mirtha-Legrand-359x226.jpg\" alt=\"Adri\u00e1n Suar confirm\u00f3 qu\u00e9 pasar\u00e1 con Mirtha Legrand en el 2026: &quot;No puedo\u2026&quot;\" class=\"mt-image\" loading=\"lazy\" \/><\/div>\n<h5 class=\"mt-title\">Adri\u00e1n Suar confirm\u00f3 qu\u00e9 pasar\u00e1 con Mirtha Legrand en el 2026: \u00abNo puedo\u2026\u00bb<\/h5>\n<\/div>\n<p><\/a><\/div>\n<p>The post <a href=\"https:\/\/www.paparazzi.com.ar\/teve\/quien-es-la-historica-panelista-que-abandona-su-programa-porque-sus-companeros-no-la-quieren\/\">Qui\u00e9n es la hist\u00f3rica panelista que abandona su programa porque sus compa\u00f1eros no la quieren<\/a> appeared first on <a href=\"https:\/\/www.paparazzi.com.ar\">Revista Paparazzi<\/a>.<\/p>\n","protected":false},"excerpt":{"rendered":"<p>La televisi\u00f3n argentina viene presentando diferentes cambios y muchos de ellos se presentaron a lo<\/p>\n","protected":false},"author":0,"featured_media":6523,"comment_status":"","ping_status":"","sticky":false,"template":"","format":"standard","meta":{"footnotes":""},"categories":[11],"tags":[],"class_list":["post-6522","post","type-post","status-publish","format-standard","has-post-thumbnail","hentry","category-destacadas"],"yoast_head":"<!-- This site is optimized with the Yoast SEO plugin v28.3 - https:\/\/yoast.com\/product\/yoast-seo-wordpress\/ -->\n<title>Qui\u00e9n es la hist\u00f3rica panelista que abandona su programa porque sus compa\u00f1eros no la quieren - Fm Gente<\/title>\n<meta name=\"robots\" content=\"index, follow, max-snippet:-1, max-image-preview:large, max-video-preview:-1\" \/>\n<link rel=\"canonical\" href=\"https:\/\/fmgente.com.ar\/web\/quien-es-la-historica-panelista-que-abandona-su-programa-porque-sus-companeros-no-la-quieren\/\" \/>\n<meta property=\"og:locale\" content=\"es_ES\" \/>\n<meta property=\"og:type\" content=\"article\" \/>\n<meta property=\"og:title\" content=\"Qui\u00e9n es la hist\u00f3rica panelista que abandona su programa porque sus compa\u00f1eros no la quieren - Fm Gente\" \/>\n<meta property=\"og:description\" content=\"La televisi\u00f3n argentina viene presentando diferentes cambios y muchos de ellos se presentaron a lo\" \/>\n<meta property=\"og:url\" content=\"https:\/\/fmgente.com.ar\/web\/quien-es-la-historica-panelista-que-abandona-su-programa-porque-sus-companeros-no-la-quieren\/\" \/>\n<meta property=\"og:site_name\" content=\"Fm Gente\" \/>\n<meta property=\"article:published_time\" content=\"2025-10-10T02:05:15+00:00\" \/>\n<meta property=\"og:image\" content=\"https:\/\/fmgente.com.ar\/web\/wp-content\/uploads\/2025\/10\/Thiago-Medina-hospital-359x226-5.jpg\" \/>\n\t<meta property=\"og:image:width\" content=\"359\" \/>\n\t<meta property=\"og:image:height\" content=\"226\" \/>\n\t<meta property=\"og:image:type\" content=\"image\/jpeg\" \/>\n<meta name=\"twitter:card\" content=\"summary_large_image\" \/>\n<meta name=\"twitter:label1\" content=\"Tiempo de lectura\" \/>\n\t<meta name=\"twitter:data1\" content=\"2 minutos\" \/>\n<script type=\"application\/ld+json\" class=\"yoast-schema-graph\">{\"@context\":\"https:\\\/\\\/schema.org\",\"@graph\":[{\"@type\":\"Article\",\"@id\":\"https:\\\/\\\/fmgente.com.ar\\\/web\\\/quien-es-la-historica-panelista-que-abandona-su-programa-porque-sus-companeros-no-la-quieren\\\/#article\",\"isPartOf\":{\"@id\":\"https:\\\/\\\/fmgente.com.ar\\\/web\\\/quien-es-la-historica-panelista-que-abandona-su-programa-porque-sus-companeros-no-la-quieren\\\/\"},\"author\":{\"name\":\"\",\"@id\":\"\"},\"headline\":\"Qui\u00e9n es la hist\u00f3rica panelista que abandona su programa porque sus compa\u00f1eros no la quieren\",\"datePublished\":\"2025-10-10T02:05:15+00:00\",\"mainEntityOfPage\":{\"@id\":\"https:\\\/\\\/fmgente.com.ar\\\/web\\\/quien-es-la-historica-panelista-que-abandona-su-programa-porque-sus-companeros-no-la-quieren\\\/\"},\"wordCount\":463,\"publisher\":{\"@id\":\"https:\\\/\\\/fmgente.com.ar\\\/web\\\/#organization\"},\"image\":{\"@id\":\"https:\\\/\\\/fmgente.com.ar\\\/web\\\/quien-es-la-historica-panelista-que-abandona-su-programa-porque-sus-companeros-no-la-quieren\\\/#primaryimage\"},\"thumbnailUrl\":\"https:\\\/\\\/fmgente.com.ar\\\/web\\\/wp-content\\\/uploads\\\/2025\\\/10\\\/Thiago-Medina-hospital-359x226-5.jpg\",\"articleSection\":[\"DESTACADAS\"],\"inLanguage\":\"es\"},{\"@type\":\"WebPage\",\"@id\":\"https:\\\/\\\/fmgente.com.ar\\\/web\\\/quien-es-la-historica-panelista-que-abandona-su-programa-porque-sus-companeros-no-la-quieren\\\/\",\"url\":\"https:\\\/\\\/fmgente.com.ar\\\/web\\\/quien-es-la-historica-panelista-que-abandona-su-programa-porque-sus-companeros-no-la-quieren\\\/\",\"name\":\"Qui\u00e9n es la hist\u00f3rica panelista que abandona su programa porque sus compa\u00f1eros no la quieren - Fm Gente\",\"isPartOf\":{\"@id\":\"https:\\\/\\\/fmgente.com.ar\\\/web\\\/#website\"},\"primaryImageOfPage\":{\"@id\":\"https:\\\/\\\/fmgente.com.ar\\\/web\\\/quien-es-la-historica-panelista-que-abandona-su-programa-porque-sus-companeros-no-la-quieren\\\/#primaryimage\"},\"image\":{\"@id\":\"https:\\\/\\\/fmgente.com.ar\\\/web\\\/quien-es-la-historica-panelista-que-abandona-su-programa-porque-sus-companeros-no-la-quieren\\\/#primaryimage\"},\"thumbnailUrl\":\"https:\\\/\\\/fmgente.com.ar\\\/web\\\/wp-content\\\/uploads\\\/2025\\\/10\\\/Thiago-Medina-hospital-359x226-5.jpg\",\"datePublished\":\"2025-10-10T02:05:15+00:00\",\"inLanguage\":\"es\",\"potentialAction\":[{\"@type\":\"ReadAction\",\"target\":[\"https:\\\/\\\/fmgente.com.ar\\\/web\\\/quien-es-la-historica-panelista-que-abandona-su-programa-porque-sus-companeros-no-la-quieren\\\/\"]}]},{\"@type\":\"ImageObject\",\"inLanguage\":\"es\",\"@id\":\"https:\\\/\\\/fmgente.com.ar\\\/web\\\/quien-es-la-historica-panelista-que-abandona-su-programa-porque-sus-companeros-no-la-quieren\\\/#primaryimage\",\"url\":\"https:\\\/\\\/fmgente.com.ar\\\/web\\\/wp-content\\\/uploads\\\/2025\\\/10\\\/Thiago-Medina-hospital-359x226-5.jpg\",\"contentUrl\":\"https:\\\/\\\/fmgente.com.ar\\\/web\\\/wp-content\\\/uploads\\\/2025\\\/10\\\/Thiago-Medina-hospital-359x226-5.jpg\",\"width\":359,\"height\":226},{\"@type\":\"WebSite\",\"@id\":\"https:\\\/\\\/fmgente.com.ar\\\/web\\\/#website\",\"url\":\"https:\\\/\\\/fmgente.com.ar\\\/web\\\/\",\"name\":\"Fm Gente\",\"description\":\"- Jes\u00fas Mar\u00eda\",\"publisher\":{\"@id\":\"https:\\\/\\\/fmgente.com.ar\\\/web\\\/#organization\"},\"potentialAction\":[{\"@type\":\"SearchAction\",\"target\":{\"@type\":\"EntryPoint\",\"urlTemplate\":\"https:\\\/\\\/fmgente.com.ar\\\/web\\\/?s={search_term_string}\"},\"query-input\":{\"@type\":\"PropertyValueSpecification\",\"valueRequired\":true,\"valueName\":\"search_term_string\"}}],\"inLanguage\":\"es\"},{\"@type\":\"Organization\",\"@id\":\"https:\\\/\\\/fmgente.com.ar\\\/web\\\/#organization\",\"name\":\"Fm Gente\",\"url\":\"https:\\\/\\\/fmgente.com.ar\\\/web\\\/\",\"logo\":{\"@type\":\"ImageObject\",\"inLanguage\":\"es\",\"@id\":\"https:\\\/\\\/fmgente.com.ar\\\/web\\\/#\\\/schema\\\/logo\\\/image\\\/\",\"url\":\"https:\\\/\\\/fmgente.com.ar\\\/web\\\/wp-content\\\/uploads\\\/2023\\\/07\\\/cropped-cropped-logo-sombra2.png\",\"contentUrl\":\"https:\\\/\\\/fmgente.com.ar\\\/web\\\/wp-content\\\/uploads\\\/2023\\\/07\\\/cropped-cropped-logo-sombra2.png\",\"width\":1782,\"height\":1782,\"caption\":\"Fm Gente\"},\"image\":{\"@id\":\"https:\\\/\\\/fmgente.com.ar\\\/web\\\/#\\\/schema\\\/logo\\\/image\\\/\"}}]}<\/script>\n<!-- \/ Yoast SEO plugin. -->","yoast_head_json":{"title":"Qui\u00e9n es la hist\u00f3rica panelista que abandona su programa porque sus compa\u00f1eros no la quieren - Fm Gente","robots":{"index":"index","follow":"follow","max-snippet":"max-snippet:-1","max-image-preview":"max-image-preview:large","max-video-preview":"max-video-preview:-1"},"canonical":"https:\/\/fmgente.com.ar\/web\/quien-es-la-historica-panelista-que-abandona-su-programa-porque-sus-companeros-no-la-quieren\/","og_locale":"es_ES","og_type":"article","og_title":"Qui\u00e9n es la hist\u00f3rica panelista que abandona su programa porque sus compa\u00f1eros no la quieren - Fm Gente","og_description":"La televisi\u00f3n argentina viene presentando diferentes cambios y muchos de ellos se presentaron a lo","og_url":"https:\/\/fmgente.com.ar\/web\/quien-es-la-historica-panelista-que-abandona-su-programa-porque-sus-companeros-no-la-quieren\/","og_site_name":"Fm Gente","article_published_time":"2025-10-10T02:05:15+00:00","og_image":[{"width":359,"height":226,"url":"https:\/\/fmgente.com.ar\/web\/wp-content\/uploads\/2025\/10\/Thiago-Medina-hospital-359x226-5.jpg","type":"image\/jpeg"}],"twitter_card":"summary_large_image","twitter_misc":{"Tiempo de lectura":"2 minutos"},"schema":{"@context":"https:\/\/schema.org","@graph":[{"@type":"Article","@id":"https:\/\/fmgente.com.ar\/web\/quien-es-la-historica-panelista-que-abandona-su-programa-porque-sus-companeros-no-la-quieren\/#article","isPartOf":{"@id":"https:\/\/fmgente.com.ar\/web\/quien-es-la-historica-panelista-que-abandona-su-programa-porque-sus-companeros-no-la-quieren\/"},"author":{"name":"","@id":""},"headline":"Qui\u00e9n es la hist\u00f3rica panelista que abandona su programa porque sus compa\u00f1eros no la quieren","datePublished":"2025-10-10T02:05:15+00:00","mainEntityOfPage":{"@id":"https:\/\/fmgente.com.ar\/web\/quien-es-la-historica-panelista-que-abandona-su-programa-porque-sus-companeros-no-la-quieren\/"},"wordCount":463,"publisher":{"@id":"https:\/\/fmgente.com.ar\/web\/#organization"},"image":{"@id":"https:\/\/fmgente.com.ar\/web\/quien-es-la-historica-panelista-que-abandona-su-programa-porque-sus-companeros-no-la-quieren\/#primaryimage"},"thumbnailUrl":"https:\/\/fmgente.com.ar\/web\/wp-content\/uploads\/2025\/10\/Thiago-Medina-hospital-359x226-5.jpg","articleSection":["DESTACADAS"],"inLanguage":"es"},{"@type":"WebPage","@id":"https:\/\/fmgente.com.ar\/web\/quien-es-la-historica-panelista-que-abandona-su-programa-porque-sus-companeros-no-la-quieren\/","url":"https:\/\/fmgente.com.ar\/web\/quien-es-la-historica-panelista-que-abandona-su-programa-porque-sus-companeros-no-la-quieren\/","name":"Qui\u00e9n es la hist\u00f3rica panelista que abandona su programa porque sus compa\u00f1eros no la quieren - Fm Gente","isPartOf":{"@id":"https:\/\/fmgente.com.ar\/web\/#website"},"primaryImageOfPage":{"@id":"https:\/\/fmgente.com.ar\/web\/quien-es-la-historica-panelista-que-abandona-su-programa-porque-sus-companeros-no-la-quieren\/#primaryimage"},"image":{"@id":"https:\/\/fmgente.com.ar\/web\/quien-es-la-historica-panelista-que-abandona-su-programa-porque-sus-companeros-no-la-quieren\/#primaryimage"},"thumbnailUrl":"https:\/\/fmgente.com.ar\/web\/wp-content\/uploads\/2025\/10\/Thiago-Medina-hospital-359x226-5.jpg","datePublished":"2025-10-10T02:05:15+00:00","inLanguage":"es","potentialAction":[{"@type":"ReadAction","target":["https:\/\/fmgente.com.ar\/web\/quien-es-la-historica-panelista-que-abandona-su-programa-porque-sus-companeros-no-la-quieren\/"]}]},{"@type":"ImageObject","inLanguage":"es","@id":"https:\/\/fmgente.com.ar\/web\/quien-es-la-historica-panelista-que-abandona-su-programa-porque-sus-companeros-no-la-quieren\/#primaryimage","url":"https:\/\/fmgente.com.ar\/web\/wp-content\/uploads\/2025\/10\/Thiago-Medina-hospital-359x226-5.jpg","contentUrl":"https:\/\/fmgente.com.ar\/web\/wp-content\/uploads\/2025\/10\/Thiago-Medina-hospital-359x226-5.jpg","width":359,"height":226},{"@type":"WebSite","@id":"https:\/\/fmgente.com.ar\/web\/#website","url":"https:\/\/fmgente.com.ar\/web\/","name":"Fm Gente","description":"- Jes\u00fas Mar\u00eda","publisher":{"@id":"https:\/\/fmgente.com.ar\/web\/#organization"},"potentialAction":[{"@type":"SearchAction","target":{"@type":"EntryPoint","urlTemplate":"https:\/\/fmgente.com.ar\/web\/?s={search_term_string}"},"query-input":{"@type":"PropertyValueSpecification","valueRequired":true,"valueName":"search_term_string"}}],"inLanguage":"es"},{"@type":"Organization","@id":"https:\/\/fmgente.com.ar\/web\/#organization","name":"Fm Gente","url":"https:\/\/fmgente.com.ar\/web\/","logo":{"@type":"ImageObject","inLanguage":"es","@id":"https:\/\/fmgente.com.ar\/web\/#\/schema\/logo\/image\/","url":"https:\/\/fmgente.com.ar\/web\/wp-content\/uploads\/2023\/07\/cropped-cropped-logo-sombra2.png","contentUrl":"https:\/\/fmgente.com.ar\/web\/wp-content\/uploads\/2023\/07\/cropped-cropped-logo-sombra2.png","width":1782,"height":1782,"caption":"Fm Gente"},"image":{"@id":"https:\/\/fmgente.com.ar\/web\/#\/schema\/logo\/image\/"}}]}},"_links":{"self":[{"href":"https:\/\/fmgente.com.ar\/web\/wp-json\/wp\/v2\/posts\/6522","targetHints":{"allow":["GET"]}}],"collection":[{"href":"https:\/\/fmgente.com.ar\/web\/wp-json\/wp\/v2\/posts"}],"about":[{"href":"https:\/\/fmgente.com.ar\/web\/wp-json\/wp\/v2\/types\/post"}],"replies":[{"embeddable":true,"href":"https:\/\/fmgente.com.ar\/web\/wp-json\/wp\/v2\/comments?post=6522"}],"version-history":[{"count":0,"href":"https:\/\/fmgente.com.ar\/web\/wp-json\/wp\/v2\/posts\/6522\/revisions"}],"wp:featuredmedia":[{"embeddable":true,"href":"https:\/\/fmgente.com.ar\/web\/wp-json\/wp\/v2\/media\/6523"}],"wp:attachment":[{"href":"https:\/\/fmgente.com.ar\/web\/wp-json\/wp\/v2\/media?parent=6522"}],"wp:term":[{"taxonomy":"category","embeddable":true,"href":"https:\/\/fmgente.com.ar\/web\/wp-json\/wp\/v2\/categories?post=6522"},{"taxonomy":"post_tag","embeddable":true,"href":"https:\/\/fmgente.com.ar\/web\/wp-json\/wp\/v2\/tags?post=6522"}],"curies":[{"name":"wp","href":"https:\/\/api.w.org\/{rel}","templated":true}]}}