{"id":6520,"date":"2025-10-09T23:05:15","date_gmt":"2025-10-10T02:05:15","guid":{"rendered":"https:\/\/fmgente.com.ar\/el-sacrificio-que-milett-figueroa-hizo-por-marcelo-tinelli-tras-confirmar-su-reconciliacion\/"},"modified":"2025-10-09T23:05:15","modified_gmt":"2025-10-10T02:05:15","slug":"el-sacrificio-que-milett-figueroa-hizo-por-marcelo-tinelli-tras-confirmar-su-reconciliacion","status":"publish","type":"post","link":"https:\/\/fmgente.com.ar\/web\/el-sacrificio-que-milett-figueroa-hizo-por-marcelo-tinelli-tras-confirmar-su-reconciliacion\/","title":{"rendered":"El sacrificio que Milett Figueroa hizo por Marcelo Tinelli tras confirmar su reconciliaci\u00f3n"},"content":{"rendered":"<p>Que s\u00ed, que no, que se separan, que se reconcilian\u2026 La historia de amor de <strong>Marcelo Tinelli <\/strong>y <strong>Milett Figueroa<\/strong> ha tenido un sinf\u00edn de idas y vueltas desde que comenzaron su romance all\u00e1 por noviembre de 2023. Y si bien hace apenas unos d\u00edas parec\u00eda que la llama del amor se hab\u00eda apagado -confirmado por el propio conductor-, en apenas unas horas se volvieron a dar una segunda oportunidad.<\/p>\n<p>Horas despu\u00e9s de decidir apostar nuevamente al amor, <strong><a href=\"https:\/\/www.paparazzi.com.ar\/teve\/milett-figueroa-confirmo-que-se-reconcilio-con-marcelo-tinelli-como-fue-la-tensa-charla\/\">Tinelli<\/a><\/strong> y <strong>Milett<\/strong> sellaron su sorpresiva reconciliaci\u00f3n con un viaje a Per\u00fa, tierra natal de la modelo. Y lejos de ocultarse, eligieron compartir cada paso de la traves\u00eda a trav\u00e9s de sus redes sociales. <em>\u201cNos fuimos\u201d<\/em>, escribi\u00f3 ella en la primera de las publicaciones que se vendr\u00edan junto al empresario.<\/p>\n<p>Minutos despu\u00e9s de esa primera imagen del aeropuerto, ambos se mostraron sonrientes y relajados, en el distrito lime\u00f1o de San Isidro. <strong><a href=\"https:\/\/www.paparazzi.com.ar\/teve\/marcelo-tinelli-desorientado-ante-un-extrano-pedido-de-sus-hijas-nos-vamos-de-viaje-y-quieren-llevar-al-astrologo\/\">Tinelli<\/a><\/strong> acompa\u00f1\u00f3 la foto con una frase que derriti\u00f3 a todos: <em>\u201cMi suspiro lime\u00f1o\u201d<\/em>. Ella respondi\u00f3 al instante con la misma imagen y una declaraci\u00f3n que no dej\u00f3 dudas: <em>\u201cEn casita. Te amo\u201d<\/em>.<\/p>\n<div class=\"mt-box \">\n<h4 class=\"mt-heading\">Mir\u00e1 Tambi\u00e9n<\/h4>\n<p><a href=\"https:\/\/www.paparazzi.com.ar\/videos\/exclusivo-daniela-celis-confirmo-el-ultimo-paso-para-que-thiago-medina-reciba-el-alta\/\"><\/p>\n<div class=\"mt-content\">\n<div class=\"mt-image-container\"><img decoding=\"async\" src=\"https:\/\/www.paparazzi.com.ar\/wp-content\/uploads\/2025\/10\/Thiago-Medina-Daniela-359x226.jpg\" alt=\"\u00a1Exclusivo! Daniela Celis confirm\u00f3 el \u00faltimo paso para que Thiago Medina reciba el alta\" class=\"mt-image\" loading=\"lazy\" \/><\/div>\n<h5 class=\"mt-title\">\u00a1Exclusivo! Daniela Celis confirm\u00f3 el \u00faltimo paso para que Thiago Medina reciba el alta<\/h5>\n<\/div>\n<p><\/a><\/div>\n<p>Pero el viaje no fue solo una escapada rom\u00e1ntica. Viajaron acompa\u00f1ados por parte de la familia <strong><a href=\"https:\/\/www.paparazzi.com.ar\/romances\/revelan-los-datos-mas-picantes-sobre-la-separacion-de-marcelo-tinelli-y-milett-figueroa-se-deben-una\/\">Tinelli<\/a><\/strong> y su primo Luciano \u2018El Tirri\u2019, adem\u00e1s de miembros de su producci\u00f3n. El motivo principal del viaje fue la grabaci\u00f3n de la nueva temporada de <strong><em>Los Tinelli<\/em><\/strong> en Cusco, aunque tambi\u00e9n aprovecharon para cumplir con otro compromiso: una edici\u00f3n especial de Estamos de Paso (Carnaval Stream), que se realiz\u00f3 en alianza con el estudio local Madi.<\/p>\n<h2 class=\"wp-block-heading\">EL VIAJE DE MARCELO TINELLI Y MILETT FIGUEROA A PER\u00da PARA GRABAR SU REALITY<\/h2>\n<p>En un momento, <strong>Marcelo<\/strong> no tard\u00f3 en destacar la calidez del equipo peruano. <em>\u201cGracias por todo, Jean querido. Un lujo el estudio, el streaming, la atenci\u00f3n y el amor\u201d<\/em>, escribi\u00f3 agradecido en sus redes, acompa\u00f1ando el mensaje con un coraz\u00f3n rojo.<\/p>\n<p>Ya durante el programa, <strong>Tinelli<\/strong> y <strong>Milett<\/strong> se mostraron c\u00f3mplices y divertidos. En medio de la charla, la modelo sorprendi\u00f3 con una confesi\u00f3n que desarm\u00f3 a todos: el sacrificio que hizo por su relaci\u00f3n con el empresario y los movimientos que eso implic\u00f3, transformando la vida de la peruana por completo.<\/p>\n<div class=\"mt-box \">\n<h4 class=\"mt-heading\">Mir\u00e1 Tambi\u00e9n<\/h4>\n<p><a href=\"https:\/\/www.paparazzi.com.ar\/teve\/milett-figueroa-confirmo-que-se-reconcilio-con-marcelo-tinelli-como-fue-la-tensa-charla\/\"><\/p>\n<div class=\"mt-content\">\n<div class=\"mt-image-container\"><img decoding=\"async\" src=\"https:\/\/www.paparazzi.com.ar\/wp-content\/uploads\/2025\/09\/Anunciaron-el-peor-final-en-la-relacion-de-Marcelo-Tinelli-y-Milett-Figueroa-22Se-van-a-separar22.jpg.webp\" alt=\"Milett Figueroa confirm\u00f3 que se reconcili\u00f3 con Marcelo Tinelli: c\u00f3mo fue la tensa charla\" class=\"mt-image\" loading=\"lazy\" \/><\/div>\n<h5 class=\"mt-title\">Milett Figueroa confirm\u00f3 que se reconcili\u00f3 con Marcelo Tinelli: c\u00f3mo fue la tensa charla<\/h5>\n<\/div>\n<p><\/a><\/div>\n<p><em>\u201cLo m\u00e1s loco que hice por amor es irme a vivir a otro pa\u00eds por amor\u201d<\/em>, dijo <strong>Milett<\/strong> entre risas. El conductor, orgulloso, le respondi\u00f3:<em> \u201cEso me encanta\u201c<\/em>. Luego la modelo agreg\u00f3: <em>\u201cEso siento que fue la locura m\u00e1s grande de amor. En mi vida me hab\u00eda imaginado que me iba a ir a vivir a otro lado por un amor. O sea, nunca imagin\u00e9 dejar todas mis cosas\u201d<\/em>.<\/p>\n<div class=\"mt-box \">\n<h4 class=\"mt-heading\">Mir\u00e1 Tambi\u00e9n<\/h4>\n<p><a href=\"https:\/\/www.paparazzi.com.ar\/teve\/marcelo-tinelli-desorientado-ante-un-extrano-pedido-de-sus-hijas-nos-vamos-de-viaje-y-quieren-llevar-al-astrologo\/\"><\/p>\n<div class=\"mt-content\">\n<div class=\"mt-image-container\"><img decoding=\"async\" src=\"https:\/\/www.paparazzi.com.ar\/wp-content\/uploads\/2025\/09\/Marcelo-Tinelli-stream-1.jpg.webp\" alt=\"Marcelo Tinelli desorientado ante un extra\u00f1o pedido de sus hijas: \u201cNos vamos de viaje y quieren llevar al astr\u00f3logo&quot;\" class=\"mt-image\" loading=\"lazy\" \/><\/div>\n<h5 class=\"mt-title\">Marcelo Tinelli desorientado ante un extra\u00f1o pedido de sus hijas: \u201cNos vamos de viaje y quieren llevar al astr\u00f3logo\u00bb<\/h5>\n<\/div>\n<p><\/a><\/div>\n<div class=\"mt-box \">\n<h4 class=\"mt-heading\">Mir\u00e1 Tambi\u00e9n<\/h4>\n<p><a href=\"https:\/\/www.paparazzi.com.ar\/romances\/revelan-los-datos-mas-picantes-sobre-la-separacion-de-marcelo-tinelli-y-milett-figueroa-se-deben-una\/\"><\/p>\n<div class=\"mt-content\">\n<div class=\"mt-image-container\"><img decoding=\"async\" src=\"https:\/\/www.paparazzi.com.ar\/wp-content\/uploads\/2025\/09\/marcelo-milet-359x226.jpeg\" alt=\"Revelan los datos m\u00e1s picantes sobre la separaci\u00f3n de Marcelo Tinelli y Milett Figueroa: &quot;Se deben una...&quot;\" class=\"mt-image\" loading=\"lazy\" \/><\/div>\n<h5 class=\"mt-title\">Revelan los datos m\u00e1s picantes sobre la separaci\u00f3n de Marcelo Tinelli y Milett Figueroa: \u00abSe deben una&#8230;\u00bb<\/h5>\n<\/div>\n<p><\/a><\/div>\n<p>The post <a href=\"https:\/\/www.paparazzi.com.ar\/romances\/el-sacrificio-que-milett-figueroa-hizo-por-marcelo-tinelli-tras-confirmar-su-reconciliacion\/\">El sacrificio que Milett Figueroa hizo por Marcelo Tinelli tras confirmar su reconciliaci\u00f3n<\/a> appeared first on <a href=\"https:\/\/www.paparazzi.com.ar\">Revista Paparazzi<\/a>.<\/p>\n","protected":false},"excerpt":{"rendered":"<p>Que s\u00ed, que no, que se separan, que se reconcilian\u2026 La historia de amor de<\/p>\n","protected":false},"author":0,"featured_media":6521,"comment_status":"","ping_status":"","sticky":false,"template":"","format":"standard","meta":{"footnotes":""},"categories":[11],"tags":[],"class_list":["post-6520","post","type-post","status-publish","format-standard","has-post-thumbnail","hentry","category-destacadas"],"yoast_head":"<!-- This site is optimized with the Yoast SEO plugin v28.3 - https:\/\/yoast.com\/product\/yoast-seo-wordpress\/ -->\n<title>El sacrificio que Milett Figueroa hizo por Marcelo Tinelli tras confirmar su reconciliaci\u00f3n - Fm Gente<\/title>\n<meta name=\"robots\" content=\"index, follow, max-snippet:-1, max-image-preview:large, max-video-preview:-1\" \/>\n<link rel=\"canonical\" href=\"https:\/\/fmgente.com.ar\/web\/el-sacrificio-que-milett-figueroa-hizo-por-marcelo-tinelli-tras-confirmar-su-reconciliacion\/\" \/>\n<meta property=\"og:locale\" content=\"es_ES\" \/>\n<meta property=\"og:type\" content=\"article\" \/>\n<meta property=\"og:title\" content=\"El sacrificio que Milett Figueroa hizo por Marcelo Tinelli tras confirmar su reconciliaci\u00f3n - Fm Gente\" \/>\n<meta property=\"og:description\" content=\"Que s\u00ed, que no, que se separan, que se reconcilian\u2026 La historia de amor de\" \/>\n<meta property=\"og:url\" content=\"https:\/\/fmgente.com.ar\/web\/el-sacrificio-que-milett-figueroa-hizo-por-marcelo-tinelli-tras-confirmar-su-reconciliacion\/\" \/>\n<meta property=\"og:site_name\" content=\"Fm Gente\" \/>\n<meta property=\"article:published_time\" content=\"2025-10-10T02:05:15+00:00\" \/>\n<meta property=\"og:image\" content=\"https:\/\/fmgente.com.ar\/web\/wp-content\/uploads\/2025\/10\/Thiago-Medina-Daniela-359x226-35.jpg\" \/>\n\t<meta property=\"og:image:width\" content=\"359\" \/>\n\t<meta property=\"og:image:height\" content=\"226\" \/>\n\t<meta property=\"og:image:type\" content=\"image\/jpeg\" \/>\n<meta name=\"twitter:card\" content=\"summary_large_image\" \/>\n<meta name=\"twitter:label1\" content=\"Tiempo de lectura\" \/>\n\t<meta name=\"twitter:data1\" content=\"3 minutos\" \/>\n<script type=\"application\/ld+json\" class=\"yoast-schema-graph\">{\"@context\":\"https:\\\/\\\/schema.org\",\"@graph\":[{\"@type\":\"Article\",\"@id\":\"https:\\\/\\\/fmgente.com.ar\\\/web\\\/el-sacrificio-que-milett-figueroa-hizo-por-marcelo-tinelli-tras-confirmar-su-reconciliacion\\\/#article\",\"isPartOf\":{\"@id\":\"https:\\\/\\\/fmgente.com.ar\\\/web\\\/el-sacrificio-que-milett-figueroa-hizo-por-marcelo-tinelli-tras-confirmar-su-reconciliacion\\\/\"},\"author\":{\"name\":\"\",\"@id\":\"\"},\"headline\":\"El sacrificio que Milett Figueroa hizo por Marcelo Tinelli tras confirmar su reconciliaci\u00f3n\",\"datePublished\":\"2025-10-10T02:05:15+00:00\",\"mainEntityOfPage\":{\"@id\":\"https:\\\/\\\/fmgente.com.ar\\\/web\\\/el-sacrificio-que-milett-figueroa-hizo-por-marcelo-tinelli-tras-confirmar-su-reconciliacion\\\/\"},\"wordCount\":575,\"publisher\":{\"@id\":\"https:\\\/\\\/fmgente.com.ar\\\/web\\\/#organization\"},\"image\":{\"@id\":\"https:\\\/\\\/fmgente.com.ar\\\/web\\\/el-sacrificio-que-milett-figueroa-hizo-por-marcelo-tinelli-tras-confirmar-su-reconciliacion\\\/#primaryimage\"},\"thumbnailUrl\":\"https:\\\/\\\/fmgente.com.ar\\\/web\\\/wp-content\\\/uploads\\\/2025\\\/10\\\/Thiago-Medina-Daniela-359x226-35.jpg\",\"articleSection\":[\"DESTACADAS\"],\"inLanguage\":\"es\"},{\"@type\":\"WebPage\",\"@id\":\"https:\\\/\\\/fmgente.com.ar\\\/web\\\/el-sacrificio-que-milett-figueroa-hizo-por-marcelo-tinelli-tras-confirmar-su-reconciliacion\\\/\",\"url\":\"https:\\\/\\\/fmgente.com.ar\\\/web\\\/el-sacrificio-que-milett-figueroa-hizo-por-marcelo-tinelli-tras-confirmar-su-reconciliacion\\\/\",\"name\":\"El sacrificio que Milett Figueroa hizo por Marcelo Tinelli tras confirmar su reconciliaci\u00f3n - Fm Gente\",\"isPartOf\":{\"@id\":\"https:\\\/\\\/fmgente.com.ar\\\/web\\\/#website\"},\"primaryImageOfPage\":{\"@id\":\"https:\\\/\\\/fmgente.com.ar\\\/web\\\/el-sacrificio-que-milett-figueroa-hizo-por-marcelo-tinelli-tras-confirmar-su-reconciliacion\\\/#primaryimage\"},\"image\":{\"@id\":\"https:\\\/\\\/fmgente.com.ar\\\/web\\\/el-sacrificio-que-milett-figueroa-hizo-por-marcelo-tinelli-tras-confirmar-su-reconciliacion\\\/#primaryimage\"},\"thumbnailUrl\":\"https:\\\/\\\/fmgente.com.ar\\\/web\\\/wp-content\\\/uploads\\\/2025\\\/10\\\/Thiago-Medina-Daniela-359x226-35.jpg\",\"datePublished\":\"2025-10-10T02:05:15+00:00\",\"inLanguage\":\"es\",\"potentialAction\":[{\"@type\":\"ReadAction\",\"target\":[\"https:\\\/\\\/fmgente.com.ar\\\/web\\\/el-sacrificio-que-milett-figueroa-hizo-por-marcelo-tinelli-tras-confirmar-su-reconciliacion\\\/\"]}]},{\"@type\":\"ImageObject\",\"inLanguage\":\"es\",\"@id\":\"https:\\\/\\\/fmgente.com.ar\\\/web\\\/el-sacrificio-que-milett-figueroa-hizo-por-marcelo-tinelli-tras-confirmar-su-reconciliacion\\\/#primaryimage\",\"url\":\"https:\\\/\\\/fmgente.com.ar\\\/web\\\/wp-content\\\/uploads\\\/2025\\\/10\\\/Thiago-Medina-Daniela-359x226-35.jpg\",\"contentUrl\":\"https:\\\/\\\/fmgente.com.ar\\\/web\\\/wp-content\\\/uploads\\\/2025\\\/10\\\/Thiago-Medina-Daniela-359x226-35.jpg\",\"width\":359,\"height\":226},{\"@type\":\"WebSite\",\"@id\":\"https:\\\/\\\/fmgente.com.ar\\\/web\\\/#website\",\"url\":\"https:\\\/\\\/fmgente.com.ar\\\/web\\\/\",\"name\":\"Fm Gente\",\"description\":\"- Jes\u00fas Mar\u00eda\",\"publisher\":{\"@id\":\"https:\\\/\\\/fmgente.com.ar\\\/web\\\/#organization\"},\"potentialAction\":[{\"@type\":\"SearchAction\",\"target\":{\"@type\":\"EntryPoint\",\"urlTemplate\":\"https:\\\/\\\/fmgente.com.ar\\\/web\\\/?s={search_term_string}\"},\"query-input\":{\"@type\":\"PropertyValueSpecification\",\"valueRequired\":true,\"valueName\":\"search_term_string\"}}],\"inLanguage\":\"es\"},{\"@type\":\"Organization\",\"@id\":\"https:\\\/\\\/fmgente.com.ar\\\/web\\\/#organization\",\"name\":\"Fm Gente\",\"url\":\"https:\\\/\\\/fmgente.com.ar\\\/web\\\/\",\"logo\":{\"@type\":\"ImageObject\",\"inLanguage\":\"es\",\"@id\":\"https:\\\/\\\/fmgente.com.ar\\\/web\\\/#\\\/schema\\\/logo\\\/image\\\/\",\"url\":\"https:\\\/\\\/fmgente.com.ar\\\/web\\\/wp-content\\\/uploads\\\/2023\\\/07\\\/cropped-cropped-logo-sombra2.png\",\"contentUrl\":\"https:\\\/\\\/fmgente.com.ar\\\/web\\\/wp-content\\\/uploads\\\/2023\\\/07\\\/cropped-cropped-logo-sombra2.png\",\"width\":1782,\"height\":1782,\"caption\":\"Fm Gente\"},\"image\":{\"@id\":\"https:\\\/\\\/fmgente.com.ar\\\/web\\\/#\\\/schema\\\/logo\\\/image\\\/\"}}]}<\/script>\n<!-- \/ Yoast SEO plugin. -->","yoast_head_json":{"title":"El sacrificio que Milett Figueroa hizo por Marcelo Tinelli tras confirmar su reconciliaci\u00f3n - Fm Gente","robots":{"index":"index","follow":"follow","max-snippet":"max-snippet:-1","max-image-preview":"max-image-preview:large","max-video-preview":"max-video-preview:-1"},"canonical":"https:\/\/fmgente.com.ar\/web\/el-sacrificio-que-milett-figueroa-hizo-por-marcelo-tinelli-tras-confirmar-su-reconciliacion\/","og_locale":"es_ES","og_type":"article","og_title":"El sacrificio que Milett Figueroa hizo por Marcelo Tinelli tras confirmar su reconciliaci\u00f3n - Fm Gente","og_description":"Que s\u00ed, que no, que se separan, que se reconcilian\u2026 La historia de amor de","og_url":"https:\/\/fmgente.com.ar\/web\/el-sacrificio-que-milett-figueroa-hizo-por-marcelo-tinelli-tras-confirmar-su-reconciliacion\/","og_site_name":"Fm Gente","article_published_time":"2025-10-10T02:05:15+00:00","og_image":[{"width":359,"height":226,"url":"https:\/\/fmgente.com.ar\/web\/wp-content\/uploads\/2025\/10\/Thiago-Medina-Daniela-359x226-35.jpg","type":"image\/jpeg"}],"twitter_card":"summary_large_image","twitter_misc":{"Tiempo de lectura":"3 minutos"},"schema":{"@context":"https:\/\/schema.org","@graph":[{"@type":"Article","@id":"https:\/\/fmgente.com.ar\/web\/el-sacrificio-que-milett-figueroa-hizo-por-marcelo-tinelli-tras-confirmar-su-reconciliacion\/#article","isPartOf":{"@id":"https:\/\/fmgente.com.ar\/web\/el-sacrificio-que-milett-figueroa-hizo-por-marcelo-tinelli-tras-confirmar-su-reconciliacion\/"},"author":{"name":"","@id":""},"headline":"El sacrificio que Milett Figueroa hizo por Marcelo Tinelli tras confirmar su reconciliaci\u00f3n","datePublished":"2025-10-10T02:05:15+00:00","mainEntityOfPage":{"@id":"https:\/\/fmgente.com.ar\/web\/el-sacrificio-que-milett-figueroa-hizo-por-marcelo-tinelli-tras-confirmar-su-reconciliacion\/"},"wordCount":575,"publisher":{"@id":"https:\/\/fmgente.com.ar\/web\/#organization"},"image":{"@id":"https:\/\/fmgente.com.ar\/web\/el-sacrificio-que-milett-figueroa-hizo-por-marcelo-tinelli-tras-confirmar-su-reconciliacion\/#primaryimage"},"thumbnailUrl":"https:\/\/fmgente.com.ar\/web\/wp-content\/uploads\/2025\/10\/Thiago-Medina-Daniela-359x226-35.jpg","articleSection":["DESTACADAS"],"inLanguage":"es"},{"@type":"WebPage","@id":"https:\/\/fmgente.com.ar\/web\/el-sacrificio-que-milett-figueroa-hizo-por-marcelo-tinelli-tras-confirmar-su-reconciliacion\/","url":"https:\/\/fmgente.com.ar\/web\/el-sacrificio-que-milett-figueroa-hizo-por-marcelo-tinelli-tras-confirmar-su-reconciliacion\/","name":"El sacrificio que Milett Figueroa hizo por Marcelo Tinelli tras confirmar su reconciliaci\u00f3n - Fm Gente","isPartOf":{"@id":"https:\/\/fmgente.com.ar\/web\/#website"},"primaryImageOfPage":{"@id":"https:\/\/fmgente.com.ar\/web\/el-sacrificio-que-milett-figueroa-hizo-por-marcelo-tinelli-tras-confirmar-su-reconciliacion\/#primaryimage"},"image":{"@id":"https:\/\/fmgente.com.ar\/web\/el-sacrificio-que-milett-figueroa-hizo-por-marcelo-tinelli-tras-confirmar-su-reconciliacion\/#primaryimage"},"thumbnailUrl":"https:\/\/fmgente.com.ar\/web\/wp-content\/uploads\/2025\/10\/Thiago-Medina-Daniela-359x226-35.jpg","datePublished":"2025-10-10T02:05:15+00:00","inLanguage":"es","potentialAction":[{"@type":"ReadAction","target":["https:\/\/fmgente.com.ar\/web\/el-sacrificio-que-milett-figueroa-hizo-por-marcelo-tinelli-tras-confirmar-su-reconciliacion\/"]}]},{"@type":"ImageObject","inLanguage":"es","@id":"https:\/\/fmgente.com.ar\/web\/el-sacrificio-que-milett-figueroa-hizo-por-marcelo-tinelli-tras-confirmar-su-reconciliacion\/#primaryimage","url":"https:\/\/fmgente.com.ar\/web\/wp-content\/uploads\/2025\/10\/Thiago-Medina-Daniela-359x226-35.jpg","contentUrl":"https:\/\/fmgente.com.ar\/web\/wp-content\/uploads\/2025\/10\/Thiago-Medina-Daniela-359x226-35.jpg","width":359,"height":226},{"@type":"WebSite","@id":"https:\/\/fmgente.com.ar\/web\/#website","url":"https:\/\/fmgente.com.ar\/web\/","name":"Fm Gente","description":"- Jes\u00fas Mar\u00eda","publisher":{"@id":"https:\/\/fmgente.com.ar\/web\/#organization"},"potentialAction":[{"@type":"SearchAction","target":{"@type":"EntryPoint","urlTemplate":"https:\/\/fmgente.com.ar\/web\/?s={search_term_string}"},"query-input":{"@type":"PropertyValueSpecification","valueRequired":true,"valueName":"search_term_string"}}],"inLanguage":"es"},{"@type":"Organization","@id":"https:\/\/fmgente.com.ar\/web\/#organization","name":"Fm Gente","url":"https:\/\/fmgente.com.ar\/web\/","logo":{"@type":"ImageObject","inLanguage":"es","@id":"https:\/\/fmgente.com.ar\/web\/#\/schema\/logo\/image\/","url":"https:\/\/fmgente.com.ar\/web\/wp-content\/uploads\/2023\/07\/cropped-cropped-logo-sombra2.png","contentUrl":"https:\/\/fmgente.com.ar\/web\/wp-content\/uploads\/2023\/07\/cropped-cropped-logo-sombra2.png","width":1782,"height":1782,"caption":"Fm Gente"},"image":{"@id":"https:\/\/fmgente.com.ar\/web\/#\/schema\/logo\/image\/"}}]}},"_links":{"self":[{"href":"https:\/\/fmgente.com.ar\/web\/wp-json\/wp\/v2\/posts\/6520","targetHints":{"allow":["GET"]}}],"collection":[{"href":"https:\/\/fmgente.com.ar\/web\/wp-json\/wp\/v2\/posts"}],"about":[{"href":"https:\/\/fmgente.com.ar\/web\/wp-json\/wp\/v2\/types\/post"}],"replies":[{"embeddable":true,"href":"https:\/\/fmgente.com.ar\/web\/wp-json\/wp\/v2\/comments?post=6520"}],"version-history":[{"count":0,"href":"https:\/\/fmgente.com.ar\/web\/wp-json\/wp\/v2\/posts\/6520\/revisions"}],"wp:featuredmedia":[{"embeddable":true,"href":"https:\/\/fmgente.com.ar\/web\/wp-json\/wp\/v2\/media\/6521"}],"wp:attachment":[{"href":"https:\/\/fmgente.com.ar\/web\/wp-json\/wp\/v2\/media?parent=6520"}],"wp:term":[{"taxonomy":"category","embeddable":true,"href":"https:\/\/fmgente.com.ar\/web\/wp-json\/wp\/v2\/categories?post=6520"},{"taxonomy":"post_tag","embeddable":true,"href":"https:\/\/fmgente.com.ar\/web\/wp-json\/wp\/v2\/tags?post=6520"}],"curies":[{"name":"wp","href":"https:\/\/api.w.org\/{rel}","templated":true}]}}