{"id":6517,"date":"2025-10-09T22:06:07","date_gmt":"2025-10-10T01:06:07","guid":{"rendered":"https:\/\/fmgente.com.ar\/el-emotivo-homenaje-con-el-que-paula-chaves-festejo-el-cumpleanos-de-pedro-alfonso\/"},"modified":"2025-10-09T22:06:07","modified_gmt":"2025-10-10T01:06:07","slug":"el-emotivo-homenaje-con-el-que-paula-chaves-festejo-el-cumpleanos-de-pedro-alfonso","status":"publish","type":"post","link":"https:\/\/fmgente.com.ar\/web\/el-emotivo-homenaje-con-el-que-paula-chaves-festejo-el-cumpleanos-de-pedro-alfonso\/","title":{"rendered":"El emotivo homenaje con el que Paula Chaves festej\u00f3 el cumplea\u00f1os de Pedro Alfonso"},"content":{"rendered":"<p><a href=\"https:\/\/www.paparazzi.com.ar\/?s=Paula+Chaves\">Paula Chaves<\/a> sorprendi\u00f3 a todos con un homenaje muy especial para celebrar el cumplea\u00f1os de <a href=\"https:\/\/www.paparazzi.com.ar\/?s=Pedro+Alfonso\">Pedro Alfonso<\/a>. A trav\u00e9s de sus redes sociales, la modelo public\u00f3 una serie de im\u00e1genes que recorrieron diferentes etapas de su historia juntos. Cada foto mostr\u00f3 una versi\u00f3n distinta de Pedro y una mirada \u00edntima sobre su vida familiar. <\/p>\n<p>La primera imagen retrat\u00f3 un momento de absoluta calma: Pedro descansaba con una remera del Chelsea mientras un beb\u00e9 dorm\u00eda sobre su pecho. La luz suave y la escena familiar transmitieron paz y uni\u00f3n. \u201cFeliz vida al n\u00b01. Te amo en todas tus versiones\u201d, escribi\u00f3 Paula junto a la foto, dejando en claro que el amor entre ellos atraves\u00f3 todos los a\u00f1os y transformaciones.<\/p>\n<p>Otra postal mostr\u00f3 a la pareja posando al aire libre, en blanco y negro. Paula luc\u00eda un vestido animal print y Pedro una camisa negra, con el pecho apenas abierto. \u201cVersi\u00f3n 2\u201d, titul\u00f3 la modelo, en una imagen que reflej\u00f3 pasi\u00f3n y confianza. Esa toma resumi\u00f3 la fuerza del v\u00ednculo y el magnetismo que los uni\u00f3 desde el comienzo, con un gui\u00f1o al costado m\u00e1s sensual de la pareja.<\/p>\n<div class=\"mt-box \">\n<h4 class=\"mt-heading\">Mir\u00e1 Tambi\u00e9n<\/h4>\n<p><a href=\"https:\/\/www.paparazzi.com.ar\/teve\/exclusivo-wanda-nara-volvio-al-pais-tras-el-problema-de-salud-de-su-hija-menor\/\"><\/p>\n<div class=\"mt-content\">\n<div class=\"mt-image-container\"><img decoding=\"async\" src=\"https:\/\/www.paparazzi.com.ar\/wp-content\/uploads\/2025\/09\/Wanda-Nara-mexico.jpg.webp\" alt=\"\u00a1Exclusivo! Wanda Nara volvi\u00f3 al pa\u00eds tras el problema de salud de su hija menor\" class=\"mt-image\" loading=\"lazy\" \/><\/div>\n<h5 class=\"mt-title\">\u00a1Exclusivo! Wanda Nara volvi\u00f3 al pa\u00eds tras el problema de salud de su hija menor<\/h5>\n<\/div>\n<p><\/a><\/div>\n<p>La playa tambi\u00e9n form\u00f3 parte del homenaje. En esa escena, Pedro sosten\u00eda a una de sus hijas mientras los otros ni\u00f1os se aferraban a sus piernas. El mar de fondo y el cielo gris completaron el cuadro familiar, lleno de ternura y complicidad. \u201cVersi\u00f3n 3\u201d, escribi\u00f3 Paula, en alusi\u00f3n a la faceta m\u00e1s paternal del actor, que siempre mostr\u00f3 su entrega total a la familia que formaron juntos.<\/p>\n<p>En otra imagen, ambos aparecieron tirados en el pasto, sonrientes y vestidos con remeras blancas. Paula tom\u00f3 la selfie y escribi\u00f3: \u201cNovios Versi\u00f3n 4\u201d. Esa foto record\u00f3 sus comienzos y el amor cotidiano que los mantiene unidos. Luego incluy\u00f3 una imagen divertida llamada \u201cVersi\u00f3n Piojosa\u201d, donde Pedro levantaba el brazo en un recital, disfrutando del momento. Esa foto reflej\u00f3 su costado m\u00e1s fan\u00e1tico y espont\u00e1neo.<\/p>\n<p>El homenaje cerr\u00f3 con una postal cargada de ternura y humor: Pedro pos\u00f3 con la bulldog francesa de la familia, que llevaba un abrigo animal print. \u201cTe amo en esta vida y en todas las que nos volvamos a encontrar. Como Shakespeare y Anne\u201d, escribi\u00f3 Paula para cerrar el posteo. Con ese mensaje, reafirm\u00f3 un amor que, pese al paso del tiempo, se mantuvo fuerte, divertido y lleno de complicidad.<\/p>\n<figure class=\"wp-block-image size-large\"><img decoding=\"async\" src=\"https:\/\/www.paparazzi.com.ar\/wp-content\/uploads\/2025\/10\/image-142-576x1024.png.webp\" loading=\"lazy\" alt=\"\" class=\"wp-image-447256\" \/><\/figure>\n<figure class=\"wp-block-image size-large\"><img decoding=\"async\" src=\"https:\/\/www.paparazzi.com.ar\/wp-content\/uploads\/2025\/10\/image-141-576x1024.png.webp\" loading=\"lazy\" alt=\"\" class=\"wp-image-447255\" \/><\/figure>\n<figure class=\"wp-block-image size-large\"><img decoding=\"async\" src=\"https:\/\/www.paparazzi.com.ar\/wp-content\/uploads\/2025\/10\/image-140-576x1024.png.webp\" loading=\"lazy\" alt=\"\" class=\"wp-image-447254\" \/><\/figure>\n<figure class=\"wp-block-image size-large\"><img decoding=\"async\" src=\"https:\/\/www.paparazzi.com.ar\/wp-content\/uploads\/2025\/10\/image-139-576x1024.png.webp\" loading=\"lazy\" alt=\"\" class=\"wp-image-447253\" \/><\/figure>\n<figure class=\"wp-block-image size-large\"><img decoding=\"async\" src=\"https:\/\/www.paparazzi.com.ar\/wp-content\/uploads\/2025\/10\/image-138-597x1024.png.webp\" loading=\"lazy\" alt=\"\" class=\"wp-image-447252\" \/><\/figure>\n<div class=\"mt-box \">\n<h4 class=\"mt-heading\">Mir\u00e1 Tambi\u00e9n<\/h4>\n<p><a href=\"https:\/\/www.paparazzi.com.ar\/teve\/se-confirmo-el-problema-de-salud-que-padece-tomas-yankelevich-y-que-lo-dejo-en-silla-de-ruedas\/\"><\/p>\n<div class=\"mt-content\">\n<div class=\"mt-image-container\"><img decoding=\"async\" src=\"https:\/\/www.paparazzi.com.ar\/wp-content\/uploads\/2025\/10\/Se-confirmo-el-problema-de-salud-que-padece-Tomas-Yankelevich-y-que-lo-dejo-en-silla-de-ruedas-359x226.jpg\" alt=\"Se confirm\u00f3 el problema de salud que padece Tom\u00e1s Yankelevich y que lo dej\u00f3 en silla de ruedas\" class=\"mt-image\" loading=\"lazy\" \/><\/div>\n<h5 class=\"mt-title\">Se confirm\u00f3 el problema de salud que padece Tom\u00e1s Yankelevich y que lo dej\u00f3 en silla de ruedas<\/h5>\n<\/div>\n<p><\/a><\/div>\n<div class=\"mt-box \">\n<h4 class=\"mt-heading\">Mir\u00e1 Tambi\u00e9n<\/h4>\n<p><a href=\"https:\/\/www.paparazzi.com.ar\/teve\/el-ataque-de-bronca-de-dalma-maradona-por-la-muerte-de-diego-hay-gente-a-la-que-no-le\/\"><\/p>\n<div class=\"mt-content\">\n<div class=\"mt-image-container\"><img decoding=\"async\" src=\"https:\/\/www.paparazzi.com.ar\/wp-content\/uploads\/2025\/05\/Dalma-Maradona-Diego-Maradona.jpg.webp\" alt=\"El ataque de bronca de Dalma Maradona por la muerte de Diego: &quot;Hay gente a la que no le\u2026&quot;\" class=\"mt-image\" loading=\"lazy\" \/><\/div>\n<h5 class=\"mt-title\">El ataque de bronca de Dalma Maradona por la muerte de Diego: \u00abHay gente a la que no le\u2026\u00bb<\/h5>\n<\/div>\n<p><\/a><\/div>\n<p>The post <a href=\"https:\/\/www.paparazzi.com.ar\/teve\/el-emotivo-homenaje-con-el-que-paula-chaves-festejo-el-cumpleanos-de-pedro-alfonso\/\">El emotivo homenaje con el que Paula Chaves festej\u00f3 el cumplea\u00f1os de Pedro Alfonso<\/a> appeared first on <a href=\"https:\/\/www.paparazzi.com.ar\">Revista Paparazzi<\/a>.<\/p>\n","protected":false},"excerpt":{"rendered":"<p>Paula Chaves sorprendi\u00f3 a todos con un homenaje muy especial para celebrar el cumplea\u00f1os de<\/p>\n","protected":false},"author":0,"featured_media":6518,"comment_status":"","ping_status":"","sticky":false,"template":"","format":"standard","meta":{"footnotes":""},"categories":[11],"tags":[],"class_list":["post-6517","post","type-post","status-publish","format-standard","has-post-thumbnail","hentry","category-destacadas"],"yoast_head":"<!-- This site is optimized with the Yoast SEO plugin v28.3 - https:\/\/yoast.com\/product\/yoast-seo-wordpress\/ -->\n<title>El emotivo homenaje con el que Paula Chaves festej\u00f3 el cumplea\u00f1os de Pedro Alfonso - Fm Gente<\/title>\n<meta name=\"robots\" content=\"index, follow, max-snippet:-1, max-image-preview:large, max-video-preview:-1\" \/>\n<link rel=\"canonical\" href=\"https:\/\/fmgente.com.ar\/web\/el-emotivo-homenaje-con-el-que-paula-chaves-festejo-el-cumpleanos-de-pedro-alfonso\/\" \/>\n<meta property=\"og:locale\" content=\"es_ES\" \/>\n<meta property=\"og:type\" content=\"article\" \/>\n<meta property=\"og:title\" content=\"El emotivo homenaje con el que Paula Chaves festej\u00f3 el cumplea\u00f1os de Pedro Alfonso - Fm Gente\" \/>\n<meta property=\"og:description\" content=\"Paula Chaves sorprendi\u00f3 a todos con un homenaje muy especial para celebrar el cumplea\u00f1os de\" \/>\n<meta property=\"og:url\" content=\"https:\/\/fmgente.com.ar\/web\/el-emotivo-homenaje-con-el-que-paula-chaves-festejo-el-cumpleanos-de-pedro-alfonso\/\" \/>\n<meta property=\"og:site_name\" content=\"Fm Gente\" \/>\n<meta property=\"article:published_time\" content=\"2025-10-10T01:06:07+00:00\" \/>\n<meta property=\"og:image\" content=\"https:\/\/fmgente.com.ar\/web\/wp-content\/uploads\/2025\/10\/Wanda-Nara-mexico.jpg-4.webp\" \/>\n\t<meta property=\"og:image:width\" content=\"1052\" \/>\n\t<meta property=\"og:image:height\" content=\"665\" \/>\n\t<meta property=\"og:image:type\" content=\"image\/webp\" \/>\n<meta name=\"twitter:card\" content=\"summary_large_image\" \/>\n<meta name=\"twitter:label1\" content=\"Tiempo de lectura\" \/>\n\t<meta name=\"twitter:data1\" content=\"2 minutos\" \/>\n<script type=\"application\/ld+json\" class=\"yoast-schema-graph\">{\"@context\":\"https:\\\/\\\/schema.org\",\"@graph\":[{\"@type\":\"Article\",\"@id\":\"https:\\\/\\\/fmgente.com.ar\\\/web\\\/el-emotivo-homenaje-con-el-que-paula-chaves-festejo-el-cumpleanos-de-pedro-alfonso\\\/#article\",\"isPartOf\":{\"@id\":\"https:\\\/\\\/fmgente.com.ar\\\/web\\\/el-emotivo-homenaje-con-el-que-paula-chaves-festejo-el-cumpleanos-de-pedro-alfonso\\\/\"},\"author\":{\"name\":\"\",\"@id\":\"\"},\"headline\":\"El emotivo homenaje con el que Paula Chaves festej\u00f3 el cumplea\u00f1os de Pedro Alfonso\",\"datePublished\":\"2025-10-10T01:06:07+00:00\",\"mainEntityOfPage\":{\"@id\":\"https:\\\/\\\/fmgente.com.ar\\\/web\\\/el-emotivo-homenaje-con-el-que-paula-chaves-festejo-el-cumpleanos-de-pedro-alfonso\\\/\"},\"wordCount\":511,\"publisher\":{\"@id\":\"https:\\\/\\\/fmgente.com.ar\\\/web\\\/#organization\"},\"image\":{\"@id\":\"https:\\\/\\\/fmgente.com.ar\\\/web\\\/el-emotivo-homenaje-con-el-que-paula-chaves-festejo-el-cumpleanos-de-pedro-alfonso\\\/#primaryimage\"},\"thumbnailUrl\":\"https:\\\/\\\/fmgente.com.ar\\\/web\\\/wp-content\\\/uploads\\\/2025\\\/10\\\/Wanda-Nara-mexico.jpg-4.webp\",\"articleSection\":[\"DESTACADAS\"],\"inLanguage\":\"es\"},{\"@type\":\"WebPage\",\"@id\":\"https:\\\/\\\/fmgente.com.ar\\\/web\\\/el-emotivo-homenaje-con-el-que-paula-chaves-festejo-el-cumpleanos-de-pedro-alfonso\\\/\",\"url\":\"https:\\\/\\\/fmgente.com.ar\\\/web\\\/el-emotivo-homenaje-con-el-que-paula-chaves-festejo-el-cumpleanos-de-pedro-alfonso\\\/\",\"name\":\"El emotivo homenaje con el que Paula Chaves festej\u00f3 el cumplea\u00f1os de Pedro Alfonso - Fm Gente\",\"isPartOf\":{\"@id\":\"https:\\\/\\\/fmgente.com.ar\\\/web\\\/#website\"},\"primaryImageOfPage\":{\"@id\":\"https:\\\/\\\/fmgente.com.ar\\\/web\\\/el-emotivo-homenaje-con-el-que-paula-chaves-festejo-el-cumpleanos-de-pedro-alfonso\\\/#primaryimage\"},\"image\":{\"@id\":\"https:\\\/\\\/fmgente.com.ar\\\/web\\\/el-emotivo-homenaje-con-el-que-paula-chaves-festejo-el-cumpleanos-de-pedro-alfonso\\\/#primaryimage\"},\"thumbnailUrl\":\"https:\\\/\\\/fmgente.com.ar\\\/web\\\/wp-content\\\/uploads\\\/2025\\\/10\\\/Wanda-Nara-mexico.jpg-4.webp\",\"datePublished\":\"2025-10-10T01:06:07+00:00\",\"inLanguage\":\"es\",\"potentialAction\":[{\"@type\":\"ReadAction\",\"target\":[\"https:\\\/\\\/fmgente.com.ar\\\/web\\\/el-emotivo-homenaje-con-el-que-paula-chaves-festejo-el-cumpleanos-de-pedro-alfonso\\\/\"]}]},{\"@type\":\"ImageObject\",\"inLanguage\":\"es\",\"@id\":\"https:\\\/\\\/fmgente.com.ar\\\/web\\\/el-emotivo-homenaje-con-el-que-paula-chaves-festejo-el-cumpleanos-de-pedro-alfonso\\\/#primaryimage\",\"url\":\"https:\\\/\\\/fmgente.com.ar\\\/web\\\/wp-content\\\/uploads\\\/2025\\\/10\\\/Wanda-Nara-mexico.jpg-4.webp\",\"contentUrl\":\"https:\\\/\\\/fmgente.com.ar\\\/web\\\/wp-content\\\/uploads\\\/2025\\\/10\\\/Wanda-Nara-mexico.jpg-4.webp\",\"width\":1052,\"height\":665},{\"@type\":\"WebSite\",\"@id\":\"https:\\\/\\\/fmgente.com.ar\\\/web\\\/#website\",\"url\":\"https:\\\/\\\/fmgente.com.ar\\\/web\\\/\",\"name\":\"Fm Gente\",\"description\":\"- Jes\u00fas Mar\u00eda\",\"publisher\":{\"@id\":\"https:\\\/\\\/fmgente.com.ar\\\/web\\\/#organization\"},\"potentialAction\":[{\"@type\":\"SearchAction\",\"target\":{\"@type\":\"EntryPoint\",\"urlTemplate\":\"https:\\\/\\\/fmgente.com.ar\\\/web\\\/?s={search_term_string}\"},\"query-input\":{\"@type\":\"PropertyValueSpecification\",\"valueRequired\":true,\"valueName\":\"search_term_string\"}}],\"inLanguage\":\"es\"},{\"@type\":\"Organization\",\"@id\":\"https:\\\/\\\/fmgente.com.ar\\\/web\\\/#organization\",\"name\":\"Fm Gente\",\"url\":\"https:\\\/\\\/fmgente.com.ar\\\/web\\\/\",\"logo\":{\"@type\":\"ImageObject\",\"inLanguage\":\"es\",\"@id\":\"https:\\\/\\\/fmgente.com.ar\\\/web\\\/#\\\/schema\\\/logo\\\/image\\\/\",\"url\":\"https:\\\/\\\/fmgente.com.ar\\\/web\\\/wp-content\\\/uploads\\\/2023\\\/07\\\/cropped-cropped-logo-sombra2.png\",\"contentUrl\":\"https:\\\/\\\/fmgente.com.ar\\\/web\\\/wp-content\\\/uploads\\\/2023\\\/07\\\/cropped-cropped-logo-sombra2.png\",\"width\":1782,\"height\":1782,\"caption\":\"Fm Gente\"},\"image\":{\"@id\":\"https:\\\/\\\/fmgente.com.ar\\\/web\\\/#\\\/schema\\\/logo\\\/image\\\/\"}}]}<\/script>\n<!-- \/ Yoast SEO plugin. -->","yoast_head_json":{"title":"El emotivo homenaje con el que Paula Chaves festej\u00f3 el cumplea\u00f1os de Pedro Alfonso - Fm Gente","robots":{"index":"index","follow":"follow","max-snippet":"max-snippet:-1","max-image-preview":"max-image-preview:large","max-video-preview":"max-video-preview:-1"},"canonical":"https:\/\/fmgente.com.ar\/web\/el-emotivo-homenaje-con-el-que-paula-chaves-festejo-el-cumpleanos-de-pedro-alfonso\/","og_locale":"es_ES","og_type":"article","og_title":"El emotivo homenaje con el que Paula Chaves festej\u00f3 el cumplea\u00f1os de Pedro Alfonso - Fm Gente","og_description":"Paula Chaves sorprendi\u00f3 a todos con un homenaje muy especial para celebrar el cumplea\u00f1os de","og_url":"https:\/\/fmgente.com.ar\/web\/el-emotivo-homenaje-con-el-que-paula-chaves-festejo-el-cumpleanos-de-pedro-alfonso\/","og_site_name":"Fm Gente","article_published_time":"2025-10-10T01:06:07+00:00","og_image":[{"width":1052,"height":665,"url":"https:\/\/fmgente.com.ar\/web\/wp-content\/uploads\/2025\/10\/Wanda-Nara-mexico.jpg-4.webp","type":"image\/webp"}],"twitter_card":"summary_large_image","twitter_misc":{"Tiempo de lectura":"2 minutos"},"schema":{"@context":"https:\/\/schema.org","@graph":[{"@type":"Article","@id":"https:\/\/fmgente.com.ar\/web\/el-emotivo-homenaje-con-el-que-paula-chaves-festejo-el-cumpleanos-de-pedro-alfonso\/#article","isPartOf":{"@id":"https:\/\/fmgente.com.ar\/web\/el-emotivo-homenaje-con-el-que-paula-chaves-festejo-el-cumpleanos-de-pedro-alfonso\/"},"author":{"name":"","@id":""},"headline":"El emotivo homenaje con el que Paula Chaves festej\u00f3 el cumplea\u00f1os de Pedro Alfonso","datePublished":"2025-10-10T01:06:07+00:00","mainEntityOfPage":{"@id":"https:\/\/fmgente.com.ar\/web\/el-emotivo-homenaje-con-el-que-paula-chaves-festejo-el-cumpleanos-de-pedro-alfonso\/"},"wordCount":511,"publisher":{"@id":"https:\/\/fmgente.com.ar\/web\/#organization"},"image":{"@id":"https:\/\/fmgente.com.ar\/web\/el-emotivo-homenaje-con-el-que-paula-chaves-festejo-el-cumpleanos-de-pedro-alfonso\/#primaryimage"},"thumbnailUrl":"https:\/\/fmgente.com.ar\/web\/wp-content\/uploads\/2025\/10\/Wanda-Nara-mexico.jpg-4.webp","articleSection":["DESTACADAS"],"inLanguage":"es"},{"@type":"WebPage","@id":"https:\/\/fmgente.com.ar\/web\/el-emotivo-homenaje-con-el-que-paula-chaves-festejo-el-cumpleanos-de-pedro-alfonso\/","url":"https:\/\/fmgente.com.ar\/web\/el-emotivo-homenaje-con-el-que-paula-chaves-festejo-el-cumpleanos-de-pedro-alfonso\/","name":"El emotivo homenaje con el que Paula Chaves festej\u00f3 el cumplea\u00f1os de Pedro Alfonso - Fm Gente","isPartOf":{"@id":"https:\/\/fmgente.com.ar\/web\/#website"},"primaryImageOfPage":{"@id":"https:\/\/fmgente.com.ar\/web\/el-emotivo-homenaje-con-el-que-paula-chaves-festejo-el-cumpleanos-de-pedro-alfonso\/#primaryimage"},"image":{"@id":"https:\/\/fmgente.com.ar\/web\/el-emotivo-homenaje-con-el-que-paula-chaves-festejo-el-cumpleanos-de-pedro-alfonso\/#primaryimage"},"thumbnailUrl":"https:\/\/fmgente.com.ar\/web\/wp-content\/uploads\/2025\/10\/Wanda-Nara-mexico.jpg-4.webp","datePublished":"2025-10-10T01:06:07+00:00","inLanguage":"es","potentialAction":[{"@type":"ReadAction","target":["https:\/\/fmgente.com.ar\/web\/el-emotivo-homenaje-con-el-que-paula-chaves-festejo-el-cumpleanos-de-pedro-alfonso\/"]}]},{"@type":"ImageObject","inLanguage":"es","@id":"https:\/\/fmgente.com.ar\/web\/el-emotivo-homenaje-con-el-que-paula-chaves-festejo-el-cumpleanos-de-pedro-alfonso\/#primaryimage","url":"https:\/\/fmgente.com.ar\/web\/wp-content\/uploads\/2025\/10\/Wanda-Nara-mexico.jpg-4.webp","contentUrl":"https:\/\/fmgente.com.ar\/web\/wp-content\/uploads\/2025\/10\/Wanda-Nara-mexico.jpg-4.webp","width":1052,"height":665},{"@type":"WebSite","@id":"https:\/\/fmgente.com.ar\/web\/#website","url":"https:\/\/fmgente.com.ar\/web\/","name":"Fm Gente","description":"- Jes\u00fas Mar\u00eda","publisher":{"@id":"https:\/\/fmgente.com.ar\/web\/#organization"},"potentialAction":[{"@type":"SearchAction","target":{"@type":"EntryPoint","urlTemplate":"https:\/\/fmgente.com.ar\/web\/?s={search_term_string}"},"query-input":{"@type":"PropertyValueSpecification","valueRequired":true,"valueName":"search_term_string"}}],"inLanguage":"es"},{"@type":"Organization","@id":"https:\/\/fmgente.com.ar\/web\/#organization","name":"Fm Gente","url":"https:\/\/fmgente.com.ar\/web\/","logo":{"@type":"ImageObject","inLanguage":"es","@id":"https:\/\/fmgente.com.ar\/web\/#\/schema\/logo\/image\/","url":"https:\/\/fmgente.com.ar\/web\/wp-content\/uploads\/2023\/07\/cropped-cropped-logo-sombra2.png","contentUrl":"https:\/\/fmgente.com.ar\/web\/wp-content\/uploads\/2023\/07\/cropped-cropped-logo-sombra2.png","width":1782,"height":1782,"caption":"Fm Gente"},"image":{"@id":"https:\/\/fmgente.com.ar\/web\/#\/schema\/logo\/image\/"}}]}},"_links":{"self":[{"href":"https:\/\/fmgente.com.ar\/web\/wp-json\/wp\/v2\/posts\/6517","targetHints":{"allow":["GET"]}}],"collection":[{"href":"https:\/\/fmgente.com.ar\/web\/wp-json\/wp\/v2\/posts"}],"about":[{"href":"https:\/\/fmgente.com.ar\/web\/wp-json\/wp\/v2\/types\/post"}],"replies":[{"embeddable":true,"href":"https:\/\/fmgente.com.ar\/web\/wp-json\/wp\/v2\/comments?post=6517"}],"version-history":[{"count":0,"href":"https:\/\/fmgente.com.ar\/web\/wp-json\/wp\/v2\/posts\/6517\/revisions"}],"wp:featuredmedia":[{"embeddable":true,"href":"https:\/\/fmgente.com.ar\/web\/wp-json\/wp\/v2\/media\/6518"}],"wp:attachment":[{"href":"https:\/\/fmgente.com.ar\/web\/wp-json\/wp\/v2\/media?parent=6517"}],"wp:term":[{"taxonomy":"category","embeddable":true,"href":"https:\/\/fmgente.com.ar\/web\/wp-json\/wp\/v2\/categories?post=6517"},{"taxonomy":"post_tag","embeddable":true,"href":"https:\/\/fmgente.com.ar\/web\/wp-json\/wp\/v2\/tags?post=6517"}],"curies":[{"name":"wp","href":"https:\/\/api.w.org\/{rel}","templated":true}]}}