{"id":6515,"date":"2025-10-09T22:06:07","date_gmt":"2025-10-10T01:06:07","guid":{"rendered":"https:\/\/fmgente.com.ar\/y-la-cuota-para-sus-hijas-cuantos-millones-gasto-mauro-icardi-en-su-viaje-con-la-china-suarez-a-madrid\/"},"modified":"2025-10-09T22:06:07","modified_gmt":"2025-10-10T01:06:07","slug":"y-la-cuota-para-sus-hijas-cuantos-millones-gasto-mauro-icardi-en-su-viaje-con-la-china-suarez-a-madrid","status":"publish","type":"post","link":"https:\/\/fmgente.com.ar\/web\/y-la-cuota-para-sus-hijas-cuantos-millones-gasto-mauro-icardi-en-su-viaje-con-la-china-suarez-a-madrid\/","title":{"rendered":"\u00bfY la cuota para sus hijas? Cu\u00e1ntos millones gast\u00f3 Mauro Icardi en su viaje con la China Su\u00e1rez a Madrid"},"content":{"rendered":"<p>Una escapada rom\u00e1ntica que desat\u00f3 un embrollo y un esc\u00e1ndalo internacional. La <strong>China Su\u00e1rez <\/strong>se subi\u00f3 a un avi\u00f3n privado para perseguir a <strong>Mauro Icardi<\/strong> a <a href=\"https:\/\/www.paparazzi.com.ar\/romances\/la-china-suarez-dejo-a-sus-hijos-en-turquia-para-irse-sola-con-mauro-icardi-a-espana-la-reaccion-de-benjamin-vicuna\/\">Madrid<\/a>, en lo que se entendi\u00f3 como un viaje de placer y de tiempo compartido para la pareja de tortolitos.<\/p>\n<p>\u00bfEntonces? La problem\u00e1tica se centr\u00f3 en que Mar\u00eda Eugenia dej\u00f3 a sus hijos al cuidado de una ni\u00f1era en Estambul, lo que habr\u00eda provocado la furia de Benjam\u00edn Vicu\u00f1a. En definitiva, otra de las secuelas se centr\u00f3 en la inversi\u00f3n millonaria del delantero del Galatasaray para esos tres d\u00edas en Espa\u00f1a.<\/p>\n<p>Juan Etchegoyen se contact\u00f3 con un colega espa\u00f1ol, quien ofreci\u00f3 datos de lo que desembols\u00f3 Icardi en esas jornadas en tierras madrile\u00f1as. \u201c<em>Ese domingo que llegaron salieron de fiesta a un boliche, llamado Discoteca Fit en la calle Princesa, en el centro de Madrid, al lado de plaza Espa\u00f1a, pero los invitaron<\/em>\u201d, cont\u00f3 Roberto Antol\u00edn.<\/p>\n<div class=\"mt-box \">\n<h4 class=\"mt-heading\">Mir\u00e1 Tambi\u00e9n<\/h4>\n<p><a href=\"https:\/\/www.paparazzi.com.ar\/teve\/exclusivo-el-video-de-la-salida-de-thiago-medina-del-hospital-que-famosos-lo-fueron-a-buscar\/\"><\/p>\n<div class=\"mt-content\">\n<div class=\"mt-image-container\"><img decoding=\"async\" src=\"https:\/\/www.paparazzi.com.ar\/wp-content\/uploads\/2025\/10\/Thiago-Medina-hospital-359x226.jpg\" alt=\"\u00a1Exclusivo! El video de la salida de Thiago Medina del hospital: qu\u00e9 famosos lo fueron a buscar\" class=\"mt-image\" loading=\"lazy\" \/><\/div>\n<h5 class=\"mt-title\">\u00a1Exclusivo! El video de la salida de Thiago Medina del hospital: qu\u00e9 famosos lo fueron a buscar<\/h5>\n<\/div>\n<p><\/a><\/div>\n<p>En ese relato, el ib\u00e9rico corrobor\u00f3 el monto estrafalario que desembols\u00f3 Icardi: \u201c<em>Alquil\u00f3 una suite, desde el domingo, que le ha costado 3300 euros al d\u00eda<\/em>\u201d. La simple cuenta desemboca en unos diez mil euros solamente para resolver el hospedaje en un hotel de lujo.<\/p>\n<h2 class=\"wp-block-heading\">CU\u00c1NTO GAST\u00d3 ICARDI PARA LLEVAR A LA CHINA SU\u00c1REZ A MADRID<\/h2>\n<p>Asimismo, el espa\u00f1ol aport\u00f3 m\u00e1s detalles: \u201c<em>Es una suite para tres personas, porque el peluquero (Juanma Cativa) tambi\u00e9n se aloj\u00f3 ah\u00ed. Tiene 78 metros cuadrados y fue en el hotel Ritz de Madrid<\/em>\u201d. Hasta describi\u00f3 toda la pasi\u00f3n de la China:\u00a0 \u201c<em>Me dicen tambi\u00e9n que nunca han visto a una pareja tan fogosa en la noche, en la tarde, por la ma\u00f1ana, en las artes amatorias. Lo que me trasladan es que la fogosidad es incre\u00edble porque est\u00e1n s\u00faper enamorados. No se despegan del lado del otro\u2019<\/em>\u201d.<\/p>\n<p>Atento a los movimientos de los famosos, Antol\u00edn recopil\u00f3 m\u00e1s informaci\u00f3n de otros est\u00edmulos en la capital espa\u00f1ola. \u201c<em>Son tres comensales, hay que recordar, la cuenta sali\u00f3 acerca de unos cuatrocientos euros. No es caro. Para ser un restaurante de ese calado, tres comensales, no es nada caro. Cuatrocientos euros pag\u00f3 la cuenta, es lo que me dicen\u201d<\/em>, asever\u00f3.\u00a0<\/p>\n<p>A todos esos n\u00fameros es menester sumarle la monta\u00f1a de d\u00f3lares que implica reservar un avi\u00f3n privado para trasladarse ida y vuelta de Turqu\u00eda a Espa\u00f1a, as\u00ed que <a href=\"https:\/\/www.paparazzi.com.ar\/romances\/los-desgarradores-testimonios-de-las-hijas-de-wanda-nara-contra-mauro-icardi-me-arruina-la-vida-con-su\/\">Mauro<\/a> despilfarr\u00f3 un monto millonario para tres d\u00edas de paseo con Mar\u00eda Eugenia.<\/p>\n<div class=\"mt-box \">\n<h4 class=\"mt-heading\">Mir\u00e1 Tambi\u00e9n<\/h4>\n<p><a href=\"https:\/\/www.paparazzi.com.ar\/romances\/la-china-suarez-dejo-a-sus-hijos-en-turquia-para-irse-sola-con-mauro-icardi-a-espana-la-reaccion-de-benjamin-vicuna\/\"><\/p>\n<div class=\"mt-content\">\n<div class=\"mt-image-container\"><img decoding=\"async\" src=\"https:\/\/www.paparazzi.com.ar\/wp-content\/uploads\/2025\/10\/Benjamin-Vicuna-China-Suarez-2-359x226.jpg\" alt=\"La China Su\u00e1rez dej\u00f3 a sus hijos en Turqu\u00eda para irse con Mauro Icardi a Espa\u00f1a: la reacci\u00f3n de Benjam\u00edn Vicu\u00f1a\" class=\"mt-image\" loading=\"lazy\" \/><\/div>\n<h5 class=\"mt-title\">La China Su\u00e1rez dej\u00f3 a sus hijos en Turqu\u00eda para irse con Mauro Icardi a Espa\u00f1a: la reacci\u00f3n de Benjam\u00edn Vicu\u00f1a<\/h5>\n<\/div>\n<p><\/a><\/div>\n<div class=\"mt-box \">\n<h4 class=\"mt-heading\">Mir\u00e1 Tambi\u00e9n<\/h4>\n<p><a href=\"https:\/\/www.paparazzi.com.ar\/romances\/los-desgarradores-testimonios-de-las-hijas-de-wanda-nara-contra-mauro-icardi-me-arruina-la-vida-con-su\/\"><\/p>\n<div class=\"mt-content\">\n<div class=\"mt-image-container\"><img decoding=\"async\" src=\"https:\/\/www.paparazzi.com.ar\/wp-content\/uploads\/2025\/08\/Wanda-Nara-Isabella-Mauro-Icardi.jpg.webp\" alt=\"Los desgarradores testimonios de las hijas de Wanda Nara contra Mauro Icardi: \u201cMe arruina la vida con su\u2026\u201d\" class=\"mt-image\" loading=\"lazy\" \/><\/div>\n<h5 class=\"mt-title\">Los desgarradores testimonios de las hijas de Wanda Nara contra Mauro Icardi: \u201cMe arruina la vida con su\u2026\u201d<\/h5>\n<\/div>\n<p><\/a><\/div>\n<p>The post <a href=\"https:\/\/www.paparazzi.com.ar\/romances\/y-la-cuota-para-sus-hijas-cuantos-millones-gasto-mauro-icardi-en-su-viaje-con-la-china-suarez-a-madrid\/\">\u00bfY la cuota para sus hijas? Cu\u00e1ntos millones gast\u00f3 Mauro Icardi en su viaje con la China Su\u00e1rez a Madrid<\/a> appeared first on <a href=\"https:\/\/www.paparazzi.com.ar\">Revista Paparazzi<\/a>.<\/p>\n","protected":false},"excerpt":{"rendered":"<p>Una escapada rom\u00e1ntica que desat\u00f3 un embrollo y un esc\u00e1ndalo internacional. La China Su\u00e1rez se<\/p>\n","protected":false},"author":0,"featured_media":6516,"comment_status":"","ping_status":"","sticky":false,"template":"","format":"standard","meta":{"footnotes":""},"categories":[11],"tags":[],"class_list":["post-6515","post","type-post","status-publish","format-standard","has-post-thumbnail","hentry","category-destacadas"],"yoast_head":"<!-- This site is optimized with the Yoast SEO plugin v28.3 - https:\/\/yoast.com\/product\/yoast-seo-wordpress\/ -->\n<title>\u00bfY la cuota para sus hijas? Cu\u00e1ntos millones gast\u00f3 Mauro Icardi en su viaje con la China Su\u00e1rez a Madrid - Fm Gente<\/title>\n<meta name=\"robots\" content=\"index, follow, max-snippet:-1, max-image-preview:large, max-video-preview:-1\" \/>\n<link rel=\"canonical\" href=\"https:\/\/fmgente.com.ar\/web\/y-la-cuota-para-sus-hijas-cuantos-millones-gasto-mauro-icardi-en-su-viaje-con-la-china-suarez-a-madrid\/\" \/>\n<meta property=\"og:locale\" content=\"es_ES\" \/>\n<meta property=\"og:type\" content=\"article\" \/>\n<meta property=\"og:title\" content=\"\u00bfY la cuota para sus hijas? Cu\u00e1ntos millones gast\u00f3 Mauro Icardi en su viaje con la China Su\u00e1rez a Madrid - Fm Gente\" \/>\n<meta property=\"og:description\" content=\"Una escapada rom\u00e1ntica que desat\u00f3 un embrollo y un esc\u00e1ndalo internacional. La China Su\u00e1rez se\" \/>\n<meta property=\"og:url\" content=\"https:\/\/fmgente.com.ar\/web\/y-la-cuota-para-sus-hijas-cuantos-millones-gasto-mauro-icardi-en-su-viaje-con-la-china-suarez-a-madrid\/\" \/>\n<meta property=\"og:site_name\" content=\"Fm Gente\" \/>\n<meta property=\"article:published_time\" content=\"2025-10-10T01:06:07+00:00\" \/>\n<meta property=\"og:image\" content=\"https:\/\/fmgente.com.ar\/web\/wp-content\/uploads\/2025\/10\/Thiago-Medina-hospital-359x226-4.jpg\" \/>\n\t<meta property=\"og:image:width\" content=\"359\" \/>\n\t<meta property=\"og:image:height\" content=\"226\" \/>\n\t<meta property=\"og:image:type\" content=\"image\/jpeg\" \/>\n<meta name=\"twitter:card\" content=\"summary_large_image\" \/>\n<meta name=\"twitter:label1\" content=\"Tiempo de lectura\" \/>\n\t<meta name=\"twitter:data1\" content=\"3 minutos\" \/>\n<script type=\"application\/ld+json\" class=\"yoast-schema-graph\">{\"@context\":\"https:\\\/\\\/schema.org\",\"@graph\":[{\"@type\":\"Article\",\"@id\":\"https:\\\/\\\/fmgente.com.ar\\\/web\\\/y-la-cuota-para-sus-hijas-cuantos-millones-gasto-mauro-icardi-en-su-viaje-con-la-china-suarez-a-madrid\\\/#article\",\"isPartOf\":{\"@id\":\"https:\\\/\\\/fmgente.com.ar\\\/web\\\/y-la-cuota-para-sus-hijas-cuantos-millones-gasto-mauro-icardi-en-su-viaje-con-la-china-suarez-a-madrid\\\/\"},\"author\":{\"name\":\"\",\"@id\":\"\"},\"headline\":\"\u00bfY la cuota para sus hijas? Cu\u00e1ntos millones gast\u00f3 Mauro Icardi en su viaje con la China Su\u00e1rez a Madrid\",\"datePublished\":\"2025-10-10T01:06:07+00:00\",\"mainEntityOfPage\":{\"@id\":\"https:\\\/\\\/fmgente.com.ar\\\/web\\\/y-la-cuota-para-sus-hijas-cuantos-millones-gasto-mauro-icardi-en-su-viaje-con-la-china-suarez-a-madrid\\\/\"},\"wordCount\":558,\"publisher\":{\"@id\":\"https:\\\/\\\/fmgente.com.ar\\\/web\\\/#organization\"},\"image\":{\"@id\":\"https:\\\/\\\/fmgente.com.ar\\\/web\\\/y-la-cuota-para-sus-hijas-cuantos-millones-gasto-mauro-icardi-en-su-viaje-con-la-china-suarez-a-madrid\\\/#primaryimage\"},\"thumbnailUrl\":\"https:\\\/\\\/fmgente.com.ar\\\/web\\\/wp-content\\\/uploads\\\/2025\\\/10\\\/Thiago-Medina-hospital-359x226-4.jpg\",\"articleSection\":[\"DESTACADAS\"],\"inLanguage\":\"es\"},{\"@type\":\"WebPage\",\"@id\":\"https:\\\/\\\/fmgente.com.ar\\\/web\\\/y-la-cuota-para-sus-hijas-cuantos-millones-gasto-mauro-icardi-en-su-viaje-con-la-china-suarez-a-madrid\\\/\",\"url\":\"https:\\\/\\\/fmgente.com.ar\\\/web\\\/y-la-cuota-para-sus-hijas-cuantos-millones-gasto-mauro-icardi-en-su-viaje-con-la-china-suarez-a-madrid\\\/\",\"name\":\"\u00bfY la cuota para sus hijas? Cu\u00e1ntos millones gast\u00f3 Mauro Icardi en su viaje con la China Su\u00e1rez a Madrid - Fm Gente\",\"isPartOf\":{\"@id\":\"https:\\\/\\\/fmgente.com.ar\\\/web\\\/#website\"},\"primaryImageOfPage\":{\"@id\":\"https:\\\/\\\/fmgente.com.ar\\\/web\\\/y-la-cuota-para-sus-hijas-cuantos-millones-gasto-mauro-icardi-en-su-viaje-con-la-china-suarez-a-madrid\\\/#primaryimage\"},\"image\":{\"@id\":\"https:\\\/\\\/fmgente.com.ar\\\/web\\\/y-la-cuota-para-sus-hijas-cuantos-millones-gasto-mauro-icardi-en-su-viaje-con-la-china-suarez-a-madrid\\\/#primaryimage\"},\"thumbnailUrl\":\"https:\\\/\\\/fmgente.com.ar\\\/web\\\/wp-content\\\/uploads\\\/2025\\\/10\\\/Thiago-Medina-hospital-359x226-4.jpg\",\"datePublished\":\"2025-10-10T01:06:07+00:00\",\"inLanguage\":\"es\",\"potentialAction\":[{\"@type\":\"ReadAction\",\"target\":[\"https:\\\/\\\/fmgente.com.ar\\\/web\\\/y-la-cuota-para-sus-hijas-cuantos-millones-gasto-mauro-icardi-en-su-viaje-con-la-china-suarez-a-madrid\\\/\"]}]},{\"@type\":\"ImageObject\",\"inLanguage\":\"es\",\"@id\":\"https:\\\/\\\/fmgente.com.ar\\\/web\\\/y-la-cuota-para-sus-hijas-cuantos-millones-gasto-mauro-icardi-en-su-viaje-con-la-china-suarez-a-madrid\\\/#primaryimage\",\"url\":\"https:\\\/\\\/fmgente.com.ar\\\/web\\\/wp-content\\\/uploads\\\/2025\\\/10\\\/Thiago-Medina-hospital-359x226-4.jpg\",\"contentUrl\":\"https:\\\/\\\/fmgente.com.ar\\\/web\\\/wp-content\\\/uploads\\\/2025\\\/10\\\/Thiago-Medina-hospital-359x226-4.jpg\",\"width\":359,\"height\":226},{\"@type\":\"WebSite\",\"@id\":\"https:\\\/\\\/fmgente.com.ar\\\/web\\\/#website\",\"url\":\"https:\\\/\\\/fmgente.com.ar\\\/web\\\/\",\"name\":\"Fm Gente\",\"description\":\"- Jes\u00fas Mar\u00eda\",\"publisher\":{\"@id\":\"https:\\\/\\\/fmgente.com.ar\\\/web\\\/#organization\"},\"potentialAction\":[{\"@type\":\"SearchAction\",\"target\":{\"@type\":\"EntryPoint\",\"urlTemplate\":\"https:\\\/\\\/fmgente.com.ar\\\/web\\\/?s={search_term_string}\"},\"query-input\":{\"@type\":\"PropertyValueSpecification\",\"valueRequired\":true,\"valueName\":\"search_term_string\"}}],\"inLanguage\":\"es\"},{\"@type\":\"Organization\",\"@id\":\"https:\\\/\\\/fmgente.com.ar\\\/web\\\/#organization\",\"name\":\"Fm Gente\",\"url\":\"https:\\\/\\\/fmgente.com.ar\\\/web\\\/\",\"logo\":{\"@type\":\"ImageObject\",\"inLanguage\":\"es\",\"@id\":\"https:\\\/\\\/fmgente.com.ar\\\/web\\\/#\\\/schema\\\/logo\\\/image\\\/\",\"url\":\"https:\\\/\\\/fmgente.com.ar\\\/web\\\/wp-content\\\/uploads\\\/2023\\\/07\\\/cropped-cropped-logo-sombra2.png\",\"contentUrl\":\"https:\\\/\\\/fmgente.com.ar\\\/web\\\/wp-content\\\/uploads\\\/2023\\\/07\\\/cropped-cropped-logo-sombra2.png\",\"width\":1782,\"height\":1782,\"caption\":\"Fm Gente\"},\"image\":{\"@id\":\"https:\\\/\\\/fmgente.com.ar\\\/web\\\/#\\\/schema\\\/logo\\\/image\\\/\"}}]}<\/script>\n<!-- \/ Yoast SEO plugin. -->","yoast_head_json":{"title":"\u00bfY la cuota para sus hijas? Cu\u00e1ntos millones gast\u00f3 Mauro Icardi en su viaje con la China Su\u00e1rez a Madrid - Fm Gente","robots":{"index":"index","follow":"follow","max-snippet":"max-snippet:-1","max-image-preview":"max-image-preview:large","max-video-preview":"max-video-preview:-1"},"canonical":"https:\/\/fmgente.com.ar\/web\/y-la-cuota-para-sus-hijas-cuantos-millones-gasto-mauro-icardi-en-su-viaje-con-la-china-suarez-a-madrid\/","og_locale":"es_ES","og_type":"article","og_title":"\u00bfY la cuota para sus hijas? Cu\u00e1ntos millones gast\u00f3 Mauro Icardi en su viaje con la China Su\u00e1rez a Madrid - Fm Gente","og_description":"Una escapada rom\u00e1ntica que desat\u00f3 un embrollo y un esc\u00e1ndalo internacional. La China Su\u00e1rez se","og_url":"https:\/\/fmgente.com.ar\/web\/y-la-cuota-para-sus-hijas-cuantos-millones-gasto-mauro-icardi-en-su-viaje-con-la-china-suarez-a-madrid\/","og_site_name":"Fm Gente","article_published_time":"2025-10-10T01:06:07+00:00","og_image":[{"width":359,"height":226,"url":"https:\/\/fmgente.com.ar\/web\/wp-content\/uploads\/2025\/10\/Thiago-Medina-hospital-359x226-4.jpg","type":"image\/jpeg"}],"twitter_card":"summary_large_image","twitter_misc":{"Tiempo de lectura":"3 minutos"},"schema":{"@context":"https:\/\/schema.org","@graph":[{"@type":"Article","@id":"https:\/\/fmgente.com.ar\/web\/y-la-cuota-para-sus-hijas-cuantos-millones-gasto-mauro-icardi-en-su-viaje-con-la-china-suarez-a-madrid\/#article","isPartOf":{"@id":"https:\/\/fmgente.com.ar\/web\/y-la-cuota-para-sus-hijas-cuantos-millones-gasto-mauro-icardi-en-su-viaje-con-la-china-suarez-a-madrid\/"},"author":{"name":"","@id":""},"headline":"\u00bfY la cuota para sus hijas? Cu\u00e1ntos millones gast\u00f3 Mauro Icardi en su viaje con la China Su\u00e1rez a Madrid","datePublished":"2025-10-10T01:06:07+00:00","mainEntityOfPage":{"@id":"https:\/\/fmgente.com.ar\/web\/y-la-cuota-para-sus-hijas-cuantos-millones-gasto-mauro-icardi-en-su-viaje-con-la-china-suarez-a-madrid\/"},"wordCount":558,"publisher":{"@id":"https:\/\/fmgente.com.ar\/web\/#organization"},"image":{"@id":"https:\/\/fmgente.com.ar\/web\/y-la-cuota-para-sus-hijas-cuantos-millones-gasto-mauro-icardi-en-su-viaje-con-la-china-suarez-a-madrid\/#primaryimage"},"thumbnailUrl":"https:\/\/fmgente.com.ar\/web\/wp-content\/uploads\/2025\/10\/Thiago-Medina-hospital-359x226-4.jpg","articleSection":["DESTACADAS"],"inLanguage":"es"},{"@type":"WebPage","@id":"https:\/\/fmgente.com.ar\/web\/y-la-cuota-para-sus-hijas-cuantos-millones-gasto-mauro-icardi-en-su-viaje-con-la-china-suarez-a-madrid\/","url":"https:\/\/fmgente.com.ar\/web\/y-la-cuota-para-sus-hijas-cuantos-millones-gasto-mauro-icardi-en-su-viaje-con-la-china-suarez-a-madrid\/","name":"\u00bfY la cuota para sus hijas? Cu\u00e1ntos millones gast\u00f3 Mauro Icardi en su viaje con la China Su\u00e1rez a Madrid - Fm Gente","isPartOf":{"@id":"https:\/\/fmgente.com.ar\/web\/#website"},"primaryImageOfPage":{"@id":"https:\/\/fmgente.com.ar\/web\/y-la-cuota-para-sus-hijas-cuantos-millones-gasto-mauro-icardi-en-su-viaje-con-la-china-suarez-a-madrid\/#primaryimage"},"image":{"@id":"https:\/\/fmgente.com.ar\/web\/y-la-cuota-para-sus-hijas-cuantos-millones-gasto-mauro-icardi-en-su-viaje-con-la-china-suarez-a-madrid\/#primaryimage"},"thumbnailUrl":"https:\/\/fmgente.com.ar\/web\/wp-content\/uploads\/2025\/10\/Thiago-Medina-hospital-359x226-4.jpg","datePublished":"2025-10-10T01:06:07+00:00","inLanguage":"es","potentialAction":[{"@type":"ReadAction","target":["https:\/\/fmgente.com.ar\/web\/y-la-cuota-para-sus-hijas-cuantos-millones-gasto-mauro-icardi-en-su-viaje-con-la-china-suarez-a-madrid\/"]}]},{"@type":"ImageObject","inLanguage":"es","@id":"https:\/\/fmgente.com.ar\/web\/y-la-cuota-para-sus-hijas-cuantos-millones-gasto-mauro-icardi-en-su-viaje-con-la-china-suarez-a-madrid\/#primaryimage","url":"https:\/\/fmgente.com.ar\/web\/wp-content\/uploads\/2025\/10\/Thiago-Medina-hospital-359x226-4.jpg","contentUrl":"https:\/\/fmgente.com.ar\/web\/wp-content\/uploads\/2025\/10\/Thiago-Medina-hospital-359x226-4.jpg","width":359,"height":226},{"@type":"WebSite","@id":"https:\/\/fmgente.com.ar\/web\/#website","url":"https:\/\/fmgente.com.ar\/web\/","name":"Fm Gente","description":"- Jes\u00fas Mar\u00eda","publisher":{"@id":"https:\/\/fmgente.com.ar\/web\/#organization"},"potentialAction":[{"@type":"SearchAction","target":{"@type":"EntryPoint","urlTemplate":"https:\/\/fmgente.com.ar\/web\/?s={search_term_string}"},"query-input":{"@type":"PropertyValueSpecification","valueRequired":true,"valueName":"search_term_string"}}],"inLanguage":"es"},{"@type":"Organization","@id":"https:\/\/fmgente.com.ar\/web\/#organization","name":"Fm Gente","url":"https:\/\/fmgente.com.ar\/web\/","logo":{"@type":"ImageObject","inLanguage":"es","@id":"https:\/\/fmgente.com.ar\/web\/#\/schema\/logo\/image\/","url":"https:\/\/fmgente.com.ar\/web\/wp-content\/uploads\/2023\/07\/cropped-cropped-logo-sombra2.png","contentUrl":"https:\/\/fmgente.com.ar\/web\/wp-content\/uploads\/2023\/07\/cropped-cropped-logo-sombra2.png","width":1782,"height":1782,"caption":"Fm Gente"},"image":{"@id":"https:\/\/fmgente.com.ar\/web\/#\/schema\/logo\/image\/"}}]}},"_links":{"self":[{"href":"https:\/\/fmgente.com.ar\/web\/wp-json\/wp\/v2\/posts\/6515","targetHints":{"allow":["GET"]}}],"collection":[{"href":"https:\/\/fmgente.com.ar\/web\/wp-json\/wp\/v2\/posts"}],"about":[{"href":"https:\/\/fmgente.com.ar\/web\/wp-json\/wp\/v2\/types\/post"}],"replies":[{"embeddable":true,"href":"https:\/\/fmgente.com.ar\/web\/wp-json\/wp\/v2\/comments?post=6515"}],"version-history":[{"count":0,"href":"https:\/\/fmgente.com.ar\/web\/wp-json\/wp\/v2\/posts\/6515\/revisions"}],"wp:featuredmedia":[{"embeddable":true,"href":"https:\/\/fmgente.com.ar\/web\/wp-json\/wp\/v2\/media\/6516"}],"wp:attachment":[{"href":"https:\/\/fmgente.com.ar\/web\/wp-json\/wp\/v2\/media?parent=6515"}],"wp:term":[{"taxonomy":"category","embeddable":true,"href":"https:\/\/fmgente.com.ar\/web\/wp-json\/wp\/v2\/categories?post=6515"},{"taxonomy":"post_tag","embeddable":true,"href":"https:\/\/fmgente.com.ar\/web\/wp-json\/wp\/v2\/tags?post=6515"}],"curies":[{"name":"wp","href":"https:\/\/api.w.org\/{rel}","templated":true}]}}