{"id":6507,"date":"2025-10-09T21:05:41","date_gmt":"2025-10-10T00:05:41","guid":{"rendered":"https:\/\/fmgente.com.ar\/otra-vez-juntos-daniela-celis-se-jugo-todo-por-amor-y-thiago-medina-acepto-su-propuesta\/"},"modified":"2025-10-09T21:05:41","modified_gmt":"2025-10-10T00:05:41","slug":"otra-vez-juntos-daniela-celis-se-jugo-todo-por-amor-y-thiago-medina-acepto-su-propuesta","status":"publish","type":"post","link":"https:\/\/fmgente.com.ar\/web\/otra-vez-juntos-daniela-celis-se-jugo-todo-por-amor-y-thiago-medina-acepto-su-propuesta\/","title":{"rendered":"\u00bfOtra vez juntos? Daniela Celis se jug\u00f3 todo por amor y Thiago Medina acept\u00f3 su propuesta"},"content":{"rendered":"<p><strong><a href=\"https:\/\/www.paparazzi.com.ar\/teve\/milagro-asi-salio-thiago-medina-del-hospital-tras-28-dias-internado-nunca-mas-me-subo-a-una-moto\/\">Thiago Medina<\/a><\/strong> pudo recibir su tan esperada alta m\u00e9dica. A los 22 a\u00f1os y luego de 23 d\u00edas internado, el joven hoy se fue a la casa en medio de un momento que estuvo cargado de mucha emoci\u00f3n. Luego de salvar su vida de milagro, comenzar\u00e1 de cero.<\/p>\n<p>Y en este renacer que tiene Thiago por delante, <strong><a href=\"https:\/\/www.paparazzi.com.ar\/romances\/se-viene-la-boda-thiago-medina-le-propuso-casamiento-a-daniela-celis-antes-de-recibir-el-alta-se-aman\/\">Daniela Celis<\/a> <\/strong>pasar\u00e1 a ser una persona muy importante en cada uno de los pasos que dar\u00e1. Pesta\u00f1ela opt\u00f3 porque el pap\u00e1 de sus hijas vuelva a vivir al hogar en donde estuvieron juntos hace unos meses, previo a separarse, y acompa\u00f1ado de <strong>Laia<\/strong> y <strong>Aim\u00e9<\/strong>.<\/p>\n<p>\u201c<em>Thiago ir\u00e1 a vivir a la casa de Daniela junto a sus gemelas, una alegr\u00eda doble, no s\u00f3lo por la externaci\u00f3n, sino por la felicidad de reencontrarse con sus hijas<\/em>\u201d, destac\u00f3 <strong><a href=\"https:\/\/www.paparazzi.com.ar\/internacionales\/laura-ubfal-anuncio-una-separacion-de-una-pareja-de-famosos-tras-19-anos\/\">Laura Ubfal<\/a><\/strong> en su portal, respecto a la nueva convivencia que tendr\u00e1n.<\/p>\n<div class=\"mt-box \">\n<h4 class=\"mt-heading\">Mir\u00e1 Tambi\u00e9n<\/h4>\n<p><a href=\"https:\/\/www.paparazzi.com.ar\/videos\/exclusivo-daniela-celis-confirmo-el-ultimo-paso-para-que-thiago-medina-reciba-el-alta\/\"><\/p>\n<div class=\"mt-content\">\n<div class=\"mt-image-container\"><img decoding=\"async\" src=\"https:\/\/www.paparazzi.com.ar\/wp-content\/uploads\/2025\/10\/Thiago-Medina-Daniela-359x226.jpg\" alt=\"\u00a1Exclusivo! Daniela Celis confirm\u00f3 el \u00faltimo paso para que Thiago Medina reciba el alta\" class=\"mt-image\" loading=\"lazy\" \/><\/div>\n<h5 class=\"mt-title\">\u00a1Exclusivo! Daniela Celis confirm\u00f3 el \u00faltimo paso para que Thiago Medina reciba el alta<\/h5>\n<\/div>\n<p><\/a><\/div>\n<p>Lejos de ser esto una reconciliaci\u00f3n, algo que por el momento no est\u00e1 en los planes de ellos, ni mucho menos un casamiento, que Medina aprovech\u00f3 para desmentirlo al salir del hospital, este no deja de ser otro hermoso gesto que ella tuvo hacia \u00e9l.<\/p>\n<h2 class=\"wp-block-heading\">THIAGO MEDINA COMIENZA DE CERO JUNTO A DANIELA CELIS<\/h2>\n<p>\u201c<em>Todo volver\u00e1 a la normalidad en su vida y junto a Dani, m\u00e1s all\u00e1 de lo que resuelvan como pareja a futuro, unidos en este momento especial que les plante\u00f3 el destino<\/em>\u201d, sostuvo Ubfal, explicando que hasta el momento ambos es GH no decidieron qu\u00e9 pasar\u00e1 con su relaci\u00f3n.<\/p>\n<div class=\"mt-box \">\n<h4 class=\"mt-heading\">Mir\u00e1 Tambi\u00e9n<\/h4>\n<p><a href=\"https:\/\/www.paparazzi.com.ar\/teve\/la-emocion-de-thiago-medina-por-el-esperado-reencuentro-con-sus-hijas-pense-mucho-en-ellas\/\"><\/p>\n<div class=\"mt-content\">\n<div class=\"mt-image-container\"><img decoding=\"async\" src=\"https:\/\/www.paparazzi.com.ar\/wp-content\/uploads\/2025\/10\/Thiago-Medina-hijas-359x226.jpg\" alt=\"La emoci\u00f3n de Thiago Medina por el esperado reencuentro con sus hijas: \u201cPens\u00e9 mucho en ellas\u2026\u201d\" class=\"mt-image\" loading=\"lazy\" \/><\/div>\n<h5 class=\"mt-title\">La emoci\u00f3n de Thiago Medina por el esperado reencuentro con sus hijas: \u201cPens\u00e9 mucho en ellas\u2026\u201d<\/h5>\n<\/div>\n<p><\/a><\/div>\n<p>En lo que fue una emotiva salida del hospital, Thiago rompi\u00f3 el silencio desde la silla de ruedas en el cual sali\u00f3. Sus rasgos f\u00edsicos evidenciaron a una persona que pas\u00f3 por una situaci\u00f3n dram\u00e1tica y que estuvo en terapia intensiva durante un largo tiempo.<\/p>\n<p>\u201c<em>Por ahora no me subo m\u00e1s a una moto. Lo que m\u00e1s quiero es ver a mis hijas. Esto es como volver a vivir<\/em>\u201d, sostuvo el ex Gran Hermano. Conmovido por las muestras enorme de apoyo que recibi\u00f3, afuera lo esper\u00f3 <strong>Marcos Ginocchio<\/strong> y diferentes familiares m\u00e1s.<\/p>\n<div class=\"mt-box \">\n<h4 class=\"mt-heading\">Mir\u00e1 Tambi\u00e9n<\/h4>\n<p><a href=\"https:\/\/www.paparazzi.com.ar\/teve\/la-muerte-de-miguel-angel-russo-el-posteo-de-gabriel-anello-contra-riquelme-que-genero-una-oleada-de-rechazo-tremenda\/\"><\/p>\n<div class=\"mt-content\">\n<div class=\"mt-image-container\"><img decoding=\"async\" src=\"https:\/\/www.paparazzi.com.ar\/wp-content\/uploads\/2025\/10\/Anello-1-359x226.jpg\" alt=\"La muerte de Miguel Angel Russo: el posteo de Gabriel Anello contra Riquelme que gener\u00f3 una oleada de rechazo tremenda\" class=\"mt-image\" loading=\"lazy\" \/><\/div>\n<h5 class=\"mt-title\">La muerte de Miguel Angel Russo: el posteo de Gabriel Anello contra Riquelme que gener\u00f3 una oleada de rechazo tremenda<\/h5>\n<\/div>\n<p><\/a><\/div>\n<div class=\"mt-box \">\n<h4 class=\"mt-heading\">Mir\u00e1 Tambi\u00e9n<\/h4>\n<p><a href=\"https:\/\/www.paparazzi.com.ar\/teve\/tomas-yankelevich-llego-a-argentina-tras-la-tragedia-de-mila-en-miami-por-que-vino-en-sillas-de-ruedas\/\"><\/p>\n<div class=\"mt-content\">\n<div class=\"mt-image-container\"><img decoding=\"async\" src=\"https:\/\/www.paparazzi.com.ar\/wp-content\/uploads\/2025\/07\/Asi-fueron-los-ultimos-minutos-de-Mila-Yankelevich-antes-de-su-accidente-fatal-22Fue-demasiado-tarde22.jpg.webp\" alt=\"Tom\u00e1s Yankelevich lleg\u00f3 a Argentina tras la tragedia de Mila en Miami: por qu\u00e9 vino en sillas de ruedas\" class=\"mt-image\" loading=\"lazy\" \/><\/div>\n<h5 class=\"mt-title\">Tom\u00e1s Yankelevich lleg\u00f3 a Argentina tras la tragedia de Mila en Miami: por qu\u00e9 vino en sillas de ruedas<\/h5>\n<\/div>\n<p><\/a><\/div>\n<p>The post <a href=\"https:\/\/www.paparazzi.com.ar\/teve\/otra-vez-juntos-daniela-celis-se-jugo-todo-por-amor-y-thiago-medina-acepto-su-propuesta\/\">\u00bfOtra vez juntos? Daniela Celis se jug\u00f3 todo por amor y Thiago Medina acept\u00f3 su propuesta<\/a> appeared first on <a href=\"https:\/\/www.paparazzi.com.ar\">Revista Paparazzi<\/a>.<\/p>\n","protected":false},"excerpt":{"rendered":"<p>Thiago Medina pudo recibir su tan esperada alta m\u00e9dica. A los 22 a\u00f1os y luego<\/p>\n","protected":false},"author":0,"featured_media":6508,"comment_status":"","ping_status":"","sticky":false,"template":"","format":"standard","meta":{"footnotes":""},"categories":[11],"tags":[],"class_list":["post-6507","post","type-post","status-publish","format-standard","has-post-thumbnail","hentry","category-destacadas"],"yoast_head":"<!-- This site is optimized with the Yoast SEO plugin v27.4 - https:\/\/yoast.com\/product\/yoast-seo-wordpress\/ -->\n<title>\u00bfOtra vez juntos? Daniela Celis se jug\u00f3 todo por amor y Thiago Medina acept\u00f3 su propuesta - Fm Gente<\/title>\n<meta name=\"robots\" content=\"index, follow, max-snippet:-1, max-image-preview:large, max-video-preview:-1\" \/>\n<link rel=\"canonical\" href=\"https:\/\/fmgente.com.ar\/web\/otra-vez-juntos-daniela-celis-se-jugo-todo-por-amor-y-thiago-medina-acepto-su-propuesta\/\" \/>\n<meta property=\"og:locale\" content=\"es_ES\" \/>\n<meta property=\"og:type\" content=\"article\" \/>\n<meta property=\"og:title\" content=\"\u00bfOtra vez juntos? Daniela Celis se jug\u00f3 todo por amor y Thiago Medina acept\u00f3 su propuesta - Fm Gente\" \/>\n<meta property=\"og:description\" content=\"Thiago Medina pudo recibir su tan esperada alta m\u00e9dica. A los 22 a\u00f1os y luego\" \/>\n<meta property=\"og:url\" content=\"https:\/\/fmgente.com.ar\/web\/otra-vez-juntos-daniela-celis-se-jugo-todo-por-amor-y-thiago-medina-acepto-su-propuesta\/\" \/>\n<meta property=\"og:site_name\" content=\"Fm Gente\" \/>\n<meta property=\"article:published_time\" content=\"2025-10-10T00:05:41+00:00\" \/>\n<meta property=\"og:image\" content=\"https:\/\/fmgente.com.ar\/web\/wp-content\/uploads\/2025\/10\/Thiago-Medina-Daniela-359x226-33.jpg\" \/>\n\t<meta property=\"og:image:width\" content=\"359\" \/>\n\t<meta property=\"og:image:height\" content=\"226\" \/>\n\t<meta property=\"og:image:type\" content=\"image\/jpeg\" \/>\n<meta name=\"twitter:card\" content=\"summary_large_image\" \/>\n<meta name=\"twitter:label1\" content=\"Tiempo de lectura\" \/>\n\t<meta name=\"twitter:data1\" content=\"2 minutos\" \/>\n<script type=\"application\/ld+json\" class=\"yoast-schema-graph\">{\"@context\":\"https:\\\/\\\/schema.org\",\"@graph\":[{\"@type\":\"Article\",\"@id\":\"https:\\\/\\\/fmgente.com.ar\\\/web\\\/otra-vez-juntos-daniela-celis-se-jugo-todo-por-amor-y-thiago-medina-acepto-su-propuesta\\\/#article\",\"isPartOf\":{\"@id\":\"https:\\\/\\\/fmgente.com.ar\\\/web\\\/otra-vez-juntos-daniela-celis-se-jugo-todo-por-amor-y-thiago-medina-acepto-su-propuesta\\\/\"},\"author\":{\"name\":\"\",\"@id\":\"\"},\"headline\":\"\u00bfOtra vez juntos? Daniela Celis se jug\u00f3 todo por amor y Thiago Medina acept\u00f3 su propuesta\",\"datePublished\":\"2025-10-10T00:05:41+00:00\",\"mainEntityOfPage\":{\"@id\":\"https:\\\/\\\/fmgente.com.ar\\\/web\\\/otra-vez-juntos-daniela-celis-se-jugo-todo-por-amor-y-thiago-medina-acepto-su-propuesta\\\/\"},\"wordCount\":480,\"publisher\":{\"@id\":\"https:\\\/\\\/fmgente.com.ar\\\/web\\\/#organization\"},\"image\":{\"@id\":\"https:\\\/\\\/fmgente.com.ar\\\/web\\\/otra-vez-juntos-daniela-celis-se-jugo-todo-por-amor-y-thiago-medina-acepto-su-propuesta\\\/#primaryimage\"},\"thumbnailUrl\":\"https:\\\/\\\/fmgente.com.ar\\\/web\\\/wp-content\\\/uploads\\\/2025\\\/10\\\/Thiago-Medina-Daniela-359x226-33.jpg\",\"articleSection\":[\"DESTACADAS\"],\"inLanguage\":\"es\"},{\"@type\":\"WebPage\",\"@id\":\"https:\\\/\\\/fmgente.com.ar\\\/web\\\/otra-vez-juntos-daniela-celis-se-jugo-todo-por-amor-y-thiago-medina-acepto-su-propuesta\\\/\",\"url\":\"https:\\\/\\\/fmgente.com.ar\\\/web\\\/otra-vez-juntos-daniela-celis-se-jugo-todo-por-amor-y-thiago-medina-acepto-su-propuesta\\\/\",\"name\":\"\u00bfOtra vez juntos? Daniela Celis se jug\u00f3 todo por amor y Thiago Medina acept\u00f3 su propuesta - Fm Gente\",\"isPartOf\":{\"@id\":\"https:\\\/\\\/fmgente.com.ar\\\/web\\\/#website\"},\"primaryImageOfPage\":{\"@id\":\"https:\\\/\\\/fmgente.com.ar\\\/web\\\/otra-vez-juntos-daniela-celis-se-jugo-todo-por-amor-y-thiago-medina-acepto-su-propuesta\\\/#primaryimage\"},\"image\":{\"@id\":\"https:\\\/\\\/fmgente.com.ar\\\/web\\\/otra-vez-juntos-daniela-celis-se-jugo-todo-por-amor-y-thiago-medina-acepto-su-propuesta\\\/#primaryimage\"},\"thumbnailUrl\":\"https:\\\/\\\/fmgente.com.ar\\\/web\\\/wp-content\\\/uploads\\\/2025\\\/10\\\/Thiago-Medina-Daniela-359x226-33.jpg\",\"datePublished\":\"2025-10-10T00:05:41+00:00\",\"inLanguage\":\"es\",\"potentialAction\":[{\"@type\":\"ReadAction\",\"target\":[\"https:\\\/\\\/fmgente.com.ar\\\/web\\\/otra-vez-juntos-daniela-celis-se-jugo-todo-por-amor-y-thiago-medina-acepto-su-propuesta\\\/\"]}]},{\"@type\":\"ImageObject\",\"inLanguage\":\"es\",\"@id\":\"https:\\\/\\\/fmgente.com.ar\\\/web\\\/otra-vez-juntos-daniela-celis-se-jugo-todo-por-amor-y-thiago-medina-acepto-su-propuesta\\\/#primaryimage\",\"url\":\"https:\\\/\\\/fmgente.com.ar\\\/web\\\/wp-content\\\/uploads\\\/2025\\\/10\\\/Thiago-Medina-Daniela-359x226-33.jpg\",\"contentUrl\":\"https:\\\/\\\/fmgente.com.ar\\\/web\\\/wp-content\\\/uploads\\\/2025\\\/10\\\/Thiago-Medina-Daniela-359x226-33.jpg\",\"width\":359,\"height\":226},{\"@type\":\"WebSite\",\"@id\":\"https:\\\/\\\/fmgente.com.ar\\\/web\\\/#website\",\"url\":\"https:\\\/\\\/fmgente.com.ar\\\/web\\\/\",\"name\":\"Fm Gente\",\"description\":\"- Jes\u00fas Mar\u00eda\",\"publisher\":{\"@id\":\"https:\\\/\\\/fmgente.com.ar\\\/web\\\/#organization\"},\"potentialAction\":[{\"@type\":\"SearchAction\",\"target\":{\"@type\":\"EntryPoint\",\"urlTemplate\":\"https:\\\/\\\/fmgente.com.ar\\\/web\\\/?s={search_term_string}\"},\"query-input\":{\"@type\":\"PropertyValueSpecification\",\"valueRequired\":true,\"valueName\":\"search_term_string\"}}],\"inLanguage\":\"es\"},{\"@type\":\"Organization\",\"@id\":\"https:\\\/\\\/fmgente.com.ar\\\/web\\\/#organization\",\"name\":\"Fm Gente\",\"url\":\"https:\\\/\\\/fmgente.com.ar\\\/web\\\/\",\"logo\":{\"@type\":\"ImageObject\",\"inLanguage\":\"es\",\"@id\":\"https:\\\/\\\/fmgente.com.ar\\\/web\\\/#\\\/schema\\\/logo\\\/image\\\/\",\"url\":\"https:\\\/\\\/fmgente.com.ar\\\/web\\\/wp-content\\\/uploads\\\/2023\\\/07\\\/cropped-cropped-logo-sombra2.png\",\"contentUrl\":\"https:\\\/\\\/fmgente.com.ar\\\/web\\\/wp-content\\\/uploads\\\/2023\\\/07\\\/cropped-cropped-logo-sombra2.png\",\"width\":1782,\"height\":1782,\"caption\":\"Fm Gente\"},\"image\":{\"@id\":\"https:\\\/\\\/fmgente.com.ar\\\/web\\\/#\\\/schema\\\/logo\\\/image\\\/\"}}]}<\/script>\n<!-- \/ Yoast SEO plugin. -->","yoast_head_json":{"title":"\u00bfOtra vez juntos? Daniela Celis se jug\u00f3 todo por amor y Thiago Medina acept\u00f3 su propuesta - Fm Gente","robots":{"index":"index","follow":"follow","max-snippet":"max-snippet:-1","max-image-preview":"max-image-preview:large","max-video-preview":"max-video-preview:-1"},"canonical":"https:\/\/fmgente.com.ar\/web\/otra-vez-juntos-daniela-celis-se-jugo-todo-por-amor-y-thiago-medina-acepto-su-propuesta\/","og_locale":"es_ES","og_type":"article","og_title":"\u00bfOtra vez juntos? Daniela Celis se jug\u00f3 todo por amor y Thiago Medina acept\u00f3 su propuesta - Fm Gente","og_description":"Thiago Medina pudo recibir su tan esperada alta m\u00e9dica. A los 22 a\u00f1os y luego","og_url":"https:\/\/fmgente.com.ar\/web\/otra-vez-juntos-daniela-celis-se-jugo-todo-por-amor-y-thiago-medina-acepto-su-propuesta\/","og_site_name":"Fm Gente","article_published_time":"2025-10-10T00:05:41+00:00","og_image":[{"width":359,"height":226,"url":"https:\/\/fmgente.com.ar\/web\/wp-content\/uploads\/2025\/10\/Thiago-Medina-Daniela-359x226-33.jpg","type":"image\/jpeg"}],"twitter_card":"summary_large_image","twitter_misc":{"Tiempo de lectura":"2 minutos"},"schema":{"@context":"https:\/\/schema.org","@graph":[{"@type":"Article","@id":"https:\/\/fmgente.com.ar\/web\/otra-vez-juntos-daniela-celis-se-jugo-todo-por-amor-y-thiago-medina-acepto-su-propuesta\/#article","isPartOf":{"@id":"https:\/\/fmgente.com.ar\/web\/otra-vez-juntos-daniela-celis-se-jugo-todo-por-amor-y-thiago-medina-acepto-su-propuesta\/"},"author":{"name":"","@id":""},"headline":"\u00bfOtra vez juntos? Daniela Celis se jug\u00f3 todo por amor y Thiago Medina acept\u00f3 su propuesta","datePublished":"2025-10-10T00:05:41+00:00","mainEntityOfPage":{"@id":"https:\/\/fmgente.com.ar\/web\/otra-vez-juntos-daniela-celis-se-jugo-todo-por-amor-y-thiago-medina-acepto-su-propuesta\/"},"wordCount":480,"publisher":{"@id":"https:\/\/fmgente.com.ar\/web\/#organization"},"image":{"@id":"https:\/\/fmgente.com.ar\/web\/otra-vez-juntos-daniela-celis-se-jugo-todo-por-amor-y-thiago-medina-acepto-su-propuesta\/#primaryimage"},"thumbnailUrl":"https:\/\/fmgente.com.ar\/web\/wp-content\/uploads\/2025\/10\/Thiago-Medina-Daniela-359x226-33.jpg","articleSection":["DESTACADAS"],"inLanguage":"es"},{"@type":"WebPage","@id":"https:\/\/fmgente.com.ar\/web\/otra-vez-juntos-daniela-celis-se-jugo-todo-por-amor-y-thiago-medina-acepto-su-propuesta\/","url":"https:\/\/fmgente.com.ar\/web\/otra-vez-juntos-daniela-celis-se-jugo-todo-por-amor-y-thiago-medina-acepto-su-propuesta\/","name":"\u00bfOtra vez juntos? Daniela Celis se jug\u00f3 todo por amor y Thiago Medina acept\u00f3 su propuesta - Fm Gente","isPartOf":{"@id":"https:\/\/fmgente.com.ar\/web\/#website"},"primaryImageOfPage":{"@id":"https:\/\/fmgente.com.ar\/web\/otra-vez-juntos-daniela-celis-se-jugo-todo-por-amor-y-thiago-medina-acepto-su-propuesta\/#primaryimage"},"image":{"@id":"https:\/\/fmgente.com.ar\/web\/otra-vez-juntos-daniela-celis-se-jugo-todo-por-amor-y-thiago-medina-acepto-su-propuesta\/#primaryimage"},"thumbnailUrl":"https:\/\/fmgente.com.ar\/web\/wp-content\/uploads\/2025\/10\/Thiago-Medina-Daniela-359x226-33.jpg","datePublished":"2025-10-10T00:05:41+00:00","inLanguage":"es","potentialAction":[{"@type":"ReadAction","target":["https:\/\/fmgente.com.ar\/web\/otra-vez-juntos-daniela-celis-se-jugo-todo-por-amor-y-thiago-medina-acepto-su-propuesta\/"]}]},{"@type":"ImageObject","inLanguage":"es","@id":"https:\/\/fmgente.com.ar\/web\/otra-vez-juntos-daniela-celis-se-jugo-todo-por-amor-y-thiago-medina-acepto-su-propuesta\/#primaryimage","url":"https:\/\/fmgente.com.ar\/web\/wp-content\/uploads\/2025\/10\/Thiago-Medina-Daniela-359x226-33.jpg","contentUrl":"https:\/\/fmgente.com.ar\/web\/wp-content\/uploads\/2025\/10\/Thiago-Medina-Daniela-359x226-33.jpg","width":359,"height":226},{"@type":"WebSite","@id":"https:\/\/fmgente.com.ar\/web\/#website","url":"https:\/\/fmgente.com.ar\/web\/","name":"Fm Gente","description":"- Jes\u00fas Mar\u00eda","publisher":{"@id":"https:\/\/fmgente.com.ar\/web\/#organization"},"potentialAction":[{"@type":"SearchAction","target":{"@type":"EntryPoint","urlTemplate":"https:\/\/fmgente.com.ar\/web\/?s={search_term_string}"},"query-input":{"@type":"PropertyValueSpecification","valueRequired":true,"valueName":"search_term_string"}}],"inLanguage":"es"},{"@type":"Organization","@id":"https:\/\/fmgente.com.ar\/web\/#organization","name":"Fm Gente","url":"https:\/\/fmgente.com.ar\/web\/","logo":{"@type":"ImageObject","inLanguage":"es","@id":"https:\/\/fmgente.com.ar\/web\/#\/schema\/logo\/image\/","url":"https:\/\/fmgente.com.ar\/web\/wp-content\/uploads\/2023\/07\/cropped-cropped-logo-sombra2.png","contentUrl":"https:\/\/fmgente.com.ar\/web\/wp-content\/uploads\/2023\/07\/cropped-cropped-logo-sombra2.png","width":1782,"height":1782,"caption":"Fm Gente"},"image":{"@id":"https:\/\/fmgente.com.ar\/web\/#\/schema\/logo\/image\/"}}]}},"_links":{"self":[{"href":"https:\/\/fmgente.com.ar\/web\/wp-json\/wp\/v2\/posts\/6507","targetHints":{"allow":["GET"]}}],"collection":[{"href":"https:\/\/fmgente.com.ar\/web\/wp-json\/wp\/v2\/posts"}],"about":[{"href":"https:\/\/fmgente.com.ar\/web\/wp-json\/wp\/v2\/types\/post"}],"replies":[{"embeddable":true,"href":"https:\/\/fmgente.com.ar\/web\/wp-json\/wp\/v2\/comments?post=6507"}],"version-history":[{"count":0,"href":"https:\/\/fmgente.com.ar\/web\/wp-json\/wp\/v2\/posts\/6507\/revisions"}],"wp:featuredmedia":[{"embeddable":true,"href":"https:\/\/fmgente.com.ar\/web\/wp-json\/wp\/v2\/media\/6508"}],"wp:attachment":[{"href":"https:\/\/fmgente.com.ar\/web\/wp-json\/wp\/v2\/media?parent=6507"}],"wp:term":[{"taxonomy":"category","embeddable":true,"href":"https:\/\/fmgente.com.ar\/web\/wp-json\/wp\/v2\/categories?post=6507"},{"taxonomy":"post_tag","embeddable":true,"href":"https:\/\/fmgente.com.ar\/web\/wp-json\/wp\/v2\/tags?post=6507"}],"curies":[{"name":"wp","href":"https:\/\/api.w.org\/{rel}","templated":true}]}}