{"id":6431,"date":"2025-10-09T01:05:30","date_gmt":"2025-10-09T04:05:30","guid":{"rendered":"https:\/\/fmgente.com.ar\/muna-pauls-revelo-el-secreto-motivo-por-el-que-no-muestra-la-cara-de-su-novio\/"},"modified":"2025-10-09T01:05:30","modified_gmt":"2025-10-09T04:05:30","slug":"muna-pauls-revelo-el-secreto-motivo-por-el-que-no-muestra-la-cara-de-su-novio","status":"publish","type":"post","link":"https:\/\/fmgente.com.ar\/web\/muna-pauls-revelo-el-secreto-motivo-por-el-que-no-muestra-la-cara-de-su-novio\/","title":{"rendered":"Muna Pauls revel\u00f3 el secreto motivo por el que no muestra la cara de su novio"},"content":{"rendered":"<p><strong><a href=\"https:\/\/www.paparazzi.com.ar\/?s=Muna+Pauls\">Muna Pauls<\/a><\/strong> abri\u00f3 su coraz\u00f3n en Instagram y sorprendi\u00f3 a sus seguidores con detalles de su noviazgo de cinco meses: es con un vecino de toda la vida que la acompa\u00f1a en su d\u00eda a d\u00eda y, por decisi\u00f3n de ambos, evita mostrarse en redes.<\/p>\n<p>En una ronda de preguntas y respuestas en sus stories, la joven \u2014hija de <strong><a href=\"https:\/\/www.paparazzi.com.ar\/?s=Agustina+Cherri\">Agustina Cherri<\/a><\/strong> y <strong><a href=\"https:\/\/www.paparazzi.com.ar\/?s=Gast%C3%B3n+Pauls\">Gast\u00f3n Pauls<\/a><\/strong>\u2014 cont\u00f3 c\u00f3mo naci\u00f3 la relaci\u00f3n y por qu\u00e9 eligieron conservar cierta privacidad. <em>\u201cLlevamos cinco meses y parece una vida entera. \u00c9l tiene una calma que me sostiene, incluso cuando estoy hecha un caos\u201d,<\/em> confes\u00f3, en un relato lleno de ternura y complicidad.<\/p>\n<p>Muna destac\u00f3 el equilibrio que su novio le aporta: <em>\u201cMe ense\u00f1a a frenar, a mirar lo que pasa ahora\u2026 me banca como nadie, incluso en las cosas m\u00e1s simples\u201d. <\/em>Con honestidad, revel\u00f3 que la relaci\u00f3n la impulsa a madurar:<em> \u201cCasi me obliga a crecer, quiero estar a la altura de semejante ser humano y eso me hace bien\u201d.<\/em><\/p>\n<div class=\"mt-box \">\n<h4 class=\"mt-heading\">Mir\u00e1 Tambi\u00e9n<\/h4>\n<p><a href=\"https:\/\/www.paparazzi.com.ar\/videos\/exclusivo-daniela-celis-confirmo-el-ultimo-paso-para-que-thiago-medina-reciba-el-alta\/\"><\/p>\n<div class=\"mt-content\">\n<div class=\"mt-image-container\"><img decoding=\"async\" src=\"https:\/\/www.paparazzi.com.ar\/wp-content\/uploads\/2025\/10\/Thiago-Medina-Daniela-359x226.jpg\" alt=\"\u00a1Exclusivo! Daniela Celis confirm\u00f3 el \u00faltimo paso para que Thiago Medina reciba el alta\" class=\"mt-image\" loading=\"lazy\" \/><\/div>\n<h5 class=\"mt-title\">\u00a1Exclusivo! Daniela Celis confirm\u00f3 el \u00faltimo paso para que Thiago Medina reciba el alta<\/h5>\n<\/div>\n<p><\/a><\/div>\n<p>La joven tambi\u00e9n cont\u00f3 detalles de su historia: crecieron a pocas cuadras y durante a\u00f1os se cruzaban sin que pasara nada hasta que, finalmente, se encontraron.<em> \u201cEl barrio fue testigo de todo\u201d<\/em>, dijo, y explic\u00f3 que las familias y amigas ya lo conoc\u00edan, lo que facilit\u00f3 el v\u00ednculo.<\/p>\n<p>Muna aclar\u00f3 el punto que m\u00e1s genera curiosidad: la pareja prefiere el bajo perfil. <em>\u201c\u00c9l es muy reservado, yo soy muy para afuera. No hace falta hacer ruido para que algo sea real; lo respeto y punto\u201d<\/em>, explic\u00f3. La joven sostuvo que mostrarlo no ser\u00eda justo con la decisi\u00f3n del otro y que prefiere cuidar ese espacio \u00edntimo.<em> <\/em><\/p>\n<div class=\"mt-box \">\n<h4 class=\"mt-heading\">Mir\u00e1 Tambi\u00e9n<\/h4>\n<p><a href=\"https:\/\/www.paparazzi.com.ar\/teve\/muna-pauls-cherri-revelo-los-dramas-que-vive-con-su-mama-a-sus-16-anos-peleas-discusiones-y\/\"><\/p>\n<div class=\"mt-content\">\n<div class=\"mt-image-container\"><img decoding=\"async\" src=\"https:\/\/www.paparazzi.com.ar\/wp-content\/uploads\/2025\/10\/Muna-Pauls-Cherri-revelo-los-dramas-que-vive-con-su-mama-a-sus-16-anos-Peleas-discusiones-y-359x226.jpg\" alt=\"Muna Pauls Cherri revel\u00f3 los dramas que vive con su mam\u00e1 a sus 16 a\u00f1os: &quot;Peleas, discusiones y...&quot;\" class=\"mt-image\" loading=\"lazy\" \/><\/div>\n<h5 class=\"mt-title\">Muna Pauls Cherri revel\u00f3 los dramas que vive con su mam\u00e1 a sus 16 a\u00f1os: \u00abPeleas, discusiones y&#8230;\u00bb<\/h5>\n<\/div>\n<p><\/a><\/div>\n<p><em>\u201cIgual, qui\u00e9n te dice\u2026 alg\u00fan d\u00eda lo van a conocer\u201d,<\/em> sum\u00f3 con una sonrisa. Consciente de la exposici\u00f3n que conlleva ser hija de figuras p\u00fablicas, Muna habl\u00f3 tambi\u00e9n del entorno en el que creci\u00f3: <em>\u201cMis amigas ya lo conoc\u00edan; nuestras familias siempre estuvieron conectadas\u201d<\/em>. <\/p>\n<p>La joven parece navegar con naturalidad la doble vida de crecer en el ojo p\u00fablico y construir afectos en la cotidianeidad del barrio. En tono liviano, record\u00f3 que es piscis y \u00e9l capricornio, y cerr\u00f3 con una imagen rom\u00e1ntica de su relaci\u00f3n: <em>\u201cQuiero pasar la vida entre su tranquilidad y mi locura; esa mezcla es perfecta\u201d.<\/em><\/p>\n<figure class=\"wp-block-image size-large\"><img decoding=\"async\" src=\"https:\/\/www.paparazzi.com.ar\/wp-content\/uploads\/2025\/10\/image-115-576x1024.png.webp\" loading=\"lazy\" alt=\"\" class=\"wp-image-447016\" \/><\/figure>\n<figure class=\"wp-block-image size-large\"><img decoding=\"async\" src=\"https:\/\/www.paparazzi.com.ar\/wp-content\/uploads\/2025\/10\/image-116-576x1024.png.webp\" loading=\"lazy\" alt=\"\" class=\"wp-image-447017\" \/><\/figure>\n<figure class=\"wp-block-image size-large\"><img decoding=\"async\" src=\"https:\/\/www.paparazzi.com.ar\/wp-content\/uploads\/2025\/10\/image-117-576x1024.png.webp\" loading=\"lazy\" alt=\"\" class=\"wp-image-447018\" \/><\/figure>\n<div class=\"mt-box \">\n<h4 class=\"mt-heading\">Mir\u00e1 Tambi\u00e9n<\/h4>\n<p><a href=\"https:\/\/www.paparazzi.com.ar\/teve\/muna-pauls-cherri-debuto-como-modelo-sus-fotos-mas-increibles\/\"><\/p>\n<div class=\"mt-content\">\n<div class=\"mt-image-container\"><img decoding=\"async\" src=\"https:\/\/www.paparazzi.com.ar\/wp-content\/uploads\/2025\/09\/Muna-Pauls-Cherri.jpg.webp\" alt=\"Muna Pauls Cherri debut\u00f3 como modelo: sus fotos m\u00e1s incre\u00edbles\" class=\"mt-image\" loading=\"lazy\" \/><\/div>\n<h5 class=\"mt-title\">Muna Pauls Cherri debut\u00f3 como modelo: sus fotos m\u00e1s incre\u00edbles<\/h5>\n<\/div>\n<p><\/a><\/div>\n<div class=\"mt-box \">\n<h4 class=\"mt-heading\">Mir\u00e1 Tambi\u00e9n<\/h4>\n<p><a href=\"https:\/\/www.paparazzi.com.ar\/teve\/la-tremenda-queja-de-muna-pauls-para-su-mama-agustina-cherri-por-los-canjes\/\"><\/p>\n<div class=\"mt-content\">\n<div class=\"mt-image-container\"><img decoding=\"async\" src=\"https:\/\/www.paparazzi.com.ar\/wp-content\/uploads\/2024\/03\/cherri-pauls-1.jpg.webp\" alt=\"La tremenda queja de Muna Pauls para su mam\u00e1, Agustina Cherri, por los canjes\" class=\"mt-image\" loading=\"lazy\" \/><\/div>\n<h5 class=\"mt-title\">La tremenda queja de Muna Pauls para su mam\u00e1, Agustina Cherri, por los canjes<\/h5>\n<\/div>\n<p><\/a><\/div>\n<p>The post <a href=\"https:\/\/www.paparazzi.com.ar\/romances\/muna-pauls-revelo-el-secreto-motivo-por-el-que-no-muestra-la-cara-de-su-novio\/\">Muna Pauls revel\u00f3 el secreto motivo por el que no muestra la cara de su novio<\/a> appeared first on <a href=\"https:\/\/www.paparazzi.com.ar\">Revista Paparazzi<\/a>.<\/p>\n","protected":false},"excerpt":{"rendered":"<p>Muna Pauls abri\u00f3 su coraz\u00f3n en Instagram y sorprendi\u00f3 a sus seguidores con detalles de<\/p>\n","protected":false},"author":0,"featured_media":6432,"comment_status":"","ping_status":"","sticky":false,"template":"","format":"standard","meta":{"footnotes":""},"categories":[11],"tags":[],"class_list":["post-6431","post","type-post","status-publish","format-standard","has-post-thumbnail","hentry","category-destacadas"],"yoast_head":"<!-- This site is optimized with the Yoast SEO plugin v27.4 - https:\/\/yoast.com\/product\/yoast-seo-wordpress\/ -->\n<title>Muna Pauls revel\u00f3 el secreto motivo por el que no muestra la cara de su novio - Fm Gente<\/title>\n<meta name=\"robots\" content=\"index, follow, max-snippet:-1, max-image-preview:large, max-video-preview:-1\" \/>\n<link rel=\"canonical\" href=\"https:\/\/fmgente.com.ar\/web\/muna-pauls-revelo-el-secreto-motivo-por-el-que-no-muestra-la-cara-de-su-novio\/\" \/>\n<meta property=\"og:locale\" content=\"es_ES\" \/>\n<meta property=\"og:type\" content=\"article\" \/>\n<meta property=\"og:title\" content=\"Muna Pauls revel\u00f3 el secreto motivo por el que no muestra la cara de su novio - Fm Gente\" \/>\n<meta property=\"og:description\" content=\"Muna Pauls abri\u00f3 su coraz\u00f3n en Instagram y sorprendi\u00f3 a sus seguidores con detalles de\" \/>\n<meta property=\"og:url\" content=\"https:\/\/fmgente.com.ar\/web\/muna-pauls-revelo-el-secreto-motivo-por-el-que-no-muestra-la-cara-de-su-novio\/\" \/>\n<meta property=\"og:site_name\" content=\"Fm Gente\" \/>\n<meta property=\"article:published_time\" content=\"2025-10-09T04:05:30+00:00\" \/>\n<meta property=\"og:image\" content=\"https:\/\/fmgente.com.ar\/web\/wp-content\/uploads\/2025\/10\/Thiago-Medina-Daniela-359x226-21.jpg\" \/>\n\t<meta property=\"og:image:width\" content=\"359\" \/>\n\t<meta property=\"og:image:height\" content=\"226\" \/>\n\t<meta property=\"og:image:type\" content=\"image\/jpeg\" \/>\n<meta name=\"twitter:card\" content=\"summary_large_image\" \/>\n<meta name=\"twitter:label1\" content=\"Tiempo de lectura\" \/>\n\t<meta name=\"twitter:data1\" content=\"2 minutos\" \/>\n<script type=\"application\/ld+json\" class=\"yoast-schema-graph\">{\"@context\":\"https:\\\/\\\/schema.org\",\"@graph\":[{\"@type\":\"Article\",\"@id\":\"https:\\\/\\\/fmgente.com.ar\\\/web\\\/muna-pauls-revelo-el-secreto-motivo-por-el-que-no-muestra-la-cara-de-su-novio\\\/#article\",\"isPartOf\":{\"@id\":\"https:\\\/\\\/fmgente.com.ar\\\/web\\\/muna-pauls-revelo-el-secreto-motivo-por-el-que-no-muestra-la-cara-de-su-novio\\\/\"},\"author\":{\"name\":\"\",\"@id\":\"\"},\"headline\":\"Muna Pauls revel\u00f3 el secreto motivo por el que no muestra la cara de su novio\",\"datePublished\":\"2025-10-09T04:05:30+00:00\",\"mainEntityOfPage\":{\"@id\":\"https:\\\/\\\/fmgente.com.ar\\\/web\\\/muna-pauls-revelo-el-secreto-motivo-por-el-que-no-muestra-la-cara-de-su-novio\\\/\"},\"wordCount\":507,\"publisher\":{\"@id\":\"https:\\\/\\\/fmgente.com.ar\\\/web\\\/#organization\"},\"image\":{\"@id\":\"https:\\\/\\\/fmgente.com.ar\\\/web\\\/muna-pauls-revelo-el-secreto-motivo-por-el-que-no-muestra-la-cara-de-su-novio\\\/#primaryimage\"},\"thumbnailUrl\":\"https:\\\/\\\/fmgente.com.ar\\\/web\\\/wp-content\\\/uploads\\\/2025\\\/10\\\/Thiago-Medina-Daniela-359x226-21.jpg\",\"articleSection\":[\"DESTACADAS\"],\"inLanguage\":\"es\"},{\"@type\":\"WebPage\",\"@id\":\"https:\\\/\\\/fmgente.com.ar\\\/web\\\/muna-pauls-revelo-el-secreto-motivo-por-el-que-no-muestra-la-cara-de-su-novio\\\/\",\"url\":\"https:\\\/\\\/fmgente.com.ar\\\/web\\\/muna-pauls-revelo-el-secreto-motivo-por-el-que-no-muestra-la-cara-de-su-novio\\\/\",\"name\":\"Muna Pauls revel\u00f3 el secreto motivo por el que no muestra la cara de su novio - Fm Gente\",\"isPartOf\":{\"@id\":\"https:\\\/\\\/fmgente.com.ar\\\/web\\\/#website\"},\"primaryImageOfPage\":{\"@id\":\"https:\\\/\\\/fmgente.com.ar\\\/web\\\/muna-pauls-revelo-el-secreto-motivo-por-el-que-no-muestra-la-cara-de-su-novio\\\/#primaryimage\"},\"image\":{\"@id\":\"https:\\\/\\\/fmgente.com.ar\\\/web\\\/muna-pauls-revelo-el-secreto-motivo-por-el-que-no-muestra-la-cara-de-su-novio\\\/#primaryimage\"},\"thumbnailUrl\":\"https:\\\/\\\/fmgente.com.ar\\\/web\\\/wp-content\\\/uploads\\\/2025\\\/10\\\/Thiago-Medina-Daniela-359x226-21.jpg\",\"datePublished\":\"2025-10-09T04:05:30+00:00\",\"inLanguage\":\"es\",\"potentialAction\":[{\"@type\":\"ReadAction\",\"target\":[\"https:\\\/\\\/fmgente.com.ar\\\/web\\\/muna-pauls-revelo-el-secreto-motivo-por-el-que-no-muestra-la-cara-de-su-novio\\\/\"]}]},{\"@type\":\"ImageObject\",\"inLanguage\":\"es\",\"@id\":\"https:\\\/\\\/fmgente.com.ar\\\/web\\\/muna-pauls-revelo-el-secreto-motivo-por-el-que-no-muestra-la-cara-de-su-novio\\\/#primaryimage\",\"url\":\"https:\\\/\\\/fmgente.com.ar\\\/web\\\/wp-content\\\/uploads\\\/2025\\\/10\\\/Thiago-Medina-Daniela-359x226-21.jpg\",\"contentUrl\":\"https:\\\/\\\/fmgente.com.ar\\\/web\\\/wp-content\\\/uploads\\\/2025\\\/10\\\/Thiago-Medina-Daniela-359x226-21.jpg\",\"width\":359,\"height\":226},{\"@type\":\"WebSite\",\"@id\":\"https:\\\/\\\/fmgente.com.ar\\\/web\\\/#website\",\"url\":\"https:\\\/\\\/fmgente.com.ar\\\/web\\\/\",\"name\":\"Fm Gente\",\"description\":\"- Jes\u00fas Mar\u00eda\",\"publisher\":{\"@id\":\"https:\\\/\\\/fmgente.com.ar\\\/web\\\/#organization\"},\"potentialAction\":[{\"@type\":\"SearchAction\",\"target\":{\"@type\":\"EntryPoint\",\"urlTemplate\":\"https:\\\/\\\/fmgente.com.ar\\\/web\\\/?s={search_term_string}\"},\"query-input\":{\"@type\":\"PropertyValueSpecification\",\"valueRequired\":true,\"valueName\":\"search_term_string\"}}],\"inLanguage\":\"es\"},{\"@type\":\"Organization\",\"@id\":\"https:\\\/\\\/fmgente.com.ar\\\/web\\\/#organization\",\"name\":\"Fm Gente\",\"url\":\"https:\\\/\\\/fmgente.com.ar\\\/web\\\/\",\"logo\":{\"@type\":\"ImageObject\",\"inLanguage\":\"es\",\"@id\":\"https:\\\/\\\/fmgente.com.ar\\\/web\\\/#\\\/schema\\\/logo\\\/image\\\/\",\"url\":\"https:\\\/\\\/fmgente.com.ar\\\/web\\\/wp-content\\\/uploads\\\/2023\\\/07\\\/cropped-cropped-logo-sombra2.png\",\"contentUrl\":\"https:\\\/\\\/fmgente.com.ar\\\/web\\\/wp-content\\\/uploads\\\/2023\\\/07\\\/cropped-cropped-logo-sombra2.png\",\"width\":1782,\"height\":1782,\"caption\":\"Fm Gente\"},\"image\":{\"@id\":\"https:\\\/\\\/fmgente.com.ar\\\/web\\\/#\\\/schema\\\/logo\\\/image\\\/\"}}]}<\/script>\n<!-- \/ Yoast SEO plugin. -->","yoast_head_json":{"title":"Muna Pauls revel\u00f3 el secreto motivo por el que no muestra la cara de su novio - Fm Gente","robots":{"index":"index","follow":"follow","max-snippet":"max-snippet:-1","max-image-preview":"max-image-preview:large","max-video-preview":"max-video-preview:-1"},"canonical":"https:\/\/fmgente.com.ar\/web\/muna-pauls-revelo-el-secreto-motivo-por-el-que-no-muestra-la-cara-de-su-novio\/","og_locale":"es_ES","og_type":"article","og_title":"Muna Pauls revel\u00f3 el secreto motivo por el que no muestra la cara de su novio - Fm Gente","og_description":"Muna Pauls abri\u00f3 su coraz\u00f3n en Instagram y sorprendi\u00f3 a sus seguidores con detalles de","og_url":"https:\/\/fmgente.com.ar\/web\/muna-pauls-revelo-el-secreto-motivo-por-el-que-no-muestra-la-cara-de-su-novio\/","og_site_name":"Fm Gente","article_published_time":"2025-10-09T04:05:30+00:00","og_image":[{"width":359,"height":226,"url":"https:\/\/fmgente.com.ar\/web\/wp-content\/uploads\/2025\/10\/Thiago-Medina-Daniela-359x226-21.jpg","type":"image\/jpeg"}],"twitter_card":"summary_large_image","twitter_misc":{"Tiempo de lectura":"2 minutos"},"schema":{"@context":"https:\/\/schema.org","@graph":[{"@type":"Article","@id":"https:\/\/fmgente.com.ar\/web\/muna-pauls-revelo-el-secreto-motivo-por-el-que-no-muestra-la-cara-de-su-novio\/#article","isPartOf":{"@id":"https:\/\/fmgente.com.ar\/web\/muna-pauls-revelo-el-secreto-motivo-por-el-que-no-muestra-la-cara-de-su-novio\/"},"author":{"name":"","@id":""},"headline":"Muna Pauls revel\u00f3 el secreto motivo por el que no muestra la cara de su novio","datePublished":"2025-10-09T04:05:30+00:00","mainEntityOfPage":{"@id":"https:\/\/fmgente.com.ar\/web\/muna-pauls-revelo-el-secreto-motivo-por-el-que-no-muestra-la-cara-de-su-novio\/"},"wordCount":507,"publisher":{"@id":"https:\/\/fmgente.com.ar\/web\/#organization"},"image":{"@id":"https:\/\/fmgente.com.ar\/web\/muna-pauls-revelo-el-secreto-motivo-por-el-que-no-muestra-la-cara-de-su-novio\/#primaryimage"},"thumbnailUrl":"https:\/\/fmgente.com.ar\/web\/wp-content\/uploads\/2025\/10\/Thiago-Medina-Daniela-359x226-21.jpg","articleSection":["DESTACADAS"],"inLanguage":"es"},{"@type":"WebPage","@id":"https:\/\/fmgente.com.ar\/web\/muna-pauls-revelo-el-secreto-motivo-por-el-que-no-muestra-la-cara-de-su-novio\/","url":"https:\/\/fmgente.com.ar\/web\/muna-pauls-revelo-el-secreto-motivo-por-el-que-no-muestra-la-cara-de-su-novio\/","name":"Muna Pauls revel\u00f3 el secreto motivo por el que no muestra la cara de su novio - Fm Gente","isPartOf":{"@id":"https:\/\/fmgente.com.ar\/web\/#website"},"primaryImageOfPage":{"@id":"https:\/\/fmgente.com.ar\/web\/muna-pauls-revelo-el-secreto-motivo-por-el-que-no-muestra-la-cara-de-su-novio\/#primaryimage"},"image":{"@id":"https:\/\/fmgente.com.ar\/web\/muna-pauls-revelo-el-secreto-motivo-por-el-que-no-muestra-la-cara-de-su-novio\/#primaryimage"},"thumbnailUrl":"https:\/\/fmgente.com.ar\/web\/wp-content\/uploads\/2025\/10\/Thiago-Medina-Daniela-359x226-21.jpg","datePublished":"2025-10-09T04:05:30+00:00","inLanguage":"es","potentialAction":[{"@type":"ReadAction","target":["https:\/\/fmgente.com.ar\/web\/muna-pauls-revelo-el-secreto-motivo-por-el-que-no-muestra-la-cara-de-su-novio\/"]}]},{"@type":"ImageObject","inLanguage":"es","@id":"https:\/\/fmgente.com.ar\/web\/muna-pauls-revelo-el-secreto-motivo-por-el-que-no-muestra-la-cara-de-su-novio\/#primaryimage","url":"https:\/\/fmgente.com.ar\/web\/wp-content\/uploads\/2025\/10\/Thiago-Medina-Daniela-359x226-21.jpg","contentUrl":"https:\/\/fmgente.com.ar\/web\/wp-content\/uploads\/2025\/10\/Thiago-Medina-Daniela-359x226-21.jpg","width":359,"height":226},{"@type":"WebSite","@id":"https:\/\/fmgente.com.ar\/web\/#website","url":"https:\/\/fmgente.com.ar\/web\/","name":"Fm Gente","description":"- Jes\u00fas Mar\u00eda","publisher":{"@id":"https:\/\/fmgente.com.ar\/web\/#organization"},"potentialAction":[{"@type":"SearchAction","target":{"@type":"EntryPoint","urlTemplate":"https:\/\/fmgente.com.ar\/web\/?s={search_term_string}"},"query-input":{"@type":"PropertyValueSpecification","valueRequired":true,"valueName":"search_term_string"}}],"inLanguage":"es"},{"@type":"Organization","@id":"https:\/\/fmgente.com.ar\/web\/#organization","name":"Fm Gente","url":"https:\/\/fmgente.com.ar\/web\/","logo":{"@type":"ImageObject","inLanguage":"es","@id":"https:\/\/fmgente.com.ar\/web\/#\/schema\/logo\/image\/","url":"https:\/\/fmgente.com.ar\/web\/wp-content\/uploads\/2023\/07\/cropped-cropped-logo-sombra2.png","contentUrl":"https:\/\/fmgente.com.ar\/web\/wp-content\/uploads\/2023\/07\/cropped-cropped-logo-sombra2.png","width":1782,"height":1782,"caption":"Fm Gente"},"image":{"@id":"https:\/\/fmgente.com.ar\/web\/#\/schema\/logo\/image\/"}}]}},"_links":{"self":[{"href":"https:\/\/fmgente.com.ar\/web\/wp-json\/wp\/v2\/posts\/6431","targetHints":{"allow":["GET"]}}],"collection":[{"href":"https:\/\/fmgente.com.ar\/web\/wp-json\/wp\/v2\/posts"}],"about":[{"href":"https:\/\/fmgente.com.ar\/web\/wp-json\/wp\/v2\/types\/post"}],"replies":[{"embeddable":true,"href":"https:\/\/fmgente.com.ar\/web\/wp-json\/wp\/v2\/comments?post=6431"}],"version-history":[{"count":0,"href":"https:\/\/fmgente.com.ar\/web\/wp-json\/wp\/v2\/posts\/6431\/revisions"}],"wp:featuredmedia":[{"embeddable":true,"href":"https:\/\/fmgente.com.ar\/web\/wp-json\/wp\/v2\/media\/6432"}],"wp:attachment":[{"href":"https:\/\/fmgente.com.ar\/web\/wp-json\/wp\/v2\/media?parent=6431"}],"wp:term":[{"taxonomy":"category","embeddable":true,"href":"https:\/\/fmgente.com.ar\/web\/wp-json\/wp\/v2\/categories?post=6431"},{"taxonomy":"post_tag","embeddable":true,"href":"https:\/\/fmgente.com.ar\/web\/wp-json\/wp\/v2\/tags?post=6431"}],"curies":[{"name":"wp","href":"https:\/\/api.w.org\/{rel}","templated":true}]}}