{"id":6427,"date":"2025-10-09T00:08:01","date_gmt":"2025-10-09T03:08:01","guid":{"rendered":"https:\/\/fmgente.com.ar\/asi-fue-la-primera-salida-de-oriana-sabatini-embarazada-junto-a-paulo-dybala-las-fotos\/"},"modified":"2025-10-09T00:08:01","modified_gmt":"2025-10-09T03:08:01","slug":"asi-fue-la-primera-salida-de-oriana-sabatini-embarazada-junto-a-paulo-dybala-las-fotos","status":"publish","type":"post","link":"https:\/\/fmgente.com.ar\/web\/asi-fue-la-primera-salida-de-oriana-sabatini-embarazada-junto-a-paulo-dybala-las-fotos\/","title":{"rendered":"As\u00ed fue la primera salida de Oriana Sabatini embarazada junto a Paulo Dybala: las fotos"},"content":{"rendered":"<p><a href=\"https:\/\/www.paparazzi.com.ar\/?s=Oriana+Sabatini\">Oriana Sabatini<\/a> y <a href=\"https:\/\/www.paparazzi.com.ar\/?s=Paulo+Dybala+\">Paulo Dybala <\/a>confirmaron que se convertir\u00e1n en padres hace tan solo d\u00edas. Los famosos son una de las parejas m\u00e1s queridas de los medios. Desde que se conocieron, muchos so\u00f1aron con verlos casados, felices y formando una familia. <\/p>\n<p>En di\u00e1logo con LAM, Oriana cont\u00f3 detalles de su embarazo y c\u00f3mo lo transita. Adem\u00e1s, la modelo revel\u00f3 lo emocionada que est\u00e1. Pero tambi\u00e9n confes\u00f3 que siente mucho miedo y termina enojada siempre con Paulo Dybala sin raz\u00f3n.<\/p>\n<p><em>\u00abEstoy de cuatro meses. Ya hay pancita, igual, me levanto siendo una persona y me acuesto siendo otra. A medida que como, de repente se asoma m\u00e1s, pero me levanto y digo: \u00bfD\u00f3nde est\u00e1? \u00bfD\u00f3nde est\u00e1? Ayer no estaba\u00bb<\/em>, lanz\u00f3 Oriana entre risas. <\/p>\n<p>Fue entonces que cont\u00f3 c\u00f3mo se siente y c\u00f3mo fue el momento en el que se enter\u00f3: \u00ab<em>Estoy muy contenta, pero me siento fatal porque nadie me avis\u00f3 que esto era as\u00ed. Vomito todos los d\u00edas. No lloramos. Fue alegr\u00eda y medio como un shock. Siento que la alegr\u00eda se asienta de a poco\u00bb. <\/em><\/p>\n<p>Despu\u00e9s de todos los detalles que dio en LAM, Oriana Sabatini sorprendi\u00f3 al mostrar por primera vez su pancita. Mediante sus redes sociales, la cantante comparti\u00f3 una postal frente al espejo mostrando c\u00f3mo crece la peque\u00f1a dentro de ella. <\/p>\n<p>Como si fuera poco, hace horas, Oriana Sabatini y Paulo Dybala tuvieron su primera salida y esta vez fueron tres con su peque\u00f1a en la panza de la modelo. No se sabe exactamente a qu\u00e9 lugar fueron los famosos, pero fueron fotografiados de la mano y s\u00faper enamorados. <\/p>\n<figure class=\"wp-block-image size-large\"><img decoding=\"async\" src=\"https:\/\/www.paparazzi.com.ar\/wp-content\/uploads\/2025\/10\/image-131-789x1024.png.webp\" loading=\"lazy\" alt=\"\" class=\"wp-image-447104\" \/><\/figure>\n<figure class=\"wp-block-image size-large\"><img decoding=\"async\" src=\"https:\/\/www.paparazzi.com.ar\/wp-content\/uploads\/2025\/10\/image-132-783x1024.png.webp\" loading=\"lazy\" alt=\"\" class=\"wp-image-447105\" \/><\/figure>\n<div class=\"mt-box \">\n<h4 class=\"mt-heading\">Mir\u00e1 Tambi\u00e9n<\/h4>\n<p><a href=\"https:\/\/www.paparazzi.com.ar\/teve\/quienes-son-las-angelitas-que-se-mataron-en-vivo-y-se-insultaron-de-manera-escandalosa-estas-aca-por-tu\/\"><\/p>\n<div class=\"mt-content\">\n<div class=\"mt-image-container\"><img decoding=\"async\" src=\"https:\/\/www.paparazzi.com.ar\/wp-content\/uploads\/2025\/10\/laura-ubfal-nancy-dura-lam-359x226.png\" alt=\"Qui\u00e9nes son las angelitas que se mataron en vivo y se insultaron de manera escandalosa: &quot;Est\u00e1s ac\u00e1 por tu...&quot;\" class=\"mt-image\" loading=\"lazy\" \/><\/div>\n<h5 class=\"mt-title\">Qui\u00e9nes son las angelitas que se mataron en vivo y se insultaron de manera escandalosa: \u00abEst\u00e1s ac\u00e1 por tu&#8230;\u00bb<\/h5>\n<\/div>\n<p><\/a><\/div>\n<div class=\"mt-box \">\n<h4 class=\"mt-heading\">Mir\u00e1 Tambi\u00e9n<\/h4>\n<p><a href=\"https:\/\/www.paparazzi.com.ar\/teve\/tremendo-el-escandalo-policial-de-una-ex-gran-hermano-y-su-novio-stripper-me-amenazo-con-un-cuchillo\/\"><\/p>\n<div class=\"mt-content\">\n<div class=\"mt-image-container\"><img decoding=\"async\" src=\"https:\/\/www.paparazzi.com.ar\/wp-content\/uploads\/2025\/10\/EX-GH-359x226.jpg\" alt=\"\u00a1Tremendo! El esc\u00e1ndalo policial de una ex Gran Hermano y su novio stripper: \u201cMe amenaz\u00f3 con un cuchillo\u201d\" class=\"mt-image\" loading=\"lazy\" \/><\/div>\n<h5 class=\"mt-title\">\u00a1Tremendo! El esc\u00e1ndalo policial de una ex Gran Hermano y su novio stripper: \u201cMe amenaz\u00f3 con un cuchillo\u201d<\/h5>\n<\/div>\n<p><\/a><\/div>\n<p>The post <a href=\"https:\/\/www.paparazzi.com.ar\/teve\/asi-fue-la-primera-salida-de-oriana-sabatini-embarazada-junto-a-paulo-dybala-las-fotos\/\">As\u00ed fue la primera salida de Oriana Sabatini embarazada junto a Paulo Dybala: las fotos<\/a> appeared first on <a href=\"https:\/\/www.paparazzi.com.ar\">Revista Paparazzi<\/a>.<\/p>\n","protected":false},"excerpt":{"rendered":"<p>Oriana Sabatini y Paulo Dybala confirmaron que se convertir\u00e1n en padres hace tan solo d\u00edas.<\/p>\n","protected":false},"author":0,"featured_media":6428,"comment_status":"","ping_status":"","sticky":false,"template":"","format":"standard","meta":{"footnotes":""},"categories":[11],"tags":[],"class_list":["post-6427","post","type-post","status-publish","format-standard","has-post-thumbnail","hentry","category-destacadas"],"yoast_head":"<!-- This site is optimized with the Yoast SEO plugin v27.4 - https:\/\/yoast.com\/product\/yoast-seo-wordpress\/ -->\n<title>As\u00ed fue la primera salida de Oriana Sabatini embarazada junto a Paulo Dybala: las fotos - Fm Gente<\/title>\n<meta name=\"robots\" content=\"index, follow, max-snippet:-1, max-image-preview:large, max-video-preview:-1\" \/>\n<link rel=\"canonical\" href=\"https:\/\/fmgente.com.ar\/web\/asi-fue-la-primera-salida-de-oriana-sabatini-embarazada-junto-a-paulo-dybala-las-fotos\/\" \/>\n<meta property=\"og:locale\" content=\"es_ES\" \/>\n<meta property=\"og:type\" content=\"article\" \/>\n<meta property=\"og:title\" content=\"As\u00ed fue la primera salida de Oriana Sabatini embarazada junto a Paulo Dybala: las fotos - Fm Gente\" \/>\n<meta property=\"og:description\" content=\"Oriana Sabatini y Paulo Dybala confirmaron que se convertir\u00e1n en padres hace tan solo d\u00edas.\" \/>\n<meta property=\"og:url\" content=\"https:\/\/fmgente.com.ar\/web\/asi-fue-la-primera-salida-de-oriana-sabatini-embarazada-junto-a-paulo-dybala-las-fotos\/\" \/>\n<meta property=\"og:site_name\" content=\"Fm Gente\" \/>\n<meta property=\"article:published_time\" content=\"2025-10-09T03:08:01+00:00\" \/>\n<meta property=\"og:image\" content=\"https:\/\/fmgente.com.ar\/web\/wp-content\/uploads\/2025\/10\/image-131-789x1024.png.webp\" \/>\n\t<meta property=\"og:image:width\" content=\"789\" \/>\n\t<meta property=\"og:image:height\" content=\"1024\" \/>\n\t<meta property=\"og:image:type\" content=\"image\/webp\" \/>\n<meta name=\"twitter:card\" content=\"summary_large_image\" \/>\n<meta name=\"twitter:label1\" content=\"Tiempo de lectura\" \/>\n\t<meta name=\"twitter:data1\" content=\"2 minutos\" \/>\n<script type=\"application\/ld+json\" class=\"yoast-schema-graph\">{\"@context\":\"https:\\\/\\\/schema.org\",\"@graph\":[{\"@type\":\"Article\",\"@id\":\"https:\\\/\\\/fmgente.com.ar\\\/web\\\/asi-fue-la-primera-salida-de-oriana-sabatini-embarazada-junto-a-paulo-dybala-las-fotos\\\/#article\",\"isPartOf\":{\"@id\":\"https:\\\/\\\/fmgente.com.ar\\\/web\\\/asi-fue-la-primera-salida-de-oriana-sabatini-embarazada-junto-a-paulo-dybala-las-fotos\\\/\"},\"author\":{\"name\":\"\",\"@id\":\"\"},\"headline\":\"As\u00ed fue la primera salida de Oriana Sabatini embarazada junto a Paulo Dybala: las fotos\",\"datePublished\":\"2025-10-09T03:08:01+00:00\",\"mainEntityOfPage\":{\"@id\":\"https:\\\/\\\/fmgente.com.ar\\\/web\\\/asi-fue-la-primera-salida-de-oriana-sabatini-embarazada-junto-a-paulo-dybala-las-fotos\\\/\"},\"wordCount\":368,\"publisher\":{\"@id\":\"https:\\\/\\\/fmgente.com.ar\\\/web\\\/#organization\"},\"image\":{\"@id\":\"https:\\\/\\\/fmgente.com.ar\\\/web\\\/asi-fue-la-primera-salida-de-oriana-sabatini-embarazada-junto-a-paulo-dybala-las-fotos\\\/#primaryimage\"},\"thumbnailUrl\":\"https:\\\/\\\/fmgente.com.ar\\\/web\\\/wp-content\\\/uploads\\\/2025\\\/10\\\/image-131-789x1024.png.webp\",\"articleSection\":[\"DESTACADAS\"],\"inLanguage\":\"es\"},{\"@type\":\"WebPage\",\"@id\":\"https:\\\/\\\/fmgente.com.ar\\\/web\\\/asi-fue-la-primera-salida-de-oriana-sabatini-embarazada-junto-a-paulo-dybala-las-fotos\\\/\",\"url\":\"https:\\\/\\\/fmgente.com.ar\\\/web\\\/asi-fue-la-primera-salida-de-oriana-sabatini-embarazada-junto-a-paulo-dybala-las-fotos\\\/\",\"name\":\"As\u00ed fue la primera salida de Oriana Sabatini embarazada junto a Paulo Dybala: las fotos - Fm Gente\",\"isPartOf\":{\"@id\":\"https:\\\/\\\/fmgente.com.ar\\\/web\\\/#website\"},\"primaryImageOfPage\":{\"@id\":\"https:\\\/\\\/fmgente.com.ar\\\/web\\\/asi-fue-la-primera-salida-de-oriana-sabatini-embarazada-junto-a-paulo-dybala-las-fotos\\\/#primaryimage\"},\"image\":{\"@id\":\"https:\\\/\\\/fmgente.com.ar\\\/web\\\/asi-fue-la-primera-salida-de-oriana-sabatini-embarazada-junto-a-paulo-dybala-las-fotos\\\/#primaryimage\"},\"thumbnailUrl\":\"https:\\\/\\\/fmgente.com.ar\\\/web\\\/wp-content\\\/uploads\\\/2025\\\/10\\\/image-131-789x1024.png.webp\",\"datePublished\":\"2025-10-09T03:08:01+00:00\",\"inLanguage\":\"es\",\"potentialAction\":[{\"@type\":\"ReadAction\",\"target\":[\"https:\\\/\\\/fmgente.com.ar\\\/web\\\/asi-fue-la-primera-salida-de-oriana-sabatini-embarazada-junto-a-paulo-dybala-las-fotos\\\/\"]}]},{\"@type\":\"ImageObject\",\"inLanguage\":\"es\",\"@id\":\"https:\\\/\\\/fmgente.com.ar\\\/web\\\/asi-fue-la-primera-salida-de-oriana-sabatini-embarazada-junto-a-paulo-dybala-las-fotos\\\/#primaryimage\",\"url\":\"https:\\\/\\\/fmgente.com.ar\\\/web\\\/wp-content\\\/uploads\\\/2025\\\/10\\\/image-131-789x1024.png.webp\",\"contentUrl\":\"https:\\\/\\\/fmgente.com.ar\\\/web\\\/wp-content\\\/uploads\\\/2025\\\/10\\\/image-131-789x1024.png.webp\",\"width\":789,\"height\":1024},{\"@type\":\"WebSite\",\"@id\":\"https:\\\/\\\/fmgente.com.ar\\\/web\\\/#website\",\"url\":\"https:\\\/\\\/fmgente.com.ar\\\/web\\\/\",\"name\":\"Fm Gente\",\"description\":\"- Jes\u00fas Mar\u00eda\",\"publisher\":{\"@id\":\"https:\\\/\\\/fmgente.com.ar\\\/web\\\/#organization\"},\"potentialAction\":[{\"@type\":\"SearchAction\",\"target\":{\"@type\":\"EntryPoint\",\"urlTemplate\":\"https:\\\/\\\/fmgente.com.ar\\\/web\\\/?s={search_term_string}\"},\"query-input\":{\"@type\":\"PropertyValueSpecification\",\"valueRequired\":true,\"valueName\":\"search_term_string\"}}],\"inLanguage\":\"es\"},{\"@type\":\"Organization\",\"@id\":\"https:\\\/\\\/fmgente.com.ar\\\/web\\\/#organization\",\"name\":\"Fm Gente\",\"url\":\"https:\\\/\\\/fmgente.com.ar\\\/web\\\/\",\"logo\":{\"@type\":\"ImageObject\",\"inLanguage\":\"es\",\"@id\":\"https:\\\/\\\/fmgente.com.ar\\\/web\\\/#\\\/schema\\\/logo\\\/image\\\/\",\"url\":\"https:\\\/\\\/fmgente.com.ar\\\/web\\\/wp-content\\\/uploads\\\/2023\\\/07\\\/cropped-cropped-logo-sombra2.png\",\"contentUrl\":\"https:\\\/\\\/fmgente.com.ar\\\/web\\\/wp-content\\\/uploads\\\/2023\\\/07\\\/cropped-cropped-logo-sombra2.png\",\"width\":1782,\"height\":1782,\"caption\":\"Fm Gente\"},\"image\":{\"@id\":\"https:\\\/\\\/fmgente.com.ar\\\/web\\\/#\\\/schema\\\/logo\\\/image\\\/\"}}]}<\/script>\n<!-- \/ Yoast SEO plugin. -->","yoast_head_json":{"title":"As\u00ed fue la primera salida de Oriana Sabatini embarazada junto a Paulo Dybala: las fotos - Fm Gente","robots":{"index":"index","follow":"follow","max-snippet":"max-snippet:-1","max-image-preview":"max-image-preview:large","max-video-preview":"max-video-preview:-1"},"canonical":"https:\/\/fmgente.com.ar\/web\/asi-fue-la-primera-salida-de-oriana-sabatini-embarazada-junto-a-paulo-dybala-las-fotos\/","og_locale":"es_ES","og_type":"article","og_title":"As\u00ed fue la primera salida de Oriana Sabatini embarazada junto a Paulo Dybala: las fotos - Fm Gente","og_description":"Oriana Sabatini y Paulo Dybala confirmaron que se convertir\u00e1n en padres hace tan solo d\u00edas.","og_url":"https:\/\/fmgente.com.ar\/web\/asi-fue-la-primera-salida-de-oriana-sabatini-embarazada-junto-a-paulo-dybala-las-fotos\/","og_site_name":"Fm Gente","article_published_time":"2025-10-09T03:08:01+00:00","og_image":[{"width":789,"height":1024,"url":"https:\/\/fmgente.com.ar\/web\/wp-content\/uploads\/2025\/10\/image-131-789x1024.png.webp","type":"image\/webp"}],"twitter_card":"summary_large_image","twitter_misc":{"Tiempo de lectura":"2 minutos"},"schema":{"@context":"https:\/\/schema.org","@graph":[{"@type":"Article","@id":"https:\/\/fmgente.com.ar\/web\/asi-fue-la-primera-salida-de-oriana-sabatini-embarazada-junto-a-paulo-dybala-las-fotos\/#article","isPartOf":{"@id":"https:\/\/fmgente.com.ar\/web\/asi-fue-la-primera-salida-de-oriana-sabatini-embarazada-junto-a-paulo-dybala-las-fotos\/"},"author":{"name":"","@id":""},"headline":"As\u00ed fue la primera salida de Oriana Sabatini embarazada junto a Paulo Dybala: las fotos","datePublished":"2025-10-09T03:08:01+00:00","mainEntityOfPage":{"@id":"https:\/\/fmgente.com.ar\/web\/asi-fue-la-primera-salida-de-oriana-sabatini-embarazada-junto-a-paulo-dybala-las-fotos\/"},"wordCount":368,"publisher":{"@id":"https:\/\/fmgente.com.ar\/web\/#organization"},"image":{"@id":"https:\/\/fmgente.com.ar\/web\/asi-fue-la-primera-salida-de-oriana-sabatini-embarazada-junto-a-paulo-dybala-las-fotos\/#primaryimage"},"thumbnailUrl":"https:\/\/fmgente.com.ar\/web\/wp-content\/uploads\/2025\/10\/image-131-789x1024.png.webp","articleSection":["DESTACADAS"],"inLanguage":"es"},{"@type":"WebPage","@id":"https:\/\/fmgente.com.ar\/web\/asi-fue-la-primera-salida-de-oriana-sabatini-embarazada-junto-a-paulo-dybala-las-fotos\/","url":"https:\/\/fmgente.com.ar\/web\/asi-fue-la-primera-salida-de-oriana-sabatini-embarazada-junto-a-paulo-dybala-las-fotos\/","name":"As\u00ed fue la primera salida de Oriana Sabatini embarazada junto a Paulo Dybala: las fotos - Fm Gente","isPartOf":{"@id":"https:\/\/fmgente.com.ar\/web\/#website"},"primaryImageOfPage":{"@id":"https:\/\/fmgente.com.ar\/web\/asi-fue-la-primera-salida-de-oriana-sabatini-embarazada-junto-a-paulo-dybala-las-fotos\/#primaryimage"},"image":{"@id":"https:\/\/fmgente.com.ar\/web\/asi-fue-la-primera-salida-de-oriana-sabatini-embarazada-junto-a-paulo-dybala-las-fotos\/#primaryimage"},"thumbnailUrl":"https:\/\/fmgente.com.ar\/web\/wp-content\/uploads\/2025\/10\/image-131-789x1024.png.webp","datePublished":"2025-10-09T03:08:01+00:00","inLanguage":"es","potentialAction":[{"@type":"ReadAction","target":["https:\/\/fmgente.com.ar\/web\/asi-fue-la-primera-salida-de-oriana-sabatini-embarazada-junto-a-paulo-dybala-las-fotos\/"]}]},{"@type":"ImageObject","inLanguage":"es","@id":"https:\/\/fmgente.com.ar\/web\/asi-fue-la-primera-salida-de-oriana-sabatini-embarazada-junto-a-paulo-dybala-las-fotos\/#primaryimage","url":"https:\/\/fmgente.com.ar\/web\/wp-content\/uploads\/2025\/10\/image-131-789x1024.png.webp","contentUrl":"https:\/\/fmgente.com.ar\/web\/wp-content\/uploads\/2025\/10\/image-131-789x1024.png.webp","width":789,"height":1024},{"@type":"WebSite","@id":"https:\/\/fmgente.com.ar\/web\/#website","url":"https:\/\/fmgente.com.ar\/web\/","name":"Fm Gente","description":"- Jes\u00fas Mar\u00eda","publisher":{"@id":"https:\/\/fmgente.com.ar\/web\/#organization"},"potentialAction":[{"@type":"SearchAction","target":{"@type":"EntryPoint","urlTemplate":"https:\/\/fmgente.com.ar\/web\/?s={search_term_string}"},"query-input":{"@type":"PropertyValueSpecification","valueRequired":true,"valueName":"search_term_string"}}],"inLanguage":"es"},{"@type":"Organization","@id":"https:\/\/fmgente.com.ar\/web\/#organization","name":"Fm Gente","url":"https:\/\/fmgente.com.ar\/web\/","logo":{"@type":"ImageObject","inLanguage":"es","@id":"https:\/\/fmgente.com.ar\/web\/#\/schema\/logo\/image\/","url":"https:\/\/fmgente.com.ar\/web\/wp-content\/uploads\/2023\/07\/cropped-cropped-logo-sombra2.png","contentUrl":"https:\/\/fmgente.com.ar\/web\/wp-content\/uploads\/2023\/07\/cropped-cropped-logo-sombra2.png","width":1782,"height":1782,"caption":"Fm Gente"},"image":{"@id":"https:\/\/fmgente.com.ar\/web\/#\/schema\/logo\/image\/"}}]}},"_links":{"self":[{"href":"https:\/\/fmgente.com.ar\/web\/wp-json\/wp\/v2\/posts\/6427","targetHints":{"allow":["GET"]}}],"collection":[{"href":"https:\/\/fmgente.com.ar\/web\/wp-json\/wp\/v2\/posts"}],"about":[{"href":"https:\/\/fmgente.com.ar\/web\/wp-json\/wp\/v2\/types\/post"}],"replies":[{"embeddable":true,"href":"https:\/\/fmgente.com.ar\/web\/wp-json\/wp\/v2\/comments?post=6427"}],"version-history":[{"count":0,"href":"https:\/\/fmgente.com.ar\/web\/wp-json\/wp\/v2\/posts\/6427\/revisions"}],"wp:featuredmedia":[{"embeddable":true,"href":"https:\/\/fmgente.com.ar\/web\/wp-json\/wp\/v2\/media\/6428"}],"wp:attachment":[{"href":"https:\/\/fmgente.com.ar\/web\/wp-json\/wp\/v2\/media?parent=6427"}],"wp:term":[{"taxonomy":"category","embeddable":true,"href":"https:\/\/fmgente.com.ar\/web\/wp-json\/wp\/v2\/categories?post=6427"},{"taxonomy":"post_tag","embeddable":true,"href":"https:\/\/fmgente.com.ar\/web\/wp-json\/wp\/v2\/tags?post=6427"}],"curies":[{"name":"wp","href":"https:\/\/api.w.org\/{rel}","templated":true}]}}