{"id":6404,"date":"2025-10-08T21:04:57","date_gmt":"2025-10-09T00:04:57","guid":{"rendered":"https:\/\/fmgente.com.ar\/el-gran-anuncio-de-mica-viciconte-sobre-su-maternidad-a-los-36-anos-estoy\/"},"modified":"2025-10-08T21:04:57","modified_gmt":"2025-10-09T00:04:57","slug":"el-gran-anuncio-de-mica-viciconte-sobre-su-maternidad-a-los-36-anos-estoy","status":"publish","type":"post","link":"https:\/\/fmgente.com.ar\/web\/el-gran-anuncio-de-mica-viciconte-sobre-su-maternidad-a-los-36-anos-estoy\/","title":{"rendered":"El gran anuncio de Mica Viciconte sobre su maternidad a los 36 a\u00f1os: &quot;Estoy&#8230;&quot;"},"content":{"rendered":"<p>El mundo del espect\u00e1culo viene de atravesar por una etapa compleja en el amor, y en donde hubo muchas separaciones. Empero, una de las grandes excepciones a la regla, podr\u00eda decirse que son<strong> <a href=\"http:\/\/paparazzi.com.ar\/romances\/los-explosivos-chats-intimos-que-se-filtraron-entre-una-ex-gran-hermano-y-el-chico-del-momento-queres-venir-a\/\">Mica Viciconte<\/a><\/strong> y <strong>Fabi\u00e1n Cubero<\/strong>.<\/p>\n<p>La pareja est\u00e1 unida desde el 2017, habiendo cumplido 8 a\u00f1os juntos el pasado mes de agosto. En un amor que sigue creciendo a pasos agigantados, juntos construyeron su propia familia; en principio ensamblada con las hijas que Poroto tuvo con <strong><a href=\"https:\/\/www.paparazzi.com.ar\/teve\/nicole-neumann-explosiva-contra-mica-viciconte-y-cubero-por-como-actuan-con-sus-hijas-yo-no-estoy\/\">Nicole Neumann<\/a><\/strong>, y luego con la llegada de su propio hijo, <strong>Luca Cubero<\/strong>.<\/p>\n<p>Para Mica poder tener a Luca signific\u00f3 cumplir su gran sue\u00f1o de ser mam\u00e1. Sin embargo, con el paso de los a\u00f1os se dio cuenta que hoy no quiere buscar otro hermano para su peque\u00f1o, y confes\u00f3 que no tendr\u00e1 otra etapa de maternidad.<\/p>\n<div class=\"mt-box \">\n<h4 class=\"mt-heading\">Mir\u00e1 Tambi\u00e9n<\/h4>\n<p><a href=\"https:\/\/www.paparazzi.com.ar\/teve\/exclusivo-el-tenso-encuentro-entre-pampita-y-nicole-neumann-por-que-ni-se-saludaron\/\"><\/p>\n<div class=\"mt-content\">\n<div class=\"mt-image-container\"><img decoding=\"async\" src=\"https:\/\/www.paparazzi.com.ar\/wp-content\/uploads\/2025\/09\/pampita-14.png.webp\" alt=\"\u00a1Exclusivo! El tenso encuentro entre Pampita y Nicole Neumann: por qu\u00e9 ni se saludaron\" class=\"mt-image\" loading=\"lazy\" \/><\/div>\n<h5 class=\"mt-title\">\u00a1Exclusivo! El tenso encuentro entre Pampita y Nicole Neumann: por qu\u00e9 ni se saludaron<\/h5>\n<\/div>\n<p><\/a><\/div>\n<p>\u201c<em>Hoy te digo que no quiero y que estoy bien as\u00ed<\/em>\u201d, comenz\u00f3 diciendo. En su argumentaci\u00f3n, tambi\u00e9n explic\u00f3 que <a href=\"https:\/\/www.paparazzi.com.ar\/romances\/el-secreto-que-saco-a-la-luz-fabian-cubero-sobre-su-matrimonio-con-mica-viciconte\/\">Cubero<\/a>, ya con 46 a\u00f1os, estuvo mucho tiempo rodeado de chicos: \u201c<em>Vivi\u00f3 toda su vida criando pibes y ya no quiere<\/em>\u201d.<\/p>\n<h2 class=\"wp-block-heading\">MICA VICICONTE Y SUS CHANCES DE VOLVER A SER MAM\u00c1<\/h2>\n<p>Pero claro, como toda postura, siempre puede cambiar y Viciconte sabe eso. Lo que hoy piensa o pondera, entiende que el d\u00eda de ma\u00f1ana llegue a ser modificado o no. A decir verdad, a sus 36 a\u00f1os, tambi\u00e9n puede estar en posici\u00f3n de revertir ese pensamiento.<\/p>\n<div class=\"mt-box \">\n<h4 class=\"mt-heading\">Mir\u00e1 Tambi\u00e9n<\/h4>\n<p><a href=\"https:\/\/www.paparazzi.com.ar\/teve\/mica-viciconte-confeso-por-que-todavia-no-quiere-conocer-a-su-primer-sobrino-me-cuesta-no-me\/\"><\/p>\n<div class=\"mt-content\">\n<div class=\"mt-image-container\"><img decoding=\"async\" src=\"https:\/\/www.paparazzi.com.ar\/wp-content\/uploads\/2025\/10\/mica-viciconte--359x226.jpg\" alt=\"Mica Viciconte confes\u00f3 por qu\u00e9 todav\u00eda no quiere conocer a su primer sobrino: \u201cMe cuesta, no me...&quot;\" class=\"mt-image\" loading=\"lazy\" \/><\/div>\n<h5 class=\"mt-title\">Mica Viciconte confes\u00f3 por qu\u00e9 todav\u00eda no quiere conocer a su primer sobrino: \u201cMe cuesta, no me&#8230;\u00bb<\/h5>\n<\/div>\n<p><\/a><\/div>\n<p>A partir de ello es por lo que analiza la posibilidad de congelar \u00f3vulos por si en un futuro quiere agrandar su familia. Si bien su hijo jam\u00e1s estar\u00e1 solo con tres medias hermanas, que tenga otro hermanito y sea su hijo, es algo que eval\u00faa Viciconte.<\/p>\n<p>\u201c<em>Yo quer\u00eda uno y ya lo tengo, pero a su vez pienso en darle un hermano a Luca. Luca nunca se va a sentir solo. Est\u00e1 s\u00faper acompa\u00f1ado y son cuatro hermanos unido<\/em>s\u201d, sentenci\u00f3 Mica durante una nota con <em>Pronto<\/em>, respecto a este tema tan profundo.<\/p>\n<div class=\"mt-box \">\n<h4 class=\"mt-heading\">Mir\u00e1 Tambi\u00e9n<\/h4>\n<p><a href=\"https:\/\/www.paparazzi.com.ar\/teve\/escandalo-total-en-tn-con-el-meteorologo-matias-bertolotti-por-sus-ofensas-a-la-peregrinacion-a-la-virgen-de-lujan\/\"><\/p>\n<div class=\"mt-content\">\n<div class=\"mt-image-container\"><img decoding=\"async\" src=\"https:\/\/www.paparazzi.com.ar\/wp-content\/uploads\/2025\/10\/Bertolotti-TN-1-359x226.jpg\" alt=\"Esc\u00e1ndalo en TN con el meteor\u00f3logo Mat\u00edas Bertolotti por sus ofensas a la peregrinaci\u00f3n a la Virgen de Luj\u00e1n\" class=\"mt-image\" loading=\"lazy\" \/><\/div>\n<h5 class=\"mt-title\">Esc\u00e1ndalo en TN con el meteor\u00f3logo Mat\u00edas Bertolotti por sus ofensas a la peregrinaci\u00f3n a la Virgen de Luj\u00e1n<\/h5>\n<\/div>\n<p><\/a><\/div>\n<div class=\"mt-box \">\n<h4 class=\"mt-heading\">Mir\u00e1 Tambi\u00e9n<\/h4>\n<p><a href=\"https:\/\/www.paparazzi.com.ar\/romances\/los-explosivos-chats-intimos-que-se-filtraron-entre-una-ex-gran-hermano-y-el-chico-del-momento-queres-venir-a\/\"><\/p>\n<div class=\"mt-content\">\n<div class=\"mt-image-container\"><img decoding=\"async\" src=\"https:\/\/www.paparazzi.com.ar\/wp-content\/uploads\/2025\/10\/Zoe-1-359x226.jpg\" alt=\"Los explosivos chats \u00edntimos que se filtraron entre una ex Gran Hermano y el chico del momento: &quot;Quer\u00e9s venir a...&quot;\" class=\"mt-image\" loading=\"lazy\" \/><\/div>\n<h5 class=\"mt-title\">Los explosivos chats \u00edntimos que se filtraron entre una ex Gran Hermano y el chico del momento: \u00abQuer\u00e9s venir a&#8230;\u00bb<\/h5>\n<\/div>\n<p><\/a><\/div>\n<p>The post <a href=\"https:\/\/www.paparazzi.com.ar\/romances\/el-gran-anuncio-de-mica-viciconte-sobre-su-maternidad-a-los-36-anos-estoy\/\">El gran anuncio de Mica Viciconte sobre su maternidad a los 36 a\u00f1os: &quot;Estoy&#8230;&quot;<\/a> appeared first on <a href=\"https:\/\/www.paparazzi.com.ar\">Revista Paparazzi<\/a>.<\/p>\n","protected":false},"excerpt":{"rendered":"<p>El mundo del espect\u00e1culo viene de atravesar por una etapa compleja en el amor, y<\/p>\n","protected":false},"author":0,"featured_media":6405,"comment_status":"","ping_status":"","sticky":false,"template":"","format":"standard","meta":{"footnotes":""},"categories":[11],"tags":[],"class_list":["post-6404","post","type-post","status-publish","format-standard","has-post-thumbnail","hentry","category-destacadas"],"yoast_head":"<!-- This site is optimized with the Yoast SEO plugin v27.4 - https:\/\/yoast.com\/product\/yoast-seo-wordpress\/ -->\n<title>El gran anuncio de Mica Viciconte sobre su maternidad a los 36 a\u00f1os: &quot;Estoy...&quot; - Fm Gente<\/title>\n<meta name=\"robots\" content=\"index, follow, max-snippet:-1, max-image-preview:large, max-video-preview:-1\" \/>\n<link rel=\"canonical\" href=\"https:\/\/fmgente.com.ar\/web\/el-gran-anuncio-de-mica-viciconte-sobre-su-maternidad-a-los-36-anos-estoy\/\" \/>\n<meta property=\"og:locale\" content=\"es_ES\" \/>\n<meta property=\"og:type\" content=\"article\" \/>\n<meta property=\"og:title\" content=\"El gran anuncio de Mica Viciconte sobre su maternidad a los 36 a\u00f1os: &quot;Estoy...&quot; - Fm Gente\" \/>\n<meta property=\"og:description\" content=\"El mundo del espect\u00e1culo viene de atravesar por una etapa compleja en el amor, y\" \/>\n<meta property=\"og:url\" content=\"https:\/\/fmgente.com.ar\/web\/el-gran-anuncio-de-mica-viciconte-sobre-su-maternidad-a-los-36-anos-estoy\/\" \/>\n<meta property=\"og:site_name\" content=\"Fm Gente\" \/>\n<meta property=\"article:published_time\" content=\"2025-10-09T00:04:57+00:00\" \/>\n<meta property=\"og:image\" content=\"https:\/\/fmgente.com.ar\/web\/wp-content\/uploads\/2025\/10\/pampita-14.png-2.webp\" \/>\n\t<meta property=\"og:image:width\" content=\"800\" \/>\n\t<meta property=\"og:image:height\" content=\"475\" \/>\n\t<meta property=\"og:image:type\" content=\"image\/webp\" \/>\n<meta name=\"twitter:card\" content=\"summary_large_image\" \/>\n<meta name=\"twitter:label1\" content=\"Tiempo de lectura\" \/>\n\t<meta name=\"twitter:data1\" content=\"2 minutos\" \/>\n<script type=\"application\/ld+json\" class=\"yoast-schema-graph\">{\"@context\":\"https:\\\/\\\/schema.org\",\"@graph\":[{\"@type\":\"Article\",\"@id\":\"https:\\\/\\\/fmgente.com.ar\\\/web\\\/el-gran-anuncio-de-mica-viciconte-sobre-su-maternidad-a-los-36-anos-estoy\\\/#article\",\"isPartOf\":{\"@id\":\"https:\\\/\\\/fmgente.com.ar\\\/web\\\/el-gran-anuncio-de-mica-viciconte-sobre-su-maternidad-a-los-36-anos-estoy\\\/\"},\"author\":{\"name\":\"\",\"@id\":\"\"},\"headline\":\"El gran anuncio de Mica Viciconte sobre su maternidad a los 36 a\u00f1os: &quot;Estoy&#8230;&quot;\",\"datePublished\":\"2025-10-09T00:04:57+00:00\",\"mainEntityOfPage\":{\"@id\":\"https:\\\/\\\/fmgente.com.ar\\\/web\\\/el-gran-anuncio-de-mica-viciconte-sobre-su-maternidad-a-los-36-anos-estoy\\\/\"},\"wordCount\":469,\"publisher\":{\"@id\":\"https:\\\/\\\/fmgente.com.ar\\\/web\\\/#organization\"},\"image\":{\"@id\":\"https:\\\/\\\/fmgente.com.ar\\\/web\\\/el-gran-anuncio-de-mica-viciconte-sobre-su-maternidad-a-los-36-anos-estoy\\\/#primaryimage\"},\"thumbnailUrl\":\"https:\\\/\\\/fmgente.com.ar\\\/web\\\/wp-content\\\/uploads\\\/2025\\\/10\\\/pampita-14.png-2.webp\",\"articleSection\":[\"DESTACADAS\"],\"inLanguage\":\"es\"},{\"@type\":\"WebPage\",\"@id\":\"https:\\\/\\\/fmgente.com.ar\\\/web\\\/el-gran-anuncio-de-mica-viciconte-sobre-su-maternidad-a-los-36-anos-estoy\\\/\",\"url\":\"https:\\\/\\\/fmgente.com.ar\\\/web\\\/el-gran-anuncio-de-mica-viciconte-sobre-su-maternidad-a-los-36-anos-estoy\\\/\",\"name\":\"El gran anuncio de Mica Viciconte sobre su maternidad a los 36 a\u00f1os: &quot;Estoy...&quot; - Fm Gente\",\"isPartOf\":{\"@id\":\"https:\\\/\\\/fmgente.com.ar\\\/web\\\/#website\"},\"primaryImageOfPage\":{\"@id\":\"https:\\\/\\\/fmgente.com.ar\\\/web\\\/el-gran-anuncio-de-mica-viciconte-sobre-su-maternidad-a-los-36-anos-estoy\\\/#primaryimage\"},\"image\":{\"@id\":\"https:\\\/\\\/fmgente.com.ar\\\/web\\\/el-gran-anuncio-de-mica-viciconte-sobre-su-maternidad-a-los-36-anos-estoy\\\/#primaryimage\"},\"thumbnailUrl\":\"https:\\\/\\\/fmgente.com.ar\\\/web\\\/wp-content\\\/uploads\\\/2025\\\/10\\\/pampita-14.png-2.webp\",\"datePublished\":\"2025-10-09T00:04:57+00:00\",\"inLanguage\":\"es\",\"potentialAction\":[{\"@type\":\"ReadAction\",\"target\":[\"https:\\\/\\\/fmgente.com.ar\\\/web\\\/el-gran-anuncio-de-mica-viciconte-sobre-su-maternidad-a-los-36-anos-estoy\\\/\"]}]},{\"@type\":\"ImageObject\",\"inLanguage\":\"es\",\"@id\":\"https:\\\/\\\/fmgente.com.ar\\\/web\\\/el-gran-anuncio-de-mica-viciconte-sobre-su-maternidad-a-los-36-anos-estoy\\\/#primaryimage\",\"url\":\"https:\\\/\\\/fmgente.com.ar\\\/web\\\/wp-content\\\/uploads\\\/2025\\\/10\\\/pampita-14.png-2.webp\",\"contentUrl\":\"https:\\\/\\\/fmgente.com.ar\\\/web\\\/wp-content\\\/uploads\\\/2025\\\/10\\\/pampita-14.png-2.webp\",\"width\":800,\"height\":475},{\"@type\":\"WebSite\",\"@id\":\"https:\\\/\\\/fmgente.com.ar\\\/web\\\/#website\",\"url\":\"https:\\\/\\\/fmgente.com.ar\\\/web\\\/\",\"name\":\"Fm Gente\",\"description\":\"- Jes\u00fas Mar\u00eda\",\"publisher\":{\"@id\":\"https:\\\/\\\/fmgente.com.ar\\\/web\\\/#organization\"},\"potentialAction\":[{\"@type\":\"SearchAction\",\"target\":{\"@type\":\"EntryPoint\",\"urlTemplate\":\"https:\\\/\\\/fmgente.com.ar\\\/web\\\/?s={search_term_string}\"},\"query-input\":{\"@type\":\"PropertyValueSpecification\",\"valueRequired\":true,\"valueName\":\"search_term_string\"}}],\"inLanguage\":\"es\"},{\"@type\":\"Organization\",\"@id\":\"https:\\\/\\\/fmgente.com.ar\\\/web\\\/#organization\",\"name\":\"Fm Gente\",\"url\":\"https:\\\/\\\/fmgente.com.ar\\\/web\\\/\",\"logo\":{\"@type\":\"ImageObject\",\"inLanguage\":\"es\",\"@id\":\"https:\\\/\\\/fmgente.com.ar\\\/web\\\/#\\\/schema\\\/logo\\\/image\\\/\",\"url\":\"https:\\\/\\\/fmgente.com.ar\\\/web\\\/wp-content\\\/uploads\\\/2023\\\/07\\\/cropped-cropped-logo-sombra2.png\",\"contentUrl\":\"https:\\\/\\\/fmgente.com.ar\\\/web\\\/wp-content\\\/uploads\\\/2023\\\/07\\\/cropped-cropped-logo-sombra2.png\",\"width\":1782,\"height\":1782,\"caption\":\"Fm Gente\"},\"image\":{\"@id\":\"https:\\\/\\\/fmgente.com.ar\\\/web\\\/#\\\/schema\\\/logo\\\/image\\\/\"}}]}<\/script>\n<!-- \/ Yoast SEO plugin. -->","yoast_head_json":{"title":"El gran anuncio de Mica Viciconte sobre su maternidad a los 36 a\u00f1os: &quot;Estoy...&quot; - Fm Gente","robots":{"index":"index","follow":"follow","max-snippet":"max-snippet:-1","max-image-preview":"max-image-preview:large","max-video-preview":"max-video-preview:-1"},"canonical":"https:\/\/fmgente.com.ar\/web\/el-gran-anuncio-de-mica-viciconte-sobre-su-maternidad-a-los-36-anos-estoy\/","og_locale":"es_ES","og_type":"article","og_title":"El gran anuncio de Mica Viciconte sobre su maternidad a los 36 a\u00f1os: &quot;Estoy...&quot; - Fm Gente","og_description":"El mundo del espect\u00e1culo viene de atravesar por una etapa compleja en el amor, y","og_url":"https:\/\/fmgente.com.ar\/web\/el-gran-anuncio-de-mica-viciconte-sobre-su-maternidad-a-los-36-anos-estoy\/","og_site_name":"Fm Gente","article_published_time":"2025-10-09T00:04:57+00:00","og_image":[{"width":800,"height":475,"url":"https:\/\/fmgente.com.ar\/web\/wp-content\/uploads\/2025\/10\/pampita-14.png-2.webp","type":"image\/webp"}],"twitter_card":"summary_large_image","twitter_misc":{"Tiempo de lectura":"2 minutos"},"schema":{"@context":"https:\/\/schema.org","@graph":[{"@type":"Article","@id":"https:\/\/fmgente.com.ar\/web\/el-gran-anuncio-de-mica-viciconte-sobre-su-maternidad-a-los-36-anos-estoy\/#article","isPartOf":{"@id":"https:\/\/fmgente.com.ar\/web\/el-gran-anuncio-de-mica-viciconte-sobre-su-maternidad-a-los-36-anos-estoy\/"},"author":{"name":"","@id":""},"headline":"El gran anuncio de Mica Viciconte sobre su maternidad a los 36 a\u00f1os: &quot;Estoy&#8230;&quot;","datePublished":"2025-10-09T00:04:57+00:00","mainEntityOfPage":{"@id":"https:\/\/fmgente.com.ar\/web\/el-gran-anuncio-de-mica-viciconte-sobre-su-maternidad-a-los-36-anos-estoy\/"},"wordCount":469,"publisher":{"@id":"https:\/\/fmgente.com.ar\/web\/#organization"},"image":{"@id":"https:\/\/fmgente.com.ar\/web\/el-gran-anuncio-de-mica-viciconte-sobre-su-maternidad-a-los-36-anos-estoy\/#primaryimage"},"thumbnailUrl":"https:\/\/fmgente.com.ar\/web\/wp-content\/uploads\/2025\/10\/pampita-14.png-2.webp","articleSection":["DESTACADAS"],"inLanguage":"es"},{"@type":"WebPage","@id":"https:\/\/fmgente.com.ar\/web\/el-gran-anuncio-de-mica-viciconte-sobre-su-maternidad-a-los-36-anos-estoy\/","url":"https:\/\/fmgente.com.ar\/web\/el-gran-anuncio-de-mica-viciconte-sobre-su-maternidad-a-los-36-anos-estoy\/","name":"El gran anuncio de Mica Viciconte sobre su maternidad a los 36 a\u00f1os: &quot;Estoy...&quot; - Fm Gente","isPartOf":{"@id":"https:\/\/fmgente.com.ar\/web\/#website"},"primaryImageOfPage":{"@id":"https:\/\/fmgente.com.ar\/web\/el-gran-anuncio-de-mica-viciconte-sobre-su-maternidad-a-los-36-anos-estoy\/#primaryimage"},"image":{"@id":"https:\/\/fmgente.com.ar\/web\/el-gran-anuncio-de-mica-viciconte-sobre-su-maternidad-a-los-36-anos-estoy\/#primaryimage"},"thumbnailUrl":"https:\/\/fmgente.com.ar\/web\/wp-content\/uploads\/2025\/10\/pampita-14.png-2.webp","datePublished":"2025-10-09T00:04:57+00:00","inLanguage":"es","potentialAction":[{"@type":"ReadAction","target":["https:\/\/fmgente.com.ar\/web\/el-gran-anuncio-de-mica-viciconte-sobre-su-maternidad-a-los-36-anos-estoy\/"]}]},{"@type":"ImageObject","inLanguage":"es","@id":"https:\/\/fmgente.com.ar\/web\/el-gran-anuncio-de-mica-viciconte-sobre-su-maternidad-a-los-36-anos-estoy\/#primaryimage","url":"https:\/\/fmgente.com.ar\/web\/wp-content\/uploads\/2025\/10\/pampita-14.png-2.webp","contentUrl":"https:\/\/fmgente.com.ar\/web\/wp-content\/uploads\/2025\/10\/pampita-14.png-2.webp","width":800,"height":475},{"@type":"WebSite","@id":"https:\/\/fmgente.com.ar\/web\/#website","url":"https:\/\/fmgente.com.ar\/web\/","name":"Fm Gente","description":"- Jes\u00fas Mar\u00eda","publisher":{"@id":"https:\/\/fmgente.com.ar\/web\/#organization"},"potentialAction":[{"@type":"SearchAction","target":{"@type":"EntryPoint","urlTemplate":"https:\/\/fmgente.com.ar\/web\/?s={search_term_string}"},"query-input":{"@type":"PropertyValueSpecification","valueRequired":true,"valueName":"search_term_string"}}],"inLanguage":"es"},{"@type":"Organization","@id":"https:\/\/fmgente.com.ar\/web\/#organization","name":"Fm Gente","url":"https:\/\/fmgente.com.ar\/web\/","logo":{"@type":"ImageObject","inLanguage":"es","@id":"https:\/\/fmgente.com.ar\/web\/#\/schema\/logo\/image\/","url":"https:\/\/fmgente.com.ar\/web\/wp-content\/uploads\/2023\/07\/cropped-cropped-logo-sombra2.png","contentUrl":"https:\/\/fmgente.com.ar\/web\/wp-content\/uploads\/2023\/07\/cropped-cropped-logo-sombra2.png","width":1782,"height":1782,"caption":"Fm Gente"},"image":{"@id":"https:\/\/fmgente.com.ar\/web\/#\/schema\/logo\/image\/"}}]}},"_links":{"self":[{"href":"https:\/\/fmgente.com.ar\/web\/wp-json\/wp\/v2\/posts\/6404","targetHints":{"allow":["GET"]}}],"collection":[{"href":"https:\/\/fmgente.com.ar\/web\/wp-json\/wp\/v2\/posts"}],"about":[{"href":"https:\/\/fmgente.com.ar\/web\/wp-json\/wp\/v2\/types\/post"}],"replies":[{"embeddable":true,"href":"https:\/\/fmgente.com.ar\/web\/wp-json\/wp\/v2\/comments?post=6404"}],"version-history":[{"count":0,"href":"https:\/\/fmgente.com.ar\/web\/wp-json\/wp\/v2\/posts\/6404\/revisions"}],"wp:featuredmedia":[{"embeddable":true,"href":"https:\/\/fmgente.com.ar\/web\/wp-json\/wp\/v2\/media\/6405"}],"wp:attachment":[{"href":"https:\/\/fmgente.com.ar\/web\/wp-json\/wp\/v2\/media?parent=6404"}],"wp:term":[{"taxonomy":"category","embeddable":true,"href":"https:\/\/fmgente.com.ar\/web\/wp-json\/wp\/v2\/categories?post=6404"},{"taxonomy":"post_tag","embeddable":true,"href":"https:\/\/fmgente.com.ar\/web\/wp-json\/wp\/v2\/tags?post=6404"}],"curies":[{"name":"wp","href":"https:\/\/api.w.org\/{rel}","templated":true}]}}