{"id":6401,"date":"2025-10-08T20:06:05","date_gmt":"2025-10-08T23:06:05","guid":{"rendered":"https:\/\/fmgente.com.ar\/preocupa-la-salud-de-pablo-alarcon-a-sus-77-anos-por-que-fue-de-urgencia-a-un-hospital-en-rio-negro\/"},"modified":"2025-10-08T20:06:05","modified_gmt":"2025-10-08T23:06:05","slug":"preocupa-la-salud-de-pablo-alarcon-a-sus-77-anos-por-que-fue-de-urgencia-a-un-hospital-en-rio-negro","status":"publish","type":"post","link":"https:\/\/fmgente.com.ar\/web\/preocupa-la-salud-de-pablo-alarcon-a-sus-77-anos-por-que-fue-de-urgencia-a-un-hospital-en-rio-negro\/","title":{"rendered":"Preocupa la salud de Pablo Alarc\u00f3n a sus 77 a\u00f1os: por qu\u00e9 fue de urgencia a un hospital en R\u00edo Negro"},"content":{"rendered":"<p>La gira de <em>Es complicado<\/em> se vio interrumpida por un imprevisto que encendi\u00f3 las alarmas en el entorno de Pablo Alarc\u00f3n. El actor de 77 a\u00f1os fue atendido en la guardia de una cl\u00ednica privada de General Roca, R\u00edo Negro, luego de sufrir un cuadro de \u201cneumon\u00eda y falta de ox\u00edgeno\u201d. El episodio ocurri\u00f3 el martes 7 de octubre, mientras cumpl\u00eda con sus compromisos teatrales junto a Claribel Medina.<\/p>\n<p>La noticia se conoci\u00f3 a trav\u00e9s de <em>Puro Show<\/em> (El Trece), donde Pochi relat\u00f3 la situaci\u00f3n con preocupaci\u00f3n. \u201cImag\u00ednense lo mal que estaba \u00e9l, que acudi\u00f3 a una cl\u00ednica privada y pag\u00f3 la consulta. Las personas que lo vieron me dijeron que estaba muy deca\u00eddo y no sab\u00edan si se iba a internar justamente por una cuesti\u00f3n econ\u00f3mica, una internaci\u00f3n no es barata\u201d, explic\u00f3 la panelista al aire.<\/p>\n<p>Seg\u00fan la misma fuente, Claribel Medina acompa\u00f1\u00f3 a su ex pareja y madre de sus dos hijas durante la atenci\u00f3n m\u00e9dica. \u201cTengo entendido que no quiso quedarse internado\u201d, agreg\u00f3. Testigos aseguraron que la actriz se mostr\u00f3 muy afectuosa con todos y pendiente del bienestar del actor, que opt\u00f3 por continuar su recuperaci\u00f3n fuera del hospital.<\/p>\n<p>Horas m\u00e1s tarde, el propio Alarc\u00f3n se comunic\u00f3 con la producci\u00f3n del programa y envi\u00f3 un audio para llevar tranquilidad. \u201cTen\u00eda fiebre y catarro, me hice ver y nada m\u00e1s que eso. Estoy bien, no se preocupen. No se asusten. \u00bfQu\u00e9 va a ser de nosotros sin Alarc\u00f3n?\u201d, expres\u00f3 con humor, dejando en claro que, pese al susto, su estado no revest\u00eda gravedad.<\/p>\n<p>No fue la primera vez en el a\u00f1o que Pablo atraves\u00f3 un episodio delicado. En julio se desmay\u00f3 mientras conduc\u00eda por la zona de Palermo y choc\u00f3 contra varios autos estacionados. Tras el accidente, los m\u00e9dicos lo intervinieron quir\u00fargicamente y le colocaron un marcapasos para regular su ritmo card\u00edaco. En esa ocasi\u00f3n, Claribel hab\u00eda contado: \u201cFeliz, estoy en casa. Pablito ya hoy tuvo el marcapasos, se lo colocaron. Entre ma\u00f1ana o el viernes tiene el alta, si Dios permite. Est\u00e1 en pronta recuperaci\u00f3n\u201d.<\/p>\n<p>Meses antes, el int\u00e9rprete tambi\u00e9n hab\u00eda sido internado por una neumon\u00eda bilateral y sus hijas pidieron donantes de sangre p\u00fablicamente. Pese a todo, \u00e9l mantuvo su buen humor y su deseo de seguir trabajando. Ahora, tras este nuevo episodio en plena gira, sus allegados se mantienen atentos a su evoluci\u00f3n y conf\u00edan en que el querido actor se recupere por completo.<\/p>\n<p>The post <a href=\"https:\/\/www.paparazzi.com.ar\/teve\/preocupa-la-salud-de-pablo-alarcon-a-sus-77-anos-por-que-fue-de-urgencia-a-un-hospital-en-rio-negro\/\">Preocupa la salud de Pablo Alarc\u00f3n a sus 77 a\u00f1os: por qu\u00e9 fue de urgencia a un hospital en R\u00edo Negro<\/a> appeared first on <a href=\"https:\/\/www.paparazzi.com.ar\">Revista Paparazzi<\/a>.<\/p>\n","protected":false},"excerpt":{"rendered":"<p>La gira de Es complicado se vio interrumpida por un imprevisto que encendi\u00f3 las alarmas<\/p>\n","protected":false},"author":0,"featured_media":0,"comment_status":"","ping_status":"","sticky":false,"template":"","format":"standard","meta":{"footnotes":""},"categories":[11],"tags":[],"class_list":["post-6401","post","type-post","status-publish","format-standard","hentry","category-destacadas"],"yoast_head":"<!-- This site is optimized with the Yoast SEO plugin v27.4 - https:\/\/yoast.com\/product\/yoast-seo-wordpress\/ -->\n<title>Preocupa la salud de Pablo Alarc\u00f3n a sus 77 a\u00f1os: por qu\u00e9 fue de urgencia a un hospital en R\u00edo Negro - Fm Gente<\/title>\n<meta name=\"robots\" content=\"index, follow, max-snippet:-1, max-image-preview:large, max-video-preview:-1\" \/>\n<link rel=\"canonical\" href=\"https:\/\/fmgente.com.ar\/web\/preocupa-la-salud-de-pablo-alarcon-a-sus-77-anos-por-que-fue-de-urgencia-a-un-hospital-en-rio-negro\/\" \/>\n<meta property=\"og:locale\" content=\"es_ES\" \/>\n<meta property=\"og:type\" content=\"article\" \/>\n<meta property=\"og:title\" content=\"Preocupa la salud de Pablo Alarc\u00f3n a sus 77 a\u00f1os: por qu\u00e9 fue de urgencia a un hospital en R\u00edo Negro - Fm Gente\" \/>\n<meta property=\"og:description\" content=\"La gira de Es complicado se vio interrumpida por un imprevisto que encendi\u00f3 las alarmas\" \/>\n<meta property=\"og:url\" content=\"https:\/\/fmgente.com.ar\/web\/preocupa-la-salud-de-pablo-alarcon-a-sus-77-anos-por-que-fue-de-urgencia-a-un-hospital-en-rio-negro\/\" \/>\n<meta property=\"og:site_name\" content=\"Fm Gente\" \/>\n<meta property=\"article:published_time\" content=\"2025-10-08T23:06:05+00:00\" \/>\n<meta name=\"twitter:card\" content=\"summary_large_image\" \/>\n<meta name=\"twitter:label1\" content=\"Tiempo de lectura\" \/>\n\t<meta name=\"twitter:data1\" content=\"2 minutos\" \/>\n<script type=\"application\/ld+json\" class=\"yoast-schema-graph\">{\"@context\":\"https:\\\/\\\/schema.org\",\"@graph\":[{\"@type\":\"Article\",\"@id\":\"https:\\\/\\\/fmgente.com.ar\\\/web\\\/preocupa-la-salud-de-pablo-alarcon-a-sus-77-anos-por-que-fue-de-urgencia-a-un-hospital-en-rio-negro\\\/#article\",\"isPartOf\":{\"@id\":\"https:\\\/\\\/fmgente.com.ar\\\/web\\\/preocupa-la-salud-de-pablo-alarcon-a-sus-77-anos-por-que-fue-de-urgencia-a-un-hospital-en-rio-negro\\\/\"},\"author\":{\"name\":\"\",\"@id\":\"\"},\"headline\":\"Preocupa la salud de Pablo Alarc\u00f3n a sus 77 a\u00f1os: por qu\u00e9 fue de urgencia a un hospital en R\u00edo Negro\",\"datePublished\":\"2025-10-08T23:06:05+00:00\",\"mainEntityOfPage\":{\"@id\":\"https:\\\/\\\/fmgente.com.ar\\\/web\\\/preocupa-la-salud-de-pablo-alarcon-a-sus-77-anos-por-que-fue-de-urgencia-a-un-hospital-en-rio-negro\\\/\"},\"wordCount\":494,\"publisher\":{\"@id\":\"https:\\\/\\\/fmgente.com.ar\\\/web\\\/#organization\"},\"articleSection\":[\"DESTACADAS\"],\"inLanguage\":\"es\"},{\"@type\":\"WebPage\",\"@id\":\"https:\\\/\\\/fmgente.com.ar\\\/web\\\/preocupa-la-salud-de-pablo-alarcon-a-sus-77-anos-por-que-fue-de-urgencia-a-un-hospital-en-rio-negro\\\/\",\"url\":\"https:\\\/\\\/fmgente.com.ar\\\/web\\\/preocupa-la-salud-de-pablo-alarcon-a-sus-77-anos-por-que-fue-de-urgencia-a-un-hospital-en-rio-negro\\\/\",\"name\":\"Preocupa la salud de Pablo Alarc\u00f3n a sus 77 a\u00f1os: por qu\u00e9 fue de urgencia a un hospital en R\u00edo Negro - Fm Gente\",\"isPartOf\":{\"@id\":\"https:\\\/\\\/fmgente.com.ar\\\/web\\\/#website\"},\"datePublished\":\"2025-10-08T23:06:05+00:00\",\"inLanguage\":\"es\",\"potentialAction\":[{\"@type\":\"ReadAction\",\"target\":[\"https:\\\/\\\/fmgente.com.ar\\\/web\\\/preocupa-la-salud-de-pablo-alarcon-a-sus-77-anos-por-que-fue-de-urgencia-a-un-hospital-en-rio-negro\\\/\"]}]},{\"@type\":\"WebSite\",\"@id\":\"https:\\\/\\\/fmgente.com.ar\\\/web\\\/#website\",\"url\":\"https:\\\/\\\/fmgente.com.ar\\\/web\\\/\",\"name\":\"Fm Gente\",\"description\":\"- Jes\u00fas Mar\u00eda\",\"publisher\":{\"@id\":\"https:\\\/\\\/fmgente.com.ar\\\/web\\\/#organization\"},\"potentialAction\":[{\"@type\":\"SearchAction\",\"target\":{\"@type\":\"EntryPoint\",\"urlTemplate\":\"https:\\\/\\\/fmgente.com.ar\\\/web\\\/?s={search_term_string}\"},\"query-input\":{\"@type\":\"PropertyValueSpecification\",\"valueRequired\":true,\"valueName\":\"search_term_string\"}}],\"inLanguage\":\"es\"},{\"@type\":\"Organization\",\"@id\":\"https:\\\/\\\/fmgente.com.ar\\\/web\\\/#organization\",\"name\":\"Fm Gente\",\"url\":\"https:\\\/\\\/fmgente.com.ar\\\/web\\\/\",\"logo\":{\"@type\":\"ImageObject\",\"inLanguage\":\"es\",\"@id\":\"https:\\\/\\\/fmgente.com.ar\\\/web\\\/#\\\/schema\\\/logo\\\/image\\\/\",\"url\":\"https:\\\/\\\/fmgente.com.ar\\\/web\\\/wp-content\\\/uploads\\\/2023\\\/07\\\/cropped-cropped-logo-sombra2.png\",\"contentUrl\":\"https:\\\/\\\/fmgente.com.ar\\\/web\\\/wp-content\\\/uploads\\\/2023\\\/07\\\/cropped-cropped-logo-sombra2.png\",\"width\":1782,\"height\":1782,\"caption\":\"Fm Gente\"},\"image\":{\"@id\":\"https:\\\/\\\/fmgente.com.ar\\\/web\\\/#\\\/schema\\\/logo\\\/image\\\/\"}}]}<\/script>\n<!-- \/ Yoast SEO plugin. -->","yoast_head_json":{"title":"Preocupa la salud de Pablo Alarc\u00f3n a sus 77 a\u00f1os: por qu\u00e9 fue de urgencia a un hospital en R\u00edo Negro - Fm Gente","robots":{"index":"index","follow":"follow","max-snippet":"max-snippet:-1","max-image-preview":"max-image-preview:large","max-video-preview":"max-video-preview:-1"},"canonical":"https:\/\/fmgente.com.ar\/web\/preocupa-la-salud-de-pablo-alarcon-a-sus-77-anos-por-que-fue-de-urgencia-a-un-hospital-en-rio-negro\/","og_locale":"es_ES","og_type":"article","og_title":"Preocupa la salud de Pablo Alarc\u00f3n a sus 77 a\u00f1os: por qu\u00e9 fue de urgencia a un hospital en R\u00edo Negro - Fm Gente","og_description":"La gira de Es complicado se vio interrumpida por un imprevisto que encendi\u00f3 las alarmas","og_url":"https:\/\/fmgente.com.ar\/web\/preocupa-la-salud-de-pablo-alarcon-a-sus-77-anos-por-que-fue-de-urgencia-a-un-hospital-en-rio-negro\/","og_site_name":"Fm Gente","article_published_time":"2025-10-08T23:06:05+00:00","twitter_card":"summary_large_image","twitter_misc":{"Tiempo de lectura":"2 minutos"},"schema":{"@context":"https:\/\/schema.org","@graph":[{"@type":"Article","@id":"https:\/\/fmgente.com.ar\/web\/preocupa-la-salud-de-pablo-alarcon-a-sus-77-anos-por-que-fue-de-urgencia-a-un-hospital-en-rio-negro\/#article","isPartOf":{"@id":"https:\/\/fmgente.com.ar\/web\/preocupa-la-salud-de-pablo-alarcon-a-sus-77-anos-por-que-fue-de-urgencia-a-un-hospital-en-rio-negro\/"},"author":{"name":"","@id":""},"headline":"Preocupa la salud de Pablo Alarc\u00f3n a sus 77 a\u00f1os: por qu\u00e9 fue de urgencia a un hospital en R\u00edo Negro","datePublished":"2025-10-08T23:06:05+00:00","mainEntityOfPage":{"@id":"https:\/\/fmgente.com.ar\/web\/preocupa-la-salud-de-pablo-alarcon-a-sus-77-anos-por-que-fue-de-urgencia-a-un-hospital-en-rio-negro\/"},"wordCount":494,"publisher":{"@id":"https:\/\/fmgente.com.ar\/web\/#organization"},"articleSection":["DESTACADAS"],"inLanguage":"es"},{"@type":"WebPage","@id":"https:\/\/fmgente.com.ar\/web\/preocupa-la-salud-de-pablo-alarcon-a-sus-77-anos-por-que-fue-de-urgencia-a-un-hospital-en-rio-negro\/","url":"https:\/\/fmgente.com.ar\/web\/preocupa-la-salud-de-pablo-alarcon-a-sus-77-anos-por-que-fue-de-urgencia-a-un-hospital-en-rio-negro\/","name":"Preocupa la salud de Pablo Alarc\u00f3n a sus 77 a\u00f1os: por qu\u00e9 fue de urgencia a un hospital en R\u00edo Negro - Fm Gente","isPartOf":{"@id":"https:\/\/fmgente.com.ar\/web\/#website"},"datePublished":"2025-10-08T23:06:05+00:00","inLanguage":"es","potentialAction":[{"@type":"ReadAction","target":["https:\/\/fmgente.com.ar\/web\/preocupa-la-salud-de-pablo-alarcon-a-sus-77-anos-por-que-fue-de-urgencia-a-un-hospital-en-rio-negro\/"]}]},{"@type":"WebSite","@id":"https:\/\/fmgente.com.ar\/web\/#website","url":"https:\/\/fmgente.com.ar\/web\/","name":"Fm Gente","description":"- Jes\u00fas Mar\u00eda","publisher":{"@id":"https:\/\/fmgente.com.ar\/web\/#organization"},"potentialAction":[{"@type":"SearchAction","target":{"@type":"EntryPoint","urlTemplate":"https:\/\/fmgente.com.ar\/web\/?s={search_term_string}"},"query-input":{"@type":"PropertyValueSpecification","valueRequired":true,"valueName":"search_term_string"}}],"inLanguage":"es"},{"@type":"Organization","@id":"https:\/\/fmgente.com.ar\/web\/#organization","name":"Fm Gente","url":"https:\/\/fmgente.com.ar\/web\/","logo":{"@type":"ImageObject","inLanguage":"es","@id":"https:\/\/fmgente.com.ar\/web\/#\/schema\/logo\/image\/","url":"https:\/\/fmgente.com.ar\/web\/wp-content\/uploads\/2023\/07\/cropped-cropped-logo-sombra2.png","contentUrl":"https:\/\/fmgente.com.ar\/web\/wp-content\/uploads\/2023\/07\/cropped-cropped-logo-sombra2.png","width":1782,"height":1782,"caption":"Fm Gente"},"image":{"@id":"https:\/\/fmgente.com.ar\/web\/#\/schema\/logo\/image\/"}}]}},"_links":{"self":[{"href":"https:\/\/fmgente.com.ar\/web\/wp-json\/wp\/v2\/posts\/6401","targetHints":{"allow":["GET"]}}],"collection":[{"href":"https:\/\/fmgente.com.ar\/web\/wp-json\/wp\/v2\/posts"}],"about":[{"href":"https:\/\/fmgente.com.ar\/web\/wp-json\/wp\/v2\/types\/post"}],"replies":[{"embeddable":true,"href":"https:\/\/fmgente.com.ar\/web\/wp-json\/wp\/v2\/comments?post=6401"}],"version-history":[{"count":0,"href":"https:\/\/fmgente.com.ar\/web\/wp-json\/wp\/v2\/posts\/6401\/revisions"}],"wp:attachment":[{"href":"https:\/\/fmgente.com.ar\/web\/wp-json\/wp\/v2\/media?parent=6401"}],"wp:term":[{"taxonomy":"category","embeddable":true,"href":"https:\/\/fmgente.com.ar\/web\/wp-json\/wp\/v2\/categories?post=6401"},{"taxonomy":"post_tag","embeddable":true,"href":"https:\/\/fmgente.com.ar\/web\/wp-json\/wp\/v2\/tags?post=6401"}],"curies":[{"name":"wp","href":"https:\/\/api.w.org\/{rel}","templated":true}]}}