{"id":6400,"date":"2025-10-08T20:06:04","date_gmt":"2025-10-08T23:06:04","guid":{"rendered":"https:\/\/fmgente.com.ar\/se-pudrio-todo-la-desconocida-guerra-de-juana-viale-con-su-hermano-nacho\/"},"modified":"2025-10-08T20:06:04","modified_gmt":"2025-10-08T23:06:04","slug":"se-pudrio-todo-la-desconocida-guerra-de-juana-viale-con-su-hermano-nacho","status":"publish","type":"post","link":"https:\/\/fmgente.com.ar\/web\/se-pudrio-todo-la-desconocida-guerra-de-juana-viale-con-su-hermano-nacho\/","title":{"rendered":"\u00a1Se pudri\u00f3 todo! La desconocida guerra de Juana Viale con su hermano Nacho"},"content":{"rendered":"<p>Nadie lo avizoraba en su radar, por eso caus\u00f3 tama\u00f1a sorpresa. Se acaba de iluminar un enfrentamiento familiar desconocido, que activ\u00f3 todas las alarmas entre Juana Viale y su hermano Nacho, que se vincula con el plano laboral y discrepancias espinosas.<\/p>\n<p>Resulta que en A la tarde entrevistaron a Adri\u00e1n Suar para confirmar si Mirtha Legrand continuar\u00e1 al aire en 2026, una inc\u00f3gnita habitual de cada a\u00f1o, a ra\u00edz de las dificultades para encontrar acuerdos en las negociaciones entre la productora y el canal.<\/p>\n<p>El directivo de eltrece confirm\u00f3 que la diva proseguir\u00e1 en pantalla, aunque aclar\u00f3 que suelen tornarse complejas las charlas con Nacho, y todo su equipo. Asimismo, Adri\u00e1n desliz\u00f3 que la posibilidad de realizar el ciclo en Mar del Plata, durante el verano, luce poco probable.<\/p>\n<p>En ese inter\u00edn, Santiago Sposato salt\u00f3, en el estudio, con una informaci\u00f3n bomba. \u201c\u00bfQu\u00e9 pasa con Juanita? No es un buen momento entre Juana y su hermano Nacho\u201d, exclam\u00f3 el panelista, que se mud\u00f3 de El Diario de Mariana al ciclo de Karina Mazzocco.&nbsp;<\/p>\n<p>As\u00ed, el periodista narr\u00f3 el origen de esta pelea de los nietos de Mirtha. \u201cHace un mes, Juana Viale se cort\u00f3 sola de Nacho y empez\u00f3 a hacer un programa similar, a lo que hace en televisi\u00f3n, en un streaming\u201d, describi\u00f3 en base a sus averiguaciones exclusivas.<\/p>\n<p>Hasta que Sposato ingres\u00f3 en el punto crucial, en el eje de todo este conflicto y asever\u00f3:&nbsp; \u201cNo la produce Nacho, sino que la produce un ex novio de ella\u201d. Ante el asombro, Daniel Ambrosino le pregunt\u00f3: \u201c\u00bfJuana es representada por Nacho exclusivamente?\u201d. De esta manera, Santiago opin\u00f3: \u201cEn este caso se cort\u00f3 sola\u201d.<\/p>\n<p>The post <a href=\"https:\/\/www.paparazzi.com.ar\/teve\/se-pudrio-todo-la-desconocida-guerra-de-juana-viale-con-su-hermano-nacho\/\">\u00a1Se pudri\u00f3 todo! La desconocida guerra de Juana Viale con su hermano Nacho<\/a> appeared first on <a href=\"https:\/\/www.paparazzi.com.ar\">Revista Paparazzi<\/a>.<\/p>\n","protected":false},"excerpt":{"rendered":"<p>Nadie lo avizoraba en su radar, por eso caus\u00f3 tama\u00f1a sorpresa. Se acaba de iluminar<\/p>\n","protected":false},"author":0,"featured_media":0,"comment_status":"","ping_status":"","sticky":false,"template":"","format":"standard","meta":{"footnotes":""},"categories":[11],"tags":[],"class_list":["post-6400","post","type-post","status-publish","format-standard","hentry","category-destacadas"],"yoast_head":"<!-- This site is optimized with the Yoast SEO plugin v27.4 - https:\/\/yoast.com\/product\/yoast-seo-wordpress\/ -->\n<title>\u00a1Se pudri\u00f3 todo! La desconocida guerra de Juana Viale con su hermano Nacho - Fm Gente<\/title>\n<meta name=\"robots\" content=\"index, follow, max-snippet:-1, max-image-preview:large, max-video-preview:-1\" \/>\n<link rel=\"canonical\" href=\"https:\/\/fmgente.com.ar\/web\/se-pudrio-todo-la-desconocida-guerra-de-juana-viale-con-su-hermano-nacho\/\" \/>\n<meta property=\"og:locale\" content=\"es_ES\" \/>\n<meta property=\"og:type\" content=\"article\" \/>\n<meta property=\"og:title\" content=\"\u00a1Se pudri\u00f3 todo! La desconocida guerra de Juana Viale con su hermano Nacho - Fm Gente\" \/>\n<meta property=\"og:description\" content=\"Nadie lo avizoraba en su radar, por eso caus\u00f3 tama\u00f1a sorpresa. Se acaba de iluminar\" \/>\n<meta property=\"og:url\" content=\"https:\/\/fmgente.com.ar\/web\/se-pudrio-todo-la-desconocida-guerra-de-juana-viale-con-su-hermano-nacho\/\" \/>\n<meta property=\"og:site_name\" content=\"Fm Gente\" \/>\n<meta property=\"article:published_time\" content=\"2025-10-08T23:06:04+00:00\" \/>\n<meta name=\"twitter:card\" content=\"summary_large_image\" \/>\n<meta name=\"twitter:label1\" content=\"Tiempo de lectura\" \/>\n\t<meta name=\"twitter:data1\" content=\"2 minutos\" \/>\n<script type=\"application\/ld+json\" class=\"yoast-schema-graph\">{\"@context\":\"https:\\\/\\\/schema.org\",\"@graph\":[{\"@type\":\"Article\",\"@id\":\"https:\\\/\\\/fmgente.com.ar\\\/web\\\/se-pudrio-todo-la-desconocida-guerra-de-juana-viale-con-su-hermano-nacho\\\/#article\",\"isPartOf\":{\"@id\":\"https:\\\/\\\/fmgente.com.ar\\\/web\\\/se-pudrio-todo-la-desconocida-guerra-de-juana-viale-con-su-hermano-nacho\\\/\"},\"author\":{\"name\":\"\",\"@id\":\"\"},\"headline\":\"\u00a1Se pudri\u00f3 todo! La desconocida guerra de Juana Viale con su hermano Nacho\",\"datePublished\":\"2025-10-08T23:06:04+00:00\",\"mainEntityOfPage\":{\"@id\":\"https:\\\/\\\/fmgente.com.ar\\\/web\\\/se-pudrio-todo-la-desconocida-guerra-de-juana-viale-con-su-hermano-nacho\\\/\"},\"wordCount\":317,\"publisher\":{\"@id\":\"https:\\\/\\\/fmgente.com.ar\\\/web\\\/#organization\"},\"articleSection\":[\"DESTACADAS\"],\"inLanguage\":\"es\"},{\"@type\":\"WebPage\",\"@id\":\"https:\\\/\\\/fmgente.com.ar\\\/web\\\/se-pudrio-todo-la-desconocida-guerra-de-juana-viale-con-su-hermano-nacho\\\/\",\"url\":\"https:\\\/\\\/fmgente.com.ar\\\/web\\\/se-pudrio-todo-la-desconocida-guerra-de-juana-viale-con-su-hermano-nacho\\\/\",\"name\":\"\u00a1Se pudri\u00f3 todo! La desconocida guerra de Juana Viale con su hermano Nacho - Fm Gente\",\"isPartOf\":{\"@id\":\"https:\\\/\\\/fmgente.com.ar\\\/web\\\/#website\"},\"datePublished\":\"2025-10-08T23:06:04+00:00\",\"inLanguage\":\"es\",\"potentialAction\":[{\"@type\":\"ReadAction\",\"target\":[\"https:\\\/\\\/fmgente.com.ar\\\/web\\\/se-pudrio-todo-la-desconocida-guerra-de-juana-viale-con-su-hermano-nacho\\\/\"]}]},{\"@type\":\"WebSite\",\"@id\":\"https:\\\/\\\/fmgente.com.ar\\\/web\\\/#website\",\"url\":\"https:\\\/\\\/fmgente.com.ar\\\/web\\\/\",\"name\":\"Fm Gente\",\"description\":\"- Jes\u00fas Mar\u00eda\",\"publisher\":{\"@id\":\"https:\\\/\\\/fmgente.com.ar\\\/web\\\/#organization\"},\"potentialAction\":[{\"@type\":\"SearchAction\",\"target\":{\"@type\":\"EntryPoint\",\"urlTemplate\":\"https:\\\/\\\/fmgente.com.ar\\\/web\\\/?s={search_term_string}\"},\"query-input\":{\"@type\":\"PropertyValueSpecification\",\"valueRequired\":true,\"valueName\":\"search_term_string\"}}],\"inLanguage\":\"es\"},{\"@type\":\"Organization\",\"@id\":\"https:\\\/\\\/fmgente.com.ar\\\/web\\\/#organization\",\"name\":\"Fm Gente\",\"url\":\"https:\\\/\\\/fmgente.com.ar\\\/web\\\/\",\"logo\":{\"@type\":\"ImageObject\",\"inLanguage\":\"es\",\"@id\":\"https:\\\/\\\/fmgente.com.ar\\\/web\\\/#\\\/schema\\\/logo\\\/image\\\/\",\"url\":\"https:\\\/\\\/fmgente.com.ar\\\/web\\\/wp-content\\\/uploads\\\/2023\\\/07\\\/cropped-cropped-logo-sombra2.png\",\"contentUrl\":\"https:\\\/\\\/fmgente.com.ar\\\/web\\\/wp-content\\\/uploads\\\/2023\\\/07\\\/cropped-cropped-logo-sombra2.png\",\"width\":1782,\"height\":1782,\"caption\":\"Fm Gente\"},\"image\":{\"@id\":\"https:\\\/\\\/fmgente.com.ar\\\/web\\\/#\\\/schema\\\/logo\\\/image\\\/\"}}]}<\/script>\n<!-- \/ Yoast SEO plugin. -->","yoast_head_json":{"title":"\u00a1Se pudri\u00f3 todo! La desconocida guerra de Juana Viale con su hermano Nacho - Fm Gente","robots":{"index":"index","follow":"follow","max-snippet":"max-snippet:-1","max-image-preview":"max-image-preview:large","max-video-preview":"max-video-preview:-1"},"canonical":"https:\/\/fmgente.com.ar\/web\/se-pudrio-todo-la-desconocida-guerra-de-juana-viale-con-su-hermano-nacho\/","og_locale":"es_ES","og_type":"article","og_title":"\u00a1Se pudri\u00f3 todo! La desconocida guerra de Juana Viale con su hermano Nacho - Fm Gente","og_description":"Nadie lo avizoraba en su radar, por eso caus\u00f3 tama\u00f1a sorpresa. Se acaba de iluminar","og_url":"https:\/\/fmgente.com.ar\/web\/se-pudrio-todo-la-desconocida-guerra-de-juana-viale-con-su-hermano-nacho\/","og_site_name":"Fm Gente","article_published_time":"2025-10-08T23:06:04+00:00","twitter_card":"summary_large_image","twitter_misc":{"Tiempo de lectura":"2 minutos"},"schema":{"@context":"https:\/\/schema.org","@graph":[{"@type":"Article","@id":"https:\/\/fmgente.com.ar\/web\/se-pudrio-todo-la-desconocida-guerra-de-juana-viale-con-su-hermano-nacho\/#article","isPartOf":{"@id":"https:\/\/fmgente.com.ar\/web\/se-pudrio-todo-la-desconocida-guerra-de-juana-viale-con-su-hermano-nacho\/"},"author":{"name":"","@id":""},"headline":"\u00a1Se pudri\u00f3 todo! La desconocida guerra de Juana Viale con su hermano Nacho","datePublished":"2025-10-08T23:06:04+00:00","mainEntityOfPage":{"@id":"https:\/\/fmgente.com.ar\/web\/se-pudrio-todo-la-desconocida-guerra-de-juana-viale-con-su-hermano-nacho\/"},"wordCount":317,"publisher":{"@id":"https:\/\/fmgente.com.ar\/web\/#organization"},"articleSection":["DESTACADAS"],"inLanguage":"es"},{"@type":"WebPage","@id":"https:\/\/fmgente.com.ar\/web\/se-pudrio-todo-la-desconocida-guerra-de-juana-viale-con-su-hermano-nacho\/","url":"https:\/\/fmgente.com.ar\/web\/se-pudrio-todo-la-desconocida-guerra-de-juana-viale-con-su-hermano-nacho\/","name":"\u00a1Se pudri\u00f3 todo! La desconocida guerra de Juana Viale con su hermano Nacho - Fm Gente","isPartOf":{"@id":"https:\/\/fmgente.com.ar\/web\/#website"},"datePublished":"2025-10-08T23:06:04+00:00","inLanguage":"es","potentialAction":[{"@type":"ReadAction","target":["https:\/\/fmgente.com.ar\/web\/se-pudrio-todo-la-desconocida-guerra-de-juana-viale-con-su-hermano-nacho\/"]}]},{"@type":"WebSite","@id":"https:\/\/fmgente.com.ar\/web\/#website","url":"https:\/\/fmgente.com.ar\/web\/","name":"Fm Gente","description":"- Jes\u00fas Mar\u00eda","publisher":{"@id":"https:\/\/fmgente.com.ar\/web\/#organization"},"potentialAction":[{"@type":"SearchAction","target":{"@type":"EntryPoint","urlTemplate":"https:\/\/fmgente.com.ar\/web\/?s={search_term_string}"},"query-input":{"@type":"PropertyValueSpecification","valueRequired":true,"valueName":"search_term_string"}}],"inLanguage":"es"},{"@type":"Organization","@id":"https:\/\/fmgente.com.ar\/web\/#organization","name":"Fm Gente","url":"https:\/\/fmgente.com.ar\/web\/","logo":{"@type":"ImageObject","inLanguage":"es","@id":"https:\/\/fmgente.com.ar\/web\/#\/schema\/logo\/image\/","url":"https:\/\/fmgente.com.ar\/web\/wp-content\/uploads\/2023\/07\/cropped-cropped-logo-sombra2.png","contentUrl":"https:\/\/fmgente.com.ar\/web\/wp-content\/uploads\/2023\/07\/cropped-cropped-logo-sombra2.png","width":1782,"height":1782,"caption":"Fm Gente"},"image":{"@id":"https:\/\/fmgente.com.ar\/web\/#\/schema\/logo\/image\/"}}]}},"_links":{"self":[{"href":"https:\/\/fmgente.com.ar\/web\/wp-json\/wp\/v2\/posts\/6400","targetHints":{"allow":["GET"]}}],"collection":[{"href":"https:\/\/fmgente.com.ar\/web\/wp-json\/wp\/v2\/posts"}],"about":[{"href":"https:\/\/fmgente.com.ar\/web\/wp-json\/wp\/v2\/types\/post"}],"replies":[{"embeddable":true,"href":"https:\/\/fmgente.com.ar\/web\/wp-json\/wp\/v2\/comments?post=6400"}],"version-history":[{"count":0,"href":"https:\/\/fmgente.com.ar\/web\/wp-json\/wp\/v2\/posts\/6400\/revisions"}],"wp:attachment":[{"href":"https:\/\/fmgente.com.ar\/web\/wp-json\/wp\/v2\/media?parent=6400"}],"wp:term":[{"taxonomy":"category","embeddable":true,"href":"https:\/\/fmgente.com.ar\/web\/wp-json\/wp\/v2\/categories?post=6400"},{"taxonomy":"post_tag","embeddable":true,"href":"https:\/\/fmgente.com.ar\/web\/wp-json\/wp\/v2\/tags?post=6400"}],"curies":[{"name":"wp","href":"https:\/\/api.w.org\/{rel}","templated":true}]}}