{"id":6398,"date":"2025-10-08T20:06:04","date_gmt":"2025-10-08T23:06:04","guid":{"rendered":"https:\/\/fmgente.com.ar\/bomba-quien-es-el-famoso-conductor-que-quiere-postularse-para-presidente-y-competir-contra-milei\/"},"modified":"2025-10-08T20:06:04","modified_gmt":"2025-10-08T23:06:04","slug":"bomba-quien-es-el-famoso-conductor-que-quiere-postularse-para-presidente-y-competir-contra-milei","status":"publish","type":"post","link":"https:\/\/fmgente.com.ar\/web\/bomba-quien-es-el-famoso-conductor-que-quiere-postularse-para-presidente-y-competir-contra-milei\/","title":{"rendered":"\u00a1Bomba! Qui\u00e9n es el famoso conductor que quiere postularse para presidente y competir contra Milei"},"content":{"rendered":"<p><strong><a href=\"https:\/\/www.paparazzi.com.ar\/?s=Dante+Gebel\">Dante Gebel<\/a><\/strong> volvi\u00f3 a sorprender con sus declaraciones. En su paso por el programa <em>Otro d\u00eda perdido<\/em> (El Trece), el reconocido conductor y pastor habl\u00f3 de su trabajo solidario con la fundaci\u00f3n <strong>River Arena<\/strong> y, en medio de la charla con <strong><a href=\"https:\/\/www.paparazzi.com.ar\/?s=Mario+Pergolini\">Mario Pergolini<\/a><\/strong>, dej\u00f3 una frase que encendi\u00f3 las alarmas: <em>\u201cSi uno no hace, siguen los ineptos\u201d<\/em>.<\/p>\n<p>El comentario surgi\u00f3 cuando Pergolini lo desafi\u00f3 directamente: <em>\u201c\u00bfNo pensaste en ser presidente?\u201d.<\/em> Lejos de evadir la pregunta, Gebel se mostr\u00f3 reflexivo y no descart\u00f3 dar ese paso en un futuro: <em>\u201cSi me lo hubieses preguntado hace dos a\u00f1os, te dec\u00eda que no\u00bb.<\/em><\/p>\n<p>Y sigui\u00f3 sin filtros:<em> \u00abPero despu\u00e9s pens\u00e1s\u2026 si los que nos creemos medianamente honestos no hacemos nada, la pol\u00edtica va a seguir en manos de corruptos\u201d<\/em>. Gebel se encuentra actualmente radicado en Estados Unidos, desde donde lidera su fundaci\u00f3n, que \u2014seg\u00fan revel\u00f3\u2014 ya envi\u00f3 47 millones de d\u00f3lares en ayuda desde la pandemia. <\/p>\n<div class=\"mt-box \">\n<h4 class=\"mt-heading\">Mir\u00e1 Tambi\u00e9n<\/h4>\n<p><a href=\"https:\/\/www.paparazzi.com.ar\/videos\/exclusivo-daniela-celis-confirmo-el-ultimo-paso-para-que-thiago-medina-reciba-el-alta\/\"><\/p>\n<div class=\"mt-content\">\n<div class=\"mt-image-container\"><img decoding=\"async\" src=\"https:\/\/www.paparazzi.com.ar\/wp-content\/uploads\/2025\/10\/Thiago-Medina-Daniela-359x226.jpg\" alt=\"\u00a1Exclusivo! Daniela Celis confirm\u00f3 el \u00faltimo paso para que Thiago Medina reciba el alta\" class=\"mt-image\" loading=\"lazy\" \/><\/div>\n<h5 class=\"mt-title\">\u00a1Exclusivo! Daniela Celis confirm\u00f3 el \u00faltimo paso para que Thiago Medina reciba el alta<\/h5>\n<\/div>\n<p><\/a><\/div>\n<p><em>\u201cMir\u00e1 la necesidad que hay y lo que se puede hacer. Y no somos el Estado, somos una entidad privada. Imaginate lo que se podr\u00eda lograr con un poco de ganas\u201d,<\/em> subray\u00f3. A lo largo de la entrevista, el conductor habl\u00f3 tambi\u00e9n sobre su recorrido por el pa\u00eds y su mirada sobre la realidad argentina.<\/p>\n<h2 class=\"wp-block-heading\">LAS CONTUNDENTES PALABRAS DE DANTE GEBEL:<\/h2>\n<blockquote class=\"wp-block-quote is-layout-flow wp-block-quote-is-layout-flow\">\n<p><em>\u201cCuando uno va al Norte, al Sur, al Litoral, te das cuenta de que son pa\u00edses distintos, con su propia cultura y una gente muy trabajadora. Hay una necesidad a flor de piel, que est\u00e1 m\u00e1s all\u00e1 de la pol\u00edtica o de lo que muestran los medios\u201d<\/em> dijo.<\/p>\n<\/blockquote>\n<p>Con ese diagn\u00f3stico, Gebel reconoci\u00f3 que no descarta involucrarse activamente: \u201c<em>Hay pol\u00edticos honestos, pero hay que levantarse y hacer algo, no quedarse mirando. Si en el futuro se abre la posibilidad, es un riesgo, pero si uno no hace, siguen los ineptos\u201d.<\/em><\/p>\n<div class=\"mt-box \">\n<h4 class=\"mt-heading\">Mir\u00e1 Tambi\u00e9n<\/h4>\n<p><a href=\"https:\/\/www.paparazzi.com.ar\/teve\/a-sus-61-anos-mario-pergolini-saco-a-la-luz-su-profunda-lucha-contra-la-depresion-pense-en\/\"><\/p>\n<div class=\"mt-content\">\n<div class=\"mt-image-container\"><img decoding=\"async\" src=\"https:\/\/www.paparazzi.com.ar\/wp-content\/uploads\/2025\/10\/A-sus-61-anos-Mario-Pergolini-saco-a-la-luz-su-profunda-lucha-contra-la-depresion-Pense-en-359x226.jpg\" alt=\"A sus 61 a\u00f1os, Mario Pergolini sac\u00f3 a la luz su profunda lucha contra la depresi\u00f3n: &quot;Pens\u00e9 en...&quot;\" class=\"mt-image\" loading=\"lazy\" \/><\/div>\n<h5 class=\"mt-title\">A sus 61 a\u00f1os, Mario Pergolini sac\u00f3 a la luz su profunda lucha contra la depresi\u00f3n: \u00abPens\u00e9 en&#8230;\u00bb<\/h5>\n<\/div>\n<p><\/a><\/div>\n<p>La frase no pas\u00f3 desapercibida entre sus seguidores, que r\u00e1pidamente comenzaron a fantasear con una eventual candidatura presidencial de Dante Gebel. Mientras tanto, el conductor prepara su regreso a la televisi\u00f3n con una nueva temporada de <em>La Noche Divina de Dante<\/em>, que estrenar\u00e1 el s\u00e1bado 11 de octubre a las 23:15 por El Trece.<\/p>\n<p>El programa \u2014producido por <strong>Mario Pergolini<\/strong>\u2014 contar\u00e1 con trece emisiones, entrevistas exclusivas y sketches. La primera invitada confirmada ser\u00e1 nada menos que <strong>Wanda Nara<\/strong>, quien viaj\u00f3 especialmente a Los \u00c1ngeles para grabar el debut y aprovech\u00f3 para recorrer Hollywood junto a Gebel.<\/p>\n<div class=\"mt-box \">\n<h4 class=\"mt-heading\">Mir\u00e1 Tambi\u00e9n<\/h4>\n<p><a href=\"https:\/\/www.paparazzi.com.ar\/teve\/marcelo-tinelli-mario-pergolini-mano-a-mano-teatro-colon\/\"><\/p>\n<div class=\"mt-content\">\n<div class=\"mt-image-container\"><img decoding=\"async\" src=\"https:\/\/www.paparazzi.com.ar\/wp-content\/uploads\/2025\/09\/mario-pergolini-marcelo-tinelli.jpg.webp\" alt=\"\u00a1Alta tensi\u00f3n! Marcelo Tinelli y Mario Pergolini se cruzaron en el Teatro Col\u00f3n y se dijeron de todo\" class=\"mt-image\" loading=\"lazy\" \/><\/div>\n<h5 class=\"mt-title\">\u00a1Alta tensi\u00f3n! Marcelo Tinelli y Mario Pergolini se cruzaron en el Teatro Col\u00f3n y se dijeron de todo<\/h5>\n<\/div>\n<p><\/a><\/div>\n<p>The post <a href=\"https:\/\/www.paparazzi.com.ar\/teve\/bomba-quien-es-el-famoso-conductor-que-quiere-postularse-para-presidente-y-competir-contra-milei\/\">\u00a1Bomba! Qui\u00e9n es el famoso conductor que quiere postularse para presidente y competir contra Milei<\/a> appeared first on <a href=\"https:\/\/www.paparazzi.com.ar\">Revista Paparazzi<\/a>.<\/p>\n","protected":false},"excerpt":{"rendered":"<p>Dante Gebel volvi\u00f3 a sorprender con sus declaraciones. En su paso por el programa Otro<\/p>\n","protected":false},"author":0,"featured_media":6399,"comment_status":"","ping_status":"","sticky":false,"template":"","format":"standard","meta":{"footnotes":""},"categories":[11],"tags":[],"class_list":["post-6398","post","type-post","status-publish","format-standard","has-post-thumbnail","hentry","category-destacadas"],"yoast_head":"<!-- This site is optimized with the Yoast SEO plugin v27.4 - https:\/\/yoast.com\/product\/yoast-seo-wordpress\/ -->\n<title>\u00a1Bomba! Qui\u00e9n es el famoso conductor que quiere postularse para presidente y competir contra Milei - Fm Gente<\/title>\n<meta name=\"robots\" content=\"index, follow, max-snippet:-1, max-image-preview:large, max-video-preview:-1\" \/>\n<link rel=\"canonical\" href=\"https:\/\/fmgente.com.ar\/web\/bomba-quien-es-el-famoso-conductor-que-quiere-postularse-para-presidente-y-competir-contra-milei\/\" \/>\n<meta property=\"og:locale\" content=\"es_ES\" \/>\n<meta property=\"og:type\" content=\"article\" \/>\n<meta property=\"og:title\" content=\"\u00a1Bomba! Qui\u00e9n es el famoso conductor que quiere postularse para presidente y competir contra Milei - Fm Gente\" \/>\n<meta property=\"og:description\" content=\"Dante Gebel volvi\u00f3 a sorprender con sus declaraciones. En su paso por el programa Otro\" \/>\n<meta property=\"og:url\" content=\"https:\/\/fmgente.com.ar\/web\/bomba-quien-es-el-famoso-conductor-que-quiere-postularse-para-presidente-y-competir-contra-milei\/\" \/>\n<meta property=\"og:site_name\" content=\"Fm Gente\" \/>\n<meta property=\"article:published_time\" content=\"2025-10-08T23:06:04+00:00\" \/>\n<meta property=\"og:image\" content=\"https:\/\/fmgente.com.ar\/web\/wp-content\/uploads\/2025\/10\/Thiago-Medina-Daniela-359x226-16.jpg\" \/>\n\t<meta property=\"og:image:width\" content=\"359\" \/>\n\t<meta property=\"og:image:height\" content=\"226\" \/>\n\t<meta property=\"og:image:type\" content=\"image\/jpeg\" \/>\n<meta name=\"twitter:card\" content=\"summary_large_image\" \/>\n<meta name=\"twitter:label1\" content=\"Tiempo de lectura\" \/>\n\t<meta name=\"twitter:data1\" content=\"3 minutos\" \/>\n<script type=\"application\/ld+json\" class=\"yoast-schema-graph\">{\"@context\":\"https:\\\/\\\/schema.org\",\"@graph\":[{\"@type\":\"Article\",\"@id\":\"https:\\\/\\\/fmgente.com.ar\\\/web\\\/bomba-quien-es-el-famoso-conductor-que-quiere-postularse-para-presidente-y-competir-contra-milei\\\/#article\",\"isPartOf\":{\"@id\":\"https:\\\/\\\/fmgente.com.ar\\\/web\\\/bomba-quien-es-el-famoso-conductor-que-quiere-postularse-para-presidente-y-competir-contra-milei\\\/\"},\"author\":{\"name\":\"\",\"@id\":\"\"},\"headline\":\"\u00a1Bomba! Qui\u00e9n es el famoso conductor que quiere postularse para presidente y competir contra Milei\",\"datePublished\":\"2025-10-08T23:06:04+00:00\",\"mainEntityOfPage\":{\"@id\":\"https:\\\/\\\/fmgente.com.ar\\\/web\\\/bomba-quien-es-el-famoso-conductor-que-quiere-postularse-para-presidente-y-competir-contra-milei\\\/\"},\"wordCount\":519,\"publisher\":{\"@id\":\"https:\\\/\\\/fmgente.com.ar\\\/web\\\/#organization\"},\"image\":{\"@id\":\"https:\\\/\\\/fmgente.com.ar\\\/web\\\/bomba-quien-es-el-famoso-conductor-que-quiere-postularse-para-presidente-y-competir-contra-milei\\\/#primaryimage\"},\"thumbnailUrl\":\"https:\\\/\\\/fmgente.com.ar\\\/web\\\/wp-content\\\/uploads\\\/2025\\\/10\\\/Thiago-Medina-Daniela-359x226-16.jpg\",\"articleSection\":[\"DESTACADAS\"],\"inLanguage\":\"es\"},{\"@type\":\"WebPage\",\"@id\":\"https:\\\/\\\/fmgente.com.ar\\\/web\\\/bomba-quien-es-el-famoso-conductor-que-quiere-postularse-para-presidente-y-competir-contra-milei\\\/\",\"url\":\"https:\\\/\\\/fmgente.com.ar\\\/web\\\/bomba-quien-es-el-famoso-conductor-que-quiere-postularse-para-presidente-y-competir-contra-milei\\\/\",\"name\":\"\u00a1Bomba! Qui\u00e9n es el famoso conductor que quiere postularse para presidente y competir contra Milei - Fm Gente\",\"isPartOf\":{\"@id\":\"https:\\\/\\\/fmgente.com.ar\\\/web\\\/#website\"},\"primaryImageOfPage\":{\"@id\":\"https:\\\/\\\/fmgente.com.ar\\\/web\\\/bomba-quien-es-el-famoso-conductor-que-quiere-postularse-para-presidente-y-competir-contra-milei\\\/#primaryimage\"},\"image\":{\"@id\":\"https:\\\/\\\/fmgente.com.ar\\\/web\\\/bomba-quien-es-el-famoso-conductor-que-quiere-postularse-para-presidente-y-competir-contra-milei\\\/#primaryimage\"},\"thumbnailUrl\":\"https:\\\/\\\/fmgente.com.ar\\\/web\\\/wp-content\\\/uploads\\\/2025\\\/10\\\/Thiago-Medina-Daniela-359x226-16.jpg\",\"datePublished\":\"2025-10-08T23:06:04+00:00\",\"inLanguage\":\"es\",\"potentialAction\":[{\"@type\":\"ReadAction\",\"target\":[\"https:\\\/\\\/fmgente.com.ar\\\/web\\\/bomba-quien-es-el-famoso-conductor-que-quiere-postularse-para-presidente-y-competir-contra-milei\\\/\"]}]},{\"@type\":\"ImageObject\",\"inLanguage\":\"es\",\"@id\":\"https:\\\/\\\/fmgente.com.ar\\\/web\\\/bomba-quien-es-el-famoso-conductor-que-quiere-postularse-para-presidente-y-competir-contra-milei\\\/#primaryimage\",\"url\":\"https:\\\/\\\/fmgente.com.ar\\\/web\\\/wp-content\\\/uploads\\\/2025\\\/10\\\/Thiago-Medina-Daniela-359x226-16.jpg\",\"contentUrl\":\"https:\\\/\\\/fmgente.com.ar\\\/web\\\/wp-content\\\/uploads\\\/2025\\\/10\\\/Thiago-Medina-Daniela-359x226-16.jpg\",\"width\":359,\"height\":226},{\"@type\":\"WebSite\",\"@id\":\"https:\\\/\\\/fmgente.com.ar\\\/web\\\/#website\",\"url\":\"https:\\\/\\\/fmgente.com.ar\\\/web\\\/\",\"name\":\"Fm Gente\",\"description\":\"- Jes\u00fas Mar\u00eda\",\"publisher\":{\"@id\":\"https:\\\/\\\/fmgente.com.ar\\\/web\\\/#organization\"},\"potentialAction\":[{\"@type\":\"SearchAction\",\"target\":{\"@type\":\"EntryPoint\",\"urlTemplate\":\"https:\\\/\\\/fmgente.com.ar\\\/web\\\/?s={search_term_string}\"},\"query-input\":{\"@type\":\"PropertyValueSpecification\",\"valueRequired\":true,\"valueName\":\"search_term_string\"}}],\"inLanguage\":\"es\"},{\"@type\":\"Organization\",\"@id\":\"https:\\\/\\\/fmgente.com.ar\\\/web\\\/#organization\",\"name\":\"Fm Gente\",\"url\":\"https:\\\/\\\/fmgente.com.ar\\\/web\\\/\",\"logo\":{\"@type\":\"ImageObject\",\"inLanguage\":\"es\",\"@id\":\"https:\\\/\\\/fmgente.com.ar\\\/web\\\/#\\\/schema\\\/logo\\\/image\\\/\",\"url\":\"https:\\\/\\\/fmgente.com.ar\\\/web\\\/wp-content\\\/uploads\\\/2023\\\/07\\\/cropped-cropped-logo-sombra2.png\",\"contentUrl\":\"https:\\\/\\\/fmgente.com.ar\\\/web\\\/wp-content\\\/uploads\\\/2023\\\/07\\\/cropped-cropped-logo-sombra2.png\",\"width\":1782,\"height\":1782,\"caption\":\"Fm Gente\"},\"image\":{\"@id\":\"https:\\\/\\\/fmgente.com.ar\\\/web\\\/#\\\/schema\\\/logo\\\/image\\\/\"}}]}<\/script>\n<!-- \/ Yoast SEO plugin. -->","yoast_head_json":{"title":"\u00a1Bomba! Qui\u00e9n es el famoso conductor que quiere postularse para presidente y competir contra Milei - Fm Gente","robots":{"index":"index","follow":"follow","max-snippet":"max-snippet:-1","max-image-preview":"max-image-preview:large","max-video-preview":"max-video-preview:-1"},"canonical":"https:\/\/fmgente.com.ar\/web\/bomba-quien-es-el-famoso-conductor-que-quiere-postularse-para-presidente-y-competir-contra-milei\/","og_locale":"es_ES","og_type":"article","og_title":"\u00a1Bomba! Qui\u00e9n es el famoso conductor que quiere postularse para presidente y competir contra Milei - Fm Gente","og_description":"Dante Gebel volvi\u00f3 a sorprender con sus declaraciones. En su paso por el programa Otro","og_url":"https:\/\/fmgente.com.ar\/web\/bomba-quien-es-el-famoso-conductor-que-quiere-postularse-para-presidente-y-competir-contra-milei\/","og_site_name":"Fm Gente","article_published_time":"2025-10-08T23:06:04+00:00","og_image":[{"width":359,"height":226,"url":"https:\/\/fmgente.com.ar\/web\/wp-content\/uploads\/2025\/10\/Thiago-Medina-Daniela-359x226-16.jpg","type":"image\/jpeg"}],"twitter_card":"summary_large_image","twitter_misc":{"Tiempo de lectura":"3 minutos"},"schema":{"@context":"https:\/\/schema.org","@graph":[{"@type":"Article","@id":"https:\/\/fmgente.com.ar\/web\/bomba-quien-es-el-famoso-conductor-que-quiere-postularse-para-presidente-y-competir-contra-milei\/#article","isPartOf":{"@id":"https:\/\/fmgente.com.ar\/web\/bomba-quien-es-el-famoso-conductor-que-quiere-postularse-para-presidente-y-competir-contra-milei\/"},"author":{"name":"","@id":""},"headline":"\u00a1Bomba! Qui\u00e9n es el famoso conductor que quiere postularse para presidente y competir contra Milei","datePublished":"2025-10-08T23:06:04+00:00","mainEntityOfPage":{"@id":"https:\/\/fmgente.com.ar\/web\/bomba-quien-es-el-famoso-conductor-que-quiere-postularse-para-presidente-y-competir-contra-milei\/"},"wordCount":519,"publisher":{"@id":"https:\/\/fmgente.com.ar\/web\/#organization"},"image":{"@id":"https:\/\/fmgente.com.ar\/web\/bomba-quien-es-el-famoso-conductor-que-quiere-postularse-para-presidente-y-competir-contra-milei\/#primaryimage"},"thumbnailUrl":"https:\/\/fmgente.com.ar\/web\/wp-content\/uploads\/2025\/10\/Thiago-Medina-Daniela-359x226-16.jpg","articleSection":["DESTACADAS"],"inLanguage":"es"},{"@type":"WebPage","@id":"https:\/\/fmgente.com.ar\/web\/bomba-quien-es-el-famoso-conductor-que-quiere-postularse-para-presidente-y-competir-contra-milei\/","url":"https:\/\/fmgente.com.ar\/web\/bomba-quien-es-el-famoso-conductor-que-quiere-postularse-para-presidente-y-competir-contra-milei\/","name":"\u00a1Bomba! Qui\u00e9n es el famoso conductor que quiere postularse para presidente y competir contra Milei - Fm Gente","isPartOf":{"@id":"https:\/\/fmgente.com.ar\/web\/#website"},"primaryImageOfPage":{"@id":"https:\/\/fmgente.com.ar\/web\/bomba-quien-es-el-famoso-conductor-que-quiere-postularse-para-presidente-y-competir-contra-milei\/#primaryimage"},"image":{"@id":"https:\/\/fmgente.com.ar\/web\/bomba-quien-es-el-famoso-conductor-que-quiere-postularse-para-presidente-y-competir-contra-milei\/#primaryimage"},"thumbnailUrl":"https:\/\/fmgente.com.ar\/web\/wp-content\/uploads\/2025\/10\/Thiago-Medina-Daniela-359x226-16.jpg","datePublished":"2025-10-08T23:06:04+00:00","inLanguage":"es","potentialAction":[{"@type":"ReadAction","target":["https:\/\/fmgente.com.ar\/web\/bomba-quien-es-el-famoso-conductor-que-quiere-postularse-para-presidente-y-competir-contra-milei\/"]}]},{"@type":"ImageObject","inLanguage":"es","@id":"https:\/\/fmgente.com.ar\/web\/bomba-quien-es-el-famoso-conductor-que-quiere-postularse-para-presidente-y-competir-contra-milei\/#primaryimage","url":"https:\/\/fmgente.com.ar\/web\/wp-content\/uploads\/2025\/10\/Thiago-Medina-Daniela-359x226-16.jpg","contentUrl":"https:\/\/fmgente.com.ar\/web\/wp-content\/uploads\/2025\/10\/Thiago-Medina-Daniela-359x226-16.jpg","width":359,"height":226},{"@type":"WebSite","@id":"https:\/\/fmgente.com.ar\/web\/#website","url":"https:\/\/fmgente.com.ar\/web\/","name":"Fm Gente","description":"- Jes\u00fas Mar\u00eda","publisher":{"@id":"https:\/\/fmgente.com.ar\/web\/#organization"},"potentialAction":[{"@type":"SearchAction","target":{"@type":"EntryPoint","urlTemplate":"https:\/\/fmgente.com.ar\/web\/?s={search_term_string}"},"query-input":{"@type":"PropertyValueSpecification","valueRequired":true,"valueName":"search_term_string"}}],"inLanguage":"es"},{"@type":"Organization","@id":"https:\/\/fmgente.com.ar\/web\/#organization","name":"Fm Gente","url":"https:\/\/fmgente.com.ar\/web\/","logo":{"@type":"ImageObject","inLanguage":"es","@id":"https:\/\/fmgente.com.ar\/web\/#\/schema\/logo\/image\/","url":"https:\/\/fmgente.com.ar\/web\/wp-content\/uploads\/2023\/07\/cropped-cropped-logo-sombra2.png","contentUrl":"https:\/\/fmgente.com.ar\/web\/wp-content\/uploads\/2023\/07\/cropped-cropped-logo-sombra2.png","width":1782,"height":1782,"caption":"Fm Gente"},"image":{"@id":"https:\/\/fmgente.com.ar\/web\/#\/schema\/logo\/image\/"}}]}},"_links":{"self":[{"href":"https:\/\/fmgente.com.ar\/web\/wp-json\/wp\/v2\/posts\/6398","targetHints":{"allow":["GET"]}}],"collection":[{"href":"https:\/\/fmgente.com.ar\/web\/wp-json\/wp\/v2\/posts"}],"about":[{"href":"https:\/\/fmgente.com.ar\/web\/wp-json\/wp\/v2\/types\/post"}],"replies":[{"embeddable":true,"href":"https:\/\/fmgente.com.ar\/web\/wp-json\/wp\/v2\/comments?post=6398"}],"version-history":[{"count":0,"href":"https:\/\/fmgente.com.ar\/web\/wp-json\/wp\/v2\/posts\/6398\/revisions"}],"wp:featuredmedia":[{"embeddable":true,"href":"https:\/\/fmgente.com.ar\/web\/wp-json\/wp\/v2\/media\/6399"}],"wp:attachment":[{"href":"https:\/\/fmgente.com.ar\/web\/wp-json\/wp\/v2\/media?parent=6398"}],"wp:term":[{"taxonomy":"category","embeddable":true,"href":"https:\/\/fmgente.com.ar\/web\/wp-json\/wp\/v2\/categories?post=6398"},{"taxonomy":"post_tag","embeddable":true,"href":"https:\/\/fmgente.com.ar\/web\/wp-json\/wp\/v2\/tags?post=6398"}],"curies":[{"name":"wp","href":"https:\/\/api.w.org\/{rel}","templated":true}]}}