{"id":6394,"date":"2025-10-08T20:06:02","date_gmt":"2025-10-08T23:06:02","guid":{"rendered":"https:\/\/fmgente.com.ar\/la-desgarradora-confesion-de-hernan-drago-sobre-la-muerte-de-su-padre-y-el-legado-que-le-dejo\/"},"modified":"2025-10-08T20:06:02","modified_gmt":"2025-10-08T23:06:02","slug":"la-desgarradora-confesion-de-hernan-drago-sobre-la-muerte-de-su-padre-y-el-legado-que-le-dejo","status":"publish","type":"post","link":"https:\/\/fmgente.com.ar\/web\/la-desgarradora-confesion-de-hernan-drago-sobre-la-muerte-de-su-padre-y-el-legado-que-le-dejo\/","title":{"rendered":"La desgarradora confesi\u00f3n de Hern\u00e1n Drago sobre la muerte de su padre y el legado que le dej\u00f3"},"content":{"rendered":"<p>El aire en el estudio apenas se mov\u00eda cuando <strong><a href=\"https:\/\/www.paparazzi.com.ar\/tag\/hernan-drago\/\">Hern\u00e1n Drago<\/a><\/strong> solt\u00f3 una frase que nadie esperaba. Frente a <strong>Maia Chacra<\/strong>, el modelo rompi\u00f3 el silencio con una mezcla de pudor y necesidad: hac\u00eda un mes hab\u00eda perdido a su padre. Lo cont\u00f3 sin artificios, casi como si se le escapara entre los labios.<\/p>\n<p>\u201c<em>Todav\u00eda ni siquiera lo cont\u00e9 en los medios&#8230; ahora que ha pasado un tiempito, por la herencia del apellido<\/em>. <em>Hace un mes falleci\u00f3 mi pap\u00e1, y es la primera vez que lo digo p\u00fablicamente<\/em>\u201d, confes\u00f3, dejando al equipo sin palabras.<\/p>\n<p>El estudio se volvi\u00f3 un refugio de empat\u00eda. <strong><a href=\"https:\/\/www.paparazzi.com.ar\/teve\/el-desconsolado-quiebre-de-hernan-drago-por-la-muerte-de-la-locomotora\/\">Maia<\/a><\/strong>, con la sensibilidad que la caracteriza, quiso saber m\u00e1s sobre aquel hombre que hab\u00eda dejado una marca tan profunda. Pregunt\u00f3 su edad, intentando reconstruir una vida que ahora se med\u00eda en recuerdos. \u00c9l respir\u00f3 hondo antes de responder: <em>\u201cMir\u00e1, es interesante tu pregunta, sobre todo por la respuesta\u201d<\/em>, dijo, dejando entrever que detr\u00e1s de cada palabra hab\u00eda una historia de amor y despedida.<\/p>\n<div class=\"mt-box \">\n<h4 class=\"mt-heading\">Mir\u00e1 Tambi\u00e9n<\/h4>\n<p><a href=\"https:\/\/www.paparazzi.com.ar\/videos\/exclusivo-jose-maria-muscari-homenajeo-a-bruce-willis-en-el-papel-de-duro-de-matar-los-pelados-nos-parecemos-todos\/\"><\/p>\n<div class=\"mt-content\">\n<div class=\"mt-image-container\"><img decoding=\"async\" src=\"https:\/\/www.paparazzi.com.ar\/wp-content\/uploads\/2025\/09\/PORTADA-WEB-YO-QUIERO-SER-muscari-willis.jpg.webp\" alt=\"\u00a1Exclusivo! Jos\u00e9 Mar\u00eda Muscari homenaje\u00f3 a Bruce Willis en el papel de Duro de Matar: &quot;Los pelados nos parecemos todos&quot;\" class=\"mt-image\" loading=\"lazy\" \/><\/div>\n<h5 class=\"mt-title\">\u00a1Exclusivo! Jos\u00e9 Mar\u00eda Muscari homenaje\u00f3 a Bruce Willis en el papel de Duro de Matar: \u00abLos pelados nos parecemos todos\u00bb<\/h5>\n<\/div>\n<p><\/a><\/div>\n<p>El modelo relat\u00f3 con crudeza los \u00faltimos a\u00f1os de su padre. <em>\u201cDurante la pandemia dej\u00f3 de relacionarse, dej\u00f3 de hablar y empez\u00f3 a olvidarse. Despu\u00e9s tuvo demencia senil&#8230; un d\u00eda se perdi\u00f3 saliendo de casa y termin\u00f3 con Alzheimer. Tuvimos que llevarlo a un geri\u00e1trico para que tuviera cuidado las 24 horas\u201d<\/em>, record\u00f3 con la voz apenas firme.<\/p>\n<h2 class=\"wp-block-heading\">LA CONFESI\u00d3N DE HERN\u00c1N DRAGO<\/h2>\n<p>El <a href=\"https:\/\/www.paparazzi.com.ar\/teve\/la-fuerte-confesion-de-hernan-drago-sobre-las-infidelidades-en-su-vida-me-parece-sano\/\">relato<\/a> toc\u00f3 una fibra universal: el miedo de ver desvanecerse a quien uno ama. <em>\u201cFue mejor que haya sido as\u00ed, que no sufriera. No sufri\u00f3. Todos \u2014sus hijos, mi vieja, la familia\u2014 quer\u00edamos eso\u201d<\/em>, asegur\u00f3 con serenidad, como quien logra encontrar calma tras una tormenta.<\/p>\n<p>Y entonces, con el coraz\u00f3n en la mano, resumi\u00f3 su herencia emocional: <em>\u201cFue un gran padre y me dej\u00f3 el legado del apellido. Se cuida, se respeta, porque \u00e9l fue una de las mejores personas que conoc\u00ed en mi vida\u201d<\/em>. Una declaraci\u00f3n tan \u00edntima como luminosa, digna del hombre que la inspir\u00f3.<\/p>\n<div class=\"mt-box \">\n<h4 class=\"mt-heading\">Mir\u00e1 Tambi\u00e9n<\/h4>\n<p><a href=\"https:\/\/www.paparazzi.com.ar\/teve\/el-sorprendente-pedido-de-morena-rial-a-luis-ventura-desde-la-carcel-estoy-para-los\/\"><\/p>\n<div class=\"mt-content\">\n<div class=\"mt-image-container\"><img decoding=\"async\" src=\"https:\/\/www.paparazzi.com.ar\/wp-content\/uploads\/2025\/09\/Morena-Rial-consiguio-un-nuevo-trabajo-y-ganara-mucho-dinero-a-sus-26-anos.jpg.webp\" alt=\"Morena Rial acudi\u00f3 desesperada a Luis Ventura y lo llam\u00f3 desde la c\u00e1rcel: qu\u00e9 le pidi\u00f3\" class=\"mt-image\" loading=\"lazy\" \/><\/div>\n<h5 class=\"mt-title\">Morena Rial acudi\u00f3 desesperada a Luis Ventura y lo llam\u00f3 desde la c\u00e1rcel: qu\u00e9 le pidi\u00f3<\/h5>\n<\/div>\n<p><\/a><\/div>\n<div class=\"mt-box \">\n<h4 class=\"mt-heading\">Mir\u00e1 Tambi\u00e9n<\/h4>\n<p><a href=\"https:\/\/www.paparazzi.com.ar\/teve\/la-desgarradora-autopsia-del-atroz-femicidio-de-daiana-mendieta-la-mataron-de-un\/\"><\/p>\n<div class=\"mt-content\">\n<div class=\"mt-image-container\"><img decoding=\"async\" src=\"https:\/\/www.paparazzi.com.ar\/wp-content\/uploads\/2025\/10\/Daiana-Magali-Mendieta-359x226.jpg\" alt=\"La desgarradora autopsia del atroz femicidio de Daiana Mendieta en Entre R\u00edos\" class=\"mt-image\" loading=\"lazy\" \/><\/div>\n<h5 class=\"mt-title\">La desgarradora autopsia del atroz femicidio de Daiana Mendieta en Entre R\u00edos<\/h5>\n<\/div>\n<p><\/a><\/div>\n<p>The post <a href=\"https:\/\/www.paparazzi.com.ar\/teve\/la-desgarradora-confesion-de-hernan-drago-sobre-la-muerte-de-su-padre-y-el-legado-que-le-dejo\/\">La desgarradora confesi\u00f3n de Hern\u00e1n Drago sobre la muerte de su padre y el legado que le dej\u00f3<\/a> appeared first on <a href=\"https:\/\/www.paparazzi.com.ar\">Revista Paparazzi<\/a>.<\/p>\n","protected":false},"excerpt":{"rendered":"<p>El aire en el estudio apenas se mov\u00eda cuando Hern\u00e1n Drago solt\u00f3 una frase que<\/p>\n","protected":false},"author":0,"featured_media":6395,"comment_status":"","ping_status":"","sticky":false,"template":"","format":"standard","meta":{"footnotes":""},"categories":[11],"tags":[],"class_list":["post-6394","post","type-post","status-publish","format-standard","has-post-thumbnail","hentry","category-destacadas"],"yoast_head":"<!-- This site is optimized with the Yoast SEO plugin v27.4 - https:\/\/yoast.com\/product\/yoast-seo-wordpress\/ -->\n<title>La desgarradora confesi\u00f3n de Hern\u00e1n Drago sobre la muerte de su padre y el legado que le dej\u00f3 - Fm Gente<\/title>\n<meta name=\"robots\" content=\"index, follow, max-snippet:-1, max-image-preview:large, max-video-preview:-1\" \/>\n<link rel=\"canonical\" href=\"https:\/\/fmgente.com.ar\/web\/la-desgarradora-confesion-de-hernan-drago-sobre-la-muerte-de-su-padre-y-el-legado-que-le-dejo\/\" \/>\n<meta property=\"og:locale\" content=\"es_ES\" \/>\n<meta property=\"og:type\" content=\"article\" \/>\n<meta property=\"og:title\" content=\"La desgarradora confesi\u00f3n de Hern\u00e1n Drago sobre la muerte de su padre y el legado que le dej\u00f3 - Fm Gente\" \/>\n<meta property=\"og:description\" content=\"El aire en el estudio apenas se mov\u00eda cuando Hern\u00e1n Drago solt\u00f3 una frase que\" \/>\n<meta property=\"og:url\" content=\"https:\/\/fmgente.com.ar\/web\/la-desgarradora-confesion-de-hernan-drago-sobre-la-muerte-de-su-padre-y-el-legado-que-le-dejo\/\" \/>\n<meta property=\"og:site_name\" content=\"Fm Gente\" \/>\n<meta property=\"article:published_time\" content=\"2025-10-08T23:06:02+00:00\" \/>\n<meta property=\"og:image\" content=\"https:\/\/fmgente.com.ar\/web\/wp-content\/uploads\/2025\/10\/PORTADA-WEB-YO-QUIERO-SER-muscari-willis.jpg-2.webp\" \/>\n\t<meta property=\"og:image:width\" content=\"828\" \/>\n\t<meta property=\"og:image:height\" content=\"621\" \/>\n\t<meta property=\"og:image:type\" content=\"image\/webp\" \/>\n<meta name=\"twitter:card\" content=\"summary_large_image\" \/>\n<meta name=\"twitter:label1\" content=\"Tiempo de lectura\" \/>\n\t<meta name=\"twitter:data1\" content=\"2 minutos\" \/>\n<script type=\"application\/ld+json\" class=\"yoast-schema-graph\">{\"@context\":\"https:\\\/\\\/schema.org\",\"@graph\":[{\"@type\":\"Article\",\"@id\":\"https:\\\/\\\/fmgente.com.ar\\\/web\\\/la-desgarradora-confesion-de-hernan-drago-sobre-la-muerte-de-su-padre-y-el-legado-que-le-dejo\\\/#article\",\"isPartOf\":{\"@id\":\"https:\\\/\\\/fmgente.com.ar\\\/web\\\/la-desgarradora-confesion-de-hernan-drago-sobre-la-muerte-de-su-padre-y-el-legado-que-le-dejo\\\/\"},\"author\":{\"name\":\"\",\"@id\":\"\"},\"headline\":\"La desgarradora confesi\u00f3n de Hern\u00e1n Drago sobre la muerte de su padre y el legado que le dej\u00f3\",\"datePublished\":\"2025-10-08T23:06:02+00:00\",\"mainEntityOfPage\":{\"@id\":\"https:\\\/\\\/fmgente.com.ar\\\/web\\\/la-desgarradora-confesion-de-hernan-drago-sobre-la-muerte-de-su-padre-y-el-legado-que-le-dejo\\\/\"},\"wordCount\":454,\"publisher\":{\"@id\":\"https:\\\/\\\/fmgente.com.ar\\\/web\\\/#organization\"},\"image\":{\"@id\":\"https:\\\/\\\/fmgente.com.ar\\\/web\\\/la-desgarradora-confesion-de-hernan-drago-sobre-la-muerte-de-su-padre-y-el-legado-que-le-dejo\\\/#primaryimage\"},\"thumbnailUrl\":\"https:\\\/\\\/fmgente.com.ar\\\/web\\\/wp-content\\\/uploads\\\/2025\\\/10\\\/PORTADA-WEB-YO-QUIERO-SER-muscari-willis.jpg-2.webp\",\"articleSection\":[\"DESTACADAS\"],\"inLanguage\":\"es\"},{\"@type\":\"WebPage\",\"@id\":\"https:\\\/\\\/fmgente.com.ar\\\/web\\\/la-desgarradora-confesion-de-hernan-drago-sobre-la-muerte-de-su-padre-y-el-legado-que-le-dejo\\\/\",\"url\":\"https:\\\/\\\/fmgente.com.ar\\\/web\\\/la-desgarradora-confesion-de-hernan-drago-sobre-la-muerte-de-su-padre-y-el-legado-que-le-dejo\\\/\",\"name\":\"La desgarradora confesi\u00f3n de Hern\u00e1n Drago sobre la muerte de su padre y el legado que le dej\u00f3 - Fm Gente\",\"isPartOf\":{\"@id\":\"https:\\\/\\\/fmgente.com.ar\\\/web\\\/#website\"},\"primaryImageOfPage\":{\"@id\":\"https:\\\/\\\/fmgente.com.ar\\\/web\\\/la-desgarradora-confesion-de-hernan-drago-sobre-la-muerte-de-su-padre-y-el-legado-que-le-dejo\\\/#primaryimage\"},\"image\":{\"@id\":\"https:\\\/\\\/fmgente.com.ar\\\/web\\\/la-desgarradora-confesion-de-hernan-drago-sobre-la-muerte-de-su-padre-y-el-legado-que-le-dejo\\\/#primaryimage\"},\"thumbnailUrl\":\"https:\\\/\\\/fmgente.com.ar\\\/web\\\/wp-content\\\/uploads\\\/2025\\\/10\\\/PORTADA-WEB-YO-QUIERO-SER-muscari-willis.jpg-2.webp\",\"datePublished\":\"2025-10-08T23:06:02+00:00\",\"inLanguage\":\"es\",\"potentialAction\":[{\"@type\":\"ReadAction\",\"target\":[\"https:\\\/\\\/fmgente.com.ar\\\/web\\\/la-desgarradora-confesion-de-hernan-drago-sobre-la-muerte-de-su-padre-y-el-legado-que-le-dejo\\\/\"]}]},{\"@type\":\"ImageObject\",\"inLanguage\":\"es\",\"@id\":\"https:\\\/\\\/fmgente.com.ar\\\/web\\\/la-desgarradora-confesion-de-hernan-drago-sobre-la-muerte-de-su-padre-y-el-legado-que-le-dejo\\\/#primaryimage\",\"url\":\"https:\\\/\\\/fmgente.com.ar\\\/web\\\/wp-content\\\/uploads\\\/2025\\\/10\\\/PORTADA-WEB-YO-QUIERO-SER-muscari-willis.jpg-2.webp\",\"contentUrl\":\"https:\\\/\\\/fmgente.com.ar\\\/web\\\/wp-content\\\/uploads\\\/2025\\\/10\\\/PORTADA-WEB-YO-QUIERO-SER-muscari-willis.jpg-2.webp\",\"width\":828,\"height\":621},{\"@type\":\"WebSite\",\"@id\":\"https:\\\/\\\/fmgente.com.ar\\\/web\\\/#website\",\"url\":\"https:\\\/\\\/fmgente.com.ar\\\/web\\\/\",\"name\":\"Fm Gente\",\"description\":\"- Jes\u00fas Mar\u00eda\",\"publisher\":{\"@id\":\"https:\\\/\\\/fmgente.com.ar\\\/web\\\/#organization\"},\"potentialAction\":[{\"@type\":\"SearchAction\",\"target\":{\"@type\":\"EntryPoint\",\"urlTemplate\":\"https:\\\/\\\/fmgente.com.ar\\\/web\\\/?s={search_term_string}\"},\"query-input\":{\"@type\":\"PropertyValueSpecification\",\"valueRequired\":true,\"valueName\":\"search_term_string\"}}],\"inLanguage\":\"es\"},{\"@type\":\"Organization\",\"@id\":\"https:\\\/\\\/fmgente.com.ar\\\/web\\\/#organization\",\"name\":\"Fm Gente\",\"url\":\"https:\\\/\\\/fmgente.com.ar\\\/web\\\/\",\"logo\":{\"@type\":\"ImageObject\",\"inLanguage\":\"es\",\"@id\":\"https:\\\/\\\/fmgente.com.ar\\\/web\\\/#\\\/schema\\\/logo\\\/image\\\/\",\"url\":\"https:\\\/\\\/fmgente.com.ar\\\/web\\\/wp-content\\\/uploads\\\/2023\\\/07\\\/cropped-cropped-logo-sombra2.png\",\"contentUrl\":\"https:\\\/\\\/fmgente.com.ar\\\/web\\\/wp-content\\\/uploads\\\/2023\\\/07\\\/cropped-cropped-logo-sombra2.png\",\"width\":1782,\"height\":1782,\"caption\":\"Fm Gente\"},\"image\":{\"@id\":\"https:\\\/\\\/fmgente.com.ar\\\/web\\\/#\\\/schema\\\/logo\\\/image\\\/\"}}]}<\/script>\n<!-- \/ Yoast SEO plugin. -->","yoast_head_json":{"title":"La desgarradora confesi\u00f3n de Hern\u00e1n Drago sobre la muerte de su padre y el legado que le dej\u00f3 - Fm Gente","robots":{"index":"index","follow":"follow","max-snippet":"max-snippet:-1","max-image-preview":"max-image-preview:large","max-video-preview":"max-video-preview:-1"},"canonical":"https:\/\/fmgente.com.ar\/web\/la-desgarradora-confesion-de-hernan-drago-sobre-la-muerte-de-su-padre-y-el-legado-que-le-dejo\/","og_locale":"es_ES","og_type":"article","og_title":"La desgarradora confesi\u00f3n de Hern\u00e1n Drago sobre la muerte de su padre y el legado que le dej\u00f3 - Fm Gente","og_description":"El aire en el estudio apenas se mov\u00eda cuando Hern\u00e1n Drago solt\u00f3 una frase que","og_url":"https:\/\/fmgente.com.ar\/web\/la-desgarradora-confesion-de-hernan-drago-sobre-la-muerte-de-su-padre-y-el-legado-que-le-dejo\/","og_site_name":"Fm Gente","article_published_time":"2025-10-08T23:06:02+00:00","og_image":[{"width":828,"height":621,"url":"https:\/\/fmgente.com.ar\/web\/wp-content\/uploads\/2025\/10\/PORTADA-WEB-YO-QUIERO-SER-muscari-willis.jpg-2.webp","type":"image\/webp"}],"twitter_card":"summary_large_image","twitter_misc":{"Tiempo de lectura":"2 minutos"},"schema":{"@context":"https:\/\/schema.org","@graph":[{"@type":"Article","@id":"https:\/\/fmgente.com.ar\/web\/la-desgarradora-confesion-de-hernan-drago-sobre-la-muerte-de-su-padre-y-el-legado-que-le-dejo\/#article","isPartOf":{"@id":"https:\/\/fmgente.com.ar\/web\/la-desgarradora-confesion-de-hernan-drago-sobre-la-muerte-de-su-padre-y-el-legado-que-le-dejo\/"},"author":{"name":"","@id":""},"headline":"La desgarradora confesi\u00f3n de Hern\u00e1n Drago sobre la muerte de su padre y el legado que le dej\u00f3","datePublished":"2025-10-08T23:06:02+00:00","mainEntityOfPage":{"@id":"https:\/\/fmgente.com.ar\/web\/la-desgarradora-confesion-de-hernan-drago-sobre-la-muerte-de-su-padre-y-el-legado-que-le-dejo\/"},"wordCount":454,"publisher":{"@id":"https:\/\/fmgente.com.ar\/web\/#organization"},"image":{"@id":"https:\/\/fmgente.com.ar\/web\/la-desgarradora-confesion-de-hernan-drago-sobre-la-muerte-de-su-padre-y-el-legado-que-le-dejo\/#primaryimage"},"thumbnailUrl":"https:\/\/fmgente.com.ar\/web\/wp-content\/uploads\/2025\/10\/PORTADA-WEB-YO-QUIERO-SER-muscari-willis.jpg-2.webp","articleSection":["DESTACADAS"],"inLanguage":"es"},{"@type":"WebPage","@id":"https:\/\/fmgente.com.ar\/web\/la-desgarradora-confesion-de-hernan-drago-sobre-la-muerte-de-su-padre-y-el-legado-que-le-dejo\/","url":"https:\/\/fmgente.com.ar\/web\/la-desgarradora-confesion-de-hernan-drago-sobre-la-muerte-de-su-padre-y-el-legado-que-le-dejo\/","name":"La desgarradora confesi\u00f3n de Hern\u00e1n Drago sobre la muerte de su padre y el legado que le dej\u00f3 - Fm Gente","isPartOf":{"@id":"https:\/\/fmgente.com.ar\/web\/#website"},"primaryImageOfPage":{"@id":"https:\/\/fmgente.com.ar\/web\/la-desgarradora-confesion-de-hernan-drago-sobre-la-muerte-de-su-padre-y-el-legado-que-le-dejo\/#primaryimage"},"image":{"@id":"https:\/\/fmgente.com.ar\/web\/la-desgarradora-confesion-de-hernan-drago-sobre-la-muerte-de-su-padre-y-el-legado-que-le-dejo\/#primaryimage"},"thumbnailUrl":"https:\/\/fmgente.com.ar\/web\/wp-content\/uploads\/2025\/10\/PORTADA-WEB-YO-QUIERO-SER-muscari-willis.jpg-2.webp","datePublished":"2025-10-08T23:06:02+00:00","inLanguage":"es","potentialAction":[{"@type":"ReadAction","target":["https:\/\/fmgente.com.ar\/web\/la-desgarradora-confesion-de-hernan-drago-sobre-la-muerte-de-su-padre-y-el-legado-que-le-dejo\/"]}]},{"@type":"ImageObject","inLanguage":"es","@id":"https:\/\/fmgente.com.ar\/web\/la-desgarradora-confesion-de-hernan-drago-sobre-la-muerte-de-su-padre-y-el-legado-que-le-dejo\/#primaryimage","url":"https:\/\/fmgente.com.ar\/web\/wp-content\/uploads\/2025\/10\/PORTADA-WEB-YO-QUIERO-SER-muscari-willis.jpg-2.webp","contentUrl":"https:\/\/fmgente.com.ar\/web\/wp-content\/uploads\/2025\/10\/PORTADA-WEB-YO-QUIERO-SER-muscari-willis.jpg-2.webp","width":828,"height":621},{"@type":"WebSite","@id":"https:\/\/fmgente.com.ar\/web\/#website","url":"https:\/\/fmgente.com.ar\/web\/","name":"Fm Gente","description":"- Jes\u00fas Mar\u00eda","publisher":{"@id":"https:\/\/fmgente.com.ar\/web\/#organization"},"potentialAction":[{"@type":"SearchAction","target":{"@type":"EntryPoint","urlTemplate":"https:\/\/fmgente.com.ar\/web\/?s={search_term_string}"},"query-input":{"@type":"PropertyValueSpecification","valueRequired":true,"valueName":"search_term_string"}}],"inLanguage":"es"},{"@type":"Organization","@id":"https:\/\/fmgente.com.ar\/web\/#organization","name":"Fm Gente","url":"https:\/\/fmgente.com.ar\/web\/","logo":{"@type":"ImageObject","inLanguage":"es","@id":"https:\/\/fmgente.com.ar\/web\/#\/schema\/logo\/image\/","url":"https:\/\/fmgente.com.ar\/web\/wp-content\/uploads\/2023\/07\/cropped-cropped-logo-sombra2.png","contentUrl":"https:\/\/fmgente.com.ar\/web\/wp-content\/uploads\/2023\/07\/cropped-cropped-logo-sombra2.png","width":1782,"height":1782,"caption":"Fm Gente"},"image":{"@id":"https:\/\/fmgente.com.ar\/web\/#\/schema\/logo\/image\/"}}]}},"_links":{"self":[{"href":"https:\/\/fmgente.com.ar\/web\/wp-json\/wp\/v2\/posts\/6394","targetHints":{"allow":["GET"]}}],"collection":[{"href":"https:\/\/fmgente.com.ar\/web\/wp-json\/wp\/v2\/posts"}],"about":[{"href":"https:\/\/fmgente.com.ar\/web\/wp-json\/wp\/v2\/types\/post"}],"replies":[{"embeddable":true,"href":"https:\/\/fmgente.com.ar\/web\/wp-json\/wp\/v2\/comments?post=6394"}],"version-history":[{"count":0,"href":"https:\/\/fmgente.com.ar\/web\/wp-json\/wp\/v2\/posts\/6394\/revisions"}],"wp:featuredmedia":[{"embeddable":true,"href":"https:\/\/fmgente.com.ar\/web\/wp-json\/wp\/v2\/media\/6395"}],"wp:attachment":[{"href":"https:\/\/fmgente.com.ar\/web\/wp-json\/wp\/v2\/media?parent=6394"}],"wp:term":[{"taxonomy":"category","embeddable":true,"href":"https:\/\/fmgente.com.ar\/web\/wp-json\/wp\/v2\/categories?post=6394"},{"taxonomy":"post_tag","embeddable":true,"href":"https:\/\/fmgente.com.ar\/web\/wp-json\/wp\/v2\/tags?post=6394"}],"curies":[{"name":"wp","href":"https:\/\/api.w.org\/{rel}","templated":true}]}}