{"id":6392,"date":"2025-10-08T19:05:19","date_gmt":"2025-10-08T22:05:19","guid":{"rendered":"https:\/\/fmgente.com.ar\/eva-bargiela-mostro-por-ultima-vez-su-pancita-de-embarazo-a-dias-del-nacimiento-de-su-hijo\/"},"modified":"2025-10-08T19:05:19","modified_gmt":"2025-10-08T22:05:19","slug":"eva-bargiela-mostro-por-ultima-vez-su-pancita-de-embarazo-a-dias-del-nacimiento-de-su-hijo","status":"publish","type":"post","link":"https:\/\/fmgente.com.ar\/web\/eva-bargiela-mostro-por-ultima-vez-su-pancita-de-embarazo-a-dias-del-nacimiento-de-su-hijo\/","title":{"rendered":"Eva Bargiela mostr\u00f3 por \u00faltima vez su pancita de embarazo a d\u00edas del nacimiento de su hijo"},"content":{"rendered":"<p><a href=\"https:\/\/www.paparazzi.com.ar\/?s=Eva+Bargiela\">Eva Bargiela<\/a> vivi\u00f3 d\u00edas de pura emoci\u00f3n antes de convertirse en mam\u00e1 por primera vez. A trav\u00e9s de sus redes sociales, la modelo comparti\u00f3 una serie de fotos donde mostr\u00f3 su pancita y dej\u00f3 un mensaje que conmovi\u00f3 a todos. \u201cCreo que es el \u00faltimo evento con beb\u00e9 en la panza\u201d, escribi\u00f3 junto a una selfie frente al espejo.<\/p>\n<p>La imagen la mostr\u00f3 relajada, con un look simple y c\u00f3modo: pantal\u00f3n blanco, top beige y una sonrisa tranquila. En el reflejo se notaba su embarazo avanzado y la serenidad de quien contaba los d\u00edas para conocer a su hijo. Eva acompa\u00f1\u00f3 el posteo con un emoji de pollito saliendo del cascar\u00f3n, detalle que enterneci\u00f3 a sus seguidores.<\/p>\n<p>Las redes se llenaron de mensajes de cari\u00f1o y buenos deseos para ella y Gianluca Simeone, su pareja. En otra historia, la modelo comparti\u00f3 un video del hijo del \u201cCholo\u201d jugando al golf y escribi\u00f3: \u201c\u00c9l me acompa\u00f1a. Te amo\u201d. La pareja disfrut\u00f3 un d\u00eda al aire libre, lejos del ruido medi\u00e1tico, en un momento de calma antes de la llegada de Faustino.<\/p>\n<div class=\"mt-box \">\n<h4 class=\"mt-heading\">Mir\u00e1 Tambi\u00e9n<\/h4>\n<p><a href=\"https:\/\/www.paparazzi.com.ar\/videos\/exclusivo-daniela-celis-confirmo-el-ultimo-paso-para-que-thiago-medina-reciba-el-alta\/\"><\/p>\n<div class=\"mt-content\">\n<div class=\"mt-image-container\"><img decoding=\"async\" src=\"https:\/\/www.paparazzi.com.ar\/wp-content\/uploads\/2025\/10\/Thiago-Medina-Daniela-359x226.jpg\" alt=\"\u00a1Exclusivo! Daniela Celis confirm\u00f3 el \u00faltimo paso para que Thiago Medina reciba el alta\" class=\"mt-image\" loading=\"lazy\" \/><\/div>\n<h5 class=\"mt-title\">\u00a1Exclusivo! Daniela Celis confirm\u00f3 el \u00faltimo paso para que Thiago Medina reciba el alta<\/h5>\n<\/div>\n<p><\/a><\/div>\n<p>Durante una entrevista en <em>Cort\u00e1 por Lozano<\/em>, Eva record\u00f3 c\u00f3mo vivi\u00f3 estos meses y el descubrimiento de su embarazo. \u201cYo estaba yendo y viniendo porque \u00e9l viv\u00eda en Espa\u00f1a y un d\u00eda dije: \u2018Mmm, esto es raro que no est\u00e9 sucediendo. Quiero hacer el test ahora porque no quiero enterarme lejos tuyo\u2019. Dije: \u2018No, no va a ser. Imposible que sea\u2019. Y fue\u201d, cont\u00f3 emocionada.<\/p>\n<p>La modelo revel\u00f3 que decidieron mantener la noticia en secreto durante los primeros meses. \u201cFue secreto. Muchos meses, hasta los tres meses\u201d, reconoci\u00f3. Gianluca explic\u00f3 que sus familias reaccionaron con pura alegr\u00eda: \u201cEs el primer nieto de las dos partes, as\u00ed que la verdad que est\u00e1n muy contentos todos\u201d. Eva coincidi\u00f3: \u201cTambi\u00e9n, es el primer beb\u00e9 de las dos familias, entonces va a ser malcriado. No hay otra opci\u00f3n\u201d.<\/p>\n<p>Ambos se mostraron m\u00e1s unidos que nunca. Gianluca se declar\u00f3 enamorado: \u201cEs la mujer con la que siempre so\u00f1\u00e9 formar una familia, estoy muy contento de formar una familia con ella y que d\u00eda a d\u00eda construyamos la familia que siempre quisimos tener\u201d. Eva le respondi\u00f3 con ternura: \u201cGracias por elegirme para formar una familia juntos. Y por hacerme pasar un embarazo tan lindo, porque a veces no se toma dimensi\u00f3n de la importancia que tiene tener un buen compa\u00f1ero al lado en este momento. Y \u00e9l es un gran sost\u00e9n para m\u00ed\u201d.<\/p>\n<figure class=\"wp-block-image size-large\"><img decoding=\"async\" src=\"https:\/\/www.paparazzi.com.ar\/wp-content\/uploads\/2025\/10\/image-119-565x1024.png.webp\" loading=\"lazy\" alt=\"\" class=\"wp-image-447022\" \/><\/figure>\n<div class=\"mt-box \">\n<h4 class=\"mt-heading\">Mir\u00e1 Tambi\u00e9n<\/h4>\n<p><a href=\"https:\/\/www.paparazzi.com.ar\/teve\/maria-belen-luduena-envuelta-en-otra-fuerte-polemica-levantan-su-programa-y-filtran-un-duro-mensaje-que-mando-a-sus-companeras\/\"><\/p>\n<div class=\"mt-content\">\n<div class=\"mt-image-container\"><img decoding=\"async\" src=\"https:\/\/www.paparazzi.com.ar\/wp-content\/uploads\/2025\/10\/Luduena-1-359x226.jpg\" alt=\"Mar\u00eda Bel\u00e9n Ludue\u00f1a envuelta en otra fuerte pol\u00e9mica: levantan su programa y filtran un duro mensaje que mand\u00f3 a sus compa\u00f1eras\" class=\"mt-image\" loading=\"lazy\" \/><\/div>\n<h5 class=\"mt-title\">Mar\u00eda Bel\u00e9n Ludue\u00f1a envuelta en otra fuerte pol\u00e9mica: levantan su programa y filtran un duro mensaje que mand\u00f3 a sus compa\u00f1eras<\/h5>\n<\/div>\n<p><\/a><\/div>\n<div class=\"mt-box \">\n<h4 class=\"mt-heading\">Mir\u00e1 Tambi\u00e9n<\/h4>\n<p><a href=\"https:\/\/www.paparazzi.com.ar\/romances\/las-fotos-de-la-china-suarez-y-mauro-icardi-en-espana-mientras-abandonaron-a-sus-hijos\/\"><\/p>\n<div class=\"mt-content\">\n<div class=\"mt-image-container\"><img decoding=\"async\" src=\"https:\/\/www.paparazzi.com.ar\/wp-content\/uploads\/2025\/10\/China-Mauro-359x226.jpg\" alt=\"Las fotos de la China Su\u00e1rez y Mauro Icardi en Espa\u00f1a mientras abandonaron a sus hijos\" class=\"mt-image\" loading=\"lazy\" \/><\/div>\n<h5 class=\"mt-title\">Las fotos de la China Su\u00e1rez y Mauro Icardi en Espa\u00f1a mientras abandonaron a sus hijos<\/h5>\n<\/div>\n<p><\/a><\/div>\n<p>The post <a href=\"https:\/\/www.paparazzi.com.ar\/teve\/eva-bargiela-mostro-por-ultima-vez-su-pancita-de-embarazo-a-dias-del-nacimiento-de-su-hijo\/\">Eva Bargiela mostr\u00f3 por \u00faltima vez su pancita de embarazo a d\u00edas del nacimiento de su hijo<\/a> appeared first on <a href=\"https:\/\/www.paparazzi.com.ar\">Revista Paparazzi<\/a>.<\/p>\n","protected":false},"excerpt":{"rendered":"<p>Eva Bargiela vivi\u00f3 d\u00edas de pura emoci\u00f3n antes de convertirse en mam\u00e1 por primera vez.<\/p>\n","protected":false},"author":0,"featured_media":6393,"comment_status":"","ping_status":"","sticky":false,"template":"","format":"standard","meta":{"footnotes":""},"categories":[11],"tags":[],"class_list":["post-6392","post","type-post","status-publish","format-standard","has-post-thumbnail","hentry","category-destacadas"],"yoast_head":"<!-- This site is optimized with the Yoast SEO plugin v27.4 - https:\/\/yoast.com\/product\/yoast-seo-wordpress\/ -->\n<title>Eva Bargiela mostr\u00f3 por \u00faltima vez su pancita de embarazo a d\u00edas del nacimiento de su hijo - Fm Gente<\/title>\n<meta name=\"robots\" content=\"index, follow, max-snippet:-1, max-image-preview:large, max-video-preview:-1\" \/>\n<link rel=\"canonical\" href=\"https:\/\/fmgente.com.ar\/web\/eva-bargiela-mostro-por-ultima-vez-su-pancita-de-embarazo-a-dias-del-nacimiento-de-su-hijo\/\" \/>\n<meta property=\"og:locale\" content=\"es_ES\" \/>\n<meta property=\"og:type\" content=\"article\" \/>\n<meta property=\"og:title\" content=\"Eva Bargiela mostr\u00f3 por \u00faltima vez su pancita de embarazo a d\u00edas del nacimiento de su hijo - Fm Gente\" \/>\n<meta property=\"og:description\" content=\"Eva Bargiela vivi\u00f3 d\u00edas de pura emoci\u00f3n antes de convertirse en mam\u00e1 por primera vez.\" \/>\n<meta property=\"og:url\" content=\"https:\/\/fmgente.com.ar\/web\/eva-bargiela-mostro-por-ultima-vez-su-pancita-de-embarazo-a-dias-del-nacimiento-de-su-hijo\/\" \/>\n<meta property=\"og:site_name\" content=\"Fm Gente\" \/>\n<meta property=\"article:published_time\" content=\"2025-10-08T22:05:19+00:00\" \/>\n<meta property=\"og:image\" content=\"https:\/\/fmgente.com.ar\/web\/wp-content\/uploads\/2025\/10\/Thiago-Medina-Daniela-359x226-15.jpg\" \/>\n\t<meta property=\"og:image:width\" content=\"359\" \/>\n\t<meta property=\"og:image:height\" content=\"226\" \/>\n\t<meta property=\"og:image:type\" content=\"image\/jpeg\" \/>\n<meta name=\"twitter:card\" content=\"summary_large_image\" \/>\n<meta name=\"twitter:label1\" content=\"Tiempo de lectura\" \/>\n\t<meta name=\"twitter:data1\" content=\"3 minutos\" \/>\n<script type=\"application\/ld+json\" class=\"yoast-schema-graph\">{\"@context\":\"https:\\\/\\\/schema.org\",\"@graph\":[{\"@type\":\"Article\",\"@id\":\"https:\\\/\\\/fmgente.com.ar\\\/web\\\/eva-bargiela-mostro-por-ultima-vez-su-pancita-de-embarazo-a-dias-del-nacimiento-de-su-hijo\\\/#article\",\"isPartOf\":{\"@id\":\"https:\\\/\\\/fmgente.com.ar\\\/web\\\/eva-bargiela-mostro-por-ultima-vez-su-pancita-de-embarazo-a-dias-del-nacimiento-de-su-hijo\\\/\"},\"author\":{\"name\":\"\",\"@id\":\"\"},\"headline\":\"Eva Bargiela mostr\u00f3 por \u00faltima vez su pancita de embarazo a d\u00edas del nacimiento de su hijo\",\"datePublished\":\"2025-10-08T22:05:19+00:00\",\"mainEntityOfPage\":{\"@id\":\"https:\\\/\\\/fmgente.com.ar\\\/web\\\/eva-bargiela-mostro-por-ultima-vez-su-pancita-de-embarazo-a-dias-del-nacimiento-de-su-hijo\\\/\"},\"wordCount\":542,\"publisher\":{\"@id\":\"https:\\\/\\\/fmgente.com.ar\\\/web\\\/#organization\"},\"image\":{\"@id\":\"https:\\\/\\\/fmgente.com.ar\\\/web\\\/eva-bargiela-mostro-por-ultima-vez-su-pancita-de-embarazo-a-dias-del-nacimiento-de-su-hijo\\\/#primaryimage\"},\"thumbnailUrl\":\"https:\\\/\\\/fmgente.com.ar\\\/web\\\/wp-content\\\/uploads\\\/2025\\\/10\\\/Thiago-Medina-Daniela-359x226-15.jpg\",\"articleSection\":[\"DESTACADAS\"],\"inLanguage\":\"es\"},{\"@type\":\"WebPage\",\"@id\":\"https:\\\/\\\/fmgente.com.ar\\\/web\\\/eva-bargiela-mostro-por-ultima-vez-su-pancita-de-embarazo-a-dias-del-nacimiento-de-su-hijo\\\/\",\"url\":\"https:\\\/\\\/fmgente.com.ar\\\/web\\\/eva-bargiela-mostro-por-ultima-vez-su-pancita-de-embarazo-a-dias-del-nacimiento-de-su-hijo\\\/\",\"name\":\"Eva Bargiela mostr\u00f3 por \u00faltima vez su pancita de embarazo a d\u00edas del nacimiento de su hijo - Fm Gente\",\"isPartOf\":{\"@id\":\"https:\\\/\\\/fmgente.com.ar\\\/web\\\/#website\"},\"primaryImageOfPage\":{\"@id\":\"https:\\\/\\\/fmgente.com.ar\\\/web\\\/eva-bargiela-mostro-por-ultima-vez-su-pancita-de-embarazo-a-dias-del-nacimiento-de-su-hijo\\\/#primaryimage\"},\"image\":{\"@id\":\"https:\\\/\\\/fmgente.com.ar\\\/web\\\/eva-bargiela-mostro-por-ultima-vez-su-pancita-de-embarazo-a-dias-del-nacimiento-de-su-hijo\\\/#primaryimage\"},\"thumbnailUrl\":\"https:\\\/\\\/fmgente.com.ar\\\/web\\\/wp-content\\\/uploads\\\/2025\\\/10\\\/Thiago-Medina-Daniela-359x226-15.jpg\",\"datePublished\":\"2025-10-08T22:05:19+00:00\",\"inLanguage\":\"es\",\"potentialAction\":[{\"@type\":\"ReadAction\",\"target\":[\"https:\\\/\\\/fmgente.com.ar\\\/web\\\/eva-bargiela-mostro-por-ultima-vez-su-pancita-de-embarazo-a-dias-del-nacimiento-de-su-hijo\\\/\"]}]},{\"@type\":\"ImageObject\",\"inLanguage\":\"es\",\"@id\":\"https:\\\/\\\/fmgente.com.ar\\\/web\\\/eva-bargiela-mostro-por-ultima-vez-su-pancita-de-embarazo-a-dias-del-nacimiento-de-su-hijo\\\/#primaryimage\",\"url\":\"https:\\\/\\\/fmgente.com.ar\\\/web\\\/wp-content\\\/uploads\\\/2025\\\/10\\\/Thiago-Medina-Daniela-359x226-15.jpg\",\"contentUrl\":\"https:\\\/\\\/fmgente.com.ar\\\/web\\\/wp-content\\\/uploads\\\/2025\\\/10\\\/Thiago-Medina-Daniela-359x226-15.jpg\",\"width\":359,\"height\":226},{\"@type\":\"WebSite\",\"@id\":\"https:\\\/\\\/fmgente.com.ar\\\/web\\\/#website\",\"url\":\"https:\\\/\\\/fmgente.com.ar\\\/web\\\/\",\"name\":\"Fm Gente\",\"description\":\"- Jes\u00fas Mar\u00eda\",\"publisher\":{\"@id\":\"https:\\\/\\\/fmgente.com.ar\\\/web\\\/#organization\"},\"potentialAction\":[{\"@type\":\"SearchAction\",\"target\":{\"@type\":\"EntryPoint\",\"urlTemplate\":\"https:\\\/\\\/fmgente.com.ar\\\/web\\\/?s={search_term_string}\"},\"query-input\":{\"@type\":\"PropertyValueSpecification\",\"valueRequired\":true,\"valueName\":\"search_term_string\"}}],\"inLanguage\":\"es\"},{\"@type\":\"Organization\",\"@id\":\"https:\\\/\\\/fmgente.com.ar\\\/web\\\/#organization\",\"name\":\"Fm Gente\",\"url\":\"https:\\\/\\\/fmgente.com.ar\\\/web\\\/\",\"logo\":{\"@type\":\"ImageObject\",\"inLanguage\":\"es\",\"@id\":\"https:\\\/\\\/fmgente.com.ar\\\/web\\\/#\\\/schema\\\/logo\\\/image\\\/\",\"url\":\"https:\\\/\\\/fmgente.com.ar\\\/web\\\/wp-content\\\/uploads\\\/2023\\\/07\\\/cropped-cropped-logo-sombra2.png\",\"contentUrl\":\"https:\\\/\\\/fmgente.com.ar\\\/web\\\/wp-content\\\/uploads\\\/2023\\\/07\\\/cropped-cropped-logo-sombra2.png\",\"width\":1782,\"height\":1782,\"caption\":\"Fm Gente\"},\"image\":{\"@id\":\"https:\\\/\\\/fmgente.com.ar\\\/web\\\/#\\\/schema\\\/logo\\\/image\\\/\"}}]}<\/script>\n<!-- \/ Yoast SEO plugin. -->","yoast_head_json":{"title":"Eva Bargiela mostr\u00f3 por \u00faltima vez su pancita de embarazo a d\u00edas del nacimiento de su hijo - Fm Gente","robots":{"index":"index","follow":"follow","max-snippet":"max-snippet:-1","max-image-preview":"max-image-preview:large","max-video-preview":"max-video-preview:-1"},"canonical":"https:\/\/fmgente.com.ar\/web\/eva-bargiela-mostro-por-ultima-vez-su-pancita-de-embarazo-a-dias-del-nacimiento-de-su-hijo\/","og_locale":"es_ES","og_type":"article","og_title":"Eva Bargiela mostr\u00f3 por \u00faltima vez su pancita de embarazo a d\u00edas del nacimiento de su hijo - Fm Gente","og_description":"Eva Bargiela vivi\u00f3 d\u00edas de pura emoci\u00f3n antes de convertirse en mam\u00e1 por primera vez.","og_url":"https:\/\/fmgente.com.ar\/web\/eva-bargiela-mostro-por-ultima-vez-su-pancita-de-embarazo-a-dias-del-nacimiento-de-su-hijo\/","og_site_name":"Fm Gente","article_published_time":"2025-10-08T22:05:19+00:00","og_image":[{"width":359,"height":226,"url":"https:\/\/fmgente.com.ar\/web\/wp-content\/uploads\/2025\/10\/Thiago-Medina-Daniela-359x226-15.jpg","type":"image\/jpeg"}],"twitter_card":"summary_large_image","twitter_misc":{"Tiempo de lectura":"3 minutos"},"schema":{"@context":"https:\/\/schema.org","@graph":[{"@type":"Article","@id":"https:\/\/fmgente.com.ar\/web\/eva-bargiela-mostro-por-ultima-vez-su-pancita-de-embarazo-a-dias-del-nacimiento-de-su-hijo\/#article","isPartOf":{"@id":"https:\/\/fmgente.com.ar\/web\/eva-bargiela-mostro-por-ultima-vez-su-pancita-de-embarazo-a-dias-del-nacimiento-de-su-hijo\/"},"author":{"name":"","@id":""},"headline":"Eva Bargiela mostr\u00f3 por \u00faltima vez su pancita de embarazo a d\u00edas del nacimiento de su hijo","datePublished":"2025-10-08T22:05:19+00:00","mainEntityOfPage":{"@id":"https:\/\/fmgente.com.ar\/web\/eva-bargiela-mostro-por-ultima-vez-su-pancita-de-embarazo-a-dias-del-nacimiento-de-su-hijo\/"},"wordCount":542,"publisher":{"@id":"https:\/\/fmgente.com.ar\/web\/#organization"},"image":{"@id":"https:\/\/fmgente.com.ar\/web\/eva-bargiela-mostro-por-ultima-vez-su-pancita-de-embarazo-a-dias-del-nacimiento-de-su-hijo\/#primaryimage"},"thumbnailUrl":"https:\/\/fmgente.com.ar\/web\/wp-content\/uploads\/2025\/10\/Thiago-Medina-Daniela-359x226-15.jpg","articleSection":["DESTACADAS"],"inLanguage":"es"},{"@type":"WebPage","@id":"https:\/\/fmgente.com.ar\/web\/eva-bargiela-mostro-por-ultima-vez-su-pancita-de-embarazo-a-dias-del-nacimiento-de-su-hijo\/","url":"https:\/\/fmgente.com.ar\/web\/eva-bargiela-mostro-por-ultima-vez-su-pancita-de-embarazo-a-dias-del-nacimiento-de-su-hijo\/","name":"Eva Bargiela mostr\u00f3 por \u00faltima vez su pancita de embarazo a d\u00edas del nacimiento de su hijo - Fm Gente","isPartOf":{"@id":"https:\/\/fmgente.com.ar\/web\/#website"},"primaryImageOfPage":{"@id":"https:\/\/fmgente.com.ar\/web\/eva-bargiela-mostro-por-ultima-vez-su-pancita-de-embarazo-a-dias-del-nacimiento-de-su-hijo\/#primaryimage"},"image":{"@id":"https:\/\/fmgente.com.ar\/web\/eva-bargiela-mostro-por-ultima-vez-su-pancita-de-embarazo-a-dias-del-nacimiento-de-su-hijo\/#primaryimage"},"thumbnailUrl":"https:\/\/fmgente.com.ar\/web\/wp-content\/uploads\/2025\/10\/Thiago-Medina-Daniela-359x226-15.jpg","datePublished":"2025-10-08T22:05:19+00:00","inLanguage":"es","potentialAction":[{"@type":"ReadAction","target":["https:\/\/fmgente.com.ar\/web\/eva-bargiela-mostro-por-ultima-vez-su-pancita-de-embarazo-a-dias-del-nacimiento-de-su-hijo\/"]}]},{"@type":"ImageObject","inLanguage":"es","@id":"https:\/\/fmgente.com.ar\/web\/eva-bargiela-mostro-por-ultima-vez-su-pancita-de-embarazo-a-dias-del-nacimiento-de-su-hijo\/#primaryimage","url":"https:\/\/fmgente.com.ar\/web\/wp-content\/uploads\/2025\/10\/Thiago-Medina-Daniela-359x226-15.jpg","contentUrl":"https:\/\/fmgente.com.ar\/web\/wp-content\/uploads\/2025\/10\/Thiago-Medina-Daniela-359x226-15.jpg","width":359,"height":226},{"@type":"WebSite","@id":"https:\/\/fmgente.com.ar\/web\/#website","url":"https:\/\/fmgente.com.ar\/web\/","name":"Fm Gente","description":"- Jes\u00fas Mar\u00eda","publisher":{"@id":"https:\/\/fmgente.com.ar\/web\/#organization"},"potentialAction":[{"@type":"SearchAction","target":{"@type":"EntryPoint","urlTemplate":"https:\/\/fmgente.com.ar\/web\/?s={search_term_string}"},"query-input":{"@type":"PropertyValueSpecification","valueRequired":true,"valueName":"search_term_string"}}],"inLanguage":"es"},{"@type":"Organization","@id":"https:\/\/fmgente.com.ar\/web\/#organization","name":"Fm Gente","url":"https:\/\/fmgente.com.ar\/web\/","logo":{"@type":"ImageObject","inLanguage":"es","@id":"https:\/\/fmgente.com.ar\/web\/#\/schema\/logo\/image\/","url":"https:\/\/fmgente.com.ar\/web\/wp-content\/uploads\/2023\/07\/cropped-cropped-logo-sombra2.png","contentUrl":"https:\/\/fmgente.com.ar\/web\/wp-content\/uploads\/2023\/07\/cropped-cropped-logo-sombra2.png","width":1782,"height":1782,"caption":"Fm Gente"},"image":{"@id":"https:\/\/fmgente.com.ar\/web\/#\/schema\/logo\/image\/"}}]}},"_links":{"self":[{"href":"https:\/\/fmgente.com.ar\/web\/wp-json\/wp\/v2\/posts\/6392","targetHints":{"allow":["GET"]}}],"collection":[{"href":"https:\/\/fmgente.com.ar\/web\/wp-json\/wp\/v2\/posts"}],"about":[{"href":"https:\/\/fmgente.com.ar\/web\/wp-json\/wp\/v2\/types\/post"}],"replies":[{"embeddable":true,"href":"https:\/\/fmgente.com.ar\/web\/wp-json\/wp\/v2\/comments?post=6392"}],"version-history":[{"count":0,"href":"https:\/\/fmgente.com.ar\/web\/wp-json\/wp\/v2\/posts\/6392\/revisions"}],"wp:featuredmedia":[{"embeddable":true,"href":"https:\/\/fmgente.com.ar\/web\/wp-json\/wp\/v2\/media\/6393"}],"wp:attachment":[{"href":"https:\/\/fmgente.com.ar\/web\/wp-json\/wp\/v2\/media?parent=6392"}],"wp:term":[{"taxonomy":"category","embeddable":true,"href":"https:\/\/fmgente.com.ar\/web\/wp-json\/wp\/v2\/categories?post=6392"},{"taxonomy":"post_tag","embeddable":true,"href":"https:\/\/fmgente.com.ar\/web\/wp-json\/wp\/v2\/tags?post=6392"}],"curies":[{"name":"wp","href":"https:\/\/api.w.org\/{rel}","templated":true}]}}