{"id":6390,"date":"2025-10-08T19:05:16","date_gmt":"2025-10-08T22:05:16","guid":{"rendered":"https:\/\/fmgente.com.ar\/peleas-y-mentiras-el-polemico-motivo-de-ariel-ansaldo-para-irse-llorando-de-cuestion-de-peso\/"},"modified":"2025-10-08T19:05:16","modified_gmt":"2025-10-08T22:05:16","slug":"peleas-y-mentiras-el-polemico-motivo-de-ariel-ansaldo-para-irse-llorando-de-cuestion-de-peso","status":"publish","type":"post","link":"https:\/\/fmgente.com.ar\/web\/peleas-y-mentiras-el-polemico-motivo-de-ariel-ansaldo-para-irse-llorando-de-cuestion-de-peso\/","title":{"rendered":"Peleas y mentiras, el pol\u00e9mico motivo de Ariel Ansaldo para irse llorando de Cuesti\u00f3n de Peso"},"content":{"rendered":"<p>El martes, el aire en Cuesti\u00f3n de Peso se cortaba con cuchillo. <strong><a href=\"https:\/\/www.paparazzi.com.ar\/tag\/big-ari\/\">Ariel Ansaldo<\/a><\/strong>, m\u00e1s conocido como Big Ari, decidi\u00f3 abandonar el programa en vivo luego de un dur\u00edsimo enfrentamiento con los profesionales del ciclo y con <strong>Mario Massaccesi<\/strong>. Aunque hab\u00eda logrado bajar 17 kilos, el ex Gran Hermano no soport\u00f3 m\u00e1s la presi\u00f3n ni las cr\u00edticas, y su salida dej\u00f3 en evidencia un clima que, seg\u00fan se supo, ven\u00eda deterior\u00e1ndose desde hac\u00eda varias semanas.<\/p>\n<p>Durante una charla con el doctor <strong>Sergio Ver\u00f3n<\/strong>, el participante estall\u00f3. <em>\u201cNo puede ser que te obliguen y uno la pase mal\u201d<\/em>, lanz\u00f3 visiblemente afectado, en referencia a la actitud del equipo m\u00e9dico. Su tono, entre el enojo y la tristeza, reflejaba el hartazgo de quien ya no quer\u00eda seguir siendo parte de una din\u00e1mica que lo hac\u00eda sentir inc\u00f3modo frente a las c\u00e1maras.<\/p>\n<p>El momento m\u00e1s tenso lleg\u00f3 cuando pidi\u00f3 la intervenci\u00f3n de <strong><a href=\"https:\/\/www.paparazzi.com.ar\/teve\/big-ari-anuncio-su-renuncia-a-cuestion-de-peso-con-una-escandalosa-denuncia\/\">Estefan\u00eda Pasquini<\/a><\/strong>, esposa de <strong>Alberto Cormillot<\/strong>, y denunci\u00f3 sentirse hostigado. <em>\u201cDos meses dici\u00e9ndome que hago todo mal, que me va a ir mal, que voy a fracasar&#8230; estoy harto de pasarla mal en las charlas\u201d<\/em>, expres\u00f3, sin poder contener las l\u00e1grimas. El estudio entero qued\u00f3 en silencio.<\/p>\n<div class=\"mt-box \">\n<h4 class=\"mt-heading\">Mir\u00e1 Tambi\u00e9n<\/h4>\n<p><a href=\"https:\/\/www.paparazzi.com.ar\/videos\/exclusivo-marcelo-polino-hablo-como-nunca-de-su-vida-intima-y-conto-cuando-fue-la-ultima-vez-que-tuvo-sexo-con-una-mujer\/\"><\/p>\n<div class=\"mt-content\">\n<div class=\"mt-image-container\"><img decoding=\"async\" src=\"https:\/\/www.paparazzi.com.ar\/wp-content\/uploads\/2025\/09\/IMG_5980.jpg.webp\" alt=\"\u00a1Exclusivo! Marcelo Polino habl\u00f3 como nunca de su vida \u00edntima y cont\u00f3 cu\u00e1ndo fue la \u00faltima vez que tuvo sexo con una mujer\u00a0\" class=\"mt-image\" loading=\"lazy\" \/><\/div>\n<h5 class=\"mt-title\">\u00a1Exclusivo! Marcelo Polino habl\u00f3 como nunca de su vida \u00edntima y cont\u00f3 cu\u00e1ndo fue la \u00faltima vez que tuvo sexo con una mujer\u00a0<\/h5>\n<\/div>\n<p><\/a><\/div>\n<p>Acto seguido, se levant\u00f3 de su silla y dijo, entre l\u00e1grimas: <em>\u201c\u00a1Ya est\u00e1! Estoy cansado, no quiero estar mal. Basta, por favor, me quiero ir\u201d<\/em>. La imagen de su salida dej\u00f3 a todos at\u00f3nitos, incluso al propio <strong>Massaccesi<\/strong>, que no alcanz\u00f3 a reaccionar ante la contundencia del momento.<\/p>\n<h2 class=\"wp-block-heading\">LA RENUNCIA DE BIG ARI<\/h2>\n<p>Fuera del aire, trascendi\u00f3 que el malestar del participante ven\u00eda desde hac\u00eda tiempo y que su relaci\u00f3n con algunos m\u00e9dicos era cada vez m\u00e1s tensa. <em>\u201cYo vine a bajar de peso y hacer re\u00edr, pero me hacen quedar como no soy\u201d<\/em>, habr\u00eda dicho al finalizar la grabaci\u00f3n, marcando un antes y un despu\u00e9s en su v\u00ednculo con la producci\u00f3n.<\/p>\n<p>Su frase final fue lapidaria y dej\u00f3 flotando una sensaci\u00f3n amarga: <em>\u201cNada es lo que parece en la cl\u00ednica por momentos, y yo no encajo\u201d<\/em>. Con eso, <strong><a href=\"https:\/\/www.paparazzi.com.ar\/teve\/muy-enamorado-big-ari-se-le-declaro-a-la-nieta-de-alberto-cormillot-y-ella-reacciono-con-un-sorpresivo-gesto\/\">Big Ari<\/a><\/strong> cerr\u00f3 su paso por Cuesti\u00f3n de Peso, dejando al descubierto una interna que promete seguir dando que hablar.<\/p>\n<div class=\"mt-box \">\n<h4 class=\"mt-heading\">Mir\u00e1 Tambi\u00e9n<\/h4>\n<p><a href=\"https:\/\/www.paparazzi.com.ar\/romances\/de-pelicula-daniela-celis-rompio-el-silencio-sobre-su-reconciliacion-con-thiago-medina-el-quiere-y-yo\/\"><\/p>\n<div class=\"mt-content\">\n<div class=\"mt-image-container\"><img decoding=\"async\" src=\"https:\/\/www.paparazzi.com.ar\/wp-content\/uploads\/2025\/10\/daniela-celis-thiago-medina-1-1-359x226.jpg\" alt=\"\u00a1De pel\u00edcula! Daniela Celis rompi\u00f3 el silencio sobre su reconciliaci\u00f3n con Thiago Medina: \u201c\u00c9l quiere y yo\u2026\u201d\" class=\"mt-image\" loading=\"lazy\" \/><\/div>\n<h5 class=\"mt-title\">\u00a1De pel\u00edcula! Daniela Celis rompi\u00f3 el silencio sobre su reconciliaci\u00f3n con Thiago Medina: \u201c\u00c9l quiere y yo\u2026\u201d<\/h5>\n<\/div>\n<p><\/a><\/div>\n<div class=\"mt-box \">\n<h4 class=\"mt-heading\">Mir\u00e1 Tambi\u00e9n<\/h4>\n<p><a href=\"https:\/\/www.paparazzi.com.ar\/teve\/muna-pauls-cherri-revelo-los-dramas-que-vive-con-su-mama-a-sus-16-anos-peleas-discusiones-y\/\"><\/p>\n<div class=\"mt-content\">\n<div class=\"mt-image-container\"><img decoding=\"async\" src=\"https:\/\/www.paparazzi.com.ar\/wp-content\/uploads\/2025\/10\/Muna-Pauls-Cherri-revelo-los-dramas-que-vive-con-su-mama-a-sus-16-anos-Peleas-discusiones-y-359x226.jpg\" alt=\"Muna Pauls Cherri revel\u00f3 los dramas que vive con su mam\u00e1 a sus 16 a\u00f1os: &quot;Peleas, discusiones y...&quot;\" class=\"mt-image\" loading=\"lazy\" \/><\/div>\n<h5 class=\"mt-title\">Muna Pauls Cherri revel\u00f3 los dramas que vive con su mam\u00e1 a sus 16 a\u00f1os: \u00abPeleas, discusiones y&#8230;\u00bb<\/h5>\n<\/div>\n<p><\/a><\/div>\n<p>The post <a href=\"https:\/\/www.paparazzi.com.ar\/teve\/peleas-y-mentiras-el-polemico-motivo-de-ariel-ansaldo-para-irse-llorando-de-cuestion-de-peso\/\">Peleas y mentiras, el pol\u00e9mico motivo de Ariel Ansaldo para irse llorando de Cuesti\u00f3n de Peso<\/a> appeared first on <a href=\"https:\/\/www.paparazzi.com.ar\">Revista Paparazzi<\/a>.<\/p>\n","protected":false},"excerpt":{"rendered":"<p>El martes, el aire en Cuesti\u00f3n de Peso se cortaba con cuchillo. Ariel Ansaldo, m\u00e1s<\/p>\n","protected":false},"author":0,"featured_media":6391,"comment_status":"","ping_status":"","sticky":false,"template":"","format":"standard","meta":{"footnotes":""},"categories":[11],"tags":[],"class_list":["post-6390","post","type-post","status-publish","format-standard","has-post-thumbnail","hentry","category-destacadas"],"yoast_head":"<!-- This site is optimized with the Yoast SEO plugin v27.4 - https:\/\/yoast.com\/product\/yoast-seo-wordpress\/ -->\n<title>Peleas y mentiras, el pol\u00e9mico motivo de Ariel Ansaldo para irse llorando de Cuesti\u00f3n de Peso - Fm Gente<\/title>\n<meta name=\"robots\" content=\"index, follow, max-snippet:-1, max-image-preview:large, max-video-preview:-1\" \/>\n<link rel=\"canonical\" href=\"https:\/\/fmgente.com.ar\/web\/peleas-y-mentiras-el-polemico-motivo-de-ariel-ansaldo-para-irse-llorando-de-cuestion-de-peso\/\" \/>\n<meta property=\"og:locale\" content=\"es_ES\" \/>\n<meta property=\"og:type\" content=\"article\" \/>\n<meta property=\"og:title\" content=\"Peleas y mentiras, el pol\u00e9mico motivo de Ariel Ansaldo para irse llorando de Cuesti\u00f3n de Peso - Fm Gente\" \/>\n<meta property=\"og:description\" content=\"El martes, el aire en Cuesti\u00f3n de Peso se cortaba con cuchillo. Ariel Ansaldo, m\u00e1s\" \/>\n<meta property=\"og:url\" content=\"https:\/\/fmgente.com.ar\/web\/peleas-y-mentiras-el-polemico-motivo-de-ariel-ansaldo-para-irse-llorando-de-cuestion-de-peso\/\" \/>\n<meta property=\"og:site_name\" content=\"Fm Gente\" \/>\n<meta property=\"article:published_time\" content=\"2025-10-08T22:05:16+00:00\" \/>\n<meta property=\"og:image\" content=\"https:\/\/fmgente.com.ar\/web\/wp-content\/uploads\/2025\/10\/IMG_5980.jpg-14.webp\" \/>\n\t<meta property=\"og:image:width\" content=\"1900\" \/>\n\t<meta property=\"og:image:height\" content=\"1425\" \/>\n\t<meta property=\"og:image:type\" content=\"image\/webp\" \/>\n<meta name=\"twitter:card\" content=\"summary_large_image\" \/>\n<meta name=\"twitter:label1\" content=\"Tiempo de lectura\" \/>\n\t<meta name=\"twitter:data1\" content=\"2 minutos\" \/>\n<script type=\"application\/ld+json\" class=\"yoast-schema-graph\">{\"@context\":\"https:\\\/\\\/schema.org\",\"@graph\":[{\"@type\":\"Article\",\"@id\":\"https:\\\/\\\/fmgente.com.ar\\\/web\\\/peleas-y-mentiras-el-polemico-motivo-de-ariel-ansaldo-para-irse-llorando-de-cuestion-de-peso\\\/#article\",\"isPartOf\":{\"@id\":\"https:\\\/\\\/fmgente.com.ar\\\/web\\\/peleas-y-mentiras-el-polemico-motivo-de-ariel-ansaldo-para-irse-llorando-de-cuestion-de-peso\\\/\"},\"author\":{\"name\":\"\",\"@id\":\"\"},\"headline\":\"Peleas y mentiras, el pol\u00e9mico motivo de Ariel Ansaldo para irse llorando de Cuesti\u00f3n de Peso\",\"datePublished\":\"2025-10-08T22:05:16+00:00\",\"mainEntityOfPage\":{\"@id\":\"https:\\\/\\\/fmgente.com.ar\\\/web\\\/peleas-y-mentiras-el-polemico-motivo-de-ariel-ansaldo-para-irse-llorando-de-cuestion-de-peso\\\/\"},\"wordCount\":506,\"publisher\":{\"@id\":\"https:\\\/\\\/fmgente.com.ar\\\/web\\\/#organization\"},\"image\":{\"@id\":\"https:\\\/\\\/fmgente.com.ar\\\/web\\\/peleas-y-mentiras-el-polemico-motivo-de-ariel-ansaldo-para-irse-llorando-de-cuestion-de-peso\\\/#primaryimage\"},\"thumbnailUrl\":\"https:\\\/\\\/fmgente.com.ar\\\/web\\\/wp-content\\\/uploads\\\/2025\\\/10\\\/IMG_5980.jpg-14.webp\",\"articleSection\":[\"DESTACADAS\"],\"inLanguage\":\"es\"},{\"@type\":\"WebPage\",\"@id\":\"https:\\\/\\\/fmgente.com.ar\\\/web\\\/peleas-y-mentiras-el-polemico-motivo-de-ariel-ansaldo-para-irse-llorando-de-cuestion-de-peso\\\/\",\"url\":\"https:\\\/\\\/fmgente.com.ar\\\/web\\\/peleas-y-mentiras-el-polemico-motivo-de-ariel-ansaldo-para-irse-llorando-de-cuestion-de-peso\\\/\",\"name\":\"Peleas y mentiras, el pol\u00e9mico motivo de Ariel Ansaldo para irse llorando de Cuesti\u00f3n de Peso - Fm Gente\",\"isPartOf\":{\"@id\":\"https:\\\/\\\/fmgente.com.ar\\\/web\\\/#website\"},\"primaryImageOfPage\":{\"@id\":\"https:\\\/\\\/fmgente.com.ar\\\/web\\\/peleas-y-mentiras-el-polemico-motivo-de-ariel-ansaldo-para-irse-llorando-de-cuestion-de-peso\\\/#primaryimage\"},\"image\":{\"@id\":\"https:\\\/\\\/fmgente.com.ar\\\/web\\\/peleas-y-mentiras-el-polemico-motivo-de-ariel-ansaldo-para-irse-llorando-de-cuestion-de-peso\\\/#primaryimage\"},\"thumbnailUrl\":\"https:\\\/\\\/fmgente.com.ar\\\/web\\\/wp-content\\\/uploads\\\/2025\\\/10\\\/IMG_5980.jpg-14.webp\",\"datePublished\":\"2025-10-08T22:05:16+00:00\",\"inLanguage\":\"es\",\"potentialAction\":[{\"@type\":\"ReadAction\",\"target\":[\"https:\\\/\\\/fmgente.com.ar\\\/web\\\/peleas-y-mentiras-el-polemico-motivo-de-ariel-ansaldo-para-irse-llorando-de-cuestion-de-peso\\\/\"]}]},{\"@type\":\"ImageObject\",\"inLanguage\":\"es\",\"@id\":\"https:\\\/\\\/fmgente.com.ar\\\/web\\\/peleas-y-mentiras-el-polemico-motivo-de-ariel-ansaldo-para-irse-llorando-de-cuestion-de-peso\\\/#primaryimage\",\"url\":\"https:\\\/\\\/fmgente.com.ar\\\/web\\\/wp-content\\\/uploads\\\/2025\\\/10\\\/IMG_5980.jpg-14.webp\",\"contentUrl\":\"https:\\\/\\\/fmgente.com.ar\\\/web\\\/wp-content\\\/uploads\\\/2025\\\/10\\\/IMG_5980.jpg-14.webp\",\"width\":1900,\"height\":1425},{\"@type\":\"WebSite\",\"@id\":\"https:\\\/\\\/fmgente.com.ar\\\/web\\\/#website\",\"url\":\"https:\\\/\\\/fmgente.com.ar\\\/web\\\/\",\"name\":\"Fm Gente\",\"description\":\"- Jes\u00fas Mar\u00eda\",\"publisher\":{\"@id\":\"https:\\\/\\\/fmgente.com.ar\\\/web\\\/#organization\"},\"potentialAction\":[{\"@type\":\"SearchAction\",\"target\":{\"@type\":\"EntryPoint\",\"urlTemplate\":\"https:\\\/\\\/fmgente.com.ar\\\/web\\\/?s={search_term_string}\"},\"query-input\":{\"@type\":\"PropertyValueSpecification\",\"valueRequired\":true,\"valueName\":\"search_term_string\"}}],\"inLanguage\":\"es\"},{\"@type\":\"Organization\",\"@id\":\"https:\\\/\\\/fmgente.com.ar\\\/web\\\/#organization\",\"name\":\"Fm Gente\",\"url\":\"https:\\\/\\\/fmgente.com.ar\\\/web\\\/\",\"logo\":{\"@type\":\"ImageObject\",\"inLanguage\":\"es\",\"@id\":\"https:\\\/\\\/fmgente.com.ar\\\/web\\\/#\\\/schema\\\/logo\\\/image\\\/\",\"url\":\"https:\\\/\\\/fmgente.com.ar\\\/web\\\/wp-content\\\/uploads\\\/2023\\\/07\\\/cropped-cropped-logo-sombra2.png\",\"contentUrl\":\"https:\\\/\\\/fmgente.com.ar\\\/web\\\/wp-content\\\/uploads\\\/2023\\\/07\\\/cropped-cropped-logo-sombra2.png\",\"width\":1782,\"height\":1782,\"caption\":\"Fm Gente\"},\"image\":{\"@id\":\"https:\\\/\\\/fmgente.com.ar\\\/web\\\/#\\\/schema\\\/logo\\\/image\\\/\"}}]}<\/script>\n<!-- \/ Yoast SEO plugin. -->","yoast_head_json":{"title":"Peleas y mentiras, el pol\u00e9mico motivo de Ariel Ansaldo para irse llorando de Cuesti\u00f3n de Peso - Fm Gente","robots":{"index":"index","follow":"follow","max-snippet":"max-snippet:-1","max-image-preview":"max-image-preview:large","max-video-preview":"max-video-preview:-1"},"canonical":"https:\/\/fmgente.com.ar\/web\/peleas-y-mentiras-el-polemico-motivo-de-ariel-ansaldo-para-irse-llorando-de-cuestion-de-peso\/","og_locale":"es_ES","og_type":"article","og_title":"Peleas y mentiras, el pol\u00e9mico motivo de Ariel Ansaldo para irse llorando de Cuesti\u00f3n de Peso - Fm Gente","og_description":"El martes, el aire en Cuesti\u00f3n de Peso se cortaba con cuchillo. Ariel Ansaldo, m\u00e1s","og_url":"https:\/\/fmgente.com.ar\/web\/peleas-y-mentiras-el-polemico-motivo-de-ariel-ansaldo-para-irse-llorando-de-cuestion-de-peso\/","og_site_name":"Fm Gente","article_published_time":"2025-10-08T22:05:16+00:00","og_image":[{"width":1900,"height":1425,"url":"https:\/\/fmgente.com.ar\/web\/wp-content\/uploads\/2025\/10\/IMG_5980.jpg-14.webp","type":"image\/webp"}],"twitter_card":"summary_large_image","twitter_misc":{"Tiempo de lectura":"2 minutos"},"schema":{"@context":"https:\/\/schema.org","@graph":[{"@type":"Article","@id":"https:\/\/fmgente.com.ar\/web\/peleas-y-mentiras-el-polemico-motivo-de-ariel-ansaldo-para-irse-llorando-de-cuestion-de-peso\/#article","isPartOf":{"@id":"https:\/\/fmgente.com.ar\/web\/peleas-y-mentiras-el-polemico-motivo-de-ariel-ansaldo-para-irse-llorando-de-cuestion-de-peso\/"},"author":{"name":"","@id":""},"headline":"Peleas y mentiras, el pol\u00e9mico motivo de Ariel Ansaldo para irse llorando de Cuesti\u00f3n de Peso","datePublished":"2025-10-08T22:05:16+00:00","mainEntityOfPage":{"@id":"https:\/\/fmgente.com.ar\/web\/peleas-y-mentiras-el-polemico-motivo-de-ariel-ansaldo-para-irse-llorando-de-cuestion-de-peso\/"},"wordCount":506,"publisher":{"@id":"https:\/\/fmgente.com.ar\/web\/#organization"},"image":{"@id":"https:\/\/fmgente.com.ar\/web\/peleas-y-mentiras-el-polemico-motivo-de-ariel-ansaldo-para-irse-llorando-de-cuestion-de-peso\/#primaryimage"},"thumbnailUrl":"https:\/\/fmgente.com.ar\/web\/wp-content\/uploads\/2025\/10\/IMG_5980.jpg-14.webp","articleSection":["DESTACADAS"],"inLanguage":"es"},{"@type":"WebPage","@id":"https:\/\/fmgente.com.ar\/web\/peleas-y-mentiras-el-polemico-motivo-de-ariel-ansaldo-para-irse-llorando-de-cuestion-de-peso\/","url":"https:\/\/fmgente.com.ar\/web\/peleas-y-mentiras-el-polemico-motivo-de-ariel-ansaldo-para-irse-llorando-de-cuestion-de-peso\/","name":"Peleas y mentiras, el pol\u00e9mico motivo de Ariel Ansaldo para irse llorando de Cuesti\u00f3n de Peso - Fm Gente","isPartOf":{"@id":"https:\/\/fmgente.com.ar\/web\/#website"},"primaryImageOfPage":{"@id":"https:\/\/fmgente.com.ar\/web\/peleas-y-mentiras-el-polemico-motivo-de-ariel-ansaldo-para-irse-llorando-de-cuestion-de-peso\/#primaryimage"},"image":{"@id":"https:\/\/fmgente.com.ar\/web\/peleas-y-mentiras-el-polemico-motivo-de-ariel-ansaldo-para-irse-llorando-de-cuestion-de-peso\/#primaryimage"},"thumbnailUrl":"https:\/\/fmgente.com.ar\/web\/wp-content\/uploads\/2025\/10\/IMG_5980.jpg-14.webp","datePublished":"2025-10-08T22:05:16+00:00","inLanguage":"es","potentialAction":[{"@type":"ReadAction","target":["https:\/\/fmgente.com.ar\/web\/peleas-y-mentiras-el-polemico-motivo-de-ariel-ansaldo-para-irse-llorando-de-cuestion-de-peso\/"]}]},{"@type":"ImageObject","inLanguage":"es","@id":"https:\/\/fmgente.com.ar\/web\/peleas-y-mentiras-el-polemico-motivo-de-ariel-ansaldo-para-irse-llorando-de-cuestion-de-peso\/#primaryimage","url":"https:\/\/fmgente.com.ar\/web\/wp-content\/uploads\/2025\/10\/IMG_5980.jpg-14.webp","contentUrl":"https:\/\/fmgente.com.ar\/web\/wp-content\/uploads\/2025\/10\/IMG_5980.jpg-14.webp","width":1900,"height":1425},{"@type":"WebSite","@id":"https:\/\/fmgente.com.ar\/web\/#website","url":"https:\/\/fmgente.com.ar\/web\/","name":"Fm Gente","description":"- Jes\u00fas Mar\u00eda","publisher":{"@id":"https:\/\/fmgente.com.ar\/web\/#organization"},"potentialAction":[{"@type":"SearchAction","target":{"@type":"EntryPoint","urlTemplate":"https:\/\/fmgente.com.ar\/web\/?s={search_term_string}"},"query-input":{"@type":"PropertyValueSpecification","valueRequired":true,"valueName":"search_term_string"}}],"inLanguage":"es"},{"@type":"Organization","@id":"https:\/\/fmgente.com.ar\/web\/#organization","name":"Fm Gente","url":"https:\/\/fmgente.com.ar\/web\/","logo":{"@type":"ImageObject","inLanguage":"es","@id":"https:\/\/fmgente.com.ar\/web\/#\/schema\/logo\/image\/","url":"https:\/\/fmgente.com.ar\/web\/wp-content\/uploads\/2023\/07\/cropped-cropped-logo-sombra2.png","contentUrl":"https:\/\/fmgente.com.ar\/web\/wp-content\/uploads\/2023\/07\/cropped-cropped-logo-sombra2.png","width":1782,"height":1782,"caption":"Fm Gente"},"image":{"@id":"https:\/\/fmgente.com.ar\/web\/#\/schema\/logo\/image\/"}}]}},"_links":{"self":[{"href":"https:\/\/fmgente.com.ar\/web\/wp-json\/wp\/v2\/posts\/6390","targetHints":{"allow":["GET"]}}],"collection":[{"href":"https:\/\/fmgente.com.ar\/web\/wp-json\/wp\/v2\/posts"}],"about":[{"href":"https:\/\/fmgente.com.ar\/web\/wp-json\/wp\/v2\/types\/post"}],"replies":[{"embeddable":true,"href":"https:\/\/fmgente.com.ar\/web\/wp-json\/wp\/v2\/comments?post=6390"}],"version-history":[{"count":0,"href":"https:\/\/fmgente.com.ar\/web\/wp-json\/wp\/v2\/posts\/6390\/revisions"}],"wp:featuredmedia":[{"embeddable":true,"href":"https:\/\/fmgente.com.ar\/web\/wp-json\/wp\/v2\/media\/6391"}],"wp:attachment":[{"href":"https:\/\/fmgente.com.ar\/web\/wp-json\/wp\/v2\/media?parent=6390"}],"wp:term":[{"taxonomy":"category","embeddable":true,"href":"https:\/\/fmgente.com.ar\/web\/wp-json\/wp\/v2\/categories?post=6390"},{"taxonomy":"post_tag","embeddable":true,"href":"https:\/\/fmgente.com.ar\/web\/wp-json\/wp\/v2\/tags?post=6390"}],"curies":[{"name":"wp","href":"https:\/\/api.w.org\/{rel}","templated":true}]}}