{"id":6388,"date":"2025-10-08T18:06:32","date_gmt":"2025-10-08T21:06:32","guid":{"rendered":"https:\/\/fmgente.com.ar\/las-fotos-de-la-china-suarez-y-mauro-icardi-en-espana-mientras-abandonaron-a-sus-hijos\/"},"modified":"2025-10-08T18:06:32","modified_gmt":"2025-10-08T21:06:32","slug":"las-fotos-de-la-china-suarez-y-mauro-icardi-en-espana-mientras-abandonaron-a-sus-hijos","status":"publish","type":"post","link":"https:\/\/fmgente.com.ar\/web\/las-fotos-de-la-china-suarez-y-mauro-icardi-en-espana-mientras-abandonaron-a-sus-hijos\/","title":{"rendered":"Las fotos de la China Su\u00e1rez y Mauro Icardi en Espa\u00f1a mientras abandonaron a sus hijos"},"content":{"rendered":"<p>La pelea luce eterna, pr\u00e1cticamente imposible de resolver por los caminos del di\u00e1logo, el acuerdo, el entendimiento adulto. La <strong>China Su\u00e1rez <\/strong>activ\u00f3 una guerra gigantesca contra <strong>Benjam\u00edn Vicu\u00f1a<\/strong>, motorizada en esa pulsi\u00f3n repentina de salir corriendo del pa\u00eds para perseguir a <strong>Mauro Icardi.<\/strong><\/p>\n<p>La blonda se arroj\u00f3 sin miramientos a la aventura de cambiar de continente, a pesar de la escasez de meses que tiene su relaci\u00f3n con el futbolista. Y en ese impulso arroll\u00f3 con todo, para modificar el centro de vida de sus tres hijos, fruto de dos padres distintos: <strong>Nico Cabr\u00e9 y <a href=\"https:\/\/www.paparazzi.com.ar\/teve\/decision-tomada-la-nueva-vida-de-la-china-suarez-con-un-inesperado-cambio-que-sorprendio-a-todos\/\">Benjam\u00edn Vicu\u00f1a<\/a><\/strong>.<\/p>\n<p>La famosa ya le gan\u00f3 la pulseada al argentino y lo convenci\u00f3 para que Rufina se instale en Turqu\u00eda. Caso contrario al chileno, que no le agrada la idea de que sus peque\u00f1os se muden definitivamente a Estambul, por eso atraviesan una batalla legal por la tenencia.<\/p>\n<div class=\"mt-box \">\n<h4 class=\"mt-heading\">Mir\u00e1 Tambi\u00e9n<\/h4>\n<p><a href=\"https:\/\/www.paparazzi.com.ar\/teve\/wanda-nara-se-burlo-feo-de-la-china-suarez-en-masterchef-palta\/\"><\/p>\n<div class=\"mt-content\">\n<div class=\"mt-image-container\"><img decoding=\"async\" src=\"https:\/\/www.paparazzi.com.ar\/wp-content\/uploads\/2025\/10\/Wanda-Nara-China-Suarez-359x226.jpg\" alt=\"Wanda Nara se burl\u00f3 feo de la China Su\u00e1rez en MasterChef: \u201cPalta\u201d\" class=\"mt-image\" loading=\"lazy\" \/><\/div>\n<h5 class=\"mt-title\">Wanda Nara se burl\u00f3 feo de la China Su\u00e1rez en MasterChef: \u201cPalta\u201d<\/h5>\n<\/div>\n<p><\/a><\/div>\n<p>En ese sentido, <strong>Paula Varela <\/strong>lanz\u00f3, el martes, una informaci\u00f3n incendiaria de Mar\u00eda Eugenia y una actitud controversial con sus peque\u00f1os. \u201c<em>Nos confirman que los nenes de la China Su\u00e1rez y Benjam\u00edn Vicu\u00f1a est\u00e1n en Turqu\u00eda desde el viernes pasado. Estuvieron unos d\u00edas con el pap\u00e1 y despu\u00e9s viajaron a ver a Eugenia<\/em>\u201d, solt\u00f3.<\/p>\n<h2 class=\"wp-block-heading\">ENGANCHARON A CHINA SU\u00c1REZ Y MAURO ICARDI EN ESPA\u00d1A<\/h2>\n<p>Todo este entramado activ\u00f3 la inc\u00f3gnita respecto a qui\u00e9n qued\u00f3 a cargo de Amancio y Magnolia en Estambul. Una duda que no se pudo resolver, pero que habr\u00eda provocado el enojo de <a href=\"https:\/\/www.paparazzi.com.ar\/teve\/benjamin-vicuna-y-la-china-suarez-peleados-el-actor-se-puso-firme-con-sus-hijos-y-armo-un-escandalo\/\">Vicu\u00f1a<\/a>, seg\u00fan trascendi\u00f3 en las \u00faltimas horas por esta actitud de Mar\u00eda Eugenia.<\/p>\n<p>En medio de todo ese ruido medi\u00e1tico y los debates sobre el accionar de Su\u00e1rez, una cuenta de Twitter consigui\u00f3 un material exclusivo, que refiere a un paseo de Icardi y su novia por una zona exclusiva de Madrid. As\u00ed un celular curioso lo fotografi\u00f3 en plena camina rom\u00e1ntica.<\/p>\n<figure class=\"wp-block-image size-full\"><img decoding=\"async\" width=\"436\" height=\"584\" src=\"https:\/\/www.paparazzi.com.ar\/wp-content\/uploads\/2025\/10\/China-Suarez-y-Mauro-Icardi-Espana.jpg.webp\" loading=\"lazy\" alt=\"\" class=\"wp-image-447009\" \/><\/figure>\n<div class=\"mt-box \">\n<h4 class=\"mt-heading\">Mir\u00e1 Tambi\u00e9n<\/h4>\n<p><a href=\"https:\/\/www.paparazzi.com.ar\/teve\/benjamin-vicuna-y-la-china-suarez-peleados-el-actor-se-puso-firme-con-sus-hijos-y-armo-un-escandalo\/\"><\/p>\n<div class=\"mt-content\">\n<div class=\"mt-image-container\"><img decoding=\"async\" src=\"https:\/\/www.paparazzi.com.ar\/wp-content\/uploads\/2025\/10\/Benjamin-Vicuna-y-la-China-Suarez-peleados-el-actor-se-puso-firme-con-sus-hijos-y-armo-un-escandalo-359x226.jpeg\" alt=\"Benjam\u00edn Vicu\u00f1a y la China Su\u00e1rez peleados: el actor se puso firme con sus hijos y arm\u00f3 un esc\u00e1ndalo\" class=\"mt-image\" loading=\"lazy\" \/><\/div>\n<h5 class=\"mt-title\">Benjam\u00edn Vicu\u00f1a y la China Su\u00e1rez peleados: el actor se puso firme con sus hijos y arm\u00f3 un esc\u00e1ndalo<\/h5>\n<\/div>\n<p><\/a><\/div>\n<div class=\"mt-box \">\n<h4 class=\"mt-heading\">Mir\u00e1 Tambi\u00e9n<\/h4>\n<p><a href=\"https:\/\/www.paparazzi.com.ar\/romances\/la-china-suarez-dejo-a-sus-hijos-en-turquia-para-irse-sola-con-mauro-icardi-a-espana-la-reaccion-de-benjamin-vicuna\/\"><\/p>\n<div class=\"mt-content\">\n<div class=\"mt-image-container\"><img decoding=\"async\" src=\"https:\/\/www.paparazzi.com.ar\/wp-content\/uploads\/2025\/10\/Benjamin-Vicuna-China-Suarez-2-359x226.jpg\" alt=\"La China Su\u00e1rez dej\u00f3 a sus hijos en Turqu\u00eda para irse con Mauro Icardi a Espa\u00f1a: la reacci\u00f3n de Benjam\u00edn Vicu\u00f1a\" class=\"mt-image\" loading=\"lazy\" \/><\/div>\n<h5 class=\"mt-title\">La China Su\u00e1rez dej\u00f3 a sus hijos en Turqu\u00eda para irse con Mauro Icardi a Espa\u00f1a: la reacci\u00f3n de Benjam\u00edn Vicu\u00f1a<\/h5>\n<\/div>\n<p><\/a><\/div>\n<p>The post <a href=\"https:\/\/www.paparazzi.com.ar\/romances\/las-fotos-de-la-china-suarez-y-mauro-icardi-en-espana-mientras-abandonaron-a-sus-hijos\/\">Las fotos de la China Su\u00e1rez y Mauro Icardi en Espa\u00f1a mientras abandonaron a sus hijos<\/a> appeared first on <a href=\"https:\/\/www.paparazzi.com.ar\">Revista Paparazzi<\/a>.<\/p>\n","protected":false},"excerpt":{"rendered":"<p>La pelea luce eterna, pr\u00e1cticamente imposible de resolver por los caminos del di\u00e1logo, el acuerdo,<\/p>\n","protected":false},"author":0,"featured_media":6389,"comment_status":"","ping_status":"","sticky":false,"template":"","format":"standard","meta":{"footnotes":""},"categories":[11],"tags":[],"class_list":["post-6388","post","type-post","status-publish","format-standard","has-post-thumbnail","hentry","category-destacadas"],"yoast_head":"<!-- This site is optimized with the Yoast SEO plugin v27.4 - https:\/\/yoast.com\/product\/yoast-seo-wordpress\/ -->\n<title>Las fotos de la China Su\u00e1rez y Mauro Icardi en Espa\u00f1a mientras abandonaron a sus hijos - Fm Gente<\/title>\n<meta name=\"robots\" content=\"index, follow, max-snippet:-1, max-image-preview:large, max-video-preview:-1\" \/>\n<link rel=\"canonical\" href=\"https:\/\/fmgente.com.ar\/web\/las-fotos-de-la-china-suarez-y-mauro-icardi-en-espana-mientras-abandonaron-a-sus-hijos\/\" \/>\n<meta property=\"og:locale\" content=\"es_ES\" \/>\n<meta property=\"og:type\" content=\"article\" \/>\n<meta property=\"og:title\" content=\"Las fotos de la China Su\u00e1rez y Mauro Icardi en Espa\u00f1a mientras abandonaron a sus hijos - Fm Gente\" \/>\n<meta property=\"og:description\" content=\"La pelea luce eterna, pr\u00e1cticamente imposible de resolver por los caminos del di\u00e1logo, el acuerdo,\" \/>\n<meta property=\"og:url\" content=\"https:\/\/fmgente.com.ar\/web\/las-fotos-de-la-china-suarez-y-mauro-icardi-en-espana-mientras-abandonaron-a-sus-hijos\/\" \/>\n<meta property=\"og:site_name\" content=\"Fm Gente\" \/>\n<meta property=\"article:published_time\" content=\"2025-10-08T21:06:32+00:00\" \/>\n<meta property=\"og:image\" content=\"https:\/\/fmgente.com.ar\/web\/wp-content\/uploads\/2025\/10\/Wanda-Nara-China-Suarez-359x226-3.jpg\" \/>\n\t<meta property=\"og:image:width\" content=\"359\" \/>\n\t<meta property=\"og:image:height\" content=\"226\" \/>\n\t<meta property=\"og:image:type\" content=\"image\/jpeg\" \/>\n<meta name=\"twitter:card\" content=\"summary_large_image\" \/>\n<meta name=\"twitter:label1\" content=\"Tiempo de lectura\" \/>\n\t<meta name=\"twitter:data1\" content=\"2 minutos\" \/>\n<script type=\"application\/ld+json\" class=\"yoast-schema-graph\">{\"@context\":\"https:\\\/\\\/schema.org\",\"@graph\":[{\"@type\":\"Article\",\"@id\":\"https:\\\/\\\/fmgente.com.ar\\\/web\\\/las-fotos-de-la-china-suarez-y-mauro-icardi-en-espana-mientras-abandonaron-a-sus-hijos\\\/#article\",\"isPartOf\":{\"@id\":\"https:\\\/\\\/fmgente.com.ar\\\/web\\\/las-fotos-de-la-china-suarez-y-mauro-icardi-en-espana-mientras-abandonaron-a-sus-hijos\\\/\"},\"author\":{\"name\":\"\",\"@id\":\"\"},\"headline\":\"Las fotos de la China Su\u00e1rez y Mauro Icardi en Espa\u00f1a mientras abandonaron a sus hijos\",\"datePublished\":\"2025-10-08T21:06:32+00:00\",\"mainEntityOfPage\":{\"@id\":\"https:\\\/\\\/fmgente.com.ar\\\/web\\\/las-fotos-de-la-china-suarez-y-mauro-icardi-en-espana-mientras-abandonaron-a-sus-hijos\\\/\"},\"wordCount\":449,\"publisher\":{\"@id\":\"https:\\\/\\\/fmgente.com.ar\\\/web\\\/#organization\"},\"image\":{\"@id\":\"https:\\\/\\\/fmgente.com.ar\\\/web\\\/las-fotos-de-la-china-suarez-y-mauro-icardi-en-espana-mientras-abandonaron-a-sus-hijos\\\/#primaryimage\"},\"thumbnailUrl\":\"https:\\\/\\\/fmgente.com.ar\\\/web\\\/wp-content\\\/uploads\\\/2025\\\/10\\\/Wanda-Nara-China-Suarez-359x226-3.jpg\",\"articleSection\":[\"DESTACADAS\"],\"inLanguage\":\"es\"},{\"@type\":\"WebPage\",\"@id\":\"https:\\\/\\\/fmgente.com.ar\\\/web\\\/las-fotos-de-la-china-suarez-y-mauro-icardi-en-espana-mientras-abandonaron-a-sus-hijos\\\/\",\"url\":\"https:\\\/\\\/fmgente.com.ar\\\/web\\\/las-fotos-de-la-china-suarez-y-mauro-icardi-en-espana-mientras-abandonaron-a-sus-hijos\\\/\",\"name\":\"Las fotos de la China Su\u00e1rez y Mauro Icardi en Espa\u00f1a mientras abandonaron a sus hijos - Fm Gente\",\"isPartOf\":{\"@id\":\"https:\\\/\\\/fmgente.com.ar\\\/web\\\/#website\"},\"primaryImageOfPage\":{\"@id\":\"https:\\\/\\\/fmgente.com.ar\\\/web\\\/las-fotos-de-la-china-suarez-y-mauro-icardi-en-espana-mientras-abandonaron-a-sus-hijos\\\/#primaryimage\"},\"image\":{\"@id\":\"https:\\\/\\\/fmgente.com.ar\\\/web\\\/las-fotos-de-la-china-suarez-y-mauro-icardi-en-espana-mientras-abandonaron-a-sus-hijos\\\/#primaryimage\"},\"thumbnailUrl\":\"https:\\\/\\\/fmgente.com.ar\\\/web\\\/wp-content\\\/uploads\\\/2025\\\/10\\\/Wanda-Nara-China-Suarez-359x226-3.jpg\",\"datePublished\":\"2025-10-08T21:06:32+00:00\",\"inLanguage\":\"es\",\"potentialAction\":[{\"@type\":\"ReadAction\",\"target\":[\"https:\\\/\\\/fmgente.com.ar\\\/web\\\/las-fotos-de-la-china-suarez-y-mauro-icardi-en-espana-mientras-abandonaron-a-sus-hijos\\\/\"]}]},{\"@type\":\"ImageObject\",\"inLanguage\":\"es\",\"@id\":\"https:\\\/\\\/fmgente.com.ar\\\/web\\\/las-fotos-de-la-china-suarez-y-mauro-icardi-en-espana-mientras-abandonaron-a-sus-hijos\\\/#primaryimage\",\"url\":\"https:\\\/\\\/fmgente.com.ar\\\/web\\\/wp-content\\\/uploads\\\/2025\\\/10\\\/Wanda-Nara-China-Suarez-359x226-3.jpg\",\"contentUrl\":\"https:\\\/\\\/fmgente.com.ar\\\/web\\\/wp-content\\\/uploads\\\/2025\\\/10\\\/Wanda-Nara-China-Suarez-359x226-3.jpg\",\"width\":359,\"height\":226},{\"@type\":\"WebSite\",\"@id\":\"https:\\\/\\\/fmgente.com.ar\\\/web\\\/#website\",\"url\":\"https:\\\/\\\/fmgente.com.ar\\\/web\\\/\",\"name\":\"Fm Gente\",\"description\":\"- Jes\u00fas Mar\u00eda\",\"publisher\":{\"@id\":\"https:\\\/\\\/fmgente.com.ar\\\/web\\\/#organization\"},\"potentialAction\":[{\"@type\":\"SearchAction\",\"target\":{\"@type\":\"EntryPoint\",\"urlTemplate\":\"https:\\\/\\\/fmgente.com.ar\\\/web\\\/?s={search_term_string}\"},\"query-input\":{\"@type\":\"PropertyValueSpecification\",\"valueRequired\":true,\"valueName\":\"search_term_string\"}}],\"inLanguage\":\"es\"},{\"@type\":\"Organization\",\"@id\":\"https:\\\/\\\/fmgente.com.ar\\\/web\\\/#organization\",\"name\":\"Fm Gente\",\"url\":\"https:\\\/\\\/fmgente.com.ar\\\/web\\\/\",\"logo\":{\"@type\":\"ImageObject\",\"inLanguage\":\"es\",\"@id\":\"https:\\\/\\\/fmgente.com.ar\\\/web\\\/#\\\/schema\\\/logo\\\/image\\\/\",\"url\":\"https:\\\/\\\/fmgente.com.ar\\\/web\\\/wp-content\\\/uploads\\\/2023\\\/07\\\/cropped-cropped-logo-sombra2.png\",\"contentUrl\":\"https:\\\/\\\/fmgente.com.ar\\\/web\\\/wp-content\\\/uploads\\\/2023\\\/07\\\/cropped-cropped-logo-sombra2.png\",\"width\":1782,\"height\":1782,\"caption\":\"Fm Gente\"},\"image\":{\"@id\":\"https:\\\/\\\/fmgente.com.ar\\\/web\\\/#\\\/schema\\\/logo\\\/image\\\/\"}}]}<\/script>\n<!-- \/ Yoast SEO plugin. -->","yoast_head_json":{"title":"Las fotos de la China Su\u00e1rez y Mauro Icardi en Espa\u00f1a mientras abandonaron a sus hijos - Fm Gente","robots":{"index":"index","follow":"follow","max-snippet":"max-snippet:-1","max-image-preview":"max-image-preview:large","max-video-preview":"max-video-preview:-1"},"canonical":"https:\/\/fmgente.com.ar\/web\/las-fotos-de-la-china-suarez-y-mauro-icardi-en-espana-mientras-abandonaron-a-sus-hijos\/","og_locale":"es_ES","og_type":"article","og_title":"Las fotos de la China Su\u00e1rez y Mauro Icardi en Espa\u00f1a mientras abandonaron a sus hijos - Fm Gente","og_description":"La pelea luce eterna, pr\u00e1cticamente imposible de resolver por los caminos del di\u00e1logo, el acuerdo,","og_url":"https:\/\/fmgente.com.ar\/web\/las-fotos-de-la-china-suarez-y-mauro-icardi-en-espana-mientras-abandonaron-a-sus-hijos\/","og_site_name":"Fm Gente","article_published_time":"2025-10-08T21:06:32+00:00","og_image":[{"width":359,"height":226,"url":"https:\/\/fmgente.com.ar\/web\/wp-content\/uploads\/2025\/10\/Wanda-Nara-China-Suarez-359x226-3.jpg","type":"image\/jpeg"}],"twitter_card":"summary_large_image","twitter_misc":{"Tiempo de lectura":"2 minutos"},"schema":{"@context":"https:\/\/schema.org","@graph":[{"@type":"Article","@id":"https:\/\/fmgente.com.ar\/web\/las-fotos-de-la-china-suarez-y-mauro-icardi-en-espana-mientras-abandonaron-a-sus-hijos\/#article","isPartOf":{"@id":"https:\/\/fmgente.com.ar\/web\/las-fotos-de-la-china-suarez-y-mauro-icardi-en-espana-mientras-abandonaron-a-sus-hijos\/"},"author":{"name":"","@id":""},"headline":"Las fotos de la China Su\u00e1rez y Mauro Icardi en Espa\u00f1a mientras abandonaron a sus hijos","datePublished":"2025-10-08T21:06:32+00:00","mainEntityOfPage":{"@id":"https:\/\/fmgente.com.ar\/web\/las-fotos-de-la-china-suarez-y-mauro-icardi-en-espana-mientras-abandonaron-a-sus-hijos\/"},"wordCount":449,"publisher":{"@id":"https:\/\/fmgente.com.ar\/web\/#organization"},"image":{"@id":"https:\/\/fmgente.com.ar\/web\/las-fotos-de-la-china-suarez-y-mauro-icardi-en-espana-mientras-abandonaron-a-sus-hijos\/#primaryimage"},"thumbnailUrl":"https:\/\/fmgente.com.ar\/web\/wp-content\/uploads\/2025\/10\/Wanda-Nara-China-Suarez-359x226-3.jpg","articleSection":["DESTACADAS"],"inLanguage":"es"},{"@type":"WebPage","@id":"https:\/\/fmgente.com.ar\/web\/las-fotos-de-la-china-suarez-y-mauro-icardi-en-espana-mientras-abandonaron-a-sus-hijos\/","url":"https:\/\/fmgente.com.ar\/web\/las-fotos-de-la-china-suarez-y-mauro-icardi-en-espana-mientras-abandonaron-a-sus-hijos\/","name":"Las fotos de la China Su\u00e1rez y Mauro Icardi en Espa\u00f1a mientras abandonaron a sus hijos - Fm Gente","isPartOf":{"@id":"https:\/\/fmgente.com.ar\/web\/#website"},"primaryImageOfPage":{"@id":"https:\/\/fmgente.com.ar\/web\/las-fotos-de-la-china-suarez-y-mauro-icardi-en-espana-mientras-abandonaron-a-sus-hijos\/#primaryimage"},"image":{"@id":"https:\/\/fmgente.com.ar\/web\/las-fotos-de-la-china-suarez-y-mauro-icardi-en-espana-mientras-abandonaron-a-sus-hijos\/#primaryimage"},"thumbnailUrl":"https:\/\/fmgente.com.ar\/web\/wp-content\/uploads\/2025\/10\/Wanda-Nara-China-Suarez-359x226-3.jpg","datePublished":"2025-10-08T21:06:32+00:00","inLanguage":"es","potentialAction":[{"@type":"ReadAction","target":["https:\/\/fmgente.com.ar\/web\/las-fotos-de-la-china-suarez-y-mauro-icardi-en-espana-mientras-abandonaron-a-sus-hijos\/"]}]},{"@type":"ImageObject","inLanguage":"es","@id":"https:\/\/fmgente.com.ar\/web\/las-fotos-de-la-china-suarez-y-mauro-icardi-en-espana-mientras-abandonaron-a-sus-hijos\/#primaryimage","url":"https:\/\/fmgente.com.ar\/web\/wp-content\/uploads\/2025\/10\/Wanda-Nara-China-Suarez-359x226-3.jpg","contentUrl":"https:\/\/fmgente.com.ar\/web\/wp-content\/uploads\/2025\/10\/Wanda-Nara-China-Suarez-359x226-3.jpg","width":359,"height":226},{"@type":"WebSite","@id":"https:\/\/fmgente.com.ar\/web\/#website","url":"https:\/\/fmgente.com.ar\/web\/","name":"Fm Gente","description":"- Jes\u00fas Mar\u00eda","publisher":{"@id":"https:\/\/fmgente.com.ar\/web\/#organization"},"potentialAction":[{"@type":"SearchAction","target":{"@type":"EntryPoint","urlTemplate":"https:\/\/fmgente.com.ar\/web\/?s={search_term_string}"},"query-input":{"@type":"PropertyValueSpecification","valueRequired":true,"valueName":"search_term_string"}}],"inLanguage":"es"},{"@type":"Organization","@id":"https:\/\/fmgente.com.ar\/web\/#organization","name":"Fm Gente","url":"https:\/\/fmgente.com.ar\/web\/","logo":{"@type":"ImageObject","inLanguage":"es","@id":"https:\/\/fmgente.com.ar\/web\/#\/schema\/logo\/image\/","url":"https:\/\/fmgente.com.ar\/web\/wp-content\/uploads\/2023\/07\/cropped-cropped-logo-sombra2.png","contentUrl":"https:\/\/fmgente.com.ar\/web\/wp-content\/uploads\/2023\/07\/cropped-cropped-logo-sombra2.png","width":1782,"height":1782,"caption":"Fm Gente"},"image":{"@id":"https:\/\/fmgente.com.ar\/web\/#\/schema\/logo\/image\/"}}]}},"_links":{"self":[{"href":"https:\/\/fmgente.com.ar\/web\/wp-json\/wp\/v2\/posts\/6388","targetHints":{"allow":["GET"]}}],"collection":[{"href":"https:\/\/fmgente.com.ar\/web\/wp-json\/wp\/v2\/posts"}],"about":[{"href":"https:\/\/fmgente.com.ar\/web\/wp-json\/wp\/v2\/types\/post"}],"replies":[{"embeddable":true,"href":"https:\/\/fmgente.com.ar\/web\/wp-json\/wp\/v2\/comments?post=6388"}],"version-history":[{"count":0,"href":"https:\/\/fmgente.com.ar\/web\/wp-json\/wp\/v2\/posts\/6388\/revisions"}],"wp:featuredmedia":[{"embeddable":true,"href":"https:\/\/fmgente.com.ar\/web\/wp-json\/wp\/v2\/media\/6389"}],"wp:attachment":[{"href":"https:\/\/fmgente.com.ar\/web\/wp-json\/wp\/v2\/media?parent=6388"}],"wp:term":[{"taxonomy":"category","embeddable":true,"href":"https:\/\/fmgente.com.ar\/web\/wp-json\/wp\/v2\/categories?post=6388"},{"taxonomy":"post_tag","embeddable":true,"href":"https:\/\/fmgente.com.ar\/web\/wp-json\/wp\/v2\/tags?post=6388"}],"curies":[{"name":"wp","href":"https:\/\/api.w.org\/{rel}","templated":true}]}}