{"id":6386,"date":"2025-10-08T18:06:29","date_gmt":"2025-10-08T21:06:29","guid":{"rendered":"https:\/\/fmgente.com.ar\/marisa-brel-sufrio-un-grave-accidente-en-su-casa-y-preocupa-su-salud-se-resbalo-y\/"},"modified":"2025-10-08T18:06:29","modified_gmt":"2025-10-08T21:06:29","slug":"marisa-brel-sufrio-un-grave-accidente-en-su-casa-y-preocupa-su-salud-se-resbalo-y","status":"publish","type":"post","link":"https:\/\/fmgente.com.ar\/web\/marisa-brel-sufrio-un-grave-accidente-en-su-casa-y-preocupa-su-salud-se-resbalo-y\/","title":{"rendered":"Marisa Brel sufri\u00f3 un grave accidente en su casa y preocupa su salud: &quot;Se resbal\u00f3 y&#8230;&quot;"},"content":{"rendered":"<p>La periodista <strong><a href=\"https:\/\/www.paparazzi.com.ar\/tag\/marisa-brel\/\">Marisa Brel<\/a><\/strong> vivi\u00f3 un gran susto en las \u00faltimas horas tras sufrir un fuerte accidente dom\u00e9stico en su casa. La noticia fue revelada por <strong>Juan Etchegoyen<\/strong> durante la apertura de su programa Mitre Live, donde dio detalles del episodio que dej\u00f3 a la ex panelista de Gran Hermano golpeada y adolorida.<\/p>\n<p>\u201c<em>Quiero abrir el programa de hoy con una noticia que me acabo de enterar. Marisa sufri\u00f3 un terrible accidente dom\u00e9stico. Se patin\u00f3 para atr\u00e1s y se dio un fuerte golpe en la cabeza y en la espalda<\/em>\u201d, relat\u00f3 Etchegoyen al aire, visiblemente preocupado. El periodista aclar\u00f3 que la conductora \u201c<em>est\u00e1 bien<\/em>\u201d y que en ese momento \u201c<em>se encontraba realiz\u00e1ndose estudios m\u00e9dicos para descartar cualquier tipo de secuela<\/em>\u201d.<\/p>\n<p>A medida que avanzaba con la informaci\u00f3n, <strong><a href=\"https:\/\/www.paparazzi.com.ar\/teve\/por-que-echaron-de-gran-hermano-a-la-panelista-mas-polemica\/\">Etchegoyen<\/a><\/strong> agreg\u00f3 detalles sobre c\u00f3mo se enter\u00f3 del hecho. \u201c<em>La data me llega porque distintas personas la vieron en una cl\u00ednica y me alertaron. Obviamente, Marisa me dio el ok para contar lo que pas\u00f3 y leer su palabra<\/em>\u201d, explic\u00f3, dejando en claro que la propia protagonista autoriz\u00f3 que se hiciera p\u00fablica la noticia.<\/p>\n<div class=\"mt-box \">\n<h4 class=\"mt-heading\">Mir\u00e1 Tambi\u00e9n<\/h4>\n<p><a href=\"https:\/\/www.paparazzi.com.ar\/videos\/exclusivo-daniela-celis-confirmo-el-ultimo-paso-para-que-thiago-medina-reciba-el-alta\/\"><\/p>\n<div class=\"mt-content\">\n<div class=\"mt-image-container\"><img decoding=\"async\" src=\"https:\/\/www.paparazzi.com.ar\/wp-content\/uploads\/2025\/10\/Thiago-Medina-Daniela-359x226.jpg\" alt=\"\u00a1Exclusivo! Daniela Celis confirm\u00f3 el \u00faltimo paso para que Thiago Medina reciba el alta\" class=\"mt-image\" loading=\"lazy\" \/><\/div>\n<h5 class=\"mt-title\">\u00a1Exclusivo! Daniela Celis confirm\u00f3 el \u00faltimo paso para que Thiago Medina reciba el alta<\/h5>\n<\/div>\n<p><\/a><\/div>\n<p>Luego, el periodista comparti\u00f3 el mensaje que <strong>Brel<\/strong> le envi\u00f3, donde cont\u00f3 de primera mano c\u00f3mo ocurri\u00f3 el accidente. \u201c<em>Me patin\u00e9 en mi casa con agua que entr\u00f3 durante la tormenta por una ventana que hab\u00eda cerrado mal<\/em>\u201d, comenz\u00f3 su relato, confirmando que fue un descuido dom\u00e9stico lo que deriv\u00f3 en el golpe.<\/p>\n<h2 class=\"wp-block-heading\">EL ACCIDENTE DE MARISA BREL<\/h2>\n<p>En su mensaje, la ex panelista tambi\u00e9n detall\u00f3 las consecuencias del accidente: \u201c<em>Me fui para atr\u00e1s y me golpe\u00e9 mucho la espalda y la cabeza, pero por suerte fue solo eso<\/em>\u201d. Pese al dolor, la periodista asegur\u00f3 que se someti\u00f3 a estudios m\u00e9dicos para tranquilidad de todos.<\/p>\n<p>\u201c<em>Estoy muy dolorida, pero hoy ya me siento mejor. Me hice todos los estudios por precauci\u00f3n. Gracias por preguntar y por el cari\u00f1o de siempre<\/em>\u201d, cerr\u00f3 <strong><a href=\"https:\/\/www.paparazzi.com.ar\/teve\/el-terrible-gaste-que-laura-ubfal-le-pego-a-marisa-brel-tras-su-despido-de-gran-hermano\/\">Marisa Brel<\/a><\/strong>, dejando en claro que, aunque el susto fue grande, la historia tuvo un final m\u00e1s aliviador de lo que parec\u00eda.<\/p>\n<div class=\"mt-box \">\n<h4 class=\"mt-heading\">Mir\u00e1 Tambi\u00e9n<\/h4>\n<p><a href=\"https:\/\/www.paparazzi.com.ar\/romances\/nico-vazquez-esta-de-novio-con-una-famosa-tras-la-polemica-separacion-de-gime-accardi\/\"><\/p>\n<div class=\"mt-content\">\n<div class=\"mt-image-container\"><img decoding=\"async\" src=\"https:\/\/www.paparazzi.com.ar\/wp-content\/uploads\/2025\/08\/Gimena-Accardi-Nico-Vazquez-1-1.jpg.webp\" alt=\"Nico V\u00e1zquez est\u00e1 de novio con una famosa tras la pol\u00e9mica separaci\u00f3n de Gime Accardi\" class=\"mt-image\" loading=\"lazy\" \/><\/div>\n<h5 class=\"mt-title\">Nico V\u00e1zquez est\u00e1 de novio con una famosa tras la pol\u00e9mica separaci\u00f3n de Gime Accardi<\/h5>\n<\/div>\n<p><\/a><\/div>\n<div class=\"mt-box \">\n<h4 class=\"mt-heading\">Mir\u00e1 Tambi\u00e9n<\/h4>\n<p><a href=\"https:\/\/www.paparazzi.com.ar\/teve\/a-sus-61-anos-mario-pergolini-saco-a-la-luz-su-profunda-lucha-contra-la-depresion-pense-en\/\"><\/p>\n<div class=\"mt-content\">\n<div class=\"mt-image-container\"><img decoding=\"async\" src=\"https:\/\/www.paparazzi.com.ar\/wp-content\/uploads\/2025\/10\/A-sus-61-anos-Mario-Pergolini-saco-a-la-luz-su-profunda-lucha-contra-la-depresion-Pense-en-359x226.jpg\" alt=\"A sus 61 a\u00f1os, Mario Pergolini sac\u00f3 a la luz su profunda lucha contra la depresi\u00f3n: &quot;Pens\u00e9 en...&quot;\" class=\"mt-image\" loading=\"lazy\" \/><\/div>\n<h5 class=\"mt-title\">A sus 61 a\u00f1os, Mario Pergolini sac\u00f3 a la luz su profunda lucha contra la depresi\u00f3n: \u00abPens\u00e9 en&#8230;\u00bb<\/h5>\n<\/div>\n<p><\/a><\/div>\n<p>The post <a href=\"https:\/\/www.paparazzi.com.ar\/teve\/marisa-brel-sufrio-un-grave-accidente-en-su-casa-y-preocupa-su-salud-se-resbalo-y\/\">Marisa Brel sufri\u00f3 un grave accidente en su casa y preocupa su salud: &quot;Se resbal\u00f3 y&#8230;&quot;<\/a> appeared first on <a href=\"https:\/\/www.paparazzi.com.ar\">Revista Paparazzi<\/a>.<\/p>\n","protected":false},"excerpt":{"rendered":"<p>La periodista Marisa Brel vivi\u00f3 un gran susto en las \u00faltimas horas tras sufrir un<\/p>\n","protected":false},"author":0,"featured_media":6387,"comment_status":"","ping_status":"","sticky":false,"template":"","format":"standard","meta":{"footnotes":""},"categories":[11],"tags":[],"class_list":["post-6386","post","type-post","status-publish","format-standard","has-post-thumbnail","hentry","category-destacadas"],"yoast_head":"<!-- This site is optimized with the Yoast SEO plugin v27.4 - https:\/\/yoast.com\/product\/yoast-seo-wordpress\/ -->\n<title>Marisa Brel sufri\u00f3 un grave accidente en su casa y preocupa su salud: &quot;Se resbal\u00f3 y...&quot; - Fm Gente<\/title>\n<meta name=\"robots\" content=\"index, follow, max-snippet:-1, max-image-preview:large, max-video-preview:-1\" \/>\n<link rel=\"canonical\" href=\"https:\/\/fmgente.com.ar\/web\/marisa-brel-sufrio-un-grave-accidente-en-su-casa-y-preocupa-su-salud-se-resbalo-y\/\" \/>\n<meta property=\"og:locale\" content=\"es_ES\" \/>\n<meta property=\"og:type\" content=\"article\" \/>\n<meta property=\"og:title\" content=\"Marisa Brel sufri\u00f3 un grave accidente en su casa y preocupa su salud: &quot;Se resbal\u00f3 y...&quot; - Fm Gente\" \/>\n<meta property=\"og:description\" content=\"La periodista Marisa Brel vivi\u00f3 un gran susto en las \u00faltimas horas tras sufrir un\" \/>\n<meta property=\"og:url\" content=\"https:\/\/fmgente.com.ar\/web\/marisa-brel-sufrio-un-grave-accidente-en-su-casa-y-preocupa-su-salud-se-resbalo-y\/\" \/>\n<meta property=\"og:site_name\" content=\"Fm Gente\" \/>\n<meta property=\"article:published_time\" content=\"2025-10-08T21:06:29+00:00\" \/>\n<meta property=\"og:image\" content=\"https:\/\/fmgente.com.ar\/web\/wp-content\/uploads\/2025\/10\/Thiago-Medina-Daniela-359x226-14.jpg\" \/>\n\t<meta property=\"og:image:width\" content=\"359\" \/>\n\t<meta property=\"og:image:height\" content=\"226\" \/>\n\t<meta property=\"og:image:type\" content=\"image\/jpeg\" \/>\n<meta name=\"twitter:card\" content=\"summary_large_image\" \/>\n<meta name=\"twitter:label1\" content=\"Tiempo de lectura\" \/>\n\t<meta name=\"twitter:data1\" content=\"2 minutos\" \/>\n<script type=\"application\/ld+json\" class=\"yoast-schema-graph\">{\"@context\":\"https:\\\/\\\/schema.org\",\"@graph\":[{\"@type\":\"Article\",\"@id\":\"https:\\\/\\\/fmgente.com.ar\\\/web\\\/marisa-brel-sufrio-un-grave-accidente-en-su-casa-y-preocupa-su-salud-se-resbalo-y\\\/#article\",\"isPartOf\":{\"@id\":\"https:\\\/\\\/fmgente.com.ar\\\/web\\\/marisa-brel-sufrio-un-grave-accidente-en-su-casa-y-preocupa-su-salud-se-resbalo-y\\\/\"},\"author\":{\"name\":\"\",\"@id\":\"\"},\"headline\":\"Marisa Brel sufri\u00f3 un grave accidente en su casa y preocupa su salud: &quot;Se resbal\u00f3 y&#8230;&quot;\",\"datePublished\":\"2025-10-08T21:06:29+00:00\",\"mainEntityOfPage\":{\"@id\":\"https:\\\/\\\/fmgente.com.ar\\\/web\\\/marisa-brel-sufrio-un-grave-accidente-en-su-casa-y-preocupa-su-salud-se-resbalo-y\\\/\"},\"wordCount\":456,\"publisher\":{\"@id\":\"https:\\\/\\\/fmgente.com.ar\\\/web\\\/#organization\"},\"image\":{\"@id\":\"https:\\\/\\\/fmgente.com.ar\\\/web\\\/marisa-brel-sufrio-un-grave-accidente-en-su-casa-y-preocupa-su-salud-se-resbalo-y\\\/#primaryimage\"},\"thumbnailUrl\":\"https:\\\/\\\/fmgente.com.ar\\\/web\\\/wp-content\\\/uploads\\\/2025\\\/10\\\/Thiago-Medina-Daniela-359x226-14.jpg\",\"articleSection\":[\"DESTACADAS\"],\"inLanguage\":\"es\"},{\"@type\":\"WebPage\",\"@id\":\"https:\\\/\\\/fmgente.com.ar\\\/web\\\/marisa-brel-sufrio-un-grave-accidente-en-su-casa-y-preocupa-su-salud-se-resbalo-y\\\/\",\"url\":\"https:\\\/\\\/fmgente.com.ar\\\/web\\\/marisa-brel-sufrio-un-grave-accidente-en-su-casa-y-preocupa-su-salud-se-resbalo-y\\\/\",\"name\":\"Marisa Brel sufri\u00f3 un grave accidente en su casa y preocupa su salud: &quot;Se resbal\u00f3 y...&quot; - Fm Gente\",\"isPartOf\":{\"@id\":\"https:\\\/\\\/fmgente.com.ar\\\/web\\\/#website\"},\"primaryImageOfPage\":{\"@id\":\"https:\\\/\\\/fmgente.com.ar\\\/web\\\/marisa-brel-sufrio-un-grave-accidente-en-su-casa-y-preocupa-su-salud-se-resbalo-y\\\/#primaryimage\"},\"image\":{\"@id\":\"https:\\\/\\\/fmgente.com.ar\\\/web\\\/marisa-brel-sufrio-un-grave-accidente-en-su-casa-y-preocupa-su-salud-se-resbalo-y\\\/#primaryimage\"},\"thumbnailUrl\":\"https:\\\/\\\/fmgente.com.ar\\\/web\\\/wp-content\\\/uploads\\\/2025\\\/10\\\/Thiago-Medina-Daniela-359x226-14.jpg\",\"datePublished\":\"2025-10-08T21:06:29+00:00\",\"inLanguage\":\"es\",\"potentialAction\":[{\"@type\":\"ReadAction\",\"target\":[\"https:\\\/\\\/fmgente.com.ar\\\/web\\\/marisa-brel-sufrio-un-grave-accidente-en-su-casa-y-preocupa-su-salud-se-resbalo-y\\\/\"]}]},{\"@type\":\"ImageObject\",\"inLanguage\":\"es\",\"@id\":\"https:\\\/\\\/fmgente.com.ar\\\/web\\\/marisa-brel-sufrio-un-grave-accidente-en-su-casa-y-preocupa-su-salud-se-resbalo-y\\\/#primaryimage\",\"url\":\"https:\\\/\\\/fmgente.com.ar\\\/web\\\/wp-content\\\/uploads\\\/2025\\\/10\\\/Thiago-Medina-Daniela-359x226-14.jpg\",\"contentUrl\":\"https:\\\/\\\/fmgente.com.ar\\\/web\\\/wp-content\\\/uploads\\\/2025\\\/10\\\/Thiago-Medina-Daniela-359x226-14.jpg\",\"width\":359,\"height\":226},{\"@type\":\"WebSite\",\"@id\":\"https:\\\/\\\/fmgente.com.ar\\\/web\\\/#website\",\"url\":\"https:\\\/\\\/fmgente.com.ar\\\/web\\\/\",\"name\":\"Fm Gente\",\"description\":\"- Jes\u00fas Mar\u00eda\",\"publisher\":{\"@id\":\"https:\\\/\\\/fmgente.com.ar\\\/web\\\/#organization\"},\"potentialAction\":[{\"@type\":\"SearchAction\",\"target\":{\"@type\":\"EntryPoint\",\"urlTemplate\":\"https:\\\/\\\/fmgente.com.ar\\\/web\\\/?s={search_term_string}\"},\"query-input\":{\"@type\":\"PropertyValueSpecification\",\"valueRequired\":true,\"valueName\":\"search_term_string\"}}],\"inLanguage\":\"es\"},{\"@type\":\"Organization\",\"@id\":\"https:\\\/\\\/fmgente.com.ar\\\/web\\\/#organization\",\"name\":\"Fm Gente\",\"url\":\"https:\\\/\\\/fmgente.com.ar\\\/web\\\/\",\"logo\":{\"@type\":\"ImageObject\",\"inLanguage\":\"es\",\"@id\":\"https:\\\/\\\/fmgente.com.ar\\\/web\\\/#\\\/schema\\\/logo\\\/image\\\/\",\"url\":\"https:\\\/\\\/fmgente.com.ar\\\/web\\\/wp-content\\\/uploads\\\/2023\\\/07\\\/cropped-cropped-logo-sombra2.png\",\"contentUrl\":\"https:\\\/\\\/fmgente.com.ar\\\/web\\\/wp-content\\\/uploads\\\/2023\\\/07\\\/cropped-cropped-logo-sombra2.png\",\"width\":1782,\"height\":1782,\"caption\":\"Fm Gente\"},\"image\":{\"@id\":\"https:\\\/\\\/fmgente.com.ar\\\/web\\\/#\\\/schema\\\/logo\\\/image\\\/\"}}]}<\/script>\n<!-- \/ Yoast SEO plugin. -->","yoast_head_json":{"title":"Marisa Brel sufri\u00f3 un grave accidente en su casa y preocupa su salud: &quot;Se resbal\u00f3 y...&quot; - Fm Gente","robots":{"index":"index","follow":"follow","max-snippet":"max-snippet:-1","max-image-preview":"max-image-preview:large","max-video-preview":"max-video-preview:-1"},"canonical":"https:\/\/fmgente.com.ar\/web\/marisa-brel-sufrio-un-grave-accidente-en-su-casa-y-preocupa-su-salud-se-resbalo-y\/","og_locale":"es_ES","og_type":"article","og_title":"Marisa Brel sufri\u00f3 un grave accidente en su casa y preocupa su salud: &quot;Se resbal\u00f3 y...&quot; - Fm Gente","og_description":"La periodista Marisa Brel vivi\u00f3 un gran susto en las \u00faltimas horas tras sufrir un","og_url":"https:\/\/fmgente.com.ar\/web\/marisa-brel-sufrio-un-grave-accidente-en-su-casa-y-preocupa-su-salud-se-resbalo-y\/","og_site_name":"Fm Gente","article_published_time":"2025-10-08T21:06:29+00:00","og_image":[{"width":359,"height":226,"url":"https:\/\/fmgente.com.ar\/web\/wp-content\/uploads\/2025\/10\/Thiago-Medina-Daniela-359x226-14.jpg","type":"image\/jpeg"}],"twitter_card":"summary_large_image","twitter_misc":{"Tiempo de lectura":"2 minutos"},"schema":{"@context":"https:\/\/schema.org","@graph":[{"@type":"Article","@id":"https:\/\/fmgente.com.ar\/web\/marisa-brel-sufrio-un-grave-accidente-en-su-casa-y-preocupa-su-salud-se-resbalo-y\/#article","isPartOf":{"@id":"https:\/\/fmgente.com.ar\/web\/marisa-brel-sufrio-un-grave-accidente-en-su-casa-y-preocupa-su-salud-se-resbalo-y\/"},"author":{"name":"","@id":""},"headline":"Marisa Brel sufri\u00f3 un grave accidente en su casa y preocupa su salud: &quot;Se resbal\u00f3 y&#8230;&quot;","datePublished":"2025-10-08T21:06:29+00:00","mainEntityOfPage":{"@id":"https:\/\/fmgente.com.ar\/web\/marisa-brel-sufrio-un-grave-accidente-en-su-casa-y-preocupa-su-salud-se-resbalo-y\/"},"wordCount":456,"publisher":{"@id":"https:\/\/fmgente.com.ar\/web\/#organization"},"image":{"@id":"https:\/\/fmgente.com.ar\/web\/marisa-brel-sufrio-un-grave-accidente-en-su-casa-y-preocupa-su-salud-se-resbalo-y\/#primaryimage"},"thumbnailUrl":"https:\/\/fmgente.com.ar\/web\/wp-content\/uploads\/2025\/10\/Thiago-Medina-Daniela-359x226-14.jpg","articleSection":["DESTACADAS"],"inLanguage":"es"},{"@type":"WebPage","@id":"https:\/\/fmgente.com.ar\/web\/marisa-brel-sufrio-un-grave-accidente-en-su-casa-y-preocupa-su-salud-se-resbalo-y\/","url":"https:\/\/fmgente.com.ar\/web\/marisa-brel-sufrio-un-grave-accidente-en-su-casa-y-preocupa-su-salud-se-resbalo-y\/","name":"Marisa Brel sufri\u00f3 un grave accidente en su casa y preocupa su salud: &quot;Se resbal\u00f3 y...&quot; - Fm Gente","isPartOf":{"@id":"https:\/\/fmgente.com.ar\/web\/#website"},"primaryImageOfPage":{"@id":"https:\/\/fmgente.com.ar\/web\/marisa-brel-sufrio-un-grave-accidente-en-su-casa-y-preocupa-su-salud-se-resbalo-y\/#primaryimage"},"image":{"@id":"https:\/\/fmgente.com.ar\/web\/marisa-brel-sufrio-un-grave-accidente-en-su-casa-y-preocupa-su-salud-se-resbalo-y\/#primaryimage"},"thumbnailUrl":"https:\/\/fmgente.com.ar\/web\/wp-content\/uploads\/2025\/10\/Thiago-Medina-Daniela-359x226-14.jpg","datePublished":"2025-10-08T21:06:29+00:00","inLanguage":"es","potentialAction":[{"@type":"ReadAction","target":["https:\/\/fmgente.com.ar\/web\/marisa-brel-sufrio-un-grave-accidente-en-su-casa-y-preocupa-su-salud-se-resbalo-y\/"]}]},{"@type":"ImageObject","inLanguage":"es","@id":"https:\/\/fmgente.com.ar\/web\/marisa-brel-sufrio-un-grave-accidente-en-su-casa-y-preocupa-su-salud-se-resbalo-y\/#primaryimage","url":"https:\/\/fmgente.com.ar\/web\/wp-content\/uploads\/2025\/10\/Thiago-Medina-Daniela-359x226-14.jpg","contentUrl":"https:\/\/fmgente.com.ar\/web\/wp-content\/uploads\/2025\/10\/Thiago-Medina-Daniela-359x226-14.jpg","width":359,"height":226},{"@type":"WebSite","@id":"https:\/\/fmgente.com.ar\/web\/#website","url":"https:\/\/fmgente.com.ar\/web\/","name":"Fm Gente","description":"- Jes\u00fas Mar\u00eda","publisher":{"@id":"https:\/\/fmgente.com.ar\/web\/#organization"},"potentialAction":[{"@type":"SearchAction","target":{"@type":"EntryPoint","urlTemplate":"https:\/\/fmgente.com.ar\/web\/?s={search_term_string}"},"query-input":{"@type":"PropertyValueSpecification","valueRequired":true,"valueName":"search_term_string"}}],"inLanguage":"es"},{"@type":"Organization","@id":"https:\/\/fmgente.com.ar\/web\/#organization","name":"Fm Gente","url":"https:\/\/fmgente.com.ar\/web\/","logo":{"@type":"ImageObject","inLanguage":"es","@id":"https:\/\/fmgente.com.ar\/web\/#\/schema\/logo\/image\/","url":"https:\/\/fmgente.com.ar\/web\/wp-content\/uploads\/2023\/07\/cropped-cropped-logo-sombra2.png","contentUrl":"https:\/\/fmgente.com.ar\/web\/wp-content\/uploads\/2023\/07\/cropped-cropped-logo-sombra2.png","width":1782,"height":1782,"caption":"Fm Gente"},"image":{"@id":"https:\/\/fmgente.com.ar\/web\/#\/schema\/logo\/image\/"}}]}},"_links":{"self":[{"href":"https:\/\/fmgente.com.ar\/web\/wp-json\/wp\/v2\/posts\/6386","targetHints":{"allow":["GET"]}}],"collection":[{"href":"https:\/\/fmgente.com.ar\/web\/wp-json\/wp\/v2\/posts"}],"about":[{"href":"https:\/\/fmgente.com.ar\/web\/wp-json\/wp\/v2\/types\/post"}],"replies":[{"embeddable":true,"href":"https:\/\/fmgente.com.ar\/web\/wp-json\/wp\/v2\/comments?post=6386"}],"version-history":[{"count":0,"href":"https:\/\/fmgente.com.ar\/web\/wp-json\/wp\/v2\/posts\/6386\/revisions"}],"wp:featuredmedia":[{"embeddable":true,"href":"https:\/\/fmgente.com.ar\/web\/wp-json\/wp\/v2\/media\/6387"}],"wp:attachment":[{"href":"https:\/\/fmgente.com.ar\/web\/wp-json\/wp\/v2\/media?parent=6386"}],"wp:term":[{"taxonomy":"category","embeddable":true,"href":"https:\/\/fmgente.com.ar\/web\/wp-json\/wp\/v2\/categories?post=6386"},{"taxonomy":"post_tag","embeddable":true,"href":"https:\/\/fmgente.com.ar\/web\/wp-json\/wp\/v2\/tags?post=6386"}],"curies":[{"name":"wp","href":"https:\/\/api.w.org\/{rel}","templated":true}]}}