{"id":6384,"date":"2025-10-08T18:06:25","date_gmt":"2025-10-08T21:06:25","guid":{"rendered":"https:\/\/fmgente.com.ar\/maria-belen-luduena-envuelta-en-otra-fuerte-polemica-levantan-su-programa-y-filtran-un-duro-mensaje-que-mando-a-sus-companeras\/"},"modified":"2025-10-08T18:06:25","modified_gmt":"2025-10-08T21:06:25","slug":"maria-belen-luduena-envuelta-en-otra-fuerte-polemica-levantan-su-programa-y-filtran-un-duro-mensaje-que-mando-a-sus-companeras","status":"publish","type":"post","link":"https:\/\/fmgente.com.ar\/web\/maria-belen-luduena-envuelta-en-otra-fuerte-polemica-levantan-su-programa-y-filtran-un-duro-mensaje-que-mando-a-sus-companeras\/","title":{"rendered":"Mar\u00eda Bel\u00e9n Ludue\u00f1a envuelta en otra fuerte pol\u00e9mica: levantan su programa y filtran un duro mensaje que mand\u00f3 a sus compa\u00f1eras"},"content":{"rendered":"<p>Ni por el rating, ni por las primicias (que las tuvo) ni por las notas explosivas (que tambi\u00e9n las consigui\u00f3) ni por ninguna otra cosa que no sean las peleas y las pol\u00e9micas que protagoniz\u00f3 su conductora ser\u00e1 recordado \u00abMujeres Argentinas\u00bb una vez que salga -ahora, cuando termine octubre- del aire de Canal 13. Si bien alcanz\u00f3 n\u00fameros medianamente acordes a lo que ven\u00eda marcando la ma\u00f1ana de la emisora y dio bombazos y buenos testimonios, la que se llev\u00f3 el protagonismo, de principio a fin, fue Mar\u00eda Bel\u00e9n Ludue\u00f1a.<\/p>\n<p>S\u00ed, desde que empez\u00f3 el 10 de marzo hasta estas semanas de octubre en las que transita sus cap\u00edtulos finales de emisi\u00f3n Ludue\u00f1a fue \u00abgenia y figura\u00bb del env\u00edo y protagoniz\u00f3 momentos recontra controversiales a lo largo de su desarrollo. El primero deriv\u00f3 en la salida de Evelyn Von Brocke del panel. El m\u00e1s reciente fue dado a conocer por la misma Evelyn, quien cuestion\u00f3 el mensaje que mand\u00f3 a sus compa\u00f1eras para avisar que se terminaba el programa. En el medio, el m\u00e1s sensible y ruidoso que tuvo: tras una nota a su propio marido, el jefe de gobierno porte\u00f1o Jorge Macri, se puso a llorar al aire y cont\u00f3 de su lucha por ser mam\u00e1.<\/p>\n<p>Seg\u00fan cont\u00f3 Evelyn, quien desde su salida de Mujeres argentinas se sum\u00f3 al panel de Los Profesionales en Canal 9, las otras chicas del programa quedaron \u00abanonadadas\u00bb cuando recibieron un mensaje \u00abmuy frio y muy impersonal\u00bb de Ludue\u00f1a para avisarles que el programa no iba m\u00e1s y que, probablemente, se quedar\u00e1n sin trabajo. A Von Brocke le preguntaron \u00abQu\u00e9 pens\u00e1s de Mar\u00eda Bel\u00e9n Ludue\u00f1a y todo este movimiento\u00bb y su respuesta gener\u00f3 sorpresa.<\/p>\n<div class=\"mt-box \">\n<h4 class=\"mt-heading\">Mir\u00e1 Tambi\u00e9n<\/h4>\n<p><a href=\"https:\/\/www.paparazzi.com.ar\/teve\/escandalo-total-en-tn-con-el-meteorologo-matias-bertolotti-por-sus-ofensas-a-la-peregrinacion-a-la-virgen-de-lujan\/\"><\/p>\n<div class=\"mt-content\">\n<div class=\"mt-image-container\"><img decoding=\"async\" src=\"https:\/\/www.paparazzi.com.ar\/wp-content\/uploads\/2025\/10\/Bertolotti-TN-1-359x226.jpg\" alt=\"Esc\u00e1ndalo en TN con el meteor\u00f3logo Mat\u00edas Bertolotti por sus ofensas a la peregrinaci\u00f3n a la Virgen de Luj\u00e1n\" class=\"mt-image\" loading=\"lazy\" \/><\/div>\n<h5 class=\"mt-title\">Esc\u00e1ndalo en TN con el meteor\u00f3logo Mat\u00edas Bertolotti por sus ofensas a la peregrinaci\u00f3n a la Virgen de Luj\u00e1n<\/h5>\n<\/div>\n<p><\/a><\/div>\n<p>\u00abEn realidad -contest\u00f3 la rubia- lo que m\u00e1s me molest\u00f3 fue el mensaje que mand\u00f3 para avisar para irse a otro programa del canal y sin mencionar a sus compa\u00f1eras\u00bb. Despu\u00e9s, agarr\u00f3 el celular y ley\u00f3 el mensaje, porque evidentemente sigue en contacto con sus ex compa\u00f1eras y se lo mandaron. \u00abChicas: yo paso a la tarde porque el canal me pidi\u00f3 ir en ese horario\u00bb dijo.<\/p>\n<h2 class=\"wp-block-heading\">MARIA BELEN LUDUE\u00d1A ENVUELTA EN OTRA POLEMICA<\/h2>\n<p>Despu\u00e9s, sigui\u00f3: \u00abEsper\u00e9 a que lo comunique oficialmente El 13 porque fue lo que me pidieron\u00bb. All\u00ed, seg\u00fan Evelyn, se termin\u00f3 la comunicaci\u00f3n. \u00abNo habl\u00e9 con mis compa\u00f1eros. Habl\u00e9 m\u00e1s que nada con productores y productoras, gente de atr\u00e1s de c\u00e1mara, porque un programa de televisi\u00f3n se hace con todos. Remaron y remaron y despu\u00e9s los abandonaron\u00bb.<\/p>\n<p>Seg\u00fan cont\u00f3 Evelyn al programa de stream \u00abYa fue todo\u00bb, \u00abLas chicas dijeron \u00bf\u00bbWhat\u00bb? \u00bfY el resto? Y si la conductora no plantea a ver qu\u00e9 grupo viene o tratar de ayudar desde lo laboral no s\u00e9, al menos lo viv\u00ed as\u00ed con otros conductores que han tratado de recomendar. Tal vez ella lo hizo\u00bb. Efectivamente, Mujeres Argentinas y Bel\u00e9n Ludue\u00f1a saldr\u00e1n del aire para que llegue Moria Cas\u00e1n al mismo horario, dicen, con un programa similar. Antes de eso, la marplatense se ir\u00e1 de vacaciones para \u00aboxigenar su figura\u00bb y volver ya para conducir un ciclo vespertino en el horario que era de Pampita. <\/p>\n<div class=\"mt-box \">\n<h4 class=\"mt-heading\">Mir\u00e1 Tambi\u00e9n<\/h4>\n<p><a href=\"https:\/\/www.paparazzi.com.ar\/teve\/conmocion-en-el-triple-femicidio-de-florencio-varela-la-acusacion-de-la-mama-de-morena-contra-la-hermana-de-lara-que-cambia-todo\/\"><\/p>\n<div class=\"mt-content\">\n<div class=\"mt-image-container\"><img decoding=\"async\" src=\"https:\/\/www.paparazzi.com.ar\/wp-content\/uploads\/2025\/10\/Lara-Morena-1-359x226.jpg\" alt=\"Conmoci\u00f3n en el triple femicidio de Florencio Varela: la acusaci\u00f3n de la mam\u00e1 de Morena contra la hermana de Lara que cambia todo\" class=\"mt-image\" loading=\"lazy\" \/><\/div>\n<h5 class=\"mt-title\">Conmoci\u00f3n en el triple femicidio de Florencio Varela: la acusaci\u00f3n de la mam\u00e1 de Morena contra la hermana de Lara que cambia todo<\/h5>\n<\/div>\n<p><\/a><\/div>\n<div class=\"mt-box \">\n<h4 class=\"mt-heading\">Mir\u00e1 Tambi\u00e9n<\/h4>\n<p><a href=\"https:\/\/www.paparazzi.com.ar\/teve\/filtraron-el-primer-eliminado-de-masterchef-y-se-armo-un-lio-tremendo-se-fue-llorando-muy-mal\/\"><\/p>\n<div class=\"mt-content\">\n<div class=\"mt-image-container\"><img decoding=\"async\" src=\"https:\/\/www.paparazzi.com.ar\/wp-content\/uploads\/2025\/10\/Masterchef-aper-1-359x226.jpg\" alt=\"Filtraron el primer eliminado de Masterchef y se arm\u00f3 un l\u00edo tremendo: &quot;Se fue llorando muy mal&quot;\" class=\"mt-image\" loading=\"lazy\" \/><\/div>\n<h5 class=\"mt-title\">Filtraron el primer eliminado de Masterchef y se arm\u00f3 un l\u00edo tremendo: \u00abSe fue llorando muy mal\u00bb<\/h5>\n<\/div>\n<p><\/a><\/div>\n<p>The post <a href=\"https:\/\/www.paparazzi.com.ar\/teve\/maria-belen-luduena-envuelta-en-otra-fuerte-polemica-levantan-su-programa-y-filtran-un-duro-mensaje-que-mando-a-sus-companeras\/\">Mar\u00eda Bel\u00e9n Ludue\u00f1a envuelta en otra fuerte pol\u00e9mica: levantan su programa y filtran un duro mensaje que mand\u00f3 a sus compa\u00f1eras<\/a> appeared first on <a href=\"https:\/\/www.paparazzi.com.ar\">Revista Paparazzi<\/a>.<\/p>\n","protected":false},"excerpt":{"rendered":"<p>Ni por el rating, ni por las primicias (que las tuvo) ni por las notas<\/p>\n","protected":false},"author":0,"featured_media":6385,"comment_status":"","ping_status":"","sticky":false,"template":"","format":"standard","meta":{"footnotes":""},"categories":[11],"tags":[],"class_list":["post-6384","post","type-post","status-publish","format-standard","has-post-thumbnail","hentry","category-destacadas"],"yoast_head":"<!-- This site is optimized with the Yoast SEO plugin v27.4 - https:\/\/yoast.com\/product\/yoast-seo-wordpress\/ -->\n<title>Mar\u00eda Bel\u00e9n Ludue\u00f1a envuelta en otra fuerte pol\u00e9mica: levantan su programa y filtran un duro mensaje que mand\u00f3 a sus compa\u00f1eras - Fm Gente<\/title>\n<meta name=\"robots\" content=\"index, follow, max-snippet:-1, max-image-preview:large, max-video-preview:-1\" \/>\n<link rel=\"canonical\" href=\"https:\/\/fmgente.com.ar\/web\/maria-belen-luduena-envuelta-en-otra-fuerte-polemica-levantan-su-programa-y-filtran-un-duro-mensaje-que-mando-a-sus-companeras\/\" \/>\n<meta property=\"og:locale\" content=\"es_ES\" \/>\n<meta property=\"og:type\" content=\"article\" \/>\n<meta property=\"og:title\" content=\"Mar\u00eda Bel\u00e9n Ludue\u00f1a envuelta en otra fuerte pol\u00e9mica: levantan su programa y filtran un duro mensaje que mand\u00f3 a sus compa\u00f1eras - Fm Gente\" \/>\n<meta property=\"og:description\" content=\"Ni por el rating, ni por las primicias (que las tuvo) ni por las notas\" \/>\n<meta property=\"og:url\" content=\"https:\/\/fmgente.com.ar\/web\/maria-belen-luduena-envuelta-en-otra-fuerte-polemica-levantan-su-programa-y-filtran-un-duro-mensaje-que-mando-a-sus-companeras\/\" \/>\n<meta property=\"og:site_name\" content=\"Fm Gente\" \/>\n<meta property=\"article:published_time\" content=\"2025-10-08T21:06:25+00:00\" \/>\n<meta property=\"og:image\" content=\"https:\/\/fmgente.com.ar\/web\/wp-content\/uploads\/2025\/10\/Bertolotti-TN-1-359x226-2.jpg\" \/>\n\t<meta property=\"og:image:width\" content=\"359\" \/>\n\t<meta property=\"og:image:height\" content=\"226\" \/>\n\t<meta property=\"og:image:type\" content=\"image\/jpeg\" \/>\n<meta name=\"twitter:card\" content=\"summary_large_image\" \/>\n<meta name=\"twitter:label1\" content=\"Tiempo de lectura\" \/>\n\t<meta name=\"twitter:data1\" content=\"3 minutos\" \/>\n<script type=\"application\/ld+json\" class=\"yoast-schema-graph\">{\"@context\":\"https:\\\/\\\/schema.org\",\"@graph\":[{\"@type\":\"Article\",\"@id\":\"https:\\\/\\\/fmgente.com.ar\\\/web\\\/maria-belen-luduena-envuelta-en-otra-fuerte-polemica-levantan-su-programa-y-filtran-un-duro-mensaje-que-mando-a-sus-companeras\\\/#article\",\"isPartOf\":{\"@id\":\"https:\\\/\\\/fmgente.com.ar\\\/web\\\/maria-belen-luduena-envuelta-en-otra-fuerte-polemica-levantan-su-programa-y-filtran-un-duro-mensaje-que-mando-a-sus-companeras\\\/\"},\"author\":{\"name\":\"\",\"@id\":\"\"},\"headline\":\"Mar\u00eda Bel\u00e9n Ludue\u00f1a envuelta en otra fuerte pol\u00e9mica: levantan su programa y filtran un duro mensaje que mand\u00f3 a sus compa\u00f1eras\",\"datePublished\":\"2025-10-08T21:06:25+00:00\",\"mainEntityOfPage\":{\"@id\":\"https:\\\/\\\/fmgente.com.ar\\\/web\\\/maria-belen-luduena-envuelta-en-otra-fuerte-polemica-levantan-su-programa-y-filtran-un-duro-mensaje-que-mando-a-sus-companeras\\\/\"},\"wordCount\":690,\"publisher\":{\"@id\":\"https:\\\/\\\/fmgente.com.ar\\\/web\\\/#organization\"},\"image\":{\"@id\":\"https:\\\/\\\/fmgente.com.ar\\\/web\\\/maria-belen-luduena-envuelta-en-otra-fuerte-polemica-levantan-su-programa-y-filtran-un-duro-mensaje-que-mando-a-sus-companeras\\\/#primaryimage\"},\"thumbnailUrl\":\"https:\\\/\\\/fmgente.com.ar\\\/web\\\/wp-content\\\/uploads\\\/2025\\\/10\\\/Bertolotti-TN-1-359x226-2.jpg\",\"articleSection\":[\"DESTACADAS\"],\"inLanguage\":\"es\"},{\"@type\":\"WebPage\",\"@id\":\"https:\\\/\\\/fmgente.com.ar\\\/web\\\/maria-belen-luduena-envuelta-en-otra-fuerte-polemica-levantan-su-programa-y-filtran-un-duro-mensaje-que-mando-a-sus-companeras\\\/\",\"url\":\"https:\\\/\\\/fmgente.com.ar\\\/web\\\/maria-belen-luduena-envuelta-en-otra-fuerte-polemica-levantan-su-programa-y-filtran-un-duro-mensaje-que-mando-a-sus-companeras\\\/\",\"name\":\"Mar\u00eda Bel\u00e9n Ludue\u00f1a envuelta en otra fuerte pol\u00e9mica: levantan su programa y filtran un duro mensaje que mand\u00f3 a sus compa\u00f1eras - Fm Gente\",\"isPartOf\":{\"@id\":\"https:\\\/\\\/fmgente.com.ar\\\/web\\\/#website\"},\"primaryImageOfPage\":{\"@id\":\"https:\\\/\\\/fmgente.com.ar\\\/web\\\/maria-belen-luduena-envuelta-en-otra-fuerte-polemica-levantan-su-programa-y-filtran-un-duro-mensaje-que-mando-a-sus-companeras\\\/#primaryimage\"},\"image\":{\"@id\":\"https:\\\/\\\/fmgente.com.ar\\\/web\\\/maria-belen-luduena-envuelta-en-otra-fuerte-polemica-levantan-su-programa-y-filtran-un-duro-mensaje-que-mando-a-sus-companeras\\\/#primaryimage\"},\"thumbnailUrl\":\"https:\\\/\\\/fmgente.com.ar\\\/web\\\/wp-content\\\/uploads\\\/2025\\\/10\\\/Bertolotti-TN-1-359x226-2.jpg\",\"datePublished\":\"2025-10-08T21:06:25+00:00\",\"inLanguage\":\"es\",\"potentialAction\":[{\"@type\":\"ReadAction\",\"target\":[\"https:\\\/\\\/fmgente.com.ar\\\/web\\\/maria-belen-luduena-envuelta-en-otra-fuerte-polemica-levantan-su-programa-y-filtran-un-duro-mensaje-que-mando-a-sus-companeras\\\/\"]}]},{\"@type\":\"ImageObject\",\"inLanguage\":\"es\",\"@id\":\"https:\\\/\\\/fmgente.com.ar\\\/web\\\/maria-belen-luduena-envuelta-en-otra-fuerte-polemica-levantan-su-programa-y-filtran-un-duro-mensaje-que-mando-a-sus-companeras\\\/#primaryimage\",\"url\":\"https:\\\/\\\/fmgente.com.ar\\\/web\\\/wp-content\\\/uploads\\\/2025\\\/10\\\/Bertolotti-TN-1-359x226-2.jpg\",\"contentUrl\":\"https:\\\/\\\/fmgente.com.ar\\\/web\\\/wp-content\\\/uploads\\\/2025\\\/10\\\/Bertolotti-TN-1-359x226-2.jpg\",\"width\":359,\"height\":226},{\"@type\":\"WebSite\",\"@id\":\"https:\\\/\\\/fmgente.com.ar\\\/web\\\/#website\",\"url\":\"https:\\\/\\\/fmgente.com.ar\\\/web\\\/\",\"name\":\"Fm Gente\",\"description\":\"- Jes\u00fas Mar\u00eda\",\"publisher\":{\"@id\":\"https:\\\/\\\/fmgente.com.ar\\\/web\\\/#organization\"},\"potentialAction\":[{\"@type\":\"SearchAction\",\"target\":{\"@type\":\"EntryPoint\",\"urlTemplate\":\"https:\\\/\\\/fmgente.com.ar\\\/web\\\/?s={search_term_string}\"},\"query-input\":{\"@type\":\"PropertyValueSpecification\",\"valueRequired\":true,\"valueName\":\"search_term_string\"}}],\"inLanguage\":\"es\"},{\"@type\":\"Organization\",\"@id\":\"https:\\\/\\\/fmgente.com.ar\\\/web\\\/#organization\",\"name\":\"Fm Gente\",\"url\":\"https:\\\/\\\/fmgente.com.ar\\\/web\\\/\",\"logo\":{\"@type\":\"ImageObject\",\"inLanguage\":\"es\",\"@id\":\"https:\\\/\\\/fmgente.com.ar\\\/web\\\/#\\\/schema\\\/logo\\\/image\\\/\",\"url\":\"https:\\\/\\\/fmgente.com.ar\\\/web\\\/wp-content\\\/uploads\\\/2023\\\/07\\\/cropped-cropped-logo-sombra2.png\",\"contentUrl\":\"https:\\\/\\\/fmgente.com.ar\\\/web\\\/wp-content\\\/uploads\\\/2023\\\/07\\\/cropped-cropped-logo-sombra2.png\",\"width\":1782,\"height\":1782,\"caption\":\"Fm Gente\"},\"image\":{\"@id\":\"https:\\\/\\\/fmgente.com.ar\\\/web\\\/#\\\/schema\\\/logo\\\/image\\\/\"}}]}<\/script>\n<!-- \/ Yoast SEO plugin. -->","yoast_head_json":{"title":"Mar\u00eda Bel\u00e9n Ludue\u00f1a envuelta en otra fuerte pol\u00e9mica: levantan su programa y filtran un duro mensaje que mand\u00f3 a sus compa\u00f1eras - Fm Gente","robots":{"index":"index","follow":"follow","max-snippet":"max-snippet:-1","max-image-preview":"max-image-preview:large","max-video-preview":"max-video-preview:-1"},"canonical":"https:\/\/fmgente.com.ar\/web\/maria-belen-luduena-envuelta-en-otra-fuerte-polemica-levantan-su-programa-y-filtran-un-duro-mensaje-que-mando-a-sus-companeras\/","og_locale":"es_ES","og_type":"article","og_title":"Mar\u00eda Bel\u00e9n Ludue\u00f1a envuelta en otra fuerte pol\u00e9mica: levantan su programa y filtran un duro mensaje que mand\u00f3 a sus compa\u00f1eras - Fm Gente","og_description":"Ni por el rating, ni por las primicias (que las tuvo) ni por las notas","og_url":"https:\/\/fmgente.com.ar\/web\/maria-belen-luduena-envuelta-en-otra-fuerte-polemica-levantan-su-programa-y-filtran-un-duro-mensaje-que-mando-a-sus-companeras\/","og_site_name":"Fm Gente","article_published_time":"2025-10-08T21:06:25+00:00","og_image":[{"width":359,"height":226,"url":"https:\/\/fmgente.com.ar\/web\/wp-content\/uploads\/2025\/10\/Bertolotti-TN-1-359x226-2.jpg","type":"image\/jpeg"}],"twitter_card":"summary_large_image","twitter_misc":{"Tiempo de lectura":"3 minutos"},"schema":{"@context":"https:\/\/schema.org","@graph":[{"@type":"Article","@id":"https:\/\/fmgente.com.ar\/web\/maria-belen-luduena-envuelta-en-otra-fuerte-polemica-levantan-su-programa-y-filtran-un-duro-mensaje-que-mando-a-sus-companeras\/#article","isPartOf":{"@id":"https:\/\/fmgente.com.ar\/web\/maria-belen-luduena-envuelta-en-otra-fuerte-polemica-levantan-su-programa-y-filtran-un-duro-mensaje-que-mando-a-sus-companeras\/"},"author":{"name":"","@id":""},"headline":"Mar\u00eda Bel\u00e9n Ludue\u00f1a envuelta en otra fuerte pol\u00e9mica: levantan su programa y filtran un duro mensaje que mand\u00f3 a sus compa\u00f1eras","datePublished":"2025-10-08T21:06:25+00:00","mainEntityOfPage":{"@id":"https:\/\/fmgente.com.ar\/web\/maria-belen-luduena-envuelta-en-otra-fuerte-polemica-levantan-su-programa-y-filtran-un-duro-mensaje-que-mando-a-sus-companeras\/"},"wordCount":690,"publisher":{"@id":"https:\/\/fmgente.com.ar\/web\/#organization"},"image":{"@id":"https:\/\/fmgente.com.ar\/web\/maria-belen-luduena-envuelta-en-otra-fuerte-polemica-levantan-su-programa-y-filtran-un-duro-mensaje-que-mando-a-sus-companeras\/#primaryimage"},"thumbnailUrl":"https:\/\/fmgente.com.ar\/web\/wp-content\/uploads\/2025\/10\/Bertolotti-TN-1-359x226-2.jpg","articleSection":["DESTACADAS"],"inLanguage":"es"},{"@type":"WebPage","@id":"https:\/\/fmgente.com.ar\/web\/maria-belen-luduena-envuelta-en-otra-fuerte-polemica-levantan-su-programa-y-filtran-un-duro-mensaje-que-mando-a-sus-companeras\/","url":"https:\/\/fmgente.com.ar\/web\/maria-belen-luduena-envuelta-en-otra-fuerte-polemica-levantan-su-programa-y-filtran-un-duro-mensaje-que-mando-a-sus-companeras\/","name":"Mar\u00eda Bel\u00e9n Ludue\u00f1a envuelta en otra fuerte pol\u00e9mica: levantan su programa y filtran un duro mensaje que mand\u00f3 a sus compa\u00f1eras - Fm Gente","isPartOf":{"@id":"https:\/\/fmgente.com.ar\/web\/#website"},"primaryImageOfPage":{"@id":"https:\/\/fmgente.com.ar\/web\/maria-belen-luduena-envuelta-en-otra-fuerte-polemica-levantan-su-programa-y-filtran-un-duro-mensaje-que-mando-a-sus-companeras\/#primaryimage"},"image":{"@id":"https:\/\/fmgente.com.ar\/web\/maria-belen-luduena-envuelta-en-otra-fuerte-polemica-levantan-su-programa-y-filtran-un-duro-mensaje-que-mando-a-sus-companeras\/#primaryimage"},"thumbnailUrl":"https:\/\/fmgente.com.ar\/web\/wp-content\/uploads\/2025\/10\/Bertolotti-TN-1-359x226-2.jpg","datePublished":"2025-10-08T21:06:25+00:00","inLanguage":"es","potentialAction":[{"@type":"ReadAction","target":["https:\/\/fmgente.com.ar\/web\/maria-belen-luduena-envuelta-en-otra-fuerte-polemica-levantan-su-programa-y-filtran-un-duro-mensaje-que-mando-a-sus-companeras\/"]}]},{"@type":"ImageObject","inLanguage":"es","@id":"https:\/\/fmgente.com.ar\/web\/maria-belen-luduena-envuelta-en-otra-fuerte-polemica-levantan-su-programa-y-filtran-un-duro-mensaje-que-mando-a-sus-companeras\/#primaryimage","url":"https:\/\/fmgente.com.ar\/web\/wp-content\/uploads\/2025\/10\/Bertolotti-TN-1-359x226-2.jpg","contentUrl":"https:\/\/fmgente.com.ar\/web\/wp-content\/uploads\/2025\/10\/Bertolotti-TN-1-359x226-2.jpg","width":359,"height":226},{"@type":"WebSite","@id":"https:\/\/fmgente.com.ar\/web\/#website","url":"https:\/\/fmgente.com.ar\/web\/","name":"Fm Gente","description":"- Jes\u00fas Mar\u00eda","publisher":{"@id":"https:\/\/fmgente.com.ar\/web\/#organization"},"potentialAction":[{"@type":"SearchAction","target":{"@type":"EntryPoint","urlTemplate":"https:\/\/fmgente.com.ar\/web\/?s={search_term_string}"},"query-input":{"@type":"PropertyValueSpecification","valueRequired":true,"valueName":"search_term_string"}}],"inLanguage":"es"},{"@type":"Organization","@id":"https:\/\/fmgente.com.ar\/web\/#organization","name":"Fm Gente","url":"https:\/\/fmgente.com.ar\/web\/","logo":{"@type":"ImageObject","inLanguage":"es","@id":"https:\/\/fmgente.com.ar\/web\/#\/schema\/logo\/image\/","url":"https:\/\/fmgente.com.ar\/web\/wp-content\/uploads\/2023\/07\/cropped-cropped-logo-sombra2.png","contentUrl":"https:\/\/fmgente.com.ar\/web\/wp-content\/uploads\/2023\/07\/cropped-cropped-logo-sombra2.png","width":1782,"height":1782,"caption":"Fm Gente"},"image":{"@id":"https:\/\/fmgente.com.ar\/web\/#\/schema\/logo\/image\/"}}]}},"_links":{"self":[{"href":"https:\/\/fmgente.com.ar\/web\/wp-json\/wp\/v2\/posts\/6384","targetHints":{"allow":["GET"]}}],"collection":[{"href":"https:\/\/fmgente.com.ar\/web\/wp-json\/wp\/v2\/posts"}],"about":[{"href":"https:\/\/fmgente.com.ar\/web\/wp-json\/wp\/v2\/types\/post"}],"replies":[{"embeddable":true,"href":"https:\/\/fmgente.com.ar\/web\/wp-json\/wp\/v2\/comments?post=6384"}],"version-history":[{"count":0,"href":"https:\/\/fmgente.com.ar\/web\/wp-json\/wp\/v2\/posts\/6384\/revisions"}],"wp:featuredmedia":[{"embeddable":true,"href":"https:\/\/fmgente.com.ar\/web\/wp-json\/wp\/v2\/media\/6385"}],"wp:attachment":[{"href":"https:\/\/fmgente.com.ar\/web\/wp-json\/wp\/v2\/media?parent=6384"}],"wp:term":[{"taxonomy":"category","embeddable":true,"href":"https:\/\/fmgente.com.ar\/web\/wp-json\/wp\/v2\/categories?post=6384"},{"taxonomy":"post_tag","embeddable":true,"href":"https:\/\/fmgente.com.ar\/web\/wp-json\/wp\/v2\/tags?post=6384"}],"curies":[{"name":"wp","href":"https:\/\/api.w.org\/{rel}","templated":true}]}}