{"id":6382,"date":"2025-10-08T18:06:23","date_gmt":"2025-10-08T21:06:23","guid":{"rendered":"https:\/\/fmgente.com.ar\/la-desgarradora-autopsia-del-atroz-femicidio-de-daiana-mendieta-en-entre-rios\/"},"modified":"2025-10-08T18:06:23","modified_gmt":"2025-10-08T21:06:23","slug":"la-desgarradora-autopsia-del-atroz-femicidio-de-daiana-mendieta-en-entre-rios","status":"publish","type":"post","link":"https:\/\/fmgente.com.ar\/web\/la-desgarradora-autopsia-del-atroz-femicidio-de-daiana-mendieta-en-entre-rios\/","title":{"rendered":"La desgarradora autopsia del atroz femicidio de Daiana Mendieta en Entre R\u00edos"},"content":{"rendered":"<p>El caso de <strong><a href=\"https:\/\/www.paparazzi.com.ar\/?s=Daiana+Magal%C3%AD+Mendieta\">Daiana Magal\u00ed Mendieta<\/a><\/strong>, la joven de 22 a\u00f1os desaparecida el pasado viernes en Gobernador Mansilla, Entre R\u00edos, conmociona a la provincia. Este martes, su cuerpo fue hallado en un aljibe en una zona rural, y los primeros resultados de la autopsia confirmaron que falleci\u00f3 a causa de un disparo de arma de fuego.<\/p>\n<p>Seg\u00fan inform\u00f3 la fiscal <strong>Emilce Reynoso<\/strong>, a cargo de la investigaci\u00f3n, Daiana fue encontrada dentro de un pozo de aproximadamente 10 metros de profundidad, vestida y con la herida que le provoc\u00f3 la muerte. La localizaci\u00f3n del cuerpo se produjo luego de tres d\u00edas de intensa b\u00fasqueda que involucr\u00f3 a m\u00e1s de 130 personas, incluyendo efectivos policiales, bomberos, cadetes, perros de rastreo y drones.<\/p>\n<p>El hallazgo se dio en un camino rural apartado, conocido como Los Zorrinos, a unos 500 metros de la Ruta 12 y cerca del club de campo El Silencio, a cinco kil\u00f3metros del acceso a la localidad. El lugar, camuflado entre ramas, ra\u00edces y hojas, dificult\u00f3 la presencia de testigos y el rastreo inicial.<\/p>\n<div class=\"mt-box \">\n<h4 class=\"mt-heading\">Mir\u00e1 Tambi\u00e9n<\/h4>\n<p><a href=\"https:\/\/www.paparazzi.com.ar\/teve\/exclusivo-nacho-castanares-revelo-como-esta-thiago-medina-tras-despertar-del-coma\/\"><\/p>\n<div class=\"mt-content\">\n<div class=\"mt-image-container\"><img decoding=\"async\" src=\"https:\/\/www.paparazzi.com.ar\/wp-content\/uploads\/2025\/09\/Nacho-Castanares-Thiago-medina.jpg.webp\" alt=\"\u00a1Exclusivo! Nacho Casta\u00f1ares revel\u00f3 c\u00f3mo est\u00e1 Thiago Medina tras despertar del coma\" class=\"mt-image\" loading=\"lazy\" \/><\/div>\n<h5 class=\"mt-title\">\u00a1Exclusivo! Nacho Casta\u00f1ares revel\u00f3 c\u00f3mo est\u00e1 Thiago Medina tras despertar del coma<\/h5>\n<\/div>\n<p><\/a><\/div>\n<p>El domingo, se encontr\u00f3 abandonado el veh\u00edculo de la joven, un Corsa propiedad de su madre, a casi cuatro kil\u00f3metros del casco urbano. Las autoridades, siguiendo c\u00e1maras de seguridad y declaraciones de testigos, comenzaron a reconstruir sus \u00faltimos movimientos, lo que llev\u00f3 a la identificaci\u00f3n de un hombre de 55 a\u00f1os como principal sospechoso. <\/p>\n<h2 class=\"wp-block-heading\">LAS HIP\u00d3TESIS DEL FISCAL SOBRE EL FEMICIDIO DE DAIANA MAGAL\u00cd MENDIETA:<\/h2>\n<p>Seg\u00fan el jefe de Polic\u00eda del Departamento de Tala, Pedro Silva, el hombre, conocido como <em>\u201cPino\u201d<\/em>, estaba en contacto con la v\u00edctima poco antes de su desaparici\u00f3n. El allanamiento a su vivienda y a un galp\u00f3n alquilado deriv\u00f3 en la incautaci\u00f3n de dos tel\u00e9fonos celulares, dos carabinas y una camioneta Hilux blanca, que ahora est\u00e1n siendo sometidos a an\u00e1lisis forenses. <\/p>\n<p>Durante el procedimiento, el sospechoso reaccion\u00f3 con agresividad, lo que llev\u00f3 a su detenci\u00f3n inmediata. Por el momento, la causa incluye resistencia a la autoridad y tenencia de armas ilegales, aunque la investigaci\u00f3n contin\u00faa para esclarecer su relaci\u00f3n con el crimen.<\/p>\n<div class=\"mt-box \">\n<h4 class=\"mt-heading\">Mir\u00e1 Tambi\u00e9n<\/h4>\n<p><a href=\"https:\/\/www.paparazzi.com.ar\/teve\/el-impactante-testimonio-de-la-mama-de-lara-sobre-el-robo-en-el-triple-femicidio\/\"><\/p>\n<div class=\"mt-content\">\n<div class=\"mt-image-container\"><img decoding=\"async\" src=\"https:\/\/www.paparazzi.com.ar\/wp-content\/uploads\/2025\/10\/Lara-Gutierrez-y-su-mama-359x226.jpg\" alt=\"El impactante testimonio de la mam\u00e1 de Lara sobre el robo en el triple femicidio\" class=\"mt-image\" loading=\"lazy\" \/><\/div>\n<h5 class=\"mt-title\">El impactante testimonio de la mam\u00e1 de Lara sobre el robo en el triple femicidio<\/h5>\n<\/div>\n<p><\/a><\/div>\n<p>La investigaci\u00f3n coordinada por los fiscales Emilce Reynoso y Sergio Saliski sigue avanzando con el an\u00e1lisis de c\u00e1maras, entrevistas a posibles testigos y pericias sobre veh\u00edculos y tel\u00e9fonos. Hasta ahora, las autoridades mantienen varios aspectos bajo reserva para no entorpecer el proceso judicial.<\/p>\n<p>El caso de Daiana Mendieta expone una vez m\u00e1s la vulnerabilidad de las mujeres en zonas rurales y genera un debate sobre la seguridad y la respuesta inmediata de los organismos judiciales y policiales. Mientras la comunidad espera respuestas, la autopsia confirm\u00f3 que su muerte fue por un disparo, pero el m\u00f3vil y las circunstancias exactas a\u00fan permanecen bajo investigaci\u00f3n.<\/p>\n<h2 class=\"wp-block-heading\">Las impactantes fotos de la b\u00fasqueda de Daiana Magal\u00ed Mendieta:<\/h2>\n<figure class=\"wp-block-image size-full\"><img decoding=\"async\" width=\"992\" height=\"763\" src=\"https:\/\/www.paparazzi.com.ar\/wp-content\/uploads\/2025\/10\/image-100.png.webp\" loading=\"lazy\" alt=\"\" class=\"wp-image-446848\" \/><\/figure>\n<figure class=\"wp-block-image size-full\"><img decoding=\"async\" width=\"992\" height=\"558\" src=\"https:\/\/www.paparazzi.com.ar\/wp-content\/uploads\/2025\/10\/image-101.png.webp\" loading=\"lazy\" alt=\"\" class=\"wp-image-446849\" \/><\/figure>\n<figure class=\"wp-block-image size-full\"><img decoding=\"async\" width=\"992\" height=\"558\" src=\"https:\/\/www.paparazzi.com.ar\/wp-content\/uploads\/2025\/10\/image-102.png.webp\" loading=\"lazy\" alt=\"\" class=\"wp-image-446850\" \/><\/figure>\n<figure class=\"wp-block-image size-full\"><img decoding=\"async\" width=\"992\" height=\"558\" src=\"https:\/\/www.paparazzi.com.ar\/wp-content\/uploads\/2025\/10\/image-103.png.webp\" loading=\"lazy\" alt=\"\" class=\"wp-image-446851\" \/><\/figure>\n<div class=\"mt-box \">\n<h4 class=\"mt-heading\">Mir\u00e1 Tambi\u00e9n<\/h4>\n<p><a href=\"https:\/\/www.paparazzi.com.ar\/teve\/escalofriante-la-ultima-foto-de-morena-verdi-con-vida-horas-antes-del-triple-femicidio-en-florencio-varela\/\"><\/p>\n<div class=\"mt-content\">\n<div class=\"mt-image-container\"><img decoding=\"async\" src=\"https:\/\/www.paparazzi.com.ar\/wp-content\/uploads\/2025\/10\/Escalofriante-la-ultima-foto-de-Morena-Verdi-con-vida-horas-antes-del-triple-femicidio-359x226.jpg\" alt=\"Escalofriante: la \u00faltima foto de Morena Verdi con vida, horas antes del triple femicidio en Florencio Varela\" class=\"mt-image\" loading=\"lazy\" \/><\/div>\n<h5 class=\"mt-title\">Escalofriante: la \u00faltima foto de Morena Verdi con vida, horas antes del triple femicidio en Florencio Varela<\/h5>\n<\/div>\n<p><\/a><\/div>\n<div class=\"mt-box \">\n<h4 class=\"mt-heading\">Mir\u00e1 Tambi\u00e9n<\/h4>\n<p><a href=\"https:\/\/www.paparazzi.com.ar\/teve\/inesperado-giro-en-el-triple-femicidio-de-florencio-varela-lara-y-pequeno-j-habrian-sido-novios\/\"><\/p>\n<div class=\"mt-content\">\n<div class=\"mt-image-container\"><img decoding=\"async\" src=\"https:\/\/www.paparazzi.com.ar\/wp-content\/uploads\/2025\/10\/LARA-PEQUENO-J-NUEVA-2-359x226.jpg\" alt=\"Inesperado giro en el triple femicidio de Florencio Varela: &quot;Lara y Peque\u00f1o J habr\u00edan sido novios&quot;\" class=\"mt-image\" loading=\"lazy\" \/><\/div>\n<h5 class=\"mt-title\">Inesperado giro en el triple femicidio de Florencio Varela: \u00abLara y Peque\u00f1o J habr\u00edan sido novios\u00bb<\/h5>\n<\/div>\n<p><\/a><\/div>\n<p>The post <a href=\"https:\/\/www.paparazzi.com.ar\/teve\/la-desgarradora-autopsia-del-atroz-femicidio-de-daiana-mendieta-la-mataron-de-un\/\">La desgarradora autopsia del atroz femicidio de Daiana Mendieta en Entre R\u00edos<\/a> appeared first on <a href=\"https:\/\/www.paparazzi.com.ar\">Revista Paparazzi<\/a>.<\/p>\n","protected":false},"excerpt":{"rendered":"<p>El caso de Daiana Magal\u00ed Mendieta, la joven de 22 a\u00f1os desaparecida el pasado viernes<\/p>\n","protected":false},"author":0,"featured_media":6383,"comment_status":"","ping_status":"","sticky":false,"template":"","format":"standard","meta":{"footnotes":""},"categories":[11],"tags":[],"class_list":["post-6382","post","type-post","status-publish","format-standard","has-post-thumbnail","hentry","category-destacadas"],"yoast_head":"<!-- This site is optimized with the Yoast SEO plugin v27.4 - https:\/\/yoast.com\/product\/yoast-seo-wordpress\/ -->\n<title>La desgarradora autopsia del atroz femicidio de Daiana Mendieta en Entre R\u00edos - Fm Gente<\/title>\n<meta name=\"robots\" content=\"index, follow, max-snippet:-1, max-image-preview:large, max-video-preview:-1\" \/>\n<link rel=\"canonical\" href=\"https:\/\/fmgente.com.ar\/web\/la-desgarradora-autopsia-del-atroz-femicidio-de-daiana-mendieta-en-entre-rios\/\" \/>\n<meta property=\"og:locale\" content=\"es_ES\" \/>\n<meta property=\"og:type\" content=\"article\" \/>\n<meta property=\"og:title\" content=\"La desgarradora autopsia del atroz femicidio de Daiana Mendieta en Entre R\u00edos - Fm Gente\" \/>\n<meta property=\"og:description\" content=\"El caso de Daiana Magal\u00ed Mendieta, la joven de 22 a\u00f1os desaparecida el pasado viernes\" \/>\n<meta property=\"og:url\" content=\"https:\/\/fmgente.com.ar\/web\/la-desgarradora-autopsia-del-atroz-femicidio-de-daiana-mendieta-en-entre-rios\/\" \/>\n<meta property=\"og:site_name\" content=\"Fm Gente\" \/>\n<meta property=\"article:published_time\" content=\"2025-10-08T21:06:23+00:00\" \/>\n<meta property=\"og:image\" content=\"https:\/\/fmgente.com.ar\/web\/wp-content\/uploads\/2025\/10\/Nacho-Castanares-Thiago-medina.jpg-3.webp\" \/>\n\t<meta property=\"og:image:width\" content=\"1052\" \/>\n\t<meta property=\"og:image:height\" content=\"665\" \/>\n\t<meta property=\"og:image:type\" content=\"image\/webp\" \/>\n<meta name=\"twitter:card\" content=\"summary_large_image\" \/>\n<meta name=\"twitter:label1\" content=\"Tiempo de lectura\" \/>\n\t<meta name=\"twitter:data1\" content=\"3 minutos\" \/>\n<script type=\"application\/ld+json\" class=\"yoast-schema-graph\">{\"@context\":\"https:\\\/\\\/schema.org\",\"@graph\":[{\"@type\":\"Article\",\"@id\":\"https:\\\/\\\/fmgente.com.ar\\\/web\\\/la-desgarradora-autopsia-del-atroz-femicidio-de-daiana-mendieta-en-entre-rios\\\/#article\",\"isPartOf\":{\"@id\":\"https:\\\/\\\/fmgente.com.ar\\\/web\\\/la-desgarradora-autopsia-del-atroz-femicidio-de-daiana-mendieta-en-entre-rios\\\/\"},\"author\":{\"name\":\"\",\"@id\":\"\"},\"headline\":\"La desgarradora autopsia del atroz femicidio de Daiana Mendieta en Entre R\u00edos\",\"datePublished\":\"2025-10-08T21:06:23+00:00\",\"mainEntityOfPage\":{\"@id\":\"https:\\\/\\\/fmgente.com.ar\\\/web\\\/la-desgarradora-autopsia-del-atroz-femicidio-de-daiana-mendieta-en-entre-rios\\\/\"},\"wordCount\":595,\"publisher\":{\"@id\":\"https:\\\/\\\/fmgente.com.ar\\\/web\\\/#organization\"},\"image\":{\"@id\":\"https:\\\/\\\/fmgente.com.ar\\\/web\\\/la-desgarradora-autopsia-del-atroz-femicidio-de-daiana-mendieta-en-entre-rios\\\/#primaryimage\"},\"thumbnailUrl\":\"https:\\\/\\\/fmgente.com.ar\\\/web\\\/wp-content\\\/uploads\\\/2025\\\/10\\\/Nacho-Castanares-Thiago-medina.jpg-3.webp\",\"articleSection\":[\"DESTACADAS\"],\"inLanguage\":\"es\"},{\"@type\":\"WebPage\",\"@id\":\"https:\\\/\\\/fmgente.com.ar\\\/web\\\/la-desgarradora-autopsia-del-atroz-femicidio-de-daiana-mendieta-en-entre-rios\\\/\",\"url\":\"https:\\\/\\\/fmgente.com.ar\\\/web\\\/la-desgarradora-autopsia-del-atroz-femicidio-de-daiana-mendieta-en-entre-rios\\\/\",\"name\":\"La desgarradora autopsia del atroz femicidio de Daiana Mendieta en Entre R\u00edos - Fm Gente\",\"isPartOf\":{\"@id\":\"https:\\\/\\\/fmgente.com.ar\\\/web\\\/#website\"},\"primaryImageOfPage\":{\"@id\":\"https:\\\/\\\/fmgente.com.ar\\\/web\\\/la-desgarradora-autopsia-del-atroz-femicidio-de-daiana-mendieta-en-entre-rios\\\/#primaryimage\"},\"image\":{\"@id\":\"https:\\\/\\\/fmgente.com.ar\\\/web\\\/la-desgarradora-autopsia-del-atroz-femicidio-de-daiana-mendieta-en-entre-rios\\\/#primaryimage\"},\"thumbnailUrl\":\"https:\\\/\\\/fmgente.com.ar\\\/web\\\/wp-content\\\/uploads\\\/2025\\\/10\\\/Nacho-Castanares-Thiago-medina.jpg-3.webp\",\"datePublished\":\"2025-10-08T21:06:23+00:00\",\"inLanguage\":\"es\",\"potentialAction\":[{\"@type\":\"ReadAction\",\"target\":[\"https:\\\/\\\/fmgente.com.ar\\\/web\\\/la-desgarradora-autopsia-del-atroz-femicidio-de-daiana-mendieta-en-entre-rios\\\/\"]}]},{\"@type\":\"ImageObject\",\"inLanguage\":\"es\",\"@id\":\"https:\\\/\\\/fmgente.com.ar\\\/web\\\/la-desgarradora-autopsia-del-atroz-femicidio-de-daiana-mendieta-en-entre-rios\\\/#primaryimage\",\"url\":\"https:\\\/\\\/fmgente.com.ar\\\/web\\\/wp-content\\\/uploads\\\/2025\\\/10\\\/Nacho-Castanares-Thiago-medina.jpg-3.webp\",\"contentUrl\":\"https:\\\/\\\/fmgente.com.ar\\\/web\\\/wp-content\\\/uploads\\\/2025\\\/10\\\/Nacho-Castanares-Thiago-medina.jpg-3.webp\",\"width\":1052,\"height\":665},{\"@type\":\"WebSite\",\"@id\":\"https:\\\/\\\/fmgente.com.ar\\\/web\\\/#website\",\"url\":\"https:\\\/\\\/fmgente.com.ar\\\/web\\\/\",\"name\":\"Fm Gente\",\"description\":\"- Jes\u00fas Mar\u00eda\",\"publisher\":{\"@id\":\"https:\\\/\\\/fmgente.com.ar\\\/web\\\/#organization\"},\"potentialAction\":[{\"@type\":\"SearchAction\",\"target\":{\"@type\":\"EntryPoint\",\"urlTemplate\":\"https:\\\/\\\/fmgente.com.ar\\\/web\\\/?s={search_term_string}\"},\"query-input\":{\"@type\":\"PropertyValueSpecification\",\"valueRequired\":true,\"valueName\":\"search_term_string\"}}],\"inLanguage\":\"es\"},{\"@type\":\"Organization\",\"@id\":\"https:\\\/\\\/fmgente.com.ar\\\/web\\\/#organization\",\"name\":\"Fm Gente\",\"url\":\"https:\\\/\\\/fmgente.com.ar\\\/web\\\/\",\"logo\":{\"@type\":\"ImageObject\",\"inLanguage\":\"es\",\"@id\":\"https:\\\/\\\/fmgente.com.ar\\\/web\\\/#\\\/schema\\\/logo\\\/image\\\/\",\"url\":\"https:\\\/\\\/fmgente.com.ar\\\/web\\\/wp-content\\\/uploads\\\/2023\\\/07\\\/cropped-cropped-logo-sombra2.png\",\"contentUrl\":\"https:\\\/\\\/fmgente.com.ar\\\/web\\\/wp-content\\\/uploads\\\/2023\\\/07\\\/cropped-cropped-logo-sombra2.png\",\"width\":1782,\"height\":1782,\"caption\":\"Fm Gente\"},\"image\":{\"@id\":\"https:\\\/\\\/fmgente.com.ar\\\/web\\\/#\\\/schema\\\/logo\\\/image\\\/\"}}]}<\/script>\n<!-- \/ Yoast SEO plugin. -->","yoast_head_json":{"title":"La desgarradora autopsia del atroz femicidio de Daiana Mendieta en Entre R\u00edos - Fm Gente","robots":{"index":"index","follow":"follow","max-snippet":"max-snippet:-1","max-image-preview":"max-image-preview:large","max-video-preview":"max-video-preview:-1"},"canonical":"https:\/\/fmgente.com.ar\/web\/la-desgarradora-autopsia-del-atroz-femicidio-de-daiana-mendieta-en-entre-rios\/","og_locale":"es_ES","og_type":"article","og_title":"La desgarradora autopsia del atroz femicidio de Daiana Mendieta en Entre R\u00edos - Fm Gente","og_description":"El caso de Daiana Magal\u00ed Mendieta, la joven de 22 a\u00f1os desaparecida el pasado viernes","og_url":"https:\/\/fmgente.com.ar\/web\/la-desgarradora-autopsia-del-atroz-femicidio-de-daiana-mendieta-en-entre-rios\/","og_site_name":"Fm Gente","article_published_time":"2025-10-08T21:06:23+00:00","og_image":[{"width":1052,"height":665,"url":"https:\/\/fmgente.com.ar\/web\/wp-content\/uploads\/2025\/10\/Nacho-Castanares-Thiago-medina.jpg-3.webp","type":"image\/webp"}],"twitter_card":"summary_large_image","twitter_misc":{"Tiempo de lectura":"3 minutos"},"schema":{"@context":"https:\/\/schema.org","@graph":[{"@type":"Article","@id":"https:\/\/fmgente.com.ar\/web\/la-desgarradora-autopsia-del-atroz-femicidio-de-daiana-mendieta-en-entre-rios\/#article","isPartOf":{"@id":"https:\/\/fmgente.com.ar\/web\/la-desgarradora-autopsia-del-atroz-femicidio-de-daiana-mendieta-en-entre-rios\/"},"author":{"name":"","@id":""},"headline":"La desgarradora autopsia del atroz femicidio de Daiana Mendieta en Entre R\u00edos","datePublished":"2025-10-08T21:06:23+00:00","mainEntityOfPage":{"@id":"https:\/\/fmgente.com.ar\/web\/la-desgarradora-autopsia-del-atroz-femicidio-de-daiana-mendieta-en-entre-rios\/"},"wordCount":595,"publisher":{"@id":"https:\/\/fmgente.com.ar\/web\/#organization"},"image":{"@id":"https:\/\/fmgente.com.ar\/web\/la-desgarradora-autopsia-del-atroz-femicidio-de-daiana-mendieta-en-entre-rios\/#primaryimage"},"thumbnailUrl":"https:\/\/fmgente.com.ar\/web\/wp-content\/uploads\/2025\/10\/Nacho-Castanares-Thiago-medina.jpg-3.webp","articleSection":["DESTACADAS"],"inLanguage":"es"},{"@type":"WebPage","@id":"https:\/\/fmgente.com.ar\/web\/la-desgarradora-autopsia-del-atroz-femicidio-de-daiana-mendieta-en-entre-rios\/","url":"https:\/\/fmgente.com.ar\/web\/la-desgarradora-autopsia-del-atroz-femicidio-de-daiana-mendieta-en-entre-rios\/","name":"La desgarradora autopsia del atroz femicidio de Daiana Mendieta en Entre R\u00edos - Fm Gente","isPartOf":{"@id":"https:\/\/fmgente.com.ar\/web\/#website"},"primaryImageOfPage":{"@id":"https:\/\/fmgente.com.ar\/web\/la-desgarradora-autopsia-del-atroz-femicidio-de-daiana-mendieta-en-entre-rios\/#primaryimage"},"image":{"@id":"https:\/\/fmgente.com.ar\/web\/la-desgarradora-autopsia-del-atroz-femicidio-de-daiana-mendieta-en-entre-rios\/#primaryimage"},"thumbnailUrl":"https:\/\/fmgente.com.ar\/web\/wp-content\/uploads\/2025\/10\/Nacho-Castanares-Thiago-medina.jpg-3.webp","datePublished":"2025-10-08T21:06:23+00:00","inLanguage":"es","potentialAction":[{"@type":"ReadAction","target":["https:\/\/fmgente.com.ar\/web\/la-desgarradora-autopsia-del-atroz-femicidio-de-daiana-mendieta-en-entre-rios\/"]}]},{"@type":"ImageObject","inLanguage":"es","@id":"https:\/\/fmgente.com.ar\/web\/la-desgarradora-autopsia-del-atroz-femicidio-de-daiana-mendieta-en-entre-rios\/#primaryimage","url":"https:\/\/fmgente.com.ar\/web\/wp-content\/uploads\/2025\/10\/Nacho-Castanares-Thiago-medina.jpg-3.webp","contentUrl":"https:\/\/fmgente.com.ar\/web\/wp-content\/uploads\/2025\/10\/Nacho-Castanares-Thiago-medina.jpg-3.webp","width":1052,"height":665},{"@type":"WebSite","@id":"https:\/\/fmgente.com.ar\/web\/#website","url":"https:\/\/fmgente.com.ar\/web\/","name":"Fm Gente","description":"- Jes\u00fas Mar\u00eda","publisher":{"@id":"https:\/\/fmgente.com.ar\/web\/#organization"},"potentialAction":[{"@type":"SearchAction","target":{"@type":"EntryPoint","urlTemplate":"https:\/\/fmgente.com.ar\/web\/?s={search_term_string}"},"query-input":{"@type":"PropertyValueSpecification","valueRequired":true,"valueName":"search_term_string"}}],"inLanguage":"es"},{"@type":"Organization","@id":"https:\/\/fmgente.com.ar\/web\/#organization","name":"Fm Gente","url":"https:\/\/fmgente.com.ar\/web\/","logo":{"@type":"ImageObject","inLanguage":"es","@id":"https:\/\/fmgente.com.ar\/web\/#\/schema\/logo\/image\/","url":"https:\/\/fmgente.com.ar\/web\/wp-content\/uploads\/2023\/07\/cropped-cropped-logo-sombra2.png","contentUrl":"https:\/\/fmgente.com.ar\/web\/wp-content\/uploads\/2023\/07\/cropped-cropped-logo-sombra2.png","width":1782,"height":1782,"caption":"Fm Gente"},"image":{"@id":"https:\/\/fmgente.com.ar\/web\/#\/schema\/logo\/image\/"}}]}},"_links":{"self":[{"href":"https:\/\/fmgente.com.ar\/web\/wp-json\/wp\/v2\/posts\/6382","targetHints":{"allow":["GET"]}}],"collection":[{"href":"https:\/\/fmgente.com.ar\/web\/wp-json\/wp\/v2\/posts"}],"about":[{"href":"https:\/\/fmgente.com.ar\/web\/wp-json\/wp\/v2\/types\/post"}],"replies":[{"embeddable":true,"href":"https:\/\/fmgente.com.ar\/web\/wp-json\/wp\/v2\/comments?post=6382"}],"version-history":[{"count":0,"href":"https:\/\/fmgente.com.ar\/web\/wp-json\/wp\/v2\/posts\/6382\/revisions"}],"wp:featuredmedia":[{"embeddable":true,"href":"https:\/\/fmgente.com.ar\/web\/wp-json\/wp\/v2\/media\/6383"}],"wp:attachment":[{"href":"https:\/\/fmgente.com.ar\/web\/wp-json\/wp\/v2\/media?parent=6382"}],"wp:term":[{"taxonomy":"category","embeddable":true,"href":"https:\/\/fmgente.com.ar\/web\/wp-json\/wp\/v2\/categories?post=6382"},{"taxonomy":"post_tag","embeddable":true,"href":"https:\/\/fmgente.com.ar\/web\/wp-json\/wp\/v2\/tags?post=6382"}],"curies":[{"name":"wp","href":"https:\/\/api.w.org\/{rel}","templated":true}]}}