{"id":6380,"date":"2025-10-08T18:06:22","date_gmt":"2025-10-08T21:06:22","guid":{"rendered":"https:\/\/fmgente.com.ar\/morena-rial-acudio-desesperada-a-luis-ventura-y-lo-llamo-desde-la-carcel-que-le-pidio\/"},"modified":"2025-10-08T18:06:22","modified_gmt":"2025-10-08T21:06:22","slug":"morena-rial-acudio-desesperada-a-luis-ventura-y-lo-llamo-desde-la-carcel-que-le-pidio","status":"publish","type":"post","link":"https:\/\/fmgente.com.ar\/web\/morena-rial-acudio-desesperada-a-luis-ventura-y-lo-llamo-desde-la-carcel-que-le-pidio\/","title":{"rendered":"Morena Rial acudi\u00f3 desesperada a Luis Ventura y lo llam\u00f3 desde la c\u00e1rcel: qu\u00e9 le pidi\u00f3"},"content":{"rendered":"<p><strong><a href=\"https:\/\/www.paparazzi.com.ar\/?s=Morena+Rial\">Morena Rial<\/a> <\/strong>sigue dando que hablar incluso desde la c\u00e1rcel. La hija de <strong><a href=\"https:\/\/www.paparazzi.com.ar\/?s=Jorge+Rial\">Jorge Rial<\/a><\/strong>, detenida en la Unidad Femenina 51 de Magdalena, est\u00e1 cada vez m\u00e1s cerca de conseguir la prisi\u00f3n domiciliaria, pero antes de que eso ocurra, sorprendi\u00f3 con un gesto que pocos esperaban: le envi\u00f3 un mensaje a Luis Ventura, buscando recomponer su v\u00ednculo con el periodista.<\/p>\n<p>El dato lo dio a conocer<a href=\"https:\/\/www.paparazzi.com.ar\/?s=Jorge+Rial\"> <strong>Facundo Ventura<\/strong><\/a> en <em>LAM<\/em> (Am\u00e9rica TV), donde revel\u00f3: <em>\u201cReacondicionaron la casa donde se va a quedar para cumplir con la domiciliaria. A las amigas les dijo que se va a poner las pilas, que quiere estudiar\u201d.<\/em><\/p>\n<p>Sin embargo, lo que m\u00e1s llam\u00f3 la atenci\u00f3n fue cuando \u00c1ngel de Brito le pregunt\u00f3 si era cierto que Morena hab\u00eda intentado contactarse con su padre, y Facundo confirm\u00f3: <em>\u201cLe mand\u00f3 un mensaje a trav\u00e9s de su abogado, Mart\u00edn Leiro. Yo fui el intermediario\u201d.<\/em><\/p>\n<div class=\"mt-box \">\n<h4 class=\"mt-heading\">Mir\u00e1 Tambi\u00e9n<\/h4>\n<p><a href=\"https:\/\/www.paparazzi.com.ar\/videos\/exclusivo-daniela-celis-confirmo-el-ultimo-paso-para-que-thiago-medina-reciba-el-alta\/\"><\/p>\n<div class=\"mt-content\">\n<div class=\"mt-image-container\"><img decoding=\"async\" src=\"https:\/\/www.paparazzi.com.ar\/wp-content\/uploads\/2025\/10\/Thiago-Medina-Daniela-359x226.jpg\" alt=\"\u00a1Exclusivo! Daniela Celis confirm\u00f3 el \u00faltimo paso para que Thiago Medina reciba el alta\" class=\"mt-image\" loading=\"lazy\" \/><\/div>\n<h5 class=\"mt-title\">\u00a1Exclusivo! Daniela Celis confirm\u00f3 el \u00faltimo paso para que Thiago Medina reciba el alta<\/h5>\n<\/div>\n<p><\/a><\/div>\n<p>La respuesta de Luis no se hizo esperar. Con su estilo filoso, el periodista fue categ\u00f3rico: <em>\u201cEstoy para los velorios, pero nunca para los cumplea\u00f1os\u201d.<\/em> Una frase con doble sentido que dej\u00f3 claro que, al menos por ahora, no hay lugar para una reconciliaci\u00f3n.<\/p>\n<p>La relaci\u00f3n entre <strong>Luis Ventura y Morena Rial<\/strong> qued\u00f3 da\u00f1ada desde hace a\u00f1os, tras el conflicto medi\u00e1tico que el periodista mantuvo con <strong>Jorge Rial<\/strong>, quien lleg\u00f3 a iniciarle una demanda por el trato hacia su hija. Desde entonces, Luis hab\u00eda decidido mantener distancia y evitar mencionarla p\u00fablicamente.<\/p>\n<div class=\"mt-box \">\n<h4 class=\"mt-heading\">Mir\u00e1 Tambi\u00e9n<\/h4>\n<p><a href=\"https:\/\/www.paparazzi.com.ar\/teve\/morena-rial-sale-de-la-carcel-que-condiciones-debe-cumplir-para-tener-prision-domiciliaria\/\"><\/p>\n<div class=\"mt-content\">\n<div class=\"mt-image-container\"><img decoding=\"async\" src=\"https:\/\/www.paparazzi.com.ar\/wp-content\/uploads\/2025\/10\/Morena-Rial-presa-359x226.jpg\" alt=\"Morena Rial sale de la c\u00e1rcel: qu\u00e9 condiciones debe cumplir para tener prisi\u00f3n domiciliaria\" class=\"mt-image\" loading=\"lazy\" \/><\/div>\n<h5 class=\"mt-title\">Morena Rial sale de la c\u00e1rcel: qu\u00e9 condiciones debe cumplir para tener prisi\u00f3n domiciliaria<\/h5>\n<\/div>\n<p><\/a><\/div>\n<p>Tiempo atr\u00e1s, incluso hab\u00eda expresado en <em>Secretos Verdaderos<\/em>: <em>\u201cEspero que recapacite. Tiene todo para ser feliz, pero no se deja ayudar, ese es su gran problema\u201d.<\/em> Mientras tanto, el caso judicial de la medi\u00e1tica sigue avanzando. <\/p>\n<p>Seg\u00fan revel\u00f3 Mart\u00edn Candalaft en <em>DDM<\/em>, la Justicia de San Isidro ya emiti\u00f3 un documento solicitando la factibilidad t\u00e9cnica para implementar una tobillera electr\u00f3nica en el domicilio de Evelyn Denise Mart\u00ednez, mejor amiga de Morena y madrina de su hijo Amadeo, ubicado en San Justo.<\/p>\n<div class=\"mt-box \">\n<h4 class=\"mt-heading\">Mir\u00e1 Tambi\u00e9n<\/h4>\n<p><a href=\"https:\/\/www.paparazzi.com.ar\/teve\/marley-revelo-un-picante-dato-sobre-santiago-del-moro-que-avivo-la-polemica-en-los-pasillos-de-telefe\/\"><\/p>\n<div class=\"mt-content\">\n<div class=\"mt-image-container\"><img decoding=\"async\" src=\"https:\/\/www.paparazzi.com.ar\/wp-content\/uploads\/2025\/10\/santiago-del-moro-marley-359x226.jpg\" alt=\"Marley revel\u00f3 un picante dato sobre Santiago del Moro que aviv\u00f3 la pol\u00e9mica en los pasillos de Telefe\" class=\"mt-image\" loading=\"lazy\" \/><\/div>\n<h5 class=\"mt-title\">Marley revel\u00f3 un picante dato sobre Santiago del Moro que aviv\u00f3 la pol\u00e9mica en los pasillos de Telefe<\/h5>\n<\/div>\n<p><\/a><\/div>\n<p>El texto, firmado por la jueza a cargo, aclara que el pedido debe ser tratado \u201cde forma preferencial\u201d por tratarse de una madre con un hijo menor de edad. Por su parte, Evelyn habl\u00f3 en <em>Pol\u00e9mica en el Bar<\/em> y cont\u00f3 c\u00f3mo encontr\u00f3 a su amiga durante su \u00faltima visita al penal: <em>\u201cEst\u00e1 recapacitando. No tiene privilegios, est\u00e1 como cualquier otra detenida. Le llev\u00e9 cosas que le mand\u00f3 su pap\u00e1\u201d.<\/em><\/p>\n<p>La joven tambi\u00e9n revel\u00f3 que Morena<em> \u201cestaba comiendo poco\u201d<\/em> por episodios de ansiedad, pero que <em>\u201cest\u00e1 con mejor \u00e1nimo\u201d<\/em>. As\u00ed, mientras aguarda una decisi\u00f3n judicial que podr\u00eda darle la libertad con restricciones, Morena intenta recomponer v\u00ednculos personales que parec\u00edan rotos. Sin embargo, la respuesta de Ventura demuestra que la herida medi\u00e1tica a\u00fan sigue abierta.<\/p>\n<div class=\"mt-box \">\n<h4 class=\"mt-heading\">Mir\u00e1 Tambi\u00e9n<\/h4>\n<p><a href=\"https:\/\/www.paparazzi.com.ar\/teve\/morena-rial-devastada-se-confirmo-que-padece-una-delicada-patologia-y-preocupa-su-salud\/\"><\/p>\n<div class=\"mt-content\">\n<div class=\"mt-image-container\"><img decoding=\"async\" src=\"https:\/\/www.paparazzi.com.ar\/wp-content\/uploads\/2025\/10\/Morena-Rial-devastada-se-confirmo-que-padece-una-delicada-patologia-y-preocupa-su-salud-359x226.jpg\" alt=\"Morena Rial devastada: se confirm\u00f3 que padece una delicada patolog\u00eda y preocupa su salud\" class=\"mt-image\" loading=\"lazy\" \/><\/div>\n<h5 class=\"mt-title\">Morena Rial devastada: se confirm\u00f3 que padece una delicada patolog\u00eda y preocupa su salud<\/h5>\n<\/div>\n<p><\/a><\/div>\n<div class=\"mt-box \">\n<h4 class=\"mt-heading\">Mir\u00e1 Tambi\u00e9n<\/h4>\n<p><a href=\"https:\/\/www.paparazzi.com.ar\/teve\/morena-rial-vive-su-peor-momento-desde-la-carcel-tiene-problemas-psiquiatricos-es-autodestructiva-y\/\"><\/p>\n<div class=\"mt-content\">\n<div class=\"mt-image-container\"><img decoding=\"async\" src=\"https:\/\/www.paparazzi.com.ar\/wp-content\/uploads\/2025\/08\/Quien-es-el-famoso-que-esta-en-pareja-y-quiso-seducir-a-Morena-Rial-22Me-mandaba-fotos22.jpg.webp\" alt=\"Morena Rial vive su peor momento desde la c\u00e1rcel: \u201cTiene problemas psiqui\u00e1tricos, es autodestructiva y\u2026\u201d\" class=\"mt-image\" loading=\"lazy\" \/><\/div>\n<h5 class=\"mt-title\">Morena Rial vive su peor momento desde la c\u00e1rcel: \u201cTiene problemas psiqui\u00e1tricos, es autodestructiva y\u2026\u201d<\/h5>\n<\/div>\n<p><\/a><\/div>\n<p>The post <a href=\"https:\/\/www.paparazzi.com.ar\/teve\/el-sorprendente-pedido-de-morena-rial-a-luis-ventura-desde-la-carcel-estoy-para-los\/\">Morena Rial acudi\u00f3 desesperada a Luis Ventura y lo llam\u00f3 desde la c\u00e1rcel: qu\u00e9 le pidi\u00f3<\/a> appeared first on <a href=\"https:\/\/www.paparazzi.com.ar\">Revista Paparazzi<\/a>.<\/p>\n","protected":false},"excerpt":{"rendered":"<p>Morena Rial sigue dando que hablar incluso desde la c\u00e1rcel. La hija de Jorge Rial,<\/p>\n","protected":false},"author":0,"featured_media":6381,"comment_status":"","ping_status":"","sticky":false,"template":"","format":"standard","meta":{"footnotes":""},"categories":[11],"tags":[],"class_list":["post-6380","post","type-post","status-publish","format-standard","has-post-thumbnail","hentry","category-destacadas"],"yoast_head":"<!-- This site is optimized with the Yoast SEO plugin v27.4 - https:\/\/yoast.com\/product\/yoast-seo-wordpress\/ -->\n<title>Morena Rial acudi\u00f3 desesperada a Luis Ventura y lo llam\u00f3 desde la c\u00e1rcel: qu\u00e9 le pidi\u00f3 - Fm Gente<\/title>\n<meta name=\"robots\" content=\"index, follow, max-snippet:-1, max-image-preview:large, max-video-preview:-1\" \/>\n<link rel=\"canonical\" href=\"https:\/\/fmgente.com.ar\/web\/morena-rial-acudio-desesperada-a-luis-ventura-y-lo-llamo-desde-la-carcel-que-le-pidio\/\" \/>\n<meta property=\"og:locale\" content=\"es_ES\" \/>\n<meta property=\"og:type\" content=\"article\" \/>\n<meta property=\"og:title\" content=\"Morena Rial acudi\u00f3 desesperada a Luis Ventura y lo llam\u00f3 desde la c\u00e1rcel: qu\u00e9 le pidi\u00f3 - Fm Gente\" \/>\n<meta property=\"og:description\" content=\"Morena Rial sigue dando que hablar incluso desde la c\u00e1rcel. La hija de Jorge Rial,\" \/>\n<meta property=\"og:url\" content=\"https:\/\/fmgente.com.ar\/web\/morena-rial-acudio-desesperada-a-luis-ventura-y-lo-llamo-desde-la-carcel-que-le-pidio\/\" \/>\n<meta property=\"og:site_name\" content=\"Fm Gente\" \/>\n<meta property=\"article:published_time\" content=\"2025-10-08T21:06:22+00:00\" \/>\n<meta property=\"og:image\" content=\"https:\/\/fmgente.com.ar\/web\/wp-content\/uploads\/2025\/10\/Thiago-Medina-Daniela-359x226-13.jpg\" \/>\n\t<meta property=\"og:image:width\" content=\"359\" \/>\n\t<meta property=\"og:image:height\" content=\"226\" \/>\n\t<meta property=\"og:image:type\" content=\"image\/jpeg\" \/>\n<meta name=\"twitter:card\" content=\"summary_large_image\" \/>\n<meta name=\"twitter:label1\" content=\"Tiempo de lectura\" \/>\n\t<meta name=\"twitter:data1\" content=\"3 minutos\" \/>\n<script type=\"application\/ld+json\" class=\"yoast-schema-graph\">{\"@context\":\"https:\\\/\\\/schema.org\",\"@graph\":[{\"@type\":\"Article\",\"@id\":\"https:\\\/\\\/fmgente.com.ar\\\/web\\\/morena-rial-acudio-desesperada-a-luis-ventura-y-lo-llamo-desde-la-carcel-que-le-pidio\\\/#article\",\"isPartOf\":{\"@id\":\"https:\\\/\\\/fmgente.com.ar\\\/web\\\/morena-rial-acudio-desesperada-a-luis-ventura-y-lo-llamo-desde-la-carcel-que-le-pidio\\\/\"},\"author\":{\"name\":\"\",\"@id\":\"\"},\"headline\":\"Morena Rial acudi\u00f3 desesperada a Luis Ventura y lo llam\u00f3 desde la c\u00e1rcel: qu\u00e9 le pidi\u00f3\",\"datePublished\":\"2025-10-08T21:06:22+00:00\",\"mainEntityOfPage\":{\"@id\":\"https:\\\/\\\/fmgente.com.ar\\\/web\\\/morena-rial-acudio-desesperada-a-luis-ventura-y-lo-llamo-desde-la-carcel-que-le-pidio\\\/\"},\"wordCount\":614,\"publisher\":{\"@id\":\"https:\\\/\\\/fmgente.com.ar\\\/web\\\/#organization\"},\"image\":{\"@id\":\"https:\\\/\\\/fmgente.com.ar\\\/web\\\/morena-rial-acudio-desesperada-a-luis-ventura-y-lo-llamo-desde-la-carcel-que-le-pidio\\\/#primaryimage\"},\"thumbnailUrl\":\"https:\\\/\\\/fmgente.com.ar\\\/web\\\/wp-content\\\/uploads\\\/2025\\\/10\\\/Thiago-Medina-Daniela-359x226-13.jpg\",\"articleSection\":[\"DESTACADAS\"],\"inLanguage\":\"es\"},{\"@type\":\"WebPage\",\"@id\":\"https:\\\/\\\/fmgente.com.ar\\\/web\\\/morena-rial-acudio-desesperada-a-luis-ventura-y-lo-llamo-desde-la-carcel-que-le-pidio\\\/\",\"url\":\"https:\\\/\\\/fmgente.com.ar\\\/web\\\/morena-rial-acudio-desesperada-a-luis-ventura-y-lo-llamo-desde-la-carcel-que-le-pidio\\\/\",\"name\":\"Morena Rial acudi\u00f3 desesperada a Luis Ventura y lo llam\u00f3 desde la c\u00e1rcel: qu\u00e9 le pidi\u00f3 - Fm Gente\",\"isPartOf\":{\"@id\":\"https:\\\/\\\/fmgente.com.ar\\\/web\\\/#website\"},\"primaryImageOfPage\":{\"@id\":\"https:\\\/\\\/fmgente.com.ar\\\/web\\\/morena-rial-acudio-desesperada-a-luis-ventura-y-lo-llamo-desde-la-carcel-que-le-pidio\\\/#primaryimage\"},\"image\":{\"@id\":\"https:\\\/\\\/fmgente.com.ar\\\/web\\\/morena-rial-acudio-desesperada-a-luis-ventura-y-lo-llamo-desde-la-carcel-que-le-pidio\\\/#primaryimage\"},\"thumbnailUrl\":\"https:\\\/\\\/fmgente.com.ar\\\/web\\\/wp-content\\\/uploads\\\/2025\\\/10\\\/Thiago-Medina-Daniela-359x226-13.jpg\",\"datePublished\":\"2025-10-08T21:06:22+00:00\",\"inLanguage\":\"es\",\"potentialAction\":[{\"@type\":\"ReadAction\",\"target\":[\"https:\\\/\\\/fmgente.com.ar\\\/web\\\/morena-rial-acudio-desesperada-a-luis-ventura-y-lo-llamo-desde-la-carcel-que-le-pidio\\\/\"]}]},{\"@type\":\"ImageObject\",\"inLanguage\":\"es\",\"@id\":\"https:\\\/\\\/fmgente.com.ar\\\/web\\\/morena-rial-acudio-desesperada-a-luis-ventura-y-lo-llamo-desde-la-carcel-que-le-pidio\\\/#primaryimage\",\"url\":\"https:\\\/\\\/fmgente.com.ar\\\/web\\\/wp-content\\\/uploads\\\/2025\\\/10\\\/Thiago-Medina-Daniela-359x226-13.jpg\",\"contentUrl\":\"https:\\\/\\\/fmgente.com.ar\\\/web\\\/wp-content\\\/uploads\\\/2025\\\/10\\\/Thiago-Medina-Daniela-359x226-13.jpg\",\"width\":359,\"height\":226},{\"@type\":\"WebSite\",\"@id\":\"https:\\\/\\\/fmgente.com.ar\\\/web\\\/#website\",\"url\":\"https:\\\/\\\/fmgente.com.ar\\\/web\\\/\",\"name\":\"Fm Gente\",\"description\":\"- Jes\u00fas Mar\u00eda\",\"publisher\":{\"@id\":\"https:\\\/\\\/fmgente.com.ar\\\/web\\\/#organization\"},\"potentialAction\":[{\"@type\":\"SearchAction\",\"target\":{\"@type\":\"EntryPoint\",\"urlTemplate\":\"https:\\\/\\\/fmgente.com.ar\\\/web\\\/?s={search_term_string}\"},\"query-input\":{\"@type\":\"PropertyValueSpecification\",\"valueRequired\":true,\"valueName\":\"search_term_string\"}}],\"inLanguage\":\"es\"},{\"@type\":\"Organization\",\"@id\":\"https:\\\/\\\/fmgente.com.ar\\\/web\\\/#organization\",\"name\":\"Fm Gente\",\"url\":\"https:\\\/\\\/fmgente.com.ar\\\/web\\\/\",\"logo\":{\"@type\":\"ImageObject\",\"inLanguage\":\"es\",\"@id\":\"https:\\\/\\\/fmgente.com.ar\\\/web\\\/#\\\/schema\\\/logo\\\/image\\\/\",\"url\":\"https:\\\/\\\/fmgente.com.ar\\\/web\\\/wp-content\\\/uploads\\\/2023\\\/07\\\/cropped-cropped-logo-sombra2.png\",\"contentUrl\":\"https:\\\/\\\/fmgente.com.ar\\\/web\\\/wp-content\\\/uploads\\\/2023\\\/07\\\/cropped-cropped-logo-sombra2.png\",\"width\":1782,\"height\":1782,\"caption\":\"Fm Gente\"},\"image\":{\"@id\":\"https:\\\/\\\/fmgente.com.ar\\\/web\\\/#\\\/schema\\\/logo\\\/image\\\/\"}}]}<\/script>\n<!-- \/ Yoast SEO plugin. -->","yoast_head_json":{"title":"Morena Rial acudi\u00f3 desesperada a Luis Ventura y lo llam\u00f3 desde la c\u00e1rcel: qu\u00e9 le pidi\u00f3 - Fm Gente","robots":{"index":"index","follow":"follow","max-snippet":"max-snippet:-1","max-image-preview":"max-image-preview:large","max-video-preview":"max-video-preview:-1"},"canonical":"https:\/\/fmgente.com.ar\/web\/morena-rial-acudio-desesperada-a-luis-ventura-y-lo-llamo-desde-la-carcel-que-le-pidio\/","og_locale":"es_ES","og_type":"article","og_title":"Morena Rial acudi\u00f3 desesperada a Luis Ventura y lo llam\u00f3 desde la c\u00e1rcel: qu\u00e9 le pidi\u00f3 - Fm Gente","og_description":"Morena Rial sigue dando que hablar incluso desde la c\u00e1rcel. La hija de Jorge Rial,","og_url":"https:\/\/fmgente.com.ar\/web\/morena-rial-acudio-desesperada-a-luis-ventura-y-lo-llamo-desde-la-carcel-que-le-pidio\/","og_site_name":"Fm Gente","article_published_time":"2025-10-08T21:06:22+00:00","og_image":[{"width":359,"height":226,"url":"https:\/\/fmgente.com.ar\/web\/wp-content\/uploads\/2025\/10\/Thiago-Medina-Daniela-359x226-13.jpg","type":"image\/jpeg"}],"twitter_card":"summary_large_image","twitter_misc":{"Tiempo de lectura":"3 minutos"},"schema":{"@context":"https:\/\/schema.org","@graph":[{"@type":"Article","@id":"https:\/\/fmgente.com.ar\/web\/morena-rial-acudio-desesperada-a-luis-ventura-y-lo-llamo-desde-la-carcel-que-le-pidio\/#article","isPartOf":{"@id":"https:\/\/fmgente.com.ar\/web\/morena-rial-acudio-desesperada-a-luis-ventura-y-lo-llamo-desde-la-carcel-que-le-pidio\/"},"author":{"name":"","@id":""},"headline":"Morena Rial acudi\u00f3 desesperada a Luis Ventura y lo llam\u00f3 desde la c\u00e1rcel: qu\u00e9 le pidi\u00f3","datePublished":"2025-10-08T21:06:22+00:00","mainEntityOfPage":{"@id":"https:\/\/fmgente.com.ar\/web\/morena-rial-acudio-desesperada-a-luis-ventura-y-lo-llamo-desde-la-carcel-que-le-pidio\/"},"wordCount":614,"publisher":{"@id":"https:\/\/fmgente.com.ar\/web\/#organization"},"image":{"@id":"https:\/\/fmgente.com.ar\/web\/morena-rial-acudio-desesperada-a-luis-ventura-y-lo-llamo-desde-la-carcel-que-le-pidio\/#primaryimage"},"thumbnailUrl":"https:\/\/fmgente.com.ar\/web\/wp-content\/uploads\/2025\/10\/Thiago-Medina-Daniela-359x226-13.jpg","articleSection":["DESTACADAS"],"inLanguage":"es"},{"@type":"WebPage","@id":"https:\/\/fmgente.com.ar\/web\/morena-rial-acudio-desesperada-a-luis-ventura-y-lo-llamo-desde-la-carcel-que-le-pidio\/","url":"https:\/\/fmgente.com.ar\/web\/morena-rial-acudio-desesperada-a-luis-ventura-y-lo-llamo-desde-la-carcel-que-le-pidio\/","name":"Morena Rial acudi\u00f3 desesperada a Luis Ventura y lo llam\u00f3 desde la c\u00e1rcel: qu\u00e9 le pidi\u00f3 - Fm Gente","isPartOf":{"@id":"https:\/\/fmgente.com.ar\/web\/#website"},"primaryImageOfPage":{"@id":"https:\/\/fmgente.com.ar\/web\/morena-rial-acudio-desesperada-a-luis-ventura-y-lo-llamo-desde-la-carcel-que-le-pidio\/#primaryimage"},"image":{"@id":"https:\/\/fmgente.com.ar\/web\/morena-rial-acudio-desesperada-a-luis-ventura-y-lo-llamo-desde-la-carcel-que-le-pidio\/#primaryimage"},"thumbnailUrl":"https:\/\/fmgente.com.ar\/web\/wp-content\/uploads\/2025\/10\/Thiago-Medina-Daniela-359x226-13.jpg","datePublished":"2025-10-08T21:06:22+00:00","inLanguage":"es","potentialAction":[{"@type":"ReadAction","target":["https:\/\/fmgente.com.ar\/web\/morena-rial-acudio-desesperada-a-luis-ventura-y-lo-llamo-desde-la-carcel-que-le-pidio\/"]}]},{"@type":"ImageObject","inLanguage":"es","@id":"https:\/\/fmgente.com.ar\/web\/morena-rial-acudio-desesperada-a-luis-ventura-y-lo-llamo-desde-la-carcel-que-le-pidio\/#primaryimage","url":"https:\/\/fmgente.com.ar\/web\/wp-content\/uploads\/2025\/10\/Thiago-Medina-Daniela-359x226-13.jpg","contentUrl":"https:\/\/fmgente.com.ar\/web\/wp-content\/uploads\/2025\/10\/Thiago-Medina-Daniela-359x226-13.jpg","width":359,"height":226},{"@type":"WebSite","@id":"https:\/\/fmgente.com.ar\/web\/#website","url":"https:\/\/fmgente.com.ar\/web\/","name":"Fm Gente","description":"- Jes\u00fas Mar\u00eda","publisher":{"@id":"https:\/\/fmgente.com.ar\/web\/#organization"},"potentialAction":[{"@type":"SearchAction","target":{"@type":"EntryPoint","urlTemplate":"https:\/\/fmgente.com.ar\/web\/?s={search_term_string}"},"query-input":{"@type":"PropertyValueSpecification","valueRequired":true,"valueName":"search_term_string"}}],"inLanguage":"es"},{"@type":"Organization","@id":"https:\/\/fmgente.com.ar\/web\/#organization","name":"Fm Gente","url":"https:\/\/fmgente.com.ar\/web\/","logo":{"@type":"ImageObject","inLanguage":"es","@id":"https:\/\/fmgente.com.ar\/web\/#\/schema\/logo\/image\/","url":"https:\/\/fmgente.com.ar\/web\/wp-content\/uploads\/2023\/07\/cropped-cropped-logo-sombra2.png","contentUrl":"https:\/\/fmgente.com.ar\/web\/wp-content\/uploads\/2023\/07\/cropped-cropped-logo-sombra2.png","width":1782,"height":1782,"caption":"Fm Gente"},"image":{"@id":"https:\/\/fmgente.com.ar\/web\/#\/schema\/logo\/image\/"}}]}},"_links":{"self":[{"href":"https:\/\/fmgente.com.ar\/web\/wp-json\/wp\/v2\/posts\/6380","targetHints":{"allow":["GET"]}}],"collection":[{"href":"https:\/\/fmgente.com.ar\/web\/wp-json\/wp\/v2\/posts"}],"about":[{"href":"https:\/\/fmgente.com.ar\/web\/wp-json\/wp\/v2\/types\/post"}],"replies":[{"embeddable":true,"href":"https:\/\/fmgente.com.ar\/web\/wp-json\/wp\/v2\/comments?post=6380"}],"version-history":[{"count":0,"href":"https:\/\/fmgente.com.ar\/web\/wp-json\/wp\/v2\/posts\/6380\/revisions"}],"wp:featuredmedia":[{"embeddable":true,"href":"https:\/\/fmgente.com.ar\/web\/wp-json\/wp\/v2\/media\/6381"}],"wp:attachment":[{"href":"https:\/\/fmgente.com.ar\/web\/wp-json\/wp\/v2\/media?parent=6380"}],"wp:term":[{"taxonomy":"category","embeddable":true,"href":"https:\/\/fmgente.com.ar\/web\/wp-json\/wp\/v2\/categories?post=6380"},{"taxonomy":"post_tag","embeddable":true,"href":"https:\/\/fmgente.com.ar\/web\/wp-json\/wp\/v2\/tags?post=6380"}],"curies":[{"name":"wp","href":"https:\/\/api.w.org\/{rel}","templated":true}]}}