{"id":6378,"date":"2025-10-08T17:05:33","date_gmt":"2025-10-08T20:05:33","guid":{"rendered":"https:\/\/fmgente.com.ar\/a-sus-61-anos-mario-pergolini-saco-a-la-luz-su-profunda-lucha-contra-la-depresion-pense-en\/"},"modified":"2025-10-08T17:05:33","modified_gmt":"2025-10-08T20:05:33","slug":"a-sus-61-anos-mario-pergolini-saco-a-la-luz-su-profunda-lucha-contra-la-depresion-pense-en","status":"publish","type":"post","link":"https:\/\/fmgente.com.ar\/web\/a-sus-61-anos-mario-pergolini-saco-a-la-luz-su-profunda-lucha-contra-la-depresion-pense-en\/","title":{"rendered":"A sus 61 a\u00f1os, Mario Pergolini sac\u00f3 a la luz su profunda lucha contra la depresi\u00f3n: &quot;Pens\u00e9 en&#8230;&quot;"},"content":{"rendered":"<p><strong>Mario Pergolini<\/strong> fue uno de los grandes reyes de la televisi\u00f3n en los a\u00f1os 90, marcando y educando a toda una generaci\u00f3n; su hist\u00f3rica rivalidad con <strong><a href=\"https:\/\/www.paparazzi.com.ar\/teve\/marcelo-tinelli-desorientado-ante-un-extrano-pedido-de-sus-hijas-nos-vamos-de-viaje-y-quieren-llevar-al-astrologo\/\">Marcelo Tinelli<\/a><\/strong> y todo lo vivido profesionalmente, lo llev\u00f3 a convertirse en un n\u00famero uno.<\/p>\n<p>Sin embargo, en su vida hubo un lado b que pocos conocieron en relaci\u00f3n a su lucha contra la depresi\u00f3n. El conductor expuso en su programa de streaming en <em>Vorterix<\/em>,<em> Deja que entre el sol<\/em>, lo que vivi\u00f3 hace algunos a\u00f1os.<\/p>\n<p>En una charla que mantuvo con<strong> Roberto Galati<\/strong>, <strong>Camila Fortunato<\/strong> y <strong><a href=\"https:\/\/www.paparazzi.com.ar\/teve\/nazareno-casero-confeso-como-lo-afecto-interpretar-a-diego-maradona\/\">Nazareno Casero<\/a><\/strong>, desliz\u00f3 c\u00f3mo lo vivi\u00f3, luego de la pregunta de si pens\u00f3 en la muerte. \u201c<em>Pens\u00e9 en la muerte en una etapa de mi vida, lo cual te angustia mucho<\/em>\u201d, expuso en un primero momento.<\/p>\n<div class=\"mt-box \">\n<h4 class=\"mt-heading\">Mir\u00e1 Tambi\u00e9n<\/h4>\n<p><a href=\"https:\/\/www.paparazzi.com.ar\/videos\/exclusivo-daniela-celis-confirmo-el-ultimo-paso-para-que-thiago-medina-reciba-el-alta\/\"><\/p>\n<div class=\"mt-content\">\n<div class=\"mt-image-container\"><img decoding=\"async\" src=\"https:\/\/www.paparazzi.com.ar\/wp-content\/uploads\/2025\/10\/Thiago-Medina-Daniela-359x226.jpg\" alt=\"\u00a1Exclusivo! Daniela Celis confirm\u00f3 el \u00faltimo paso para que Thiago Medina reciba el alta\" class=\"mt-image\" loading=\"lazy\" \/><\/div>\n<h5 class=\"mt-title\">\u00a1Exclusivo! Daniela Celis confirm\u00f3 el \u00faltimo paso para que Thiago Medina reciba el alta<\/h5>\n<\/div>\n<p><\/a><\/div>\n<p>A la hora de explicar lo que vivi\u00f3, <a href=\"https:\/\/www.paparazzi.com.ar\/teve\/angel-de-brito-se-canso-de-mario-pergolini-y-lo-insulto-en-vivo-es-un\/\">Pergolini<\/a> hizo \u00e9nfasis en cu\u00e1nto lo ayud\u00f3 a superar ese momento de su vida comenzar con un tratamiento psicol\u00f3gico: \u201c<em>He pasado por depresi\u00f3n y p\u00e1nico. Despu\u00e9s, cuando lo pude solucionar, lo logr\u00e9 con terapia\u00bb.<\/em><\/p>\n<h2 class=\"wp-block-heading\">MARIO PERGOLINI Y SU LUCHA CONTRA LA DEPRESI\u00d3N<\/h2>\n<p><em>\u00abYa no es algo que me importe realmente. Cuando lo digo me responden &#8216;bueno, eh&#8217;, pero no me importa si sucede ma\u00f1ana, no est\u00e1 en mi cabeza<\/em>\u00ab, sostuvo Mario, quien hoy se toma ese tema de otra manera, y con las herramientas necesarias.<\/p>\n<div class=\"mt-box \">\n<h4 class=\"mt-heading\">Mir\u00e1 Tambi\u00e9n<\/h4>\n<p><a href=\"https:\/\/www.paparazzi.com.ar\/teve\/mario-pergolini-conto-el-grave-problema-de-salud-que-sufre-tras-empezar-pilates\/\"><\/p>\n<div class=\"mt-content\">\n<div class=\"mt-image-container\"><img decoding=\"async\" src=\"https:\/\/www.paparazzi.com.ar\/wp-content\/uploads\/2025\/09\/mario-pergolini-pilates-1.png.webp\" alt=\"Mario Pergolini cont\u00f3 el grave problema de salud que sufre tras empezar pilates\" class=\"mt-image\" loading=\"lazy\" \/><\/div>\n<h5 class=\"mt-title\">Mario Pergolini cont\u00f3 el grave problema de salud que sufre tras empezar pilates<\/h5>\n<\/div>\n<p><\/a><\/div>\n<p>De todas formas, pensar en la muerte, proyectarla mientras estaba vivo, fue algo que le hizo pasar mucha angustia a Pergolini. Todo esto lo atraves\u00f3 en la privacidad de su familia, quienes tambi\u00e9n lo ayudaron a superarlo.<\/p>\n<div class=\"mt-box \">\n<h4 class=\"mt-heading\">Mir\u00e1 Tambi\u00e9n<\/h4>\n<p><a href=\"https:\/\/www.paparazzi.com.ar\/teve\/luisana-lopilato-sorprendio-con-una-fuerte-confesion-a-sus-38-anos-me-canse\/\"><\/p>\n<div class=\"mt-content\">\n<div class=\"mt-image-container\"><img decoding=\"async\" src=\"https:\/\/www.paparazzi.com.ar\/wp-content\/uploads\/2025\/10\/luisana-lopilato-359x226.jpg\" alt=\"Luisana Lopilato sorprendi\u00f3 con una fuerte confesi\u00f3n a sus 38 a\u00f1os: \u201cMe cans\u00e9\u201d\" class=\"mt-image\" loading=\"lazy\" \/><\/div>\n<h5 class=\"mt-title\">Luisana Lopilato sorprendi\u00f3 con una fuerte confesi\u00f3n a sus 38 a\u00f1os: \u201cMe cans\u00e9\u201d<\/h5>\n<\/div>\n<p><\/a><\/div>\n<div class=\"mt-box \">\n<h4 class=\"mt-heading\">Mir\u00e1 Tambi\u00e9n<\/h4>\n<p><a href=\"https:\/\/www.paparazzi.com.ar\/teve\/wanda-nara-se-burlo-feo-de-la-china-suarez-en-masterchef-palta\/\"><\/p>\n<div class=\"mt-content\">\n<div class=\"mt-image-container\"><img decoding=\"async\" src=\"https:\/\/www.paparazzi.com.ar\/wp-content\/uploads\/2025\/10\/Wanda-Nara-China-Suarez-359x226.jpg\" alt=\"Wanda Nara se burl\u00f3 feo de la China Su\u00e1rez en MasterChef: \u201cPalta\u201d\" class=\"mt-image\" loading=\"lazy\" \/><\/div>\n<h5 class=\"mt-title\">Wanda Nara se burl\u00f3 feo de la China Su\u00e1rez en MasterChef: \u201cPalta\u201d<\/h5>\n<\/div>\n<p><\/a><\/div>\n<p>The post <a href=\"https:\/\/www.paparazzi.com.ar\/teve\/a-sus-61-anos-mario-pergolini-saco-a-la-luz-su-profunda-lucha-contra-la-depresion-pense-en\/\">A sus 61 a\u00f1os, Mario Pergolini sac\u00f3 a la luz su profunda lucha contra la depresi\u00f3n: &quot;Pens\u00e9 en&#8230;&quot;<\/a> appeared first on <a href=\"https:\/\/www.paparazzi.com.ar\">Revista Paparazzi<\/a>.<\/p>\n","protected":false},"excerpt":{"rendered":"<p>Mario Pergolini fue uno de los grandes reyes de la televisi\u00f3n en los a\u00f1os 90,<\/p>\n","protected":false},"author":0,"featured_media":6379,"comment_status":"","ping_status":"","sticky":false,"template":"","format":"standard","meta":{"footnotes":""},"categories":[11],"tags":[],"class_list":["post-6378","post","type-post","status-publish","format-standard","has-post-thumbnail","hentry","category-destacadas"],"yoast_head":"<!-- This site is optimized with the Yoast SEO plugin v27.4 - https:\/\/yoast.com\/product\/yoast-seo-wordpress\/ -->\n<title>A sus 61 a\u00f1os, Mario Pergolini sac\u00f3 a la luz su profunda lucha contra la depresi\u00f3n: &quot;Pens\u00e9 en...&quot; - Fm Gente<\/title>\n<meta name=\"robots\" content=\"index, follow, max-snippet:-1, max-image-preview:large, max-video-preview:-1\" \/>\n<link rel=\"canonical\" href=\"https:\/\/fmgente.com.ar\/web\/a-sus-61-anos-mario-pergolini-saco-a-la-luz-su-profunda-lucha-contra-la-depresion-pense-en\/\" \/>\n<meta property=\"og:locale\" content=\"es_ES\" \/>\n<meta property=\"og:type\" content=\"article\" \/>\n<meta property=\"og:title\" content=\"A sus 61 a\u00f1os, Mario Pergolini sac\u00f3 a la luz su profunda lucha contra la depresi\u00f3n: &quot;Pens\u00e9 en...&quot; - Fm Gente\" \/>\n<meta property=\"og:description\" content=\"Mario Pergolini fue uno de los grandes reyes de la televisi\u00f3n en los a\u00f1os 90,\" \/>\n<meta property=\"og:url\" content=\"https:\/\/fmgente.com.ar\/web\/a-sus-61-anos-mario-pergolini-saco-a-la-luz-su-profunda-lucha-contra-la-depresion-pense-en\/\" \/>\n<meta property=\"og:site_name\" content=\"Fm Gente\" \/>\n<meta property=\"article:published_time\" content=\"2025-10-08T20:05:33+00:00\" \/>\n<meta property=\"og:image\" content=\"https:\/\/fmgente.com.ar\/web\/wp-content\/uploads\/2025\/10\/Thiago-Medina-Daniela-359x226-12.jpg\" \/>\n\t<meta property=\"og:image:width\" content=\"359\" \/>\n\t<meta property=\"og:image:height\" content=\"226\" \/>\n\t<meta property=\"og:image:type\" content=\"image\/jpeg\" \/>\n<meta name=\"twitter:card\" content=\"summary_large_image\" \/>\n<meta name=\"twitter:label1\" content=\"Tiempo de lectura\" \/>\n\t<meta name=\"twitter:data1\" content=\"2 minutos\" \/>\n<script type=\"application\/ld+json\" class=\"yoast-schema-graph\">{\"@context\":\"https:\\\/\\\/schema.org\",\"@graph\":[{\"@type\":\"Article\",\"@id\":\"https:\\\/\\\/fmgente.com.ar\\\/web\\\/a-sus-61-anos-mario-pergolini-saco-a-la-luz-su-profunda-lucha-contra-la-depresion-pense-en\\\/#article\",\"isPartOf\":{\"@id\":\"https:\\\/\\\/fmgente.com.ar\\\/web\\\/a-sus-61-anos-mario-pergolini-saco-a-la-luz-su-profunda-lucha-contra-la-depresion-pense-en\\\/\"},\"author\":{\"name\":\"\",\"@id\":\"\"},\"headline\":\"A sus 61 a\u00f1os, Mario Pergolini sac\u00f3 a la luz su profunda lucha contra la depresi\u00f3n: &quot;Pens\u00e9 en&#8230;&quot;\",\"datePublished\":\"2025-10-08T20:05:33+00:00\",\"mainEntityOfPage\":{\"@id\":\"https:\\\/\\\/fmgente.com.ar\\\/web\\\/a-sus-61-anos-mario-pergolini-saco-a-la-luz-su-profunda-lucha-contra-la-depresion-pense-en\\\/\"},\"wordCount\":390,\"publisher\":{\"@id\":\"https:\\\/\\\/fmgente.com.ar\\\/web\\\/#organization\"},\"image\":{\"@id\":\"https:\\\/\\\/fmgente.com.ar\\\/web\\\/a-sus-61-anos-mario-pergolini-saco-a-la-luz-su-profunda-lucha-contra-la-depresion-pense-en\\\/#primaryimage\"},\"thumbnailUrl\":\"https:\\\/\\\/fmgente.com.ar\\\/web\\\/wp-content\\\/uploads\\\/2025\\\/10\\\/Thiago-Medina-Daniela-359x226-12.jpg\",\"articleSection\":[\"DESTACADAS\"],\"inLanguage\":\"es\"},{\"@type\":\"WebPage\",\"@id\":\"https:\\\/\\\/fmgente.com.ar\\\/web\\\/a-sus-61-anos-mario-pergolini-saco-a-la-luz-su-profunda-lucha-contra-la-depresion-pense-en\\\/\",\"url\":\"https:\\\/\\\/fmgente.com.ar\\\/web\\\/a-sus-61-anos-mario-pergolini-saco-a-la-luz-su-profunda-lucha-contra-la-depresion-pense-en\\\/\",\"name\":\"A sus 61 a\u00f1os, Mario Pergolini sac\u00f3 a la luz su profunda lucha contra la depresi\u00f3n: &quot;Pens\u00e9 en...&quot; - Fm Gente\",\"isPartOf\":{\"@id\":\"https:\\\/\\\/fmgente.com.ar\\\/web\\\/#website\"},\"primaryImageOfPage\":{\"@id\":\"https:\\\/\\\/fmgente.com.ar\\\/web\\\/a-sus-61-anos-mario-pergolini-saco-a-la-luz-su-profunda-lucha-contra-la-depresion-pense-en\\\/#primaryimage\"},\"image\":{\"@id\":\"https:\\\/\\\/fmgente.com.ar\\\/web\\\/a-sus-61-anos-mario-pergolini-saco-a-la-luz-su-profunda-lucha-contra-la-depresion-pense-en\\\/#primaryimage\"},\"thumbnailUrl\":\"https:\\\/\\\/fmgente.com.ar\\\/web\\\/wp-content\\\/uploads\\\/2025\\\/10\\\/Thiago-Medina-Daniela-359x226-12.jpg\",\"datePublished\":\"2025-10-08T20:05:33+00:00\",\"inLanguage\":\"es\",\"potentialAction\":[{\"@type\":\"ReadAction\",\"target\":[\"https:\\\/\\\/fmgente.com.ar\\\/web\\\/a-sus-61-anos-mario-pergolini-saco-a-la-luz-su-profunda-lucha-contra-la-depresion-pense-en\\\/\"]}]},{\"@type\":\"ImageObject\",\"inLanguage\":\"es\",\"@id\":\"https:\\\/\\\/fmgente.com.ar\\\/web\\\/a-sus-61-anos-mario-pergolini-saco-a-la-luz-su-profunda-lucha-contra-la-depresion-pense-en\\\/#primaryimage\",\"url\":\"https:\\\/\\\/fmgente.com.ar\\\/web\\\/wp-content\\\/uploads\\\/2025\\\/10\\\/Thiago-Medina-Daniela-359x226-12.jpg\",\"contentUrl\":\"https:\\\/\\\/fmgente.com.ar\\\/web\\\/wp-content\\\/uploads\\\/2025\\\/10\\\/Thiago-Medina-Daniela-359x226-12.jpg\",\"width\":359,\"height\":226},{\"@type\":\"WebSite\",\"@id\":\"https:\\\/\\\/fmgente.com.ar\\\/web\\\/#website\",\"url\":\"https:\\\/\\\/fmgente.com.ar\\\/web\\\/\",\"name\":\"Fm Gente\",\"description\":\"- Jes\u00fas Mar\u00eda\",\"publisher\":{\"@id\":\"https:\\\/\\\/fmgente.com.ar\\\/web\\\/#organization\"},\"potentialAction\":[{\"@type\":\"SearchAction\",\"target\":{\"@type\":\"EntryPoint\",\"urlTemplate\":\"https:\\\/\\\/fmgente.com.ar\\\/web\\\/?s={search_term_string}\"},\"query-input\":{\"@type\":\"PropertyValueSpecification\",\"valueRequired\":true,\"valueName\":\"search_term_string\"}}],\"inLanguage\":\"es\"},{\"@type\":\"Organization\",\"@id\":\"https:\\\/\\\/fmgente.com.ar\\\/web\\\/#organization\",\"name\":\"Fm Gente\",\"url\":\"https:\\\/\\\/fmgente.com.ar\\\/web\\\/\",\"logo\":{\"@type\":\"ImageObject\",\"inLanguage\":\"es\",\"@id\":\"https:\\\/\\\/fmgente.com.ar\\\/web\\\/#\\\/schema\\\/logo\\\/image\\\/\",\"url\":\"https:\\\/\\\/fmgente.com.ar\\\/web\\\/wp-content\\\/uploads\\\/2023\\\/07\\\/cropped-cropped-logo-sombra2.png\",\"contentUrl\":\"https:\\\/\\\/fmgente.com.ar\\\/web\\\/wp-content\\\/uploads\\\/2023\\\/07\\\/cropped-cropped-logo-sombra2.png\",\"width\":1782,\"height\":1782,\"caption\":\"Fm Gente\"},\"image\":{\"@id\":\"https:\\\/\\\/fmgente.com.ar\\\/web\\\/#\\\/schema\\\/logo\\\/image\\\/\"}}]}<\/script>\n<!-- \/ Yoast SEO plugin. -->","yoast_head_json":{"title":"A sus 61 a\u00f1os, Mario Pergolini sac\u00f3 a la luz su profunda lucha contra la depresi\u00f3n: &quot;Pens\u00e9 en...&quot; - Fm Gente","robots":{"index":"index","follow":"follow","max-snippet":"max-snippet:-1","max-image-preview":"max-image-preview:large","max-video-preview":"max-video-preview:-1"},"canonical":"https:\/\/fmgente.com.ar\/web\/a-sus-61-anos-mario-pergolini-saco-a-la-luz-su-profunda-lucha-contra-la-depresion-pense-en\/","og_locale":"es_ES","og_type":"article","og_title":"A sus 61 a\u00f1os, Mario Pergolini sac\u00f3 a la luz su profunda lucha contra la depresi\u00f3n: &quot;Pens\u00e9 en...&quot; - Fm Gente","og_description":"Mario Pergolini fue uno de los grandes reyes de la televisi\u00f3n en los a\u00f1os 90,","og_url":"https:\/\/fmgente.com.ar\/web\/a-sus-61-anos-mario-pergolini-saco-a-la-luz-su-profunda-lucha-contra-la-depresion-pense-en\/","og_site_name":"Fm Gente","article_published_time":"2025-10-08T20:05:33+00:00","og_image":[{"width":359,"height":226,"url":"https:\/\/fmgente.com.ar\/web\/wp-content\/uploads\/2025\/10\/Thiago-Medina-Daniela-359x226-12.jpg","type":"image\/jpeg"}],"twitter_card":"summary_large_image","twitter_misc":{"Tiempo de lectura":"2 minutos"},"schema":{"@context":"https:\/\/schema.org","@graph":[{"@type":"Article","@id":"https:\/\/fmgente.com.ar\/web\/a-sus-61-anos-mario-pergolini-saco-a-la-luz-su-profunda-lucha-contra-la-depresion-pense-en\/#article","isPartOf":{"@id":"https:\/\/fmgente.com.ar\/web\/a-sus-61-anos-mario-pergolini-saco-a-la-luz-su-profunda-lucha-contra-la-depresion-pense-en\/"},"author":{"name":"","@id":""},"headline":"A sus 61 a\u00f1os, Mario Pergolini sac\u00f3 a la luz su profunda lucha contra la depresi\u00f3n: &quot;Pens\u00e9 en&#8230;&quot;","datePublished":"2025-10-08T20:05:33+00:00","mainEntityOfPage":{"@id":"https:\/\/fmgente.com.ar\/web\/a-sus-61-anos-mario-pergolini-saco-a-la-luz-su-profunda-lucha-contra-la-depresion-pense-en\/"},"wordCount":390,"publisher":{"@id":"https:\/\/fmgente.com.ar\/web\/#organization"},"image":{"@id":"https:\/\/fmgente.com.ar\/web\/a-sus-61-anos-mario-pergolini-saco-a-la-luz-su-profunda-lucha-contra-la-depresion-pense-en\/#primaryimage"},"thumbnailUrl":"https:\/\/fmgente.com.ar\/web\/wp-content\/uploads\/2025\/10\/Thiago-Medina-Daniela-359x226-12.jpg","articleSection":["DESTACADAS"],"inLanguage":"es"},{"@type":"WebPage","@id":"https:\/\/fmgente.com.ar\/web\/a-sus-61-anos-mario-pergolini-saco-a-la-luz-su-profunda-lucha-contra-la-depresion-pense-en\/","url":"https:\/\/fmgente.com.ar\/web\/a-sus-61-anos-mario-pergolini-saco-a-la-luz-su-profunda-lucha-contra-la-depresion-pense-en\/","name":"A sus 61 a\u00f1os, Mario Pergolini sac\u00f3 a la luz su profunda lucha contra la depresi\u00f3n: &quot;Pens\u00e9 en...&quot; - Fm Gente","isPartOf":{"@id":"https:\/\/fmgente.com.ar\/web\/#website"},"primaryImageOfPage":{"@id":"https:\/\/fmgente.com.ar\/web\/a-sus-61-anos-mario-pergolini-saco-a-la-luz-su-profunda-lucha-contra-la-depresion-pense-en\/#primaryimage"},"image":{"@id":"https:\/\/fmgente.com.ar\/web\/a-sus-61-anos-mario-pergolini-saco-a-la-luz-su-profunda-lucha-contra-la-depresion-pense-en\/#primaryimage"},"thumbnailUrl":"https:\/\/fmgente.com.ar\/web\/wp-content\/uploads\/2025\/10\/Thiago-Medina-Daniela-359x226-12.jpg","datePublished":"2025-10-08T20:05:33+00:00","inLanguage":"es","potentialAction":[{"@type":"ReadAction","target":["https:\/\/fmgente.com.ar\/web\/a-sus-61-anos-mario-pergolini-saco-a-la-luz-su-profunda-lucha-contra-la-depresion-pense-en\/"]}]},{"@type":"ImageObject","inLanguage":"es","@id":"https:\/\/fmgente.com.ar\/web\/a-sus-61-anos-mario-pergolini-saco-a-la-luz-su-profunda-lucha-contra-la-depresion-pense-en\/#primaryimage","url":"https:\/\/fmgente.com.ar\/web\/wp-content\/uploads\/2025\/10\/Thiago-Medina-Daniela-359x226-12.jpg","contentUrl":"https:\/\/fmgente.com.ar\/web\/wp-content\/uploads\/2025\/10\/Thiago-Medina-Daniela-359x226-12.jpg","width":359,"height":226},{"@type":"WebSite","@id":"https:\/\/fmgente.com.ar\/web\/#website","url":"https:\/\/fmgente.com.ar\/web\/","name":"Fm Gente","description":"- Jes\u00fas Mar\u00eda","publisher":{"@id":"https:\/\/fmgente.com.ar\/web\/#organization"},"potentialAction":[{"@type":"SearchAction","target":{"@type":"EntryPoint","urlTemplate":"https:\/\/fmgente.com.ar\/web\/?s={search_term_string}"},"query-input":{"@type":"PropertyValueSpecification","valueRequired":true,"valueName":"search_term_string"}}],"inLanguage":"es"},{"@type":"Organization","@id":"https:\/\/fmgente.com.ar\/web\/#organization","name":"Fm Gente","url":"https:\/\/fmgente.com.ar\/web\/","logo":{"@type":"ImageObject","inLanguage":"es","@id":"https:\/\/fmgente.com.ar\/web\/#\/schema\/logo\/image\/","url":"https:\/\/fmgente.com.ar\/web\/wp-content\/uploads\/2023\/07\/cropped-cropped-logo-sombra2.png","contentUrl":"https:\/\/fmgente.com.ar\/web\/wp-content\/uploads\/2023\/07\/cropped-cropped-logo-sombra2.png","width":1782,"height":1782,"caption":"Fm Gente"},"image":{"@id":"https:\/\/fmgente.com.ar\/web\/#\/schema\/logo\/image\/"}}]}},"_links":{"self":[{"href":"https:\/\/fmgente.com.ar\/web\/wp-json\/wp\/v2\/posts\/6378","targetHints":{"allow":["GET"]}}],"collection":[{"href":"https:\/\/fmgente.com.ar\/web\/wp-json\/wp\/v2\/posts"}],"about":[{"href":"https:\/\/fmgente.com.ar\/web\/wp-json\/wp\/v2\/types\/post"}],"replies":[{"embeddable":true,"href":"https:\/\/fmgente.com.ar\/web\/wp-json\/wp\/v2\/comments?post=6378"}],"version-history":[{"count":0,"href":"https:\/\/fmgente.com.ar\/web\/wp-json\/wp\/v2\/posts\/6378\/revisions"}],"wp:featuredmedia":[{"embeddable":true,"href":"https:\/\/fmgente.com.ar\/web\/wp-json\/wp\/v2\/media\/6379"}],"wp:attachment":[{"href":"https:\/\/fmgente.com.ar\/web\/wp-json\/wp\/v2\/media?parent=6378"}],"wp:term":[{"taxonomy":"category","embeddable":true,"href":"https:\/\/fmgente.com.ar\/web\/wp-json\/wp\/v2\/categories?post=6378"},{"taxonomy":"post_tag","embeddable":true,"href":"https:\/\/fmgente.com.ar\/web\/wp-json\/wp\/v2\/tags?post=6378"}],"curies":[{"name":"wp","href":"https:\/\/api.w.org\/{rel}","templated":true}]}}