{"id":6374,"date":"2025-10-08T16:05:35","date_gmt":"2025-10-08T19:05:35","guid":{"rendered":"https:\/\/fmgente.com.ar\/filtraron-el-primer-eliminado-de-masterchef-y-se-armo-un-lio-tremendo-se-fue-llorando-muy-mal\/"},"modified":"2025-10-08T16:05:35","modified_gmt":"2025-10-08T19:05:35","slug":"filtraron-el-primer-eliminado-de-masterchef-y-se-armo-un-lio-tremendo-se-fue-llorando-muy-mal","status":"publish","type":"post","link":"https:\/\/fmgente.com.ar\/web\/filtraron-el-primer-eliminado-de-masterchef-y-se-armo-un-lio-tremendo-se-fue-llorando-muy-mal\/","title":{"rendered":"Filtraron el primer eliminado de Masterchef y se arm\u00f3 un l\u00edo tremendo: &quot;Se fue llorando muy mal&quot;"},"content":{"rendered":"<p>Alerta spoiler: aquellos que piensan clavarse todas las noches a Telef\u00e9 para seguir con atenci\u00f3n e inter\u00e9s Masterchef Celebrity con la conducci\u00f3n de Wanda Nara y la participaci\u00f3n de un nutrido grupo de famosos y famosas deber\u00edan, sinceramente y mal que nos pese, abandonar este texto en este mismo instante. Ahora. Ya. Sin m\u00e1s demora. \u00bfPor qu\u00e9? Porque aqu\u00ed, r\u00e1pidamente, quiz\u00e1s en las pr\u00f3ximas l\u00edneas o en el p\u00e1rrafo siguiente, quedar\u00e1 develado el primer eliminado del realitie. Y ver una pel\u00edcula sabiendo el final tiene menos gracia que tratar de llegar a fin de mes en la Argentina de la motosierra. <\/p>\n<p>Masterchef es el \u00abplato fuerte\u00bb que planea Telefe para reemplazar a La Voz, que sin los n\u00fameros de Gran Hermano defiende bastante bien el liderazgo del canal en el famoso \u00abprime time\u00bb televisivo, esa franja horaria nocturna donde se cobra bastante m\u00e1s caro el segundo de publicidad que en el resto del d\u00eda. La estructura ser\u00e1 m\u00e1s o menos la de siempre, el jurado con Betular, Martitegui, Donato y Cristophe, Wanda al mando de todos ellos como anfiotriona, y un grupo de participantes \u00abnotables\u00bb en pugna por el premio mayor.<\/p>\n<p>Las escenas se graban con bastante anticipaci\u00f3n pero se mantienen en secreto hasta que salen al aire. Todos los participantes (todos, incluso los que est\u00e1n detr\u00e1s de c\u00e1mara) firman un contrato de confidencialidad: si anticipan algo pueden ser \u00absancionados\u00bb. Es curioso, entonces, que toda la televisi\u00f3n y las redes sociales se pregunten \u00abqui\u00e9n se va hoy\u00bb cuando es algo que se film\u00f3 mucho antes y hay unas cuantas personas que conocen la resoluci\u00f3n. Tan curioso como real, porque eso viene pasando desde hace mucho tiempo. Y no solo con Masterchef.<\/p>\n<div class=\"mt-box \">\n<h4 class=\"mt-heading\">Mir\u00e1 Tambi\u00e9n<\/h4>\n<p><a href=\"https:\/\/www.paparazzi.com.ar\/teve\/escandalo-total-en-tn-con-el-meteorologo-matias-bertolotti-por-sus-ofensas-a-la-peregrinacion-a-la-virgen-de-lujan\/\"><\/p>\n<div class=\"mt-content\">\n<div class=\"mt-image-container\"><img decoding=\"async\" src=\"https:\/\/www.paparazzi.com.ar\/wp-content\/uploads\/2025\/10\/Bertolotti-TN-1-359x226.jpg\" alt=\"Esc\u00e1ndalo en TN con el meteor\u00f3logo Mat\u00edas Bertolotti por sus ofensas a la peregrinaci\u00f3n a la Virgen de Luj\u00e1n\" class=\"mt-image\" loading=\"lazy\" \/><\/div>\n<h5 class=\"mt-title\">Esc\u00e1ndalo en TN con el meteor\u00f3logo Mat\u00edas Bertolotti por sus ofensas a la peregrinaci\u00f3n a la Virgen de Luj\u00e1n<\/h5>\n<\/div>\n<p><\/a><\/div>\n<p>As\u00ed las cosas, las grabaciones arrancaron hace unos d\u00edas, y en virtud de eso no s\u00f3lo trascendi\u00f3 el primer nombre que se queda afuera, sino que tambi\u00e9n se cont\u00f3 el esc\u00e1ndalo que hubo luego de conocerse ese \u00abresultado adverso\u00bb. Qui\u00e9n relat\u00f3 la secuencia fue el periodista conocido con el apodo de \u00abLa Criti\u00bb, aunque su tuit tuvo mucho m\u00e1s \u00abrebote\u00bb o \u00abruido\u00bb a partir de un reposteo que hicieron tanto la cuenta de Yanina Latorre como la de su programa de Am\u00e9rica, SQP.<\/p>\n<h2 class=\"wp-block-heading\">FILTRARON EL PRIMER ELIMINADO DE MASTERCHEF Y SE ARMO UN LIO TREMENDO<\/h2>\n<p>Sin m\u00e1s vueltas, el panelista escribi\u00f3 en su cuenta de Twitter \u00abMarixa Balli seria la primera eliminada de Masterchef Celebrity. La Cachaca no habr\u00cda pasado la primera ronda de eliminaci\u00f3n, esta muy triste y se la vio llorando en el evento de Fundaleu. Siente que arriesg\u00f3 y\u00e9ndose a Telefe y ahora se qued\u00f3 sin nada\u00bb. Todo en potencial, pero ya se sabe c\u00f3mo es esto. Cuando el r\u00edo suena&#8230;<\/p>\n<p>&#8230; Agua trae. Y como a r\u00edo revuelto ganancia de pescadores, Yanina Latorre, que siempre tiene la ca\u00f1a con la carnada puesta y el anzuelo preparado, aprovech\u00f3 la oportunidad para \u00abtirarle\u00bb a Marixa, con quien discuti\u00f3 por su salida de LAM. Si bien no fue ella directamente sino el perfil del programa que conduce, escribir la simple frase \u00abLa Cachaca ser\u00eda la primera eliminada del realitie\u00bb es un gancho al h\u00edgado para el ego de la Balli.<\/p>\n<figure class=\"wp-block-image size-full\"><img decoding=\"async\" width=\"578\" height=\"241\" src=\"https:\/\/www.paparazzi.com.ar\/wp-content\/uploads\/2025\/10\/Masterchef-1.jpg.webp\" loading=\"lazy\" alt=\"EL TUIT DE &quot;LA CRITI&quot; AUNCIANDO QUE MARIXA ES LA PRIMERA ELIMINADA DE MASTERCHEF  TUVO EL REPOSTEO DE YANINA LATORRE.\" class=\"wp-image-446970\" \/><figcaption class=\"wp-element-caption\"><strong>EL TUIT DE \u00abLA CRITI\u00bb AUNCIANDO QUE MARIXA ES LA PRIMERA ELIMINADA DE MASTERCHEF  TUVO EL REPOSTEO DE YANINA LATORRE.<\/strong><\/figcaption><\/figure>\n<div class=\"mt-box \">\n<h4 class=\"mt-heading\">Mir\u00e1 Tambi\u00e9n<\/h4>\n<p><a href=\"https:\/\/www.paparazzi.com.ar\/romances\/los-explosivos-chats-intimos-que-se-filtraron-entre-una-ex-gran-hermano-y-el-chico-del-momento-queres-venir-a\/\"><\/p>\n<div class=\"mt-content\">\n<div class=\"mt-image-container\"><img decoding=\"async\" src=\"https:\/\/www.paparazzi.com.ar\/wp-content\/uploads\/2025\/10\/Zoe-1-359x226.jpg\" alt=\"Los explosivos chats \u00edntimos que se filtraron entre una ex Gran Hermano y el chico del momento: &quot;Quer\u00e9s venir a...&quot;\" class=\"mt-image\" loading=\"lazy\" \/><\/div>\n<h5 class=\"mt-title\">Los explosivos chats \u00edntimos que se filtraron entre una ex Gran Hermano y el chico del momento: \u00abQuer\u00e9s venir a&#8230;\u00bb<\/h5>\n<\/div>\n<p><\/a><\/div>\n<div class=\"mt-box \">\n<h4 class=\"mt-heading\">Mir\u00e1 Tambi\u00e9n<\/h4>\n<p><a href=\"https:\/\/www.paparazzi.com.ar\/teve\/conmocion-en-el-triple-femicidio-de-florencio-varela-la-acusacion-de-la-mama-de-morena-contra-la-hermana-de-lara-que-cambia-todo\/\"><\/p>\n<div class=\"mt-content\">\n<div class=\"mt-image-container\"><img decoding=\"async\" src=\"https:\/\/www.paparazzi.com.ar\/wp-content\/uploads\/2025\/10\/Lara-Morena-1-359x226.jpg\" alt=\"Conmoci\u00f3n en el triple femicidio de Florencio Varela: la acusaci\u00f3n de la mam\u00e1 de Morena contra la hermana de Lara que cambia todo\" class=\"mt-image\" loading=\"lazy\" \/><\/div>\n<h5 class=\"mt-title\">Conmoci\u00f3n en el triple femicidio de Florencio Varela: la acusaci\u00f3n de la mam\u00e1 de Morena contra la hermana de Lara que cambia todo<\/h5>\n<\/div>\n<p><\/a><\/div>\n<p>The post <a href=\"https:\/\/www.paparazzi.com.ar\/teve\/filtraron-el-primer-eliminado-de-masterchef-y-se-armo-un-lio-tremendo-se-fue-llorando-muy-mal\/\">Filtraron el primer eliminado de Masterchef y se arm\u00f3 un l\u00edo tremendo: &quot;Se fue llorando muy mal&quot;<\/a> appeared first on <a href=\"https:\/\/www.paparazzi.com.ar\">Revista Paparazzi<\/a>.<\/p>\n","protected":false},"excerpt":{"rendered":"<p>Alerta spoiler: aquellos que piensan clavarse todas las noches a Telef\u00e9 para seguir con atenci\u00f3n<\/p>\n","protected":false},"author":0,"featured_media":6375,"comment_status":"","ping_status":"","sticky":false,"template":"","format":"standard","meta":{"footnotes":""},"categories":[11],"tags":[],"class_list":["post-6374","post","type-post","status-publish","format-standard","has-post-thumbnail","hentry","category-destacadas"],"yoast_head":"<!-- This site is optimized with the Yoast SEO plugin v27.4 - https:\/\/yoast.com\/product\/yoast-seo-wordpress\/ -->\n<title>Filtraron el primer eliminado de Masterchef y se arm\u00f3 un l\u00edo tremendo: &quot;Se fue llorando muy mal&quot; - Fm Gente<\/title>\n<meta name=\"robots\" content=\"index, follow, max-snippet:-1, max-image-preview:large, max-video-preview:-1\" \/>\n<link rel=\"canonical\" href=\"https:\/\/fmgente.com.ar\/web\/filtraron-el-primer-eliminado-de-masterchef-y-se-armo-un-lio-tremendo-se-fue-llorando-muy-mal\/\" \/>\n<meta property=\"og:locale\" content=\"es_ES\" \/>\n<meta property=\"og:type\" content=\"article\" \/>\n<meta property=\"og:title\" content=\"Filtraron el primer eliminado de Masterchef y se arm\u00f3 un l\u00edo tremendo: &quot;Se fue llorando muy mal&quot; - Fm Gente\" \/>\n<meta property=\"og:description\" content=\"Alerta spoiler: aquellos que piensan clavarse todas las noches a Telef\u00e9 para seguir con atenci\u00f3n\" \/>\n<meta property=\"og:url\" content=\"https:\/\/fmgente.com.ar\/web\/filtraron-el-primer-eliminado-de-masterchef-y-se-armo-un-lio-tremendo-se-fue-llorando-muy-mal\/\" \/>\n<meta property=\"og:site_name\" content=\"Fm Gente\" \/>\n<meta property=\"article:published_time\" content=\"2025-10-08T19:05:35+00:00\" \/>\n<meta property=\"og:image\" content=\"https:\/\/fmgente.com.ar\/web\/wp-content\/uploads\/2025\/10\/Bertolotti-TN-1-359x226-1.jpg\" \/>\n\t<meta property=\"og:image:width\" content=\"359\" \/>\n\t<meta property=\"og:image:height\" content=\"226\" \/>\n\t<meta property=\"og:image:type\" content=\"image\/jpeg\" \/>\n<meta name=\"twitter:card\" content=\"summary_large_image\" \/>\n<meta name=\"twitter:label1\" content=\"Tiempo de lectura\" \/>\n\t<meta name=\"twitter:data1\" content=\"3 minutos\" \/>\n<script type=\"application\/ld+json\" class=\"yoast-schema-graph\">{\"@context\":\"https:\\\/\\\/schema.org\",\"@graph\":[{\"@type\":\"Article\",\"@id\":\"https:\\\/\\\/fmgente.com.ar\\\/web\\\/filtraron-el-primer-eliminado-de-masterchef-y-se-armo-un-lio-tremendo-se-fue-llorando-muy-mal\\\/#article\",\"isPartOf\":{\"@id\":\"https:\\\/\\\/fmgente.com.ar\\\/web\\\/filtraron-el-primer-eliminado-de-masterchef-y-se-armo-un-lio-tremendo-se-fue-llorando-muy-mal\\\/\"},\"author\":{\"name\":\"\",\"@id\":\"\"},\"headline\":\"Filtraron el primer eliminado de Masterchef y se arm\u00f3 un l\u00edo tremendo: &quot;Se fue llorando muy mal&quot;\",\"datePublished\":\"2025-10-08T19:05:35+00:00\",\"mainEntityOfPage\":{\"@id\":\"https:\\\/\\\/fmgente.com.ar\\\/web\\\/filtraron-el-primer-eliminado-de-masterchef-y-se-armo-un-lio-tremendo-se-fue-llorando-muy-mal\\\/\"},\"wordCount\":707,\"publisher\":{\"@id\":\"https:\\\/\\\/fmgente.com.ar\\\/web\\\/#organization\"},\"image\":{\"@id\":\"https:\\\/\\\/fmgente.com.ar\\\/web\\\/filtraron-el-primer-eliminado-de-masterchef-y-se-armo-un-lio-tremendo-se-fue-llorando-muy-mal\\\/#primaryimage\"},\"thumbnailUrl\":\"https:\\\/\\\/fmgente.com.ar\\\/web\\\/wp-content\\\/uploads\\\/2025\\\/10\\\/Bertolotti-TN-1-359x226-1.jpg\",\"articleSection\":[\"DESTACADAS\"],\"inLanguage\":\"es\"},{\"@type\":\"WebPage\",\"@id\":\"https:\\\/\\\/fmgente.com.ar\\\/web\\\/filtraron-el-primer-eliminado-de-masterchef-y-se-armo-un-lio-tremendo-se-fue-llorando-muy-mal\\\/\",\"url\":\"https:\\\/\\\/fmgente.com.ar\\\/web\\\/filtraron-el-primer-eliminado-de-masterchef-y-se-armo-un-lio-tremendo-se-fue-llorando-muy-mal\\\/\",\"name\":\"Filtraron el primer eliminado de Masterchef y se arm\u00f3 un l\u00edo tremendo: &quot;Se fue llorando muy mal&quot; - Fm Gente\",\"isPartOf\":{\"@id\":\"https:\\\/\\\/fmgente.com.ar\\\/web\\\/#website\"},\"primaryImageOfPage\":{\"@id\":\"https:\\\/\\\/fmgente.com.ar\\\/web\\\/filtraron-el-primer-eliminado-de-masterchef-y-se-armo-un-lio-tremendo-se-fue-llorando-muy-mal\\\/#primaryimage\"},\"image\":{\"@id\":\"https:\\\/\\\/fmgente.com.ar\\\/web\\\/filtraron-el-primer-eliminado-de-masterchef-y-se-armo-un-lio-tremendo-se-fue-llorando-muy-mal\\\/#primaryimage\"},\"thumbnailUrl\":\"https:\\\/\\\/fmgente.com.ar\\\/web\\\/wp-content\\\/uploads\\\/2025\\\/10\\\/Bertolotti-TN-1-359x226-1.jpg\",\"datePublished\":\"2025-10-08T19:05:35+00:00\",\"inLanguage\":\"es\",\"potentialAction\":[{\"@type\":\"ReadAction\",\"target\":[\"https:\\\/\\\/fmgente.com.ar\\\/web\\\/filtraron-el-primer-eliminado-de-masterchef-y-se-armo-un-lio-tremendo-se-fue-llorando-muy-mal\\\/\"]}]},{\"@type\":\"ImageObject\",\"inLanguage\":\"es\",\"@id\":\"https:\\\/\\\/fmgente.com.ar\\\/web\\\/filtraron-el-primer-eliminado-de-masterchef-y-se-armo-un-lio-tremendo-se-fue-llorando-muy-mal\\\/#primaryimage\",\"url\":\"https:\\\/\\\/fmgente.com.ar\\\/web\\\/wp-content\\\/uploads\\\/2025\\\/10\\\/Bertolotti-TN-1-359x226-1.jpg\",\"contentUrl\":\"https:\\\/\\\/fmgente.com.ar\\\/web\\\/wp-content\\\/uploads\\\/2025\\\/10\\\/Bertolotti-TN-1-359x226-1.jpg\",\"width\":359,\"height\":226},{\"@type\":\"WebSite\",\"@id\":\"https:\\\/\\\/fmgente.com.ar\\\/web\\\/#website\",\"url\":\"https:\\\/\\\/fmgente.com.ar\\\/web\\\/\",\"name\":\"Fm Gente\",\"description\":\"- Jes\u00fas Mar\u00eda\",\"publisher\":{\"@id\":\"https:\\\/\\\/fmgente.com.ar\\\/web\\\/#organization\"},\"potentialAction\":[{\"@type\":\"SearchAction\",\"target\":{\"@type\":\"EntryPoint\",\"urlTemplate\":\"https:\\\/\\\/fmgente.com.ar\\\/web\\\/?s={search_term_string}\"},\"query-input\":{\"@type\":\"PropertyValueSpecification\",\"valueRequired\":true,\"valueName\":\"search_term_string\"}}],\"inLanguage\":\"es\"},{\"@type\":\"Organization\",\"@id\":\"https:\\\/\\\/fmgente.com.ar\\\/web\\\/#organization\",\"name\":\"Fm Gente\",\"url\":\"https:\\\/\\\/fmgente.com.ar\\\/web\\\/\",\"logo\":{\"@type\":\"ImageObject\",\"inLanguage\":\"es\",\"@id\":\"https:\\\/\\\/fmgente.com.ar\\\/web\\\/#\\\/schema\\\/logo\\\/image\\\/\",\"url\":\"https:\\\/\\\/fmgente.com.ar\\\/web\\\/wp-content\\\/uploads\\\/2023\\\/07\\\/cropped-cropped-logo-sombra2.png\",\"contentUrl\":\"https:\\\/\\\/fmgente.com.ar\\\/web\\\/wp-content\\\/uploads\\\/2023\\\/07\\\/cropped-cropped-logo-sombra2.png\",\"width\":1782,\"height\":1782,\"caption\":\"Fm Gente\"},\"image\":{\"@id\":\"https:\\\/\\\/fmgente.com.ar\\\/web\\\/#\\\/schema\\\/logo\\\/image\\\/\"}}]}<\/script>\n<!-- \/ Yoast SEO plugin. -->","yoast_head_json":{"title":"Filtraron el primer eliminado de Masterchef y se arm\u00f3 un l\u00edo tremendo: &quot;Se fue llorando muy mal&quot; - Fm Gente","robots":{"index":"index","follow":"follow","max-snippet":"max-snippet:-1","max-image-preview":"max-image-preview:large","max-video-preview":"max-video-preview:-1"},"canonical":"https:\/\/fmgente.com.ar\/web\/filtraron-el-primer-eliminado-de-masterchef-y-se-armo-un-lio-tremendo-se-fue-llorando-muy-mal\/","og_locale":"es_ES","og_type":"article","og_title":"Filtraron el primer eliminado de Masterchef y se arm\u00f3 un l\u00edo tremendo: &quot;Se fue llorando muy mal&quot; - Fm Gente","og_description":"Alerta spoiler: aquellos que piensan clavarse todas las noches a Telef\u00e9 para seguir con atenci\u00f3n","og_url":"https:\/\/fmgente.com.ar\/web\/filtraron-el-primer-eliminado-de-masterchef-y-se-armo-un-lio-tremendo-se-fue-llorando-muy-mal\/","og_site_name":"Fm Gente","article_published_time":"2025-10-08T19:05:35+00:00","og_image":[{"width":359,"height":226,"url":"https:\/\/fmgente.com.ar\/web\/wp-content\/uploads\/2025\/10\/Bertolotti-TN-1-359x226-1.jpg","type":"image\/jpeg"}],"twitter_card":"summary_large_image","twitter_misc":{"Tiempo de lectura":"3 minutos"},"schema":{"@context":"https:\/\/schema.org","@graph":[{"@type":"Article","@id":"https:\/\/fmgente.com.ar\/web\/filtraron-el-primer-eliminado-de-masterchef-y-se-armo-un-lio-tremendo-se-fue-llorando-muy-mal\/#article","isPartOf":{"@id":"https:\/\/fmgente.com.ar\/web\/filtraron-el-primer-eliminado-de-masterchef-y-se-armo-un-lio-tremendo-se-fue-llorando-muy-mal\/"},"author":{"name":"","@id":""},"headline":"Filtraron el primer eliminado de Masterchef y se arm\u00f3 un l\u00edo tremendo: &quot;Se fue llorando muy mal&quot;","datePublished":"2025-10-08T19:05:35+00:00","mainEntityOfPage":{"@id":"https:\/\/fmgente.com.ar\/web\/filtraron-el-primer-eliminado-de-masterchef-y-se-armo-un-lio-tremendo-se-fue-llorando-muy-mal\/"},"wordCount":707,"publisher":{"@id":"https:\/\/fmgente.com.ar\/web\/#organization"},"image":{"@id":"https:\/\/fmgente.com.ar\/web\/filtraron-el-primer-eliminado-de-masterchef-y-se-armo-un-lio-tremendo-se-fue-llorando-muy-mal\/#primaryimage"},"thumbnailUrl":"https:\/\/fmgente.com.ar\/web\/wp-content\/uploads\/2025\/10\/Bertolotti-TN-1-359x226-1.jpg","articleSection":["DESTACADAS"],"inLanguage":"es"},{"@type":"WebPage","@id":"https:\/\/fmgente.com.ar\/web\/filtraron-el-primer-eliminado-de-masterchef-y-se-armo-un-lio-tremendo-se-fue-llorando-muy-mal\/","url":"https:\/\/fmgente.com.ar\/web\/filtraron-el-primer-eliminado-de-masterchef-y-se-armo-un-lio-tremendo-se-fue-llorando-muy-mal\/","name":"Filtraron el primer eliminado de Masterchef y se arm\u00f3 un l\u00edo tremendo: &quot;Se fue llorando muy mal&quot; - Fm Gente","isPartOf":{"@id":"https:\/\/fmgente.com.ar\/web\/#website"},"primaryImageOfPage":{"@id":"https:\/\/fmgente.com.ar\/web\/filtraron-el-primer-eliminado-de-masterchef-y-se-armo-un-lio-tremendo-se-fue-llorando-muy-mal\/#primaryimage"},"image":{"@id":"https:\/\/fmgente.com.ar\/web\/filtraron-el-primer-eliminado-de-masterchef-y-se-armo-un-lio-tremendo-se-fue-llorando-muy-mal\/#primaryimage"},"thumbnailUrl":"https:\/\/fmgente.com.ar\/web\/wp-content\/uploads\/2025\/10\/Bertolotti-TN-1-359x226-1.jpg","datePublished":"2025-10-08T19:05:35+00:00","inLanguage":"es","potentialAction":[{"@type":"ReadAction","target":["https:\/\/fmgente.com.ar\/web\/filtraron-el-primer-eliminado-de-masterchef-y-se-armo-un-lio-tremendo-se-fue-llorando-muy-mal\/"]}]},{"@type":"ImageObject","inLanguage":"es","@id":"https:\/\/fmgente.com.ar\/web\/filtraron-el-primer-eliminado-de-masterchef-y-se-armo-un-lio-tremendo-se-fue-llorando-muy-mal\/#primaryimage","url":"https:\/\/fmgente.com.ar\/web\/wp-content\/uploads\/2025\/10\/Bertolotti-TN-1-359x226-1.jpg","contentUrl":"https:\/\/fmgente.com.ar\/web\/wp-content\/uploads\/2025\/10\/Bertolotti-TN-1-359x226-1.jpg","width":359,"height":226},{"@type":"WebSite","@id":"https:\/\/fmgente.com.ar\/web\/#website","url":"https:\/\/fmgente.com.ar\/web\/","name":"Fm Gente","description":"- Jes\u00fas Mar\u00eda","publisher":{"@id":"https:\/\/fmgente.com.ar\/web\/#organization"},"potentialAction":[{"@type":"SearchAction","target":{"@type":"EntryPoint","urlTemplate":"https:\/\/fmgente.com.ar\/web\/?s={search_term_string}"},"query-input":{"@type":"PropertyValueSpecification","valueRequired":true,"valueName":"search_term_string"}}],"inLanguage":"es"},{"@type":"Organization","@id":"https:\/\/fmgente.com.ar\/web\/#organization","name":"Fm Gente","url":"https:\/\/fmgente.com.ar\/web\/","logo":{"@type":"ImageObject","inLanguage":"es","@id":"https:\/\/fmgente.com.ar\/web\/#\/schema\/logo\/image\/","url":"https:\/\/fmgente.com.ar\/web\/wp-content\/uploads\/2023\/07\/cropped-cropped-logo-sombra2.png","contentUrl":"https:\/\/fmgente.com.ar\/web\/wp-content\/uploads\/2023\/07\/cropped-cropped-logo-sombra2.png","width":1782,"height":1782,"caption":"Fm Gente"},"image":{"@id":"https:\/\/fmgente.com.ar\/web\/#\/schema\/logo\/image\/"}}]}},"_links":{"self":[{"href":"https:\/\/fmgente.com.ar\/web\/wp-json\/wp\/v2\/posts\/6374","targetHints":{"allow":["GET"]}}],"collection":[{"href":"https:\/\/fmgente.com.ar\/web\/wp-json\/wp\/v2\/posts"}],"about":[{"href":"https:\/\/fmgente.com.ar\/web\/wp-json\/wp\/v2\/types\/post"}],"replies":[{"embeddable":true,"href":"https:\/\/fmgente.com.ar\/web\/wp-json\/wp\/v2\/comments?post=6374"}],"version-history":[{"count":0,"href":"https:\/\/fmgente.com.ar\/web\/wp-json\/wp\/v2\/posts\/6374\/revisions"}],"wp:featuredmedia":[{"embeddable":true,"href":"https:\/\/fmgente.com.ar\/web\/wp-json\/wp\/v2\/media\/6375"}],"wp:attachment":[{"href":"https:\/\/fmgente.com.ar\/web\/wp-json\/wp\/v2\/media?parent=6374"}],"wp:term":[{"taxonomy":"category","embeddable":true,"href":"https:\/\/fmgente.com.ar\/web\/wp-json\/wp\/v2\/categories?post=6374"},{"taxonomy":"post_tag","embeddable":true,"href":"https:\/\/fmgente.com.ar\/web\/wp-json\/wp\/v2\/tags?post=6374"}],"curies":[{"name":"wp","href":"https:\/\/api.w.org\/{rel}","templated":true}]}}