{"id":6372,"date":"2025-10-08T16:05:34","date_gmt":"2025-10-08T19:05:34","guid":{"rendered":"https:\/\/fmgente.com.ar\/muna-pauls-cherri-revelo-los-dramas-que-vive-con-su-mama-a-sus-16-anos-peleas-discusiones-y\/"},"modified":"2025-10-08T16:05:34","modified_gmt":"2025-10-08T19:05:34","slug":"muna-pauls-cherri-revelo-los-dramas-que-vive-con-su-mama-a-sus-16-anos-peleas-discusiones-y","status":"publish","type":"post","link":"https:\/\/fmgente.com.ar\/web\/muna-pauls-cherri-revelo-los-dramas-que-vive-con-su-mama-a-sus-16-anos-peleas-discusiones-y\/","title":{"rendered":"Muna Pauls Cherri revel\u00f3 los dramas que vive con su mam\u00e1 a sus 16 a\u00f1os: &quot;Peleas, discusiones y&#8230;&quot;"},"content":{"rendered":"<p>En el mundo del espect\u00e1culo tener un apellido conocido puede convertirse, en algunos casos, en una arma de doble filo. En ese aspecto, hay diferentes famosos e hijos de, que hoy est\u00e1n en el foco de atenci\u00f3n.<\/p>\n<p>Una de las j\u00f3venes m\u00e1s talentosas y que siempre es muy acompa\u00f1ada de cerca por sus pap\u00e1s, es <strong><a href=\"https:\/\/www.paparazzi.com.ar\/teve\/el-emocionante-video-de-muna-pauls-cherri-desde-new-york-contando-su-paso-a-paso-para-convertirse-en-una-estrella\/\">Muna Pauls Cherri<\/a><\/strong>. A sus 16 a\u00f1os, la adolescente tiene muy claro lo que seguir; multifac\u00e9tica como pocas, hoy se dedica a ser cantante, compositora y modelo, adem\u00e1s de estar incursionando en la escritura y fotograf\u00eda.<\/p>\n<p>Pero en estas \u00faltimas horas apareci\u00f3 en boca de todos por unas revelaciones que hizo mediante su cuenta de Instagram. En una caja de preguntas y respuestas que abri\u00f3, la joven cont\u00f3 c\u00f3mo es el v\u00ednculo que tiene con su mam\u00e1.<\/p>\n<div class=\"mt-box \">\n<h4 class=\"mt-heading\">Mir\u00e1 Tambi\u00e9n<\/h4>\n<p><a href=\"https:\/\/www.paparazzi.com.ar\/videos\/exclusivo-daniela-celis-confirmo-el-ultimo-paso-para-que-thiago-medina-reciba-el-alta\/\"><\/p>\n<div class=\"mt-content\">\n<div class=\"mt-image-container\"><img decoding=\"async\" src=\"https:\/\/www.paparazzi.com.ar\/wp-content\/uploads\/2025\/10\/Thiago-Medina-Daniela-359x226.jpg\" alt=\"\u00a1Exclusivo! Daniela Celis confirm\u00f3 el \u00faltimo paso para que Thiago Medina reciba el alta\" class=\"mt-image\" loading=\"lazy\" \/><\/div>\n<h5 class=\"mt-title\">\u00a1Exclusivo! Daniela Celis confirm\u00f3 el \u00faltimo paso para que Thiago Medina reciba el alta<\/h5>\n<\/div>\n<p><\/a><\/div>\n<p>Si bien se sabe que tanto con <strong><a href=\"https:\/\/www.paparazzi.com.ar\/teve\/el-emotivo-mensaje-que-gaston-pauls-le-dedico-a-su-hermana-en-el-dia-mas-importante-de-su-vida\/\">Gast\u00f3n Pauls<\/a><\/strong>, su pap\u00e1, como con Agustina se llevan muy bien, el v\u00ednculo estrecho que tiene con su madre es muy especial. Empero, como toda relaci\u00f3n cercana y de lazo familiar, cuentan con sus tensiones.<\/p>\n<h2 class=\"wp-block-heading\">MUNA PAULS CHERRI HABL\u00d3 DEL V\u00cdNCULO QUE TIENE CON SU MAM\u00c1, AGUSTINA CHERRI<\/h2>\n<p>\u201c<em>Con mi mam\u00e1 me llevo muy bien, pero s\u00ed, tenemos bastantes discusiones. Creo que tiene mucho que ver con que somos muy parecidas, y por eso chocamos. Pensamos parecidos, reaccionamos parecidos, y a veces eso hace que ninguna de las dos quiera ceder<\/em>\u201d, destac\u00f3 <a href=\"https:\/\/www.paparazzi.com.ar\/looks\/y-el-frio-agustina-cherri-poso-en-ropa-interior-en-plena-ola-polar-y-sorprendio-a-todos-las-fotos\/\">Agustina<\/a>.<\/p>\n<div class=\"mt-box \">\n<h4 class=\"mt-heading\">Mir\u00e1 Tambi\u00e9n<\/h4>\n<p><a href=\"https:\/\/www.paparazzi.com.ar\/teve\/muna-pauls-cherri-debuto-como-modelo-sus-fotos-mas-increibles\/\"><\/p>\n<div class=\"mt-content\">\n<div class=\"mt-image-container\"><img decoding=\"async\" src=\"https:\/\/www.paparazzi.com.ar\/wp-content\/uploads\/2025\/09\/Muna-Pauls-Cherri.jpg.webp\" alt=\"Muna Pauls Cherri debut\u00f3 como modelo: sus fotos m\u00e1s incre\u00edbles\" class=\"mt-image\" loading=\"lazy\" \/><\/div>\n<h5 class=\"mt-title\">Muna Pauls Cherri debut\u00f3 como modelo: sus fotos m\u00e1s incre\u00edbles<\/h5>\n<\/div>\n<p><\/a><\/div>\n<p>Dejando a un lado las diferencias que puedan llegar a tener en v\u00ednculo de madre e hija, hoy est\u00e1n muy bien. Sentimentalmente hablando, Agustina para Muna es una persona trascendental en su vida y que la acompa\u00f1\u00f3 en cada paso o decisi\u00f3n importante que tom\u00f3.<\/p>\n<p>\u201c<em>Pero m\u00e1s all\u00e1 de las peleas, la amo como no tiene ni idea. Sin ella no s\u00e9 qu\u00e9 har\u00eda, es mi lugar seguro, incluso cuando estamos enojadas. Porque al final del d\u00eda, siempre terminamos amig\u00e1ndonos otra vez<\/em>\u201d, desliz\u00f3 la joven.<\/p>\n<figure class=\"wp-block-image size-large\"><img decoding=\"async\" src=\"https:\/\/www.paparazzi.com.ar\/wp-content\/uploads\/2025\/10\/image-114-643x1024.png.webp\" loading=\"lazy\" alt=\"\" class=\"wp-image-446950\" \/><\/figure>\n<div class=\"mt-box \">\n<h4 class=\"mt-heading\">Mir\u00e1 Tambi\u00e9n<\/h4>\n<p><a href=\"https:\/\/www.paparazzi.com.ar\/teve\/sofia-pachano-mostro-como-crecio-su-panza-a-los-6-meses-de-su-primer-embarazo\/\"><\/p>\n<div class=\"mt-content\">\n<div class=\"mt-image-container\"><img decoding=\"async\" src=\"https:\/\/www.paparazzi.com.ar\/wp-content\/uploads\/2025\/10\/Sofia-Pachano-359x226.jpg\" alt=\"Sof\u00eda Pachano mostr\u00f3 c\u00f3mo creci\u00f3 su panza a los 6 meses de su primer embarazo\" class=\"mt-image\" loading=\"lazy\" \/><\/div>\n<h5 class=\"mt-title\">Sof\u00eda Pachano mostr\u00f3 c\u00f3mo creci\u00f3 su panza a los 6 meses de su primer embarazo<\/h5>\n<\/div>\n<p><\/a><\/div>\n<div class=\"mt-box \">\n<h4 class=\"mt-heading\">Mir\u00e1 Tambi\u00e9n<\/h4>\n<p><a href=\"https:\/\/www.paparazzi.com.ar\/romances\/los-desgarradores-testimonios-de-las-hijas-de-wanda-nara-contra-mauro-icardi-me-arruina-la-vida-con-su\/\"><\/p>\n<div class=\"mt-content\">\n<div class=\"mt-image-container\"><img decoding=\"async\" src=\"https:\/\/www.paparazzi.com.ar\/wp-content\/uploads\/2025\/08\/Wanda-Nara-Isabella-Mauro-Icardi.jpg.webp\" alt=\"Los desgarradores testimonios de las hijas de Wanda Nara contra Mauro Icardi: \u201cMe arruina la vida con su\u2026\u201d\" class=\"mt-image\" loading=\"lazy\" \/><\/div>\n<h5 class=\"mt-title\">Los desgarradores testimonios de las hijas de Wanda Nara contra Mauro Icardi: \u201cMe arruina la vida con su\u2026\u201d<\/h5>\n<\/div>\n<p><\/a><\/div>\n<p>The post <a href=\"https:\/\/www.paparazzi.com.ar\/teve\/muna-pauls-cherri-revelo-los-dramas-que-vive-con-su-mama-a-sus-16-anos-peleas-discusiones-y\/\">Muna Pauls Cherri revel\u00f3 los dramas que vive con su mam\u00e1 a sus 16 a\u00f1os: &quot;Peleas, discusiones y&#8230;&quot;<\/a> appeared first on <a href=\"https:\/\/www.paparazzi.com.ar\">Revista Paparazzi<\/a>.<\/p>\n","protected":false},"excerpt":{"rendered":"<p>En el mundo del espect\u00e1culo tener un apellido conocido puede convertirse, en algunos casos, en<\/p>\n","protected":false},"author":0,"featured_media":6373,"comment_status":"","ping_status":"","sticky":false,"template":"","format":"standard","meta":{"footnotes":""},"categories":[11],"tags":[],"class_list":["post-6372","post","type-post","status-publish","format-standard","has-post-thumbnail","hentry","category-destacadas"],"yoast_head":"<!-- This site is optimized with the Yoast SEO plugin v28.3 - https:\/\/yoast.com\/product\/yoast-seo-wordpress\/ -->\n<title>Muna Pauls Cherri revel\u00f3 los dramas que vive con su mam\u00e1 a sus 16 a\u00f1os: &quot;Peleas, discusiones y...&quot; - Fm Gente<\/title>\n<meta name=\"robots\" content=\"index, follow, max-snippet:-1, max-image-preview:large, max-video-preview:-1\" \/>\n<link rel=\"canonical\" href=\"https:\/\/fmgente.com.ar\/web\/muna-pauls-cherri-revelo-los-dramas-que-vive-con-su-mama-a-sus-16-anos-peleas-discusiones-y\/\" \/>\n<meta property=\"og:locale\" content=\"es_ES\" \/>\n<meta property=\"og:type\" content=\"article\" \/>\n<meta property=\"og:title\" content=\"Muna Pauls Cherri revel\u00f3 los dramas que vive con su mam\u00e1 a sus 16 a\u00f1os: &quot;Peleas, discusiones y...&quot; - Fm Gente\" \/>\n<meta property=\"og:description\" content=\"En el mundo del espect\u00e1culo tener un apellido conocido puede convertirse, en algunos casos, en\" \/>\n<meta property=\"og:url\" content=\"https:\/\/fmgente.com.ar\/web\/muna-pauls-cherri-revelo-los-dramas-que-vive-con-su-mama-a-sus-16-anos-peleas-discusiones-y\/\" \/>\n<meta property=\"og:site_name\" content=\"Fm Gente\" \/>\n<meta property=\"article:published_time\" content=\"2025-10-08T19:05:34+00:00\" \/>\n<meta property=\"og:image\" content=\"https:\/\/fmgente.com.ar\/web\/wp-content\/uploads\/2025\/10\/Thiago-Medina-Daniela-359x226-11.jpg\" \/>\n\t<meta property=\"og:image:width\" content=\"359\" \/>\n\t<meta property=\"og:image:height\" content=\"226\" \/>\n\t<meta property=\"og:image:type\" content=\"image\/jpeg\" \/>\n<meta name=\"twitter:card\" content=\"summary_large_image\" \/>\n<meta name=\"twitter:label1\" content=\"Tiempo de lectura\" \/>\n\t<meta name=\"twitter:data1\" content=\"2 minutos\" \/>\n<script type=\"application\/ld+json\" class=\"yoast-schema-graph\">{\"@context\":\"https:\\\/\\\/schema.org\",\"@graph\":[{\"@type\":\"Article\",\"@id\":\"https:\\\/\\\/fmgente.com.ar\\\/web\\\/muna-pauls-cherri-revelo-los-dramas-que-vive-con-su-mama-a-sus-16-anos-peleas-discusiones-y\\\/#article\",\"isPartOf\":{\"@id\":\"https:\\\/\\\/fmgente.com.ar\\\/web\\\/muna-pauls-cherri-revelo-los-dramas-que-vive-con-su-mama-a-sus-16-anos-peleas-discusiones-y\\\/\"},\"author\":{\"name\":\"\",\"@id\":\"\"},\"headline\":\"Muna Pauls Cherri revel\u00f3 los dramas que vive con su mam\u00e1 a sus 16 a\u00f1os: &quot;Peleas, discusiones y&#8230;&quot;\",\"datePublished\":\"2025-10-08T19:05:34+00:00\",\"mainEntityOfPage\":{\"@id\":\"https:\\\/\\\/fmgente.com.ar\\\/web\\\/muna-pauls-cherri-revelo-los-dramas-que-vive-con-su-mama-a-sus-16-anos-peleas-discusiones-y\\\/\"},\"wordCount\":459,\"publisher\":{\"@id\":\"https:\\\/\\\/fmgente.com.ar\\\/web\\\/#organization\"},\"image\":{\"@id\":\"https:\\\/\\\/fmgente.com.ar\\\/web\\\/muna-pauls-cherri-revelo-los-dramas-que-vive-con-su-mama-a-sus-16-anos-peleas-discusiones-y\\\/#primaryimage\"},\"thumbnailUrl\":\"https:\\\/\\\/fmgente.com.ar\\\/web\\\/wp-content\\\/uploads\\\/2025\\\/10\\\/Thiago-Medina-Daniela-359x226-11.jpg\",\"articleSection\":[\"DESTACADAS\"],\"inLanguage\":\"es\"},{\"@type\":\"WebPage\",\"@id\":\"https:\\\/\\\/fmgente.com.ar\\\/web\\\/muna-pauls-cherri-revelo-los-dramas-que-vive-con-su-mama-a-sus-16-anos-peleas-discusiones-y\\\/\",\"url\":\"https:\\\/\\\/fmgente.com.ar\\\/web\\\/muna-pauls-cherri-revelo-los-dramas-que-vive-con-su-mama-a-sus-16-anos-peleas-discusiones-y\\\/\",\"name\":\"Muna Pauls Cherri revel\u00f3 los dramas que vive con su mam\u00e1 a sus 16 a\u00f1os: &quot;Peleas, discusiones y...&quot; - Fm Gente\",\"isPartOf\":{\"@id\":\"https:\\\/\\\/fmgente.com.ar\\\/web\\\/#website\"},\"primaryImageOfPage\":{\"@id\":\"https:\\\/\\\/fmgente.com.ar\\\/web\\\/muna-pauls-cherri-revelo-los-dramas-que-vive-con-su-mama-a-sus-16-anos-peleas-discusiones-y\\\/#primaryimage\"},\"image\":{\"@id\":\"https:\\\/\\\/fmgente.com.ar\\\/web\\\/muna-pauls-cherri-revelo-los-dramas-que-vive-con-su-mama-a-sus-16-anos-peleas-discusiones-y\\\/#primaryimage\"},\"thumbnailUrl\":\"https:\\\/\\\/fmgente.com.ar\\\/web\\\/wp-content\\\/uploads\\\/2025\\\/10\\\/Thiago-Medina-Daniela-359x226-11.jpg\",\"datePublished\":\"2025-10-08T19:05:34+00:00\",\"inLanguage\":\"es\",\"potentialAction\":[{\"@type\":\"ReadAction\",\"target\":[\"https:\\\/\\\/fmgente.com.ar\\\/web\\\/muna-pauls-cherri-revelo-los-dramas-que-vive-con-su-mama-a-sus-16-anos-peleas-discusiones-y\\\/\"]}]},{\"@type\":\"ImageObject\",\"inLanguage\":\"es\",\"@id\":\"https:\\\/\\\/fmgente.com.ar\\\/web\\\/muna-pauls-cherri-revelo-los-dramas-que-vive-con-su-mama-a-sus-16-anos-peleas-discusiones-y\\\/#primaryimage\",\"url\":\"https:\\\/\\\/fmgente.com.ar\\\/web\\\/wp-content\\\/uploads\\\/2025\\\/10\\\/Thiago-Medina-Daniela-359x226-11.jpg\",\"contentUrl\":\"https:\\\/\\\/fmgente.com.ar\\\/web\\\/wp-content\\\/uploads\\\/2025\\\/10\\\/Thiago-Medina-Daniela-359x226-11.jpg\",\"width\":359,\"height\":226},{\"@type\":\"WebSite\",\"@id\":\"https:\\\/\\\/fmgente.com.ar\\\/web\\\/#website\",\"url\":\"https:\\\/\\\/fmgente.com.ar\\\/web\\\/\",\"name\":\"Fm Gente\",\"description\":\"- Jes\u00fas Mar\u00eda\",\"publisher\":{\"@id\":\"https:\\\/\\\/fmgente.com.ar\\\/web\\\/#organization\"},\"potentialAction\":[{\"@type\":\"SearchAction\",\"target\":{\"@type\":\"EntryPoint\",\"urlTemplate\":\"https:\\\/\\\/fmgente.com.ar\\\/web\\\/?s={search_term_string}\"},\"query-input\":{\"@type\":\"PropertyValueSpecification\",\"valueRequired\":true,\"valueName\":\"search_term_string\"}}],\"inLanguage\":\"es\"},{\"@type\":\"Organization\",\"@id\":\"https:\\\/\\\/fmgente.com.ar\\\/web\\\/#organization\",\"name\":\"Fm Gente\",\"url\":\"https:\\\/\\\/fmgente.com.ar\\\/web\\\/\",\"logo\":{\"@type\":\"ImageObject\",\"inLanguage\":\"es\",\"@id\":\"https:\\\/\\\/fmgente.com.ar\\\/web\\\/#\\\/schema\\\/logo\\\/image\\\/\",\"url\":\"https:\\\/\\\/fmgente.com.ar\\\/web\\\/wp-content\\\/uploads\\\/2023\\\/07\\\/cropped-cropped-logo-sombra2.png\",\"contentUrl\":\"https:\\\/\\\/fmgente.com.ar\\\/web\\\/wp-content\\\/uploads\\\/2023\\\/07\\\/cropped-cropped-logo-sombra2.png\",\"width\":1782,\"height\":1782,\"caption\":\"Fm Gente\"},\"image\":{\"@id\":\"https:\\\/\\\/fmgente.com.ar\\\/web\\\/#\\\/schema\\\/logo\\\/image\\\/\"}}]}<\/script>\n<!-- \/ Yoast SEO plugin. -->","yoast_head_json":{"title":"Muna Pauls Cherri revel\u00f3 los dramas que vive con su mam\u00e1 a sus 16 a\u00f1os: &quot;Peleas, discusiones y...&quot; - Fm Gente","robots":{"index":"index","follow":"follow","max-snippet":"max-snippet:-1","max-image-preview":"max-image-preview:large","max-video-preview":"max-video-preview:-1"},"canonical":"https:\/\/fmgente.com.ar\/web\/muna-pauls-cherri-revelo-los-dramas-que-vive-con-su-mama-a-sus-16-anos-peleas-discusiones-y\/","og_locale":"es_ES","og_type":"article","og_title":"Muna Pauls Cherri revel\u00f3 los dramas que vive con su mam\u00e1 a sus 16 a\u00f1os: &quot;Peleas, discusiones y...&quot; - Fm Gente","og_description":"En el mundo del espect\u00e1culo tener un apellido conocido puede convertirse, en algunos casos, en","og_url":"https:\/\/fmgente.com.ar\/web\/muna-pauls-cherri-revelo-los-dramas-que-vive-con-su-mama-a-sus-16-anos-peleas-discusiones-y\/","og_site_name":"Fm Gente","article_published_time":"2025-10-08T19:05:34+00:00","og_image":[{"width":359,"height":226,"url":"https:\/\/fmgente.com.ar\/web\/wp-content\/uploads\/2025\/10\/Thiago-Medina-Daniela-359x226-11.jpg","type":"image\/jpeg"}],"twitter_card":"summary_large_image","twitter_misc":{"Tiempo de lectura":"2 minutos"},"schema":{"@context":"https:\/\/schema.org","@graph":[{"@type":"Article","@id":"https:\/\/fmgente.com.ar\/web\/muna-pauls-cherri-revelo-los-dramas-que-vive-con-su-mama-a-sus-16-anos-peleas-discusiones-y\/#article","isPartOf":{"@id":"https:\/\/fmgente.com.ar\/web\/muna-pauls-cherri-revelo-los-dramas-que-vive-con-su-mama-a-sus-16-anos-peleas-discusiones-y\/"},"author":{"name":"","@id":""},"headline":"Muna Pauls Cherri revel\u00f3 los dramas que vive con su mam\u00e1 a sus 16 a\u00f1os: &quot;Peleas, discusiones y&#8230;&quot;","datePublished":"2025-10-08T19:05:34+00:00","mainEntityOfPage":{"@id":"https:\/\/fmgente.com.ar\/web\/muna-pauls-cherri-revelo-los-dramas-que-vive-con-su-mama-a-sus-16-anos-peleas-discusiones-y\/"},"wordCount":459,"publisher":{"@id":"https:\/\/fmgente.com.ar\/web\/#organization"},"image":{"@id":"https:\/\/fmgente.com.ar\/web\/muna-pauls-cherri-revelo-los-dramas-que-vive-con-su-mama-a-sus-16-anos-peleas-discusiones-y\/#primaryimage"},"thumbnailUrl":"https:\/\/fmgente.com.ar\/web\/wp-content\/uploads\/2025\/10\/Thiago-Medina-Daniela-359x226-11.jpg","articleSection":["DESTACADAS"],"inLanguage":"es"},{"@type":"WebPage","@id":"https:\/\/fmgente.com.ar\/web\/muna-pauls-cherri-revelo-los-dramas-que-vive-con-su-mama-a-sus-16-anos-peleas-discusiones-y\/","url":"https:\/\/fmgente.com.ar\/web\/muna-pauls-cherri-revelo-los-dramas-que-vive-con-su-mama-a-sus-16-anos-peleas-discusiones-y\/","name":"Muna Pauls Cherri revel\u00f3 los dramas que vive con su mam\u00e1 a sus 16 a\u00f1os: &quot;Peleas, discusiones y...&quot; - Fm Gente","isPartOf":{"@id":"https:\/\/fmgente.com.ar\/web\/#website"},"primaryImageOfPage":{"@id":"https:\/\/fmgente.com.ar\/web\/muna-pauls-cherri-revelo-los-dramas-que-vive-con-su-mama-a-sus-16-anos-peleas-discusiones-y\/#primaryimage"},"image":{"@id":"https:\/\/fmgente.com.ar\/web\/muna-pauls-cherri-revelo-los-dramas-que-vive-con-su-mama-a-sus-16-anos-peleas-discusiones-y\/#primaryimage"},"thumbnailUrl":"https:\/\/fmgente.com.ar\/web\/wp-content\/uploads\/2025\/10\/Thiago-Medina-Daniela-359x226-11.jpg","datePublished":"2025-10-08T19:05:34+00:00","inLanguage":"es","potentialAction":[{"@type":"ReadAction","target":["https:\/\/fmgente.com.ar\/web\/muna-pauls-cherri-revelo-los-dramas-que-vive-con-su-mama-a-sus-16-anos-peleas-discusiones-y\/"]}]},{"@type":"ImageObject","inLanguage":"es","@id":"https:\/\/fmgente.com.ar\/web\/muna-pauls-cherri-revelo-los-dramas-que-vive-con-su-mama-a-sus-16-anos-peleas-discusiones-y\/#primaryimage","url":"https:\/\/fmgente.com.ar\/web\/wp-content\/uploads\/2025\/10\/Thiago-Medina-Daniela-359x226-11.jpg","contentUrl":"https:\/\/fmgente.com.ar\/web\/wp-content\/uploads\/2025\/10\/Thiago-Medina-Daniela-359x226-11.jpg","width":359,"height":226},{"@type":"WebSite","@id":"https:\/\/fmgente.com.ar\/web\/#website","url":"https:\/\/fmgente.com.ar\/web\/","name":"Fm Gente","description":"- Jes\u00fas Mar\u00eda","publisher":{"@id":"https:\/\/fmgente.com.ar\/web\/#organization"},"potentialAction":[{"@type":"SearchAction","target":{"@type":"EntryPoint","urlTemplate":"https:\/\/fmgente.com.ar\/web\/?s={search_term_string}"},"query-input":{"@type":"PropertyValueSpecification","valueRequired":true,"valueName":"search_term_string"}}],"inLanguage":"es"},{"@type":"Organization","@id":"https:\/\/fmgente.com.ar\/web\/#organization","name":"Fm Gente","url":"https:\/\/fmgente.com.ar\/web\/","logo":{"@type":"ImageObject","inLanguage":"es","@id":"https:\/\/fmgente.com.ar\/web\/#\/schema\/logo\/image\/","url":"https:\/\/fmgente.com.ar\/web\/wp-content\/uploads\/2023\/07\/cropped-cropped-logo-sombra2.png","contentUrl":"https:\/\/fmgente.com.ar\/web\/wp-content\/uploads\/2023\/07\/cropped-cropped-logo-sombra2.png","width":1782,"height":1782,"caption":"Fm Gente"},"image":{"@id":"https:\/\/fmgente.com.ar\/web\/#\/schema\/logo\/image\/"}}]}},"_links":{"self":[{"href":"https:\/\/fmgente.com.ar\/web\/wp-json\/wp\/v2\/posts\/6372","targetHints":{"allow":["GET"]}}],"collection":[{"href":"https:\/\/fmgente.com.ar\/web\/wp-json\/wp\/v2\/posts"}],"about":[{"href":"https:\/\/fmgente.com.ar\/web\/wp-json\/wp\/v2\/types\/post"}],"replies":[{"embeddable":true,"href":"https:\/\/fmgente.com.ar\/web\/wp-json\/wp\/v2\/comments?post=6372"}],"version-history":[{"count":0,"href":"https:\/\/fmgente.com.ar\/web\/wp-json\/wp\/v2\/posts\/6372\/revisions"}],"wp:featuredmedia":[{"embeddable":true,"href":"https:\/\/fmgente.com.ar\/web\/wp-json\/wp\/v2\/media\/6373"}],"wp:attachment":[{"href":"https:\/\/fmgente.com.ar\/web\/wp-json\/wp\/v2\/media?parent=6372"}],"wp:term":[{"taxonomy":"category","embeddable":true,"href":"https:\/\/fmgente.com.ar\/web\/wp-json\/wp\/v2\/categories?post=6372"},{"taxonomy":"post_tag","embeddable":true,"href":"https:\/\/fmgente.com.ar\/web\/wp-json\/wp\/v2\/tags?post=6372"}],"curies":[{"name":"wp","href":"https:\/\/api.w.org\/{rel}","templated":true}]}}