{"id":6364,"date":"2025-10-08T14:06:21","date_gmt":"2025-10-08T17:06:21","guid":{"rendered":"https:\/\/fmgente.com.ar\/escandalo-en-tn-con-el-meteorologo-matias-bertolotti-por-sus-ofensas-a-la-peregrinacion-a-la-virgen-de-lujan\/"},"modified":"2025-10-08T14:06:21","modified_gmt":"2025-10-08T17:06:21","slug":"escandalo-en-tn-con-el-meteorologo-matias-bertolotti-por-sus-ofensas-a-la-peregrinacion-a-la-virgen-de-lujan","status":"publish","type":"post","link":"https:\/\/fmgente.com.ar\/web\/escandalo-en-tn-con-el-meteorologo-matias-bertolotti-por-sus-ofensas-a-la-peregrinacion-a-la-virgen-de-lujan\/","title":{"rendered":"Esc\u00e1ndalo en TN con el meteor\u00f3logo Mat\u00edas Bertolotti por sus ofensas a la peregrinaci\u00f3n a la Virgen de Luj\u00e1n"},"content":{"rendered":"<p>Nunca mejor dicho: <strong>Mat\u00edas Bertolotti est\u00e1 \u00aben el ojo de la tormenta\u00bb<\/strong>. El meteor\u00f3logo de TN no tuvo mejor idea que <strong>criticar la peregrinaci\u00f3n a la Virgen de Luj\u00e1n y qued\u00f3 en medio de un hurac\u00e1n de cuestionamientos<\/strong> tan pero tan fuertes que eclipsaron su figura, muchas veces elogiada y destacada. Fue tan copiosa la \u00ablluvia de chanes\u00bb que cay\u00f3 sobre \u00e9l (incluidos algunos famosos, como Eduardo Feinmann, lo fustigaron) que debi\u00f3 decir lo suyo y pedir perd\u00f3n. Igual, no aclares&#8230; que oscurece. <\/p>\n<p><strong>El \u00faltimo s\u00e1bado, bajo un sol de casi 30 grados, cientos de miles de personas caminaron por Avenida Rivadavia en direcci\u00f3n a la bas\u00edlica de Luj\u00e1n<\/strong> en una de las movilizaciones de fe m\u00e1s grandes del pa\u00eds que se repite una vez por a\u00f1o. A eso de las dos de la madrugada, <strong>cuando muchos entraban al tramo final del recorrido, se larg\u00f3 una suerte de lluvia apocal\u00edptica tal como hab\u00edan anunciado los pronosticadores durante toda la semana previa<\/strong>. El fen\u00f3meno clim\u00e1tico no amain\u00f3 el esp\u00edritu de los fieles, que siguieron avanzando hacia su destino, literalmente, contra viento y marea.<\/p>\n<p>El martes, cuando pr\u00e1cticamente ya no se hablaba del tema, <strong>Bertolotti<\/strong> dijo lo que provoc\u00f3 un verdadero esc\u00e1ndalo de proporciones. <em><strong>\u00abDespu\u00e9s llegaron las tormentas, que por algunos lugares fueron fuertes. La verdad que lo de la peregrinaci\u00f3n a Luj\u00e1n es&#8230; denigrante lo que hicieron. O sea, es terrible, terrible. Cuando les importa nada, con tal de que \u00abla fe me va a salvar\u00bb hacen lo de&#8230; \u00bfUstedes vieron a la gente caminando con el agua por las rodillas?\u00bb<\/strong><\/em>. El video dura apenas 14 segundos, una nada que puso en jaque una carrera de m\u00e1s de 20 a\u00f1os. <\/p>\n<div class=\"mt-box \">\n<h4 class=\"mt-heading\">Mir\u00e1 Tambi\u00e9n<\/h4>\n<p><a href=\"https:\/\/www.paparazzi.com.ar\/teve\/conmocion-en-el-triple-femicidio-de-florencio-varela-la-acusacion-de-la-mama-de-morena-contra-la-hermana-de-lara-que-cambia-todo\/\"><\/p>\n<div class=\"mt-content\">\n<div class=\"mt-image-container\"><img decoding=\"async\" src=\"https:\/\/www.paparazzi.com.ar\/wp-content\/uploads\/2025\/10\/Lara-Morena-1-359x226.jpg\" alt=\"Conmoci\u00f3n en el triple femicidio de Florencio Varela: la acusaci\u00f3n de la mam\u00e1 de Morena contra la hermana de Lara que cambia todo\" class=\"mt-image\" loading=\"lazy\" \/><\/div>\n<h5 class=\"mt-title\">Conmoci\u00f3n en el triple femicidio de Florencio Varela: la acusaci\u00f3n de la mam\u00e1 de Morena contra la hermana de Lara que cambia todo<\/h5>\n<\/div>\n<p><\/a><\/div>\n<p>A medida que se fue viralizando esa intervenci\u00f3n de Bertolotti empezaron a llegar las respuestas. Y casi todas (por no decir todas) fueron negativas hacia sus palabras, sobre todo una: \u00abDenigrante\u00bb. En su cuenta de la red social Twitter, por ejemplo, escribi\u00f3 <em><strong>\u00abCoincido. Mat\u00edas Bertolotti es una verg\u00fcenza. Mal educado. Ofende a millones de cat\u00f3licos. Repudiable\u00bb<\/strong><\/em>.<\/p>\n<h2 class=\"wp-block-heading\">ESCANDALO TOTAL EN TN CON EL METEROLOGO MATIAS BERTOLOTTI POR SUS OFENSAS A LA PEREGRINACION A LUJAN<\/h2>\n<p>Frente a la avalancha de comentarios negativos que estaba recibiendo, Bertolotti se vio en la necesidad de \u00abpedir disculpas\u00bb, pero lo hizo de una manera que tambi\u00e9n gener\u00f3 enojos. <em><strong>\u00abNunca pens\u00e9 que pod\u00eda pasar algo as\u00ed&#8230; le voy a aclara algo&#8230; cuando utilic\u00e9 la palabra \u00abdenigrar\u00bb me refer\u00eda a \u00ablas autoridades\u00bb que deben cuidar a la peregrinaci\u00f3n. Nunca a los peregrinos (ojo como est\u00e1 cortado el video) y cuando digo \u00abla fe no te salva de una tormenta\u00bb es justamente \u00abhacer concencia\u00bb que la situaci\u00f3n del otro d\u00eda no era joda\u00bb<\/strong><\/em>, puso.<\/p>\n<p><em><strong>\u00abSi alguien se sintiendo afectado o afectada obvio que le pido disculpas, pero jam\u00e1s podr\u00eda atacar la fe y la religi\u00f3n a la cual yo pertenezco&#8230; pero pensemos un segundo antes de agredir. 1) Venimos de fuertes tragedias por no respetar alertas. 2) En Bah\u00eda Blanca se respet\u00f3 ese alerta e igual hubo muertos y graves da\u00f1os. 3) El mundo ya no duda cuando hay alertas, se suspende lo que sea. En fin, mi smple motivo en este medio es advertirles, a veces con aciertos a veces puede haber errores, los peligros del tiempo y los cuidados que se necesiten para eso, y la situaci\u00f3n era grave y debemos educarnos para poder cambiar las decisiones. A los que agreden diciendo barbaridades de mi vida, les aviso que ni se gaste porque nunca me afect\u00f3 el qu\u00e9 dir\u00e1n. Fin\u00bb<\/strong><\/em>, cerr\u00f3.<\/p>\n<figure class=\"wp-block-image size-large\"><img decoding=\"async\" src=\"https:\/\/www.paparazzi.com.ar\/wp-content\/uploads\/2025\/10\/Bertolotti-2-1024x441.jpg.webp\" loading=\"lazy\" alt=\"EL DESCARGO DE BERTOLOTTI NO LOGRO FRENAR LAS CRITICAS HACIA LO QUE DIJO.\" class=\"wp-image-446960\" \/><figcaption class=\"wp-element-caption\"><strong>EL DESCARGO DE BERTOLOTTI NO LOGRO FRENAR LAS CRITICAS HACIA LO QUE DIJO.<\/strong><\/figcaption><\/figure>\n<div class=\"mt-box \">\n<h4 class=\"mt-heading\">Mir\u00e1 Tambi\u00e9n<\/h4>\n<p><a href=\"https:\/\/www.paparazzi.com.ar\/romances\/los-explosivos-chats-intimos-que-se-filtraron-entre-una-ex-gran-hermano-y-el-chico-del-momento-queres-venir-a\/\"><\/p>\n<div class=\"mt-content\">\n<div class=\"mt-image-container\"><img decoding=\"async\" src=\"https:\/\/www.paparazzi.com.ar\/wp-content\/uploads\/2025\/10\/Zoe-1-359x226.jpg\" alt=\"Los explosivos chats \u00edntimos que se filtraron entre una ex Gran Hermano y el chico del momento: &quot;Quer\u00e9s venir a...&quot;\" class=\"mt-image\" loading=\"lazy\" \/><\/div>\n<h5 class=\"mt-title\">Los explosivos chats \u00edntimos que se filtraron entre una ex Gran Hermano y el chico del momento: \u00abQuer\u00e9s venir a&#8230;\u00bb<\/h5>\n<\/div>\n<p><\/a><\/div>\n<div class=\"mt-box \">\n<h4 class=\"mt-heading\">Mir\u00e1 Tambi\u00e9n<\/h4>\n<p><a href=\"https:\/\/www.paparazzi.com.ar\/teve\/implacable-la-actitud-de-pampita-tras-la-guerra-que-le-declaro-la-china-suarez\/\"><\/p>\n<div class=\"mt-content\">\n<div class=\"mt-image-container\"><img decoding=\"async\" src=\"https:\/\/www.paparazzi.com.ar\/wp-content\/uploads\/2025\/10\/pampita-china-suarez-359x226.jpg\" alt=\"\u00a1Implacable! La actitud de Pampita tras la guerra que le declar\u00f3 la China Su\u00e1rez\" class=\"mt-image\" loading=\"lazy\" \/><\/div>\n<h5 class=\"mt-title\">\u00a1Implacable! La actitud de Pampita tras la guerra que le declar\u00f3 la China Su\u00e1rez<\/h5>\n<\/div>\n<p><\/a><\/div>\n<\/p>\n<p>The post <a href=\"https:\/\/www.paparazzi.com.ar\/teve\/escandalo-total-en-tn-con-el-meteorologo-matias-bertolotti-por-sus-ofensas-a-la-peregrinacion-a-la-virgen-de-lujan\/\">Esc\u00e1ndalo en TN con el meteor\u00f3logo Mat\u00edas Bertolotti por sus ofensas a la peregrinaci\u00f3n a la Virgen de Luj\u00e1n<\/a> appeared first on <a href=\"https:\/\/www.paparazzi.com.ar\">Revista Paparazzi<\/a>.<\/p>\n","protected":false},"excerpt":{"rendered":"<p>Nunca mejor dicho: Mat\u00edas Bertolotti est\u00e1 \u00aben el ojo de la tormenta\u00bb. El meteor\u00f3logo de<\/p>\n","protected":false},"author":0,"featured_media":6365,"comment_status":"","ping_status":"","sticky":false,"template":"","format":"standard","meta":{"footnotes":""},"categories":[11],"tags":[],"class_list":["post-6364","post","type-post","status-publish","format-standard","has-post-thumbnail","hentry","category-destacadas"],"yoast_head":"<!-- This site is optimized with the Yoast SEO plugin v28.3 - https:\/\/yoast.com\/product\/yoast-seo-wordpress\/ -->\n<title>Esc\u00e1ndalo en TN con el meteor\u00f3logo Mat\u00edas Bertolotti por sus ofensas a la peregrinaci\u00f3n a la Virgen de Luj\u00e1n - Fm Gente<\/title>\n<meta name=\"robots\" content=\"index, follow, max-snippet:-1, max-image-preview:large, max-video-preview:-1\" \/>\n<link rel=\"canonical\" href=\"https:\/\/fmgente.com.ar\/web\/escandalo-en-tn-con-el-meteorologo-matias-bertolotti-por-sus-ofensas-a-la-peregrinacion-a-la-virgen-de-lujan\/\" \/>\n<meta property=\"og:locale\" content=\"es_ES\" \/>\n<meta property=\"og:type\" content=\"article\" \/>\n<meta property=\"og:title\" content=\"Esc\u00e1ndalo en TN con el meteor\u00f3logo Mat\u00edas Bertolotti por sus ofensas a la peregrinaci\u00f3n a la Virgen de Luj\u00e1n - Fm Gente\" \/>\n<meta property=\"og:description\" content=\"Nunca mejor dicho: Mat\u00edas Bertolotti est\u00e1 \u00aben el ojo de la tormenta\u00bb. El meteor\u00f3logo de\" \/>\n<meta property=\"og:url\" content=\"https:\/\/fmgente.com.ar\/web\/escandalo-en-tn-con-el-meteorologo-matias-bertolotti-por-sus-ofensas-a-la-peregrinacion-a-la-virgen-de-lujan\/\" \/>\n<meta property=\"og:site_name\" content=\"Fm Gente\" \/>\n<meta property=\"article:published_time\" content=\"2025-10-08T17:06:21+00:00\" \/>\n<meta property=\"og:image\" content=\"https:\/\/fmgente.com.ar\/web\/wp-content\/uploads\/2025\/10\/Lara-Morena-1-359x226-1.jpg\" \/>\n\t<meta property=\"og:image:width\" content=\"359\" \/>\n\t<meta property=\"og:image:height\" content=\"226\" \/>\n\t<meta property=\"og:image:type\" content=\"image\/jpeg\" \/>\n<meta name=\"twitter:card\" content=\"summary_large_image\" \/>\n<meta name=\"twitter:label1\" content=\"Tiempo de lectura\" \/>\n\t<meta name=\"twitter:data1\" content=\"4 minutos\" \/>\n<script type=\"application\/ld+json\" class=\"yoast-schema-graph\">{\"@context\":\"https:\\\/\\\/schema.org\",\"@graph\":[{\"@type\":\"Article\",\"@id\":\"https:\\\/\\\/fmgente.com.ar\\\/web\\\/escandalo-en-tn-con-el-meteorologo-matias-bertolotti-por-sus-ofensas-a-la-peregrinacion-a-la-virgen-de-lujan\\\/#article\",\"isPartOf\":{\"@id\":\"https:\\\/\\\/fmgente.com.ar\\\/web\\\/escandalo-en-tn-con-el-meteorologo-matias-bertolotti-por-sus-ofensas-a-la-peregrinacion-a-la-virgen-de-lujan\\\/\"},\"author\":{\"name\":\"\",\"@id\":\"\"},\"headline\":\"Esc\u00e1ndalo en TN con el meteor\u00f3logo Mat\u00edas Bertolotti por sus ofensas a la peregrinaci\u00f3n a la Virgen de Luj\u00e1n\",\"datePublished\":\"2025-10-08T17:06:21+00:00\",\"mainEntityOfPage\":{\"@id\":\"https:\\\/\\\/fmgente.com.ar\\\/web\\\/escandalo-en-tn-con-el-meteorologo-matias-bertolotti-por-sus-ofensas-a-la-peregrinacion-a-la-virgen-de-lujan\\\/\"},\"wordCount\":757,\"publisher\":{\"@id\":\"https:\\\/\\\/fmgente.com.ar\\\/web\\\/#organization\"},\"image\":{\"@id\":\"https:\\\/\\\/fmgente.com.ar\\\/web\\\/escandalo-en-tn-con-el-meteorologo-matias-bertolotti-por-sus-ofensas-a-la-peregrinacion-a-la-virgen-de-lujan\\\/#primaryimage\"},\"thumbnailUrl\":\"https:\\\/\\\/fmgente.com.ar\\\/web\\\/wp-content\\\/uploads\\\/2025\\\/10\\\/Lara-Morena-1-359x226-1.jpg\",\"articleSection\":[\"DESTACADAS\"],\"inLanguage\":\"es\"},{\"@type\":\"WebPage\",\"@id\":\"https:\\\/\\\/fmgente.com.ar\\\/web\\\/escandalo-en-tn-con-el-meteorologo-matias-bertolotti-por-sus-ofensas-a-la-peregrinacion-a-la-virgen-de-lujan\\\/\",\"url\":\"https:\\\/\\\/fmgente.com.ar\\\/web\\\/escandalo-en-tn-con-el-meteorologo-matias-bertolotti-por-sus-ofensas-a-la-peregrinacion-a-la-virgen-de-lujan\\\/\",\"name\":\"Esc\u00e1ndalo en TN con el meteor\u00f3logo Mat\u00edas Bertolotti por sus ofensas a la peregrinaci\u00f3n a la Virgen de Luj\u00e1n - Fm Gente\",\"isPartOf\":{\"@id\":\"https:\\\/\\\/fmgente.com.ar\\\/web\\\/#website\"},\"primaryImageOfPage\":{\"@id\":\"https:\\\/\\\/fmgente.com.ar\\\/web\\\/escandalo-en-tn-con-el-meteorologo-matias-bertolotti-por-sus-ofensas-a-la-peregrinacion-a-la-virgen-de-lujan\\\/#primaryimage\"},\"image\":{\"@id\":\"https:\\\/\\\/fmgente.com.ar\\\/web\\\/escandalo-en-tn-con-el-meteorologo-matias-bertolotti-por-sus-ofensas-a-la-peregrinacion-a-la-virgen-de-lujan\\\/#primaryimage\"},\"thumbnailUrl\":\"https:\\\/\\\/fmgente.com.ar\\\/web\\\/wp-content\\\/uploads\\\/2025\\\/10\\\/Lara-Morena-1-359x226-1.jpg\",\"datePublished\":\"2025-10-08T17:06:21+00:00\",\"inLanguage\":\"es\",\"potentialAction\":[{\"@type\":\"ReadAction\",\"target\":[\"https:\\\/\\\/fmgente.com.ar\\\/web\\\/escandalo-en-tn-con-el-meteorologo-matias-bertolotti-por-sus-ofensas-a-la-peregrinacion-a-la-virgen-de-lujan\\\/\"]}]},{\"@type\":\"ImageObject\",\"inLanguage\":\"es\",\"@id\":\"https:\\\/\\\/fmgente.com.ar\\\/web\\\/escandalo-en-tn-con-el-meteorologo-matias-bertolotti-por-sus-ofensas-a-la-peregrinacion-a-la-virgen-de-lujan\\\/#primaryimage\",\"url\":\"https:\\\/\\\/fmgente.com.ar\\\/web\\\/wp-content\\\/uploads\\\/2025\\\/10\\\/Lara-Morena-1-359x226-1.jpg\",\"contentUrl\":\"https:\\\/\\\/fmgente.com.ar\\\/web\\\/wp-content\\\/uploads\\\/2025\\\/10\\\/Lara-Morena-1-359x226-1.jpg\",\"width\":359,\"height\":226},{\"@type\":\"WebSite\",\"@id\":\"https:\\\/\\\/fmgente.com.ar\\\/web\\\/#website\",\"url\":\"https:\\\/\\\/fmgente.com.ar\\\/web\\\/\",\"name\":\"Fm Gente\",\"description\":\"- Jes\u00fas Mar\u00eda\",\"publisher\":{\"@id\":\"https:\\\/\\\/fmgente.com.ar\\\/web\\\/#organization\"},\"potentialAction\":[{\"@type\":\"SearchAction\",\"target\":{\"@type\":\"EntryPoint\",\"urlTemplate\":\"https:\\\/\\\/fmgente.com.ar\\\/web\\\/?s={search_term_string}\"},\"query-input\":{\"@type\":\"PropertyValueSpecification\",\"valueRequired\":true,\"valueName\":\"search_term_string\"}}],\"inLanguage\":\"es\"},{\"@type\":\"Organization\",\"@id\":\"https:\\\/\\\/fmgente.com.ar\\\/web\\\/#organization\",\"name\":\"Fm Gente\",\"url\":\"https:\\\/\\\/fmgente.com.ar\\\/web\\\/\",\"logo\":{\"@type\":\"ImageObject\",\"inLanguage\":\"es\",\"@id\":\"https:\\\/\\\/fmgente.com.ar\\\/web\\\/#\\\/schema\\\/logo\\\/image\\\/\",\"url\":\"https:\\\/\\\/fmgente.com.ar\\\/web\\\/wp-content\\\/uploads\\\/2023\\\/07\\\/cropped-cropped-logo-sombra2.png\",\"contentUrl\":\"https:\\\/\\\/fmgente.com.ar\\\/web\\\/wp-content\\\/uploads\\\/2023\\\/07\\\/cropped-cropped-logo-sombra2.png\",\"width\":1782,\"height\":1782,\"caption\":\"Fm Gente\"},\"image\":{\"@id\":\"https:\\\/\\\/fmgente.com.ar\\\/web\\\/#\\\/schema\\\/logo\\\/image\\\/\"}}]}<\/script>\n<!-- \/ Yoast SEO plugin. -->","yoast_head_json":{"title":"Esc\u00e1ndalo en TN con el meteor\u00f3logo Mat\u00edas Bertolotti por sus ofensas a la peregrinaci\u00f3n a la Virgen de Luj\u00e1n - Fm Gente","robots":{"index":"index","follow":"follow","max-snippet":"max-snippet:-1","max-image-preview":"max-image-preview:large","max-video-preview":"max-video-preview:-1"},"canonical":"https:\/\/fmgente.com.ar\/web\/escandalo-en-tn-con-el-meteorologo-matias-bertolotti-por-sus-ofensas-a-la-peregrinacion-a-la-virgen-de-lujan\/","og_locale":"es_ES","og_type":"article","og_title":"Esc\u00e1ndalo en TN con el meteor\u00f3logo Mat\u00edas Bertolotti por sus ofensas a la peregrinaci\u00f3n a la Virgen de Luj\u00e1n - Fm Gente","og_description":"Nunca mejor dicho: Mat\u00edas Bertolotti est\u00e1 \u00aben el ojo de la tormenta\u00bb. El meteor\u00f3logo de","og_url":"https:\/\/fmgente.com.ar\/web\/escandalo-en-tn-con-el-meteorologo-matias-bertolotti-por-sus-ofensas-a-la-peregrinacion-a-la-virgen-de-lujan\/","og_site_name":"Fm Gente","article_published_time":"2025-10-08T17:06:21+00:00","og_image":[{"width":359,"height":226,"url":"https:\/\/fmgente.com.ar\/web\/wp-content\/uploads\/2025\/10\/Lara-Morena-1-359x226-1.jpg","type":"image\/jpeg"}],"twitter_card":"summary_large_image","twitter_misc":{"Tiempo de lectura":"4 minutos"},"schema":{"@context":"https:\/\/schema.org","@graph":[{"@type":"Article","@id":"https:\/\/fmgente.com.ar\/web\/escandalo-en-tn-con-el-meteorologo-matias-bertolotti-por-sus-ofensas-a-la-peregrinacion-a-la-virgen-de-lujan\/#article","isPartOf":{"@id":"https:\/\/fmgente.com.ar\/web\/escandalo-en-tn-con-el-meteorologo-matias-bertolotti-por-sus-ofensas-a-la-peregrinacion-a-la-virgen-de-lujan\/"},"author":{"name":"","@id":""},"headline":"Esc\u00e1ndalo en TN con el meteor\u00f3logo Mat\u00edas Bertolotti por sus ofensas a la peregrinaci\u00f3n a la Virgen de Luj\u00e1n","datePublished":"2025-10-08T17:06:21+00:00","mainEntityOfPage":{"@id":"https:\/\/fmgente.com.ar\/web\/escandalo-en-tn-con-el-meteorologo-matias-bertolotti-por-sus-ofensas-a-la-peregrinacion-a-la-virgen-de-lujan\/"},"wordCount":757,"publisher":{"@id":"https:\/\/fmgente.com.ar\/web\/#organization"},"image":{"@id":"https:\/\/fmgente.com.ar\/web\/escandalo-en-tn-con-el-meteorologo-matias-bertolotti-por-sus-ofensas-a-la-peregrinacion-a-la-virgen-de-lujan\/#primaryimage"},"thumbnailUrl":"https:\/\/fmgente.com.ar\/web\/wp-content\/uploads\/2025\/10\/Lara-Morena-1-359x226-1.jpg","articleSection":["DESTACADAS"],"inLanguage":"es"},{"@type":"WebPage","@id":"https:\/\/fmgente.com.ar\/web\/escandalo-en-tn-con-el-meteorologo-matias-bertolotti-por-sus-ofensas-a-la-peregrinacion-a-la-virgen-de-lujan\/","url":"https:\/\/fmgente.com.ar\/web\/escandalo-en-tn-con-el-meteorologo-matias-bertolotti-por-sus-ofensas-a-la-peregrinacion-a-la-virgen-de-lujan\/","name":"Esc\u00e1ndalo en TN con el meteor\u00f3logo Mat\u00edas Bertolotti por sus ofensas a la peregrinaci\u00f3n a la Virgen de Luj\u00e1n - Fm Gente","isPartOf":{"@id":"https:\/\/fmgente.com.ar\/web\/#website"},"primaryImageOfPage":{"@id":"https:\/\/fmgente.com.ar\/web\/escandalo-en-tn-con-el-meteorologo-matias-bertolotti-por-sus-ofensas-a-la-peregrinacion-a-la-virgen-de-lujan\/#primaryimage"},"image":{"@id":"https:\/\/fmgente.com.ar\/web\/escandalo-en-tn-con-el-meteorologo-matias-bertolotti-por-sus-ofensas-a-la-peregrinacion-a-la-virgen-de-lujan\/#primaryimage"},"thumbnailUrl":"https:\/\/fmgente.com.ar\/web\/wp-content\/uploads\/2025\/10\/Lara-Morena-1-359x226-1.jpg","datePublished":"2025-10-08T17:06:21+00:00","inLanguage":"es","potentialAction":[{"@type":"ReadAction","target":["https:\/\/fmgente.com.ar\/web\/escandalo-en-tn-con-el-meteorologo-matias-bertolotti-por-sus-ofensas-a-la-peregrinacion-a-la-virgen-de-lujan\/"]}]},{"@type":"ImageObject","inLanguage":"es","@id":"https:\/\/fmgente.com.ar\/web\/escandalo-en-tn-con-el-meteorologo-matias-bertolotti-por-sus-ofensas-a-la-peregrinacion-a-la-virgen-de-lujan\/#primaryimage","url":"https:\/\/fmgente.com.ar\/web\/wp-content\/uploads\/2025\/10\/Lara-Morena-1-359x226-1.jpg","contentUrl":"https:\/\/fmgente.com.ar\/web\/wp-content\/uploads\/2025\/10\/Lara-Morena-1-359x226-1.jpg","width":359,"height":226},{"@type":"WebSite","@id":"https:\/\/fmgente.com.ar\/web\/#website","url":"https:\/\/fmgente.com.ar\/web\/","name":"Fm Gente","description":"- Jes\u00fas Mar\u00eda","publisher":{"@id":"https:\/\/fmgente.com.ar\/web\/#organization"},"potentialAction":[{"@type":"SearchAction","target":{"@type":"EntryPoint","urlTemplate":"https:\/\/fmgente.com.ar\/web\/?s={search_term_string}"},"query-input":{"@type":"PropertyValueSpecification","valueRequired":true,"valueName":"search_term_string"}}],"inLanguage":"es"},{"@type":"Organization","@id":"https:\/\/fmgente.com.ar\/web\/#organization","name":"Fm Gente","url":"https:\/\/fmgente.com.ar\/web\/","logo":{"@type":"ImageObject","inLanguage":"es","@id":"https:\/\/fmgente.com.ar\/web\/#\/schema\/logo\/image\/","url":"https:\/\/fmgente.com.ar\/web\/wp-content\/uploads\/2023\/07\/cropped-cropped-logo-sombra2.png","contentUrl":"https:\/\/fmgente.com.ar\/web\/wp-content\/uploads\/2023\/07\/cropped-cropped-logo-sombra2.png","width":1782,"height":1782,"caption":"Fm Gente"},"image":{"@id":"https:\/\/fmgente.com.ar\/web\/#\/schema\/logo\/image\/"}}]}},"_links":{"self":[{"href":"https:\/\/fmgente.com.ar\/web\/wp-json\/wp\/v2\/posts\/6364","targetHints":{"allow":["GET"]}}],"collection":[{"href":"https:\/\/fmgente.com.ar\/web\/wp-json\/wp\/v2\/posts"}],"about":[{"href":"https:\/\/fmgente.com.ar\/web\/wp-json\/wp\/v2\/types\/post"}],"replies":[{"embeddable":true,"href":"https:\/\/fmgente.com.ar\/web\/wp-json\/wp\/v2\/comments?post=6364"}],"version-history":[{"count":0,"href":"https:\/\/fmgente.com.ar\/web\/wp-json\/wp\/v2\/posts\/6364\/revisions"}],"wp:featuredmedia":[{"embeddable":true,"href":"https:\/\/fmgente.com.ar\/web\/wp-json\/wp\/v2\/media\/6365"}],"wp:attachment":[{"href":"https:\/\/fmgente.com.ar\/web\/wp-json\/wp\/v2\/media?parent=6364"}],"wp:term":[{"taxonomy":"category","embeddable":true,"href":"https:\/\/fmgente.com.ar\/web\/wp-json\/wp\/v2\/categories?post=6364"},{"taxonomy":"post_tag","embeddable":true,"href":"https:\/\/fmgente.com.ar\/web\/wp-json\/wp\/v2\/tags?post=6364"}],"curies":[{"name":"wp","href":"https:\/\/api.w.org\/{rel}","templated":true}]}}