{"id":6362,"date":"2025-10-08T14:06:20","date_gmt":"2025-10-08T17:06:20","guid":{"rendered":"https:\/\/fmgente.com.ar\/marley-revelo-un-picante-dato-sobre-santiago-del-moro-que-avivo-la-polemica-en-los-pasillos-de-telefe\/"},"modified":"2025-10-08T14:06:20","modified_gmt":"2025-10-08T17:06:20","slug":"marley-revelo-un-picante-dato-sobre-santiago-del-moro-que-avivo-la-polemica-en-los-pasillos-de-telefe","status":"publish","type":"post","link":"https:\/\/fmgente.com.ar\/web\/marley-revelo-un-picante-dato-sobre-santiago-del-moro-que-avivo-la-polemica-en-los-pasillos-de-telefe\/","title":{"rendered":"Marley revel\u00f3 un picante dato sobre Santiago del Moro que aviv\u00f3 la pol\u00e9mica en los pasillos de Telefe"},"content":{"rendered":"<p>A m\u00e1s de una semana del Oro que <strong>Santiago del Moro<\/strong> recibi\u00f3 en los <strong>Mart\u00edn Fierro<\/strong>, las pol\u00e9micas en torno al conductor de<strong> Gran Hermano<\/strong> siguen a la orden del d\u00eda. \u00bfUno de los rumores m\u00e1s fuertes? Que el premio m\u00e1s importante de la noche era para <strong>Bendita <\/strong>pero hubo cambios de \u00faltima hora.\u00a0<\/p>\n<p>Las dudas sobre el galard\u00f3n que finalmente se llev\u00f3 <a href=\"https:\/\/www.paparazzi.com.ar\/tag\/santiago-del-moro\/\">Del Moro <\/a>tambi\u00e9n las tiene <strong>Marley<\/strong>, quien en di\u00e1logo con<strong> Puro Show <\/strong>comparti\u00f3 su extra\u00f1eza.<em> \u201cFue raro, porque lo ley\u00f3 y se emocion\u00f3 despu\u00e9s de decirlo, pero bueno\u2026\u201d<\/em>, dijo el conductor. Y luego sum\u00f3: <em>\u201cIgual, ya todos sab\u00edan que se lo daban, eso hay que cambiarlo\u201d.<\/em><\/p>\n<p><a href=\"https:\/\/www.paparazzi.com.ar\/teve\/marley-destrozo-a-santiago-del-moro-por-el-martin-fierro-de-oro-la-emocion-de-el-fue\/\">Marley <\/a>confirm\u00f3 lo que se sospechaba sobre los MF: <em>\u201c\u00a1Todo el mundo sabe los premios antes de que empiece! Falta la emoci\u00f3n de que sea un secreto real\u201d<\/em>. Y luego, al comentar en <strong>Intrusos <\/strong>estas declaraciones, <strong>Adri\u00e1n Pallares<\/strong> revel\u00f3 otro dato sobre Del Moro y los Mart\u00edn Fierro, una ceremonia que, al parecer, siempre tuvo en la mira.<\/p>\n<div class=\"mt-box \">\n<h4 class=\"mt-heading\">Mir\u00e1 Tambi\u00e9n<\/h4>\n<p><a href=\"https:\/\/www.paparazzi.com.ar\/teve\/el-inesperado-dato-que-dio-santiago-del-moro-sobre-gran-hermano-generacion-dorada-hay-una-figura-que\/\"><\/p>\n<div class=\"mt-content\">\n<div class=\"mt-image-container\"><img decoding=\"async\" src=\"https:\/\/www.paparazzi.com.ar\/wp-content\/uploads\/2024\/06\/santiago-del-moro-gran-hermano.jpg.webp\" alt=\"El inesperado dato que dio Santiago del Moro sobre Gran Hermano Generaci\u00f3n Dorada: \u201cHay una figura que\u2026\u201d\" class=\"mt-image\" loading=\"lazy\" \/><\/div>\n<h5 class=\"mt-title\">El inesperado dato que dio Santiago del Moro sobre Gran Hermano Generaci\u00f3n Dorada: \u201cHay una figura que\u2026\u201d<\/h5>\n<\/div>\n<p><\/a><\/div>\n<p><em>\u201cEl primer a\u00f1o que del Moro firm\u00f3 con Telefe, ya pidi\u00f3 hacer el Mart\u00edn Fierro, pero lo mandaron a la alfombra roja y \u00e9l no acept\u00f3\u201d<\/em>, dijo el conductor del programa de <strong>Am\u00e9rica<\/strong>, dejando ver lo importante que para el conductor siempre fue esta entrega de premios en la que, este a\u00f1o, le toc\u00f3 llevarse a su casa el premio m\u00e1s importante.\u00a0<\/p>\n<h2 class=\"wp-block-heading\">MARCELA TAURO CONT\u00d3 INTIMIDADES DE SANTIAGO DEL MORO<\/h2>\n<p><strong>Marcela Tauro<\/strong>, compa\u00f1era de Del Moro en <strong>El club del Moro <\/strong>(<strong>La 100<\/strong>) sum\u00f3 detalles sobre la personalidad reservada. <em>\u201c\u00c9l no toma caf\u00e9 con nadie, no es de juntarse, con el \u00fanico que se ve es con Guido Kaczka, que van a comer y eso. Pero si no, la verdad es que \u00e9l es muy herm\u00e9tico\u201d<\/em>, cont\u00f3, marcando la distancia que el conductor mantiene incluso con sus compa\u00f1eros.<\/p>\n<p>En la misma l\u00ednea, <strong>Adri\u00e1n Pallares <\/strong>sum\u00f3 una an\u00e9cdota personal:<em> \u201cEs un estilo. Yo me acuerdo una vez que me toc\u00f3 venir a Intratables de invitado, y \u00e9l llegaba tres minutos antes\u2026 que pens\u00e9 \u2018si no me saluda, me voy\u2019. \u00a1Pero me salud\u00f3!\u201d<\/em>. Luego, apunt\u00f3 a una interna con Marley:<em> \u201cLo de Marley tiene que ver con que cuando \u00e9l lleg\u00f3 a Telefe, \u00e9l no se la hizo f\u00e1cil, por eso para m\u00ed est\u00e1 devolviendo una factura\u201d,<\/em> lanz\u00f3, filoso.<\/p>\n<div class=\"mt-box \">\n<h4 class=\"mt-heading\">Mir\u00e1 Tambi\u00e9n<\/h4>\n<p><a href=\"https:\/\/www.paparazzi.com.ar\/teve\/luisana-lopilato-sorprendio-con-una-fuerte-confesion-a-sus-38-anos-me-canse\/\"><\/p>\n<div class=\"mt-content\">\n<div class=\"mt-image-container\"><img decoding=\"async\" src=\"https:\/\/www.paparazzi.com.ar\/wp-content\/uploads\/2025\/10\/luisana-lopilato-359x226.jpg\" alt=\"Luisana Lopilato sorprendi\u00f3 con una fuerte confesi\u00f3n a sus 38 a\u00f1os: \u201cMe cans\u00e9\u201d\" class=\"mt-image\" loading=\"lazy\" \/><\/div>\n<h5 class=\"mt-title\">Luisana Lopilato sorprendi\u00f3 con una fuerte confesi\u00f3n a sus 38 a\u00f1os: \u201cMe cans\u00e9\u201d<\/h5>\n<\/div>\n<p><\/a><\/div>\n<div class=\"mt-box \">\n<h4 class=\"mt-heading\">Mir\u00e1 Tambi\u00e9n<\/h4>\n<p><a href=\"https:\/\/www.paparazzi.com.ar\/teve\/morena-rial-en-cuenta-regresiva-para-dejar-la-carcel-como-y-donde-seguira-su-arresto\/\"><\/p>\n<div class=\"mt-content\">\n<div class=\"mt-image-container\"><img decoding=\"async\" src=\"https:\/\/www.paparazzi.com.ar\/wp-content\/uploads\/2025\/10\/MORENA-RIAL-1-2-359x226.jpg\" alt=\"Morena Rial, en cuenta regresiva para dejar la c\u00e1rcel: c\u00f3mo y d\u00f3nde seguir\u00e1 su arresto\" class=\"mt-image\" loading=\"lazy\" \/><\/div>\n<h5 class=\"mt-title\">Morena Rial, en cuenta regresiva para dejar la c\u00e1rcel: c\u00f3mo y d\u00f3nde seguir\u00e1 su arresto<\/h5>\n<\/div>\n<p><\/a><\/div>\n<p>The post <a href=\"https:\/\/www.paparazzi.com.ar\/teve\/marley-revelo-un-picante-dato-sobre-santiago-del-moro-que-avivo-la-polemica-en-los-pasillos-de-telefe\/\">Marley revel\u00f3 un picante dato sobre Santiago del Moro que aviv\u00f3 la pol\u00e9mica en los pasillos de Telefe<\/a> appeared first on <a href=\"https:\/\/www.paparazzi.com.ar\">Revista Paparazzi<\/a>.<\/p>\n","protected":false},"excerpt":{"rendered":"<p>A m\u00e1s de una semana del Oro que Santiago del Moro recibi\u00f3 en los Mart\u00edn<\/p>\n","protected":false},"author":0,"featured_media":6363,"comment_status":"","ping_status":"","sticky":false,"template":"","format":"standard","meta":{"footnotes":""},"categories":[11],"tags":[],"class_list":["post-6362","post","type-post","status-publish","format-standard","has-post-thumbnail","hentry","category-destacadas"],"yoast_head":"<!-- This site is optimized with the Yoast SEO plugin v28.3 - https:\/\/yoast.com\/product\/yoast-seo-wordpress\/ -->\n<title>Marley revel\u00f3 un picante dato sobre Santiago del Moro que aviv\u00f3 la pol\u00e9mica en los pasillos de Telefe - Fm Gente<\/title>\n<meta name=\"robots\" content=\"index, follow, max-snippet:-1, max-image-preview:large, max-video-preview:-1\" \/>\n<link rel=\"canonical\" href=\"https:\/\/fmgente.com.ar\/web\/marley-revelo-un-picante-dato-sobre-santiago-del-moro-que-avivo-la-polemica-en-los-pasillos-de-telefe\/\" \/>\n<meta property=\"og:locale\" content=\"es_ES\" \/>\n<meta property=\"og:type\" content=\"article\" \/>\n<meta property=\"og:title\" content=\"Marley revel\u00f3 un picante dato sobre Santiago del Moro que aviv\u00f3 la pol\u00e9mica en los pasillos de Telefe - Fm Gente\" \/>\n<meta property=\"og:description\" content=\"A m\u00e1s de una semana del Oro que Santiago del Moro recibi\u00f3 en los Mart\u00edn\" \/>\n<meta property=\"og:url\" content=\"https:\/\/fmgente.com.ar\/web\/marley-revelo-un-picante-dato-sobre-santiago-del-moro-que-avivo-la-polemica-en-los-pasillos-de-telefe\/\" \/>\n<meta property=\"og:site_name\" content=\"Fm Gente\" \/>\n<meta property=\"article:published_time\" content=\"2025-10-08T17:06:20+00:00\" \/>\n<meta property=\"og:image\" content=\"https:\/\/fmgente.com.ar\/web\/wp-content\/uploads\/2025\/10\/santiago-del-moro-gran-hermano.jpg.webp\" \/>\n\t<meta property=\"og:image:width\" content=\"752\" \/>\n\t<meta property=\"og:image:height\" content=\"475\" \/>\n\t<meta property=\"og:image:type\" content=\"image\/webp\" \/>\n<meta name=\"twitter:card\" content=\"summary_large_image\" \/>\n<meta name=\"twitter:label1\" content=\"Tiempo de lectura\" \/>\n\t<meta name=\"twitter:data1\" content=\"2 minutos\" \/>\n<script type=\"application\/ld+json\" class=\"yoast-schema-graph\">{\"@context\":\"https:\\\/\\\/schema.org\",\"@graph\":[{\"@type\":\"Article\",\"@id\":\"https:\\\/\\\/fmgente.com.ar\\\/web\\\/marley-revelo-un-picante-dato-sobre-santiago-del-moro-que-avivo-la-polemica-en-los-pasillos-de-telefe\\\/#article\",\"isPartOf\":{\"@id\":\"https:\\\/\\\/fmgente.com.ar\\\/web\\\/marley-revelo-un-picante-dato-sobre-santiago-del-moro-que-avivo-la-polemica-en-los-pasillos-de-telefe\\\/\"},\"author\":{\"name\":\"\",\"@id\":\"\"},\"headline\":\"Marley revel\u00f3 un picante dato sobre Santiago del Moro que aviv\u00f3 la pol\u00e9mica en los pasillos de Telefe\",\"datePublished\":\"2025-10-08T17:06:20+00:00\",\"mainEntityOfPage\":{\"@id\":\"https:\\\/\\\/fmgente.com.ar\\\/web\\\/marley-revelo-un-picante-dato-sobre-santiago-del-moro-que-avivo-la-polemica-en-los-pasillos-de-telefe\\\/\"},\"wordCount\":514,\"publisher\":{\"@id\":\"https:\\\/\\\/fmgente.com.ar\\\/web\\\/#organization\"},\"image\":{\"@id\":\"https:\\\/\\\/fmgente.com.ar\\\/web\\\/marley-revelo-un-picante-dato-sobre-santiago-del-moro-que-avivo-la-polemica-en-los-pasillos-de-telefe\\\/#primaryimage\"},\"thumbnailUrl\":\"https:\\\/\\\/fmgente.com.ar\\\/web\\\/wp-content\\\/uploads\\\/2025\\\/10\\\/santiago-del-moro-gran-hermano.jpg.webp\",\"articleSection\":[\"DESTACADAS\"],\"inLanguage\":\"es\"},{\"@type\":\"WebPage\",\"@id\":\"https:\\\/\\\/fmgente.com.ar\\\/web\\\/marley-revelo-un-picante-dato-sobre-santiago-del-moro-que-avivo-la-polemica-en-los-pasillos-de-telefe\\\/\",\"url\":\"https:\\\/\\\/fmgente.com.ar\\\/web\\\/marley-revelo-un-picante-dato-sobre-santiago-del-moro-que-avivo-la-polemica-en-los-pasillos-de-telefe\\\/\",\"name\":\"Marley revel\u00f3 un picante dato sobre Santiago del Moro que aviv\u00f3 la pol\u00e9mica en los pasillos de Telefe - Fm Gente\",\"isPartOf\":{\"@id\":\"https:\\\/\\\/fmgente.com.ar\\\/web\\\/#website\"},\"primaryImageOfPage\":{\"@id\":\"https:\\\/\\\/fmgente.com.ar\\\/web\\\/marley-revelo-un-picante-dato-sobre-santiago-del-moro-que-avivo-la-polemica-en-los-pasillos-de-telefe\\\/#primaryimage\"},\"image\":{\"@id\":\"https:\\\/\\\/fmgente.com.ar\\\/web\\\/marley-revelo-un-picante-dato-sobre-santiago-del-moro-que-avivo-la-polemica-en-los-pasillos-de-telefe\\\/#primaryimage\"},\"thumbnailUrl\":\"https:\\\/\\\/fmgente.com.ar\\\/web\\\/wp-content\\\/uploads\\\/2025\\\/10\\\/santiago-del-moro-gran-hermano.jpg.webp\",\"datePublished\":\"2025-10-08T17:06:20+00:00\",\"inLanguage\":\"es\",\"potentialAction\":[{\"@type\":\"ReadAction\",\"target\":[\"https:\\\/\\\/fmgente.com.ar\\\/web\\\/marley-revelo-un-picante-dato-sobre-santiago-del-moro-que-avivo-la-polemica-en-los-pasillos-de-telefe\\\/\"]}]},{\"@type\":\"ImageObject\",\"inLanguage\":\"es\",\"@id\":\"https:\\\/\\\/fmgente.com.ar\\\/web\\\/marley-revelo-un-picante-dato-sobre-santiago-del-moro-que-avivo-la-polemica-en-los-pasillos-de-telefe\\\/#primaryimage\",\"url\":\"https:\\\/\\\/fmgente.com.ar\\\/web\\\/wp-content\\\/uploads\\\/2025\\\/10\\\/santiago-del-moro-gran-hermano.jpg.webp\",\"contentUrl\":\"https:\\\/\\\/fmgente.com.ar\\\/web\\\/wp-content\\\/uploads\\\/2025\\\/10\\\/santiago-del-moro-gran-hermano.jpg.webp\",\"width\":752,\"height\":475},{\"@type\":\"WebSite\",\"@id\":\"https:\\\/\\\/fmgente.com.ar\\\/web\\\/#website\",\"url\":\"https:\\\/\\\/fmgente.com.ar\\\/web\\\/\",\"name\":\"Fm Gente\",\"description\":\"- Jes\u00fas Mar\u00eda\",\"publisher\":{\"@id\":\"https:\\\/\\\/fmgente.com.ar\\\/web\\\/#organization\"},\"potentialAction\":[{\"@type\":\"SearchAction\",\"target\":{\"@type\":\"EntryPoint\",\"urlTemplate\":\"https:\\\/\\\/fmgente.com.ar\\\/web\\\/?s={search_term_string}\"},\"query-input\":{\"@type\":\"PropertyValueSpecification\",\"valueRequired\":true,\"valueName\":\"search_term_string\"}}],\"inLanguage\":\"es\"},{\"@type\":\"Organization\",\"@id\":\"https:\\\/\\\/fmgente.com.ar\\\/web\\\/#organization\",\"name\":\"Fm Gente\",\"url\":\"https:\\\/\\\/fmgente.com.ar\\\/web\\\/\",\"logo\":{\"@type\":\"ImageObject\",\"inLanguage\":\"es\",\"@id\":\"https:\\\/\\\/fmgente.com.ar\\\/web\\\/#\\\/schema\\\/logo\\\/image\\\/\",\"url\":\"https:\\\/\\\/fmgente.com.ar\\\/web\\\/wp-content\\\/uploads\\\/2023\\\/07\\\/cropped-cropped-logo-sombra2.png\",\"contentUrl\":\"https:\\\/\\\/fmgente.com.ar\\\/web\\\/wp-content\\\/uploads\\\/2023\\\/07\\\/cropped-cropped-logo-sombra2.png\",\"width\":1782,\"height\":1782,\"caption\":\"Fm Gente\"},\"image\":{\"@id\":\"https:\\\/\\\/fmgente.com.ar\\\/web\\\/#\\\/schema\\\/logo\\\/image\\\/\"}}]}<\/script>\n<!-- \/ Yoast SEO plugin. -->","yoast_head_json":{"title":"Marley revel\u00f3 un picante dato sobre Santiago del Moro que aviv\u00f3 la pol\u00e9mica en los pasillos de Telefe - Fm Gente","robots":{"index":"index","follow":"follow","max-snippet":"max-snippet:-1","max-image-preview":"max-image-preview:large","max-video-preview":"max-video-preview:-1"},"canonical":"https:\/\/fmgente.com.ar\/web\/marley-revelo-un-picante-dato-sobre-santiago-del-moro-que-avivo-la-polemica-en-los-pasillos-de-telefe\/","og_locale":"es_ES","og_type":"article","og_title":"Marley revel\u00f3 un picante dato sobre Santiago del Moro que aviv\u00f3 la pol\u00e9mica en los pasillos de Telefe - Fm Gente","og_description":"A m\u00e1s de una semana del Oro que Santiago del Moro recibi\u00f3 en los Mart\u00edn","og_url":"https:\/\/fmgente.com.ar\/web\/marley-revelo-un-picante-dato-sobre-santiago-del-moro-que-avivo-la-polemica-en-los-pasillos-de-telefe\/","og_site_name":"Fm Gente","article_published_time":"2025-10-08T17:06:20+00:00","og_image":[{"width":752,"height":475,"url":"https:\/\/fmgente.com.ar\/web\/wp-content\/uploads\/2025\/10\/santiago-del-moro-gran-hermano.jpg.webp","type":"image\/webp"}],"twitter_card":"summary_large_image","twitter_misc":{"Tiempo de lectura":"2 minutos"},"schema":{"@context":"https:\/\/schema.org","@graph":[{"@type":"Article","@id":"https:\/\/fmgente.com.ar\/web\/marley-revelo-un-picante-dato-sobre-santiago-del-moro-que-avivo-la-polemica-en-los-pasillos-de-telefe\/#article","isPartOf":{"@id":"https:\/\/fmgente.com.ar\/web\/marley-revelo-un-picante-dato-sobre-santiago-del-moro-que-avivo-la-polemica-en-los-pasillos-de-telefe\/"},"author":{"name":"","@id":""},"headline":"Marley revel\u00f3 un picante dato sobre Santiago del Moro que aviv\u00f3 la pol\u00e9mica en los pasillos de Telefe","datePublished":"2025-10-08T17:06:20+00:00","mainEntityOfPage":{"@id":"https:\/\/fmgente.com.ar\/web\/marley-revelo-un-picante-dato-sobre-santiago-del-moro-que-avivo-la-polemica-en-los-pasillos-de-telefe\/"},"wordCount":514,"publisher":{"@id":"https:\/\/fmgente.com.ar\/web\/#organization"},"image":{"@id":"https:\/\/fmgente.com.ar\/web\/marley-revelo-un-picante-dato-sobre-santiago-del-moro-que-avivo-la-polemica-en-los-pasillos-de-telefe\/#primaryimage"},"thumbnailUrl":"https:\/\/fmgente.com.ar\/web\/wp-content\/uploads\/2025\/10\/santiago-del-moro-gran-hermano.jpg.webp","articleSection":["DESTACADAS"],"inLanguage":"es"},{"@type":"WebPage","@id":"https:\/\/fmgente.com.ar\/web\/marley-revelo-un-picante-dato-sobre-santiago-del-moro-que-avivo-la-polemica-en-los-pasillos-de-telefe\/","url":"https:\/\/fmgente.com.ar\/web\/marley-revelo-un-picante-dato-sobre-santiago-del-moro-que-avivo-la-polemica-en-los-pasillos-de-telefe\/","name":"Marley revel\u00f3 un picante dato sobre Santiago del Moro que aviv\u00f3 la pol\u00e9mica en los pasillos de Telefe - Fm Gente","isPartOf":{"@id":"https:\/\/fmgente.com.ar\/web\/#website"},"primaryImageOfPage":{"@id":"https:\/\/fmgente.com.ar\/web\/marley-revelo-un-picante-dato-sobre-santiago-del-moro-que-avivo-la-polemica-en-los-pasillos-de-telefe\/#primaryimage"},"image":{"@id":"https:\/\/fmgente.com.ar\/web\/marley-revelo-un-picante-dato-sobre-santiago-del-moro-que-avivo-la-polemica-en-los-pasillos-de-telefe\/#primaryimage"},"thumbnailUrl":"https:\/\/fmgente.com.ar\/web\/wp-content\/uploads\/2025\/10\/santiago-del-moro-gran-hermano.jpg.webp","datePublished":"2025-10-08T17:06:20+00:00","inLanguage":"es","potentialAction":[{"@type":"ReadAction","target":["https:\/\/fmgente.com.ar\/web\/marley-revelo-un-picante-dato-sobre-santiago-del-moro-que-avivo-la-polemica-en-los-pasillos-de-telefe\/"]}]},{"@type":"ImageObject","inLanguage":"es","@id":"https:\/\/fmgente.com.ar\/web\/marley-revelo-un-picante-dato-sobre-santiago-del-moro-que-avivo-la-polemica-en-los-pasillos-de-telefe\/#primaryimage","url":"https:\/\/fmgente.com.ar\/web\/wp-content\/uploads\/2025\/10\/santiago-del-moro-gran-hermano.jpg.webp","contentUrl":"https:\/\/fmgente.com.ar\/web\/wp-content\/uploads\/2025\/10\/santiago-del-moro-gran-hermano.jpg.webp","width":752,"height":475},{"@type":"WebSite","@id":"https:\/\/fmgente.com.ar\/web\/#website","url":"https:\/\/fmgente.com.ar\/web\/","name":"Fm Gente","description":"- Jes\u00fas Mar\u00eda","publisher":{"@id":"https:\/\/fmgente.com.ar\/web\/#organization"},"potentialAction":[{"@type":"SearchAction","target":{"@type":"EntryPoint","urlTemplate":"https:\/\/fmgente.com.ar\/web\/?s={search_term_string}"},"query-input":{"@type":"PropertyValueSpecification","valueRequired":true,"valueName":"search_term_string"}}],"inLanguage":"es"},{"@type":"Organization","@id":"https:\/\/fmgente.com.ar\/web\/#organization","name":"Fm Gente","url":"https:\/\/fmgente.com.ar\/web\/","logo":{"@type":"ImageObject","inLanguage":"es","@id":"https:\/\/fmgente.com.ar\/web\/#\/schema\/logo\/image\/","url":"https:\/\/fmgente.com.ar\/web\/wp-content\/uploads\/2023\/07\/cropped-cropped-logo-sombra2.png","contentUrl":"https:\/\/fmgente.com.ar\/web\/wp-content\/uploads\/2023\/07\/cropped-cropped-logo-sombra2.png","width":1782,"height":1782,"caption":"Fm Gente"},"image":{"@id":"https:\/\/fmgente.com.ar\/web\/#\/schema\/logo\/image\/"}}]}},"_links":{"self":[{"href":"https:\/\/fmgente.com.ar\/web\/wp-json\/wp\/v2\/posts\/6362","targetHints":{"allow":["GET"]}}],"collection":[{"href":"https:\/\/fmgente.com.ar\/web\/wp-json\/wp\/v2\/posts"}],"about":[{"href":"https:\/\/fmgente.com.ar\/web\/wp-json\/wp\/v2\/types\/post"}],"replies":[{"embeddable":true,"href":"https:\/\/fmgente.com.ar\/web\/wp-json\/wp\/v2\/comments?post=6362"}],"version-history":[{"count":0,"href":"https:\/\/fmgente.com.ar\/web\/wp-json\/wp\/v2\/posts\/6362\/revisions"}],"wp:featuredmedia":[{"embeddable":true,"href":"https:\/\/fmgente.com.ar\/web\/wp-json\/wp\/v2\/media\/6363"}],"wp:attachment":[{"href":"https:\/\/fmgente.com.ar\/web\/wp-json\/wp\/v2\/media?parent=6362"}],"wp:term":[{"taxonomy":"category","embeddable":true,"href":"https:\/\/fmgente.com.ar\/web\/wp-json\/wp\/v2\/categories?post=6362"},{"taxonomy":"post_tag","embeddable":true,"href":"https:\/\/fmgente.com.ar\/web\/wp-json\/wp\/v2\/tags?post=6362"}],"curies":[{"name":"wp","href":"https:\/\/api.w.org\/{rel}","templated":true}]}}