{"id":6358,"date":"2025-10-08T12:07:07","date_gmt":"2025-10-08T15:07:07","guid":{"rendered":"https:\/\/fmgente.com.ar\/morena-rial-en-cuenta-regresiva-para-dejar-la-carcel-como-y-donde-seguira-su-arresto\/"},"modified":"2025-10-08T12:07:07","modified_gmt":"2025-10-08T15:07:07","slug":"morena-rial-en-cuenta-regresiva-para-dejar-la-carcel-como-y-donde-seguira-su-arresto","status":"publish","type":"post","link":"https:\/\/fmgente.com.ar\/web\/morena-rial-en-cuenta-regresiva-para-dejar-la-carcel-como-y-donde-seguira-su-arresto\/","title":{"rendered":"Morena Rial, en cuenta regresiva para dejar la c\u00e1rcel: c\u00f3mo y d\u00f3nde seguir\u00e1 su arresto"},"content":{"rendered":"<p>Luego de pasar m\u00e1s de una semana en el penal de Magdalena,<strong> Morena Rial <\/strong>est\u00e1 cada vez m\u00e1s cerca de obtener lo que su nuevo abogado solicit\u00f3 para ella: el arresto domiciliario. Falta muy poco para que Morena pueda dejar la c\u00e1rcel com\u00fan y abrazar a su hijo <strong>Amadeo<\/strong>. As\u00ed lo revel\u00f3 <strong>Mart\u00edn Candalaft<\/strong> en <strong>DDM <\/strong>(<strong>Am\u00e9rica<\/strong>).\u00a0<\/p>\n<p>La fuerte informaci\u00f3n del periodista sobre <a href=\"https:\/\/www.paparazzi.com.ar\/tag\/morena-rial\/\">Morena <\/a>se desprende de un documento clave al que accedi\u00f3, presentado en el Juzgado de Garant\u00edas de San Isidro.<em> \u201cEst\u00e1 bastante cerca de conseguir la domiciliaria, sobre todo por el \u00faltimo p\u00e1rrafo del documento\u201d<\/em>, se\u00f1al\u00f3 Candalaft en el programa que conduce Mariana Fabbiani.\u00a0<\/p>\n<p><em>\u00abEst\u00e1 fechado el 7 de octubre, escrito por el juzgado hacia el jefe del centro de monitoreo electr\u00f3nico del servicio penitenciario. Es decir, quien tiene que proveer las tobilleras electr\u00f3nicas para la prisi\u00f3n domiciliaria\u00bb<\/em>, cont\u00f3 el periodista.<\/p>\n<div class=\"mt-box \">\n<h4 class=\"mt-heading\">Mir\u00e1 Tambi\u00e9n<\/h4>\n<p><a href=\"https:\/\/www.paparazzi.com.ar\/teve\/jorge-rial-le-dio-una-importante-ayuda-a-su-hija-morena-en-la-carcel-y-cambio-todo-le-facilito-el\/\"><\/p>\n<div class=\"mt-content\">\n<div class=\"mt-image-container\"><img decoding=\"async\" src=\"https:\/\/www.paparazzi.com.ar\/wp-content\/uploads\/2025\/10\/Jorge-Rial-le-dio-una-importante-ayuda-a-su-hija-Morena-en-la-carcel-y-cambio-todo-Le-facilito-el-359x226.jpeg\" alt=\"Jorge Rial le dio una importante ayuda a su hija Morena en la c\u00e1rcel y cambi\u00f3 todo: &quot;Le facilit\u00f3 el...&quot;\" class=\"mt-image\" loading=\"lazy\" \/><\/div>\n<h5 class=\"mt-title\">Jorge Rial le dio una importante ayuda a su hija Morena en la c\u00e1rcel y cambi\u00f3 todo: \u00abLe facilit\u00f3 el&#8230;\u00bb<\/h5>\n<\/div>\n<p><\/a><\/div>\n<p>Y avanz\u00f3: <em>\u201cEscriben desde el juzgado: &#8216;A fin de solicitarle que tenga a bien informar sobre la factibilidad t\u00e9cnica para implementar el monitoreo de sistema electr\u00f3nico v\u00eda GPS&#8230; en el domicilio donde residir\u00e1 el causante&#8217;&#8230; donde residir\u00eda Morena, en San Justo, donde reside Evelyn Denise Mart\u00ednez\u00bb.<\/em><\/p>\n<h2 class=\"wp-block-heading\">C\u00d3MO SER\u00c1 EL ARRESTO DOMICILIARIO DE MORENA RIAL <\/h2>\n<p>Con esta petici\u00f3n, queda claro que la domiciliaria le ser\u00eda otorgada a <a href=\"https:\/\/www.paparazzi.com.ar\/teve\/morena-rial-devastada-se-confirmo-que-padece-una-delicada-patologia-y-preocupa-su-salud\/\">Morena Rial <\/a>por su condici\u00f3n de mam\u00e1 de Amadeo. <em>\u00abSe deja expresa constancia que la nombrada estar\u00eda comprendida dentro de los presupuestos de la acordada, es decir, es una madre con un hijo menor de edad por lo que deber\u00e1 realizar el presente de forma indefectible y preferencial\u00bb<\/em>, ley\u00f3 Candalaft.\u00a0<\/p>\n<p>Lo cierto es que desde que qued\u00f3 encarcelada en el penal de Magdalena su nuevo abogado <strong>Mart\u00edn Leiro <\/strong>fue por el arresto domiciliario. En di\u00e1logo con <strong>Mujeres Argentinas<\/strong>, esta semana <strong>Alejando Cipolla<\/strong> aclar\u00f3 el panorama: <em>\u201cUna cosa es que le hayan revocado una excarcelaci\u00f3n extraordinaria y otra cosa es un beneficio excarcelatorio. En este caso no hay una libertad, lo que hay es que se suplanta un penal por una casa\u201d.<\/em><\/p>\n<div class=\"mt-box \">\n<h4 class=\"mt-heading\">Mir\u00e1 Tambi\u00e9n<\/h4>\n<p><a href=\"https:\/\/www.paparazzi.com.ar\/teve\/el-grave-problema-de-morena-rial-desde-la-carcel-que-complica-su-prision-domiciliaria\/\"><\/p>\n<div class=\"mt-content\">\n<div class=\"mt-image-container\"><img decoding=\"async\" src=\"https:\/\/www.paparazzi.com.ar\/wp-content\/uploads\/2025\/10\/Morena-Rial-prision-359x226.jpg\" alt=\"El grave problema de Morena Rial desde la c\u00e1rcel que complica su prisi\u00f3n domiciliaria\" class=\"mt-image\" loading=\"lazy\" \/><\/div>\n<h5 class=\"mt-title\">El grave problema de Morena Rial desde la c\u00e1rcel que complica su prisi\u00f3n domiciliaria<\/h5>\n<\/div>\n<p><\/a><\/div>\n<p><em>\u201cNo es que puede salir a hacer las compras, no se puede mover del departamento con una tobillera\u201d<\/em>, especific\u00f3 el abogado en el programa de <strong>El Trece<\/strong>. Adem\u00e1s, tambi\u00e9n se refiri\u00f3 a la idea de llevar a cabo una terapia psicol\u00f3gica:<em> \u201cLo de hacer terapia lo har\u00eda por ella, no creo que se lo obligue la Justicia\u201d.<\/em><\/p>\n<div class=\"mt-box \">\n<h4 class=\"mt-heading\">Mir\u00e1 Tambi\u00e9n<\/h4>\n<p><a href=\"https:\/\/www.paparazzi.com.ar\/teve\/conmocion-en-el-triple-femicidio-de-florencio-varela-la-acusacion-de-la-mama-de-morena-contra-la-hermana-de-lara-que-cambia-todo\/\"><\/p>\n<div class=\"mt-content\">\n<div class=\"mt-image-container\"><img decoding=\"async\" src=\"https:\/\/www.paparazzi.com.ar\/wp-content\/uploads\/2025\/10\/Lara-Morena-1-359x226.jpg\" alt=\"Conmoci\u00f3n en el triple femicidio de Florencio Varela: la acusaci\u00f3n de la mam\u00e1 de Morena contra la hermana de Lara que cambia todo\" class=\"mt-image\" loading=\"lazy\" \/><\/div>\n<h5 class=\"mt-title\">Conmoci\u00f3n en el triple femicidio de Florencio Varela: la acusaci\u00f3n de la mam\u00e1 de Morena contra la hermana de Lara que cambia todo<\/h5>\n<\/div>\n<p><\/a><\/div>\n<div class=\"mt-box \">\n<h4 class=\"mt-heading\">Mir\u00e1 Tambi\u00e9n<\/h4>\n<p><a href=\"https:\/\/www.paparazzi.com.ar\/teve\/alerta-maxima-por-la-salud-de-monica-farro-el-delicado-cuadro-que-enfrenta\/\"><\/p>\n<div class=\"mt-content\">\n<div class=\"mt-image-container\"><img decoding=\"async\" src=\"https:\/\/www.paparazzi.com.ar\/wp-content\/uploads\/2025\/10\/MONICA-FARRO-359x226.jpg\" alt=\"Alerta m\u00e1xima por la salud de M\u00f3nica Farro: el delicado cuadro que enfrenta\" class=\"mt-image\" loading=\"lazy\" \/><\/div>\n<h5 class=\"mt-title\">Alerta m\u00e1xima por la salud de M\u00f3nica Farro: el delicado cuadro que enfrenta<\/h5>\n<\/div>\n<p><\/a><\/div>\n<p>The post <a href=\"https:\/\/www.paparazzi.com.ar\/teve\/morena-rial-en-cuenta-regresiva-para-dejar-la-carcel-como-y-donde-seguira-su-arresto\/\">Morena Rial, en cuenta regresiva para dejar la c\u00e1rcel: c\u00f3mo y d\u00f3nde seguir\u00e1 su arresto<\/a> appeared first on <a href=\"https:\/\/www.paparazzi.com.ar\">Revista Paparazzi<\/a>.<\/p>\n","protected":false},"excerpt":{"rendered":"<p>Luego de pasar m\u00e1s de una semana en el penal de Magdalena, Morena Rial est\u00e1<\/p>\n","protected":false},"author":0,"featured_media":6359,"comment_status":"","ping_status":"","sticky":false,"template":"","format":"standard","meta":{"footnotes":""},"categories":[11],"tags":[],"class_list":["post-6358","post","type-post","status-publish","format-standard","has-post-thumbnail","hentry","category-destacadas"],"yoast_head":"<!-- This site is optimized with the Yoast SEO plugin v28.3 - https:\/\/yoast.com\/product\/yoast-seo-wordpress\/ -->\n<title>Morena Rial, en cuenta regresiva para dejar la c\u00e1rcel: c\u00f3mo y d\u00f3nde seguir\u00e1 su arresto - Fm Gente<\/title>\n<meta name=\"robots\" content=\"index, follow, max-snippet:-1, max-image-preview:large, max-video-preview:-1\" \/>\n<link rel=\"canonical\" href=\"https:\/\/fmgente.com.ar\/web\/morena-rial-en-cuenta-regresiva-para-dejar-la-carcel-como-y-donde-seguira-su-arresto\/\" \/>\n<meta property=\"og:locale\" content=\"es_ES\" \/>\n<meta property=\"og:type\" content=\"article\" \/>\n<meta property=\"og:title\" content=\"Morena Rial, en cuenta regresiva para dejar la c\u00e1rcel: c\u00f3mo y d\u00f3nde seguir\u00e1 su arresto - Fm Gente\" \/>\n<meta property=\"og:description\" content=\"Luego de pasar m\u00e1s de una semana en el penal de Magdalena, Morena Rial est\u00e1\" \/>\n<meta property=\"og:url\" content=\"https:\/\/fmgente.com.ar\/web\/morena-rial-en-cuenta-regresiva-para-dejar-la-carcel-como-y-donde-seguira-su-arresto\/\" \/>\n<meta property=\"og:site_name\" content=\"Fm Gente\" \/>\n<meta property=\"article:published_time\" content=\"2025-10-08T15:07:07+00:00\" \/>\n<meta property=\"og:image\" content=\"https:\/\/fmgente.com.ar\/web\/wp-content\/uploads\/2025\/10\/Jorge-Rial-le-dio-una-importante-ayuda-a-su-hija-Morena-en-la-carcel-y-cambio-todo-Le-facilito-el-359x226-1.jpeg\" \/>\n\t<meta property=\"og:image:width\" content=\"359\" \/>\n\t<meta property=\"og:image:height\" content=\"226\" \/>\n\t<meta property=\"og:image:type\" content=\"image\/jpeg\" \/>\n<meta name=\"twitter:card\" content=\"summary_large_image\" \/>\n<meta name=\"twitter:label1\" content=\"Tiempo de lectura\" \/>\n\t<meta name=\"twitter:data1\" content=\"3 minutos\" \/>\n<script type=\"application\/ld+json\" class=\"yoast-schema-graph\">{\"@context\":\"https:\\\/\\\/schema.org\",\"@graph\":[{\"@type\":\"Article\",\"@id\":\"https:\\\/\\\/fmgente.com.ar\\\/web\\\/morena-rial-en-cuenta-regresiva-para-dejar-la-carcel-como-y-donde-seguira-su-arresto\\\/#article\",\"isPartOf\":{\"@id\":\"https:\\\/\\\/fmgente.com.ar\\\/web\\\/morena-rial-en-cuenta-regresiva-para-dejar-la-carcel-como-y-donde-seguira-su-arresto\\\/\"},\"author\":{\"name\":\"\",\"@id\":\"\"},\"headline\":\"Morena Rial, en cuenta regresiva para dejar la c\u00e1rcel: c\u00f3mo y d\u00f3nde seguir\u00e1 su arresto\",\"datePublished\":\"2025-10-08T15:07:07+00:00\",\"mainEntityOfPage\":{\"@id\":\"https:\\\/\\\/fmgente.com.ar\\\/web\\\/morena-rial-en-cuenta-regresiva-para-dejar-la-carcel-como-y-donde-seguira-su-arresto\\\/\"},\"wordCount\":548,\"publisher\":{\"@id\":\"https:\\\/\\\/fmgente.com.ar\\\/web\\\/#organization\"},\"image\":{\"@id\":\"https:\\\/\\\/fmgente.com.ar\\\/web\\\/morena-rial-en-cuenta-regresiva-para-dejar-la-carcel-como-y-donde-seguira-su-arresto\\\/#primaryimage\"},\"thumbnailUrl\":\"https:\\\/\\\/fmgente.com.ar\\\/web\\\/wp-content\\\/uploads\\\/2025\\\/10\\\/Jorge-Rial-le-dio-una-importante-ayuda-a-su-hija-Morena-en-la-carcel-y-cambio-todo-Le-facilito-el-359x226-1.jpeg\",\"articleSection\":[\"DESTACADAS\"],\"inLanguage\":\"es\"},{\"@type\":\"WebPage\",\"@id\":\"https:\\\/\\\/fmgente.com.ar\\\/web\\\/morena-rial-en-cuenta-regresiva-para-dejar-la-carcel-como-y-donde-seguira-su-arresto\\\/\",\"url\":\"https:\\\/\\\/fmgente.com.ar\\\/web\\\/morena-rial-en-cuenta-regresiva-para-dejar-la-carcel-como-y-donde-seguira-su-arresto\\\/\",\"name\":\"Morena Rial, en cuenta regresiva para dejar la c\u00e1rcel: c\u00f3mo y d\u00f3nde seguir\u00e1 su arresto - Fm Gente\",\"isPartOf\":{\"@id\":\"https:\\\/\\\/fmgente.com.ar\\\/web\\\/#website\"},\"primaryImageOfPage\":{\"@id\":\"https:\\\/\\\/fmgente.com.ar\\\/web\\\/morena-rial-en-cuenta-regresiva-para-dejar-la-carcel-como-y-donde-seguira-su-arresto\\\/#primaryimage\"},\"image\":{\"@id\":\"https:\\\/\\\/fmgente.com.ar\\\/web\\\/morena-rial-en-cuenta-regresiva-para-dejar-la-carcel-como-y-donde-seguira-su-arresto\\\/#primaryimage\"},\"thumbnailUrl\":\"https:\\\/\\\/fmgente.com.ar\\\/web\\\/wp-content\\\/uploads\\\/2025\\\/10\\\/Jorge-Rial-le-dio-una-importante-ayuda-a-su-hija-Morena-en-la-carcel-y-cambio-todo-Le-facilito-el-359x226-1.jpeg\",\"datePublished\":\"2025-10-08T15:07:07+00:00\",\"inLanguage\":\"es\",\"potentialAction\":[{\"@type\":\"ReadAction\",\"target\":[\"https:\\\/\\\/fmgente.com.ar\\\/web\\\/morena-rial-en-cuenta-regresiva-para-dejar-la-carcel-como-y-donde-seguira-su-arresto\\\/\"]}]},{\"@type\":\"ImageObject\",\"inLanguage\":\"es\",\"@id\":\"https:\\\/\\\/fmgente.com.ar\\\/web\\\/morena-rial-en-cuenta-regresiva-para-dejar-la-carcel-como-y-donde-seguira-su-arresto\\\/#primaryimage\",\"url\":\"https:\\\/\\\/fmgente.com.ar\\\/web\\\/wp-content\\\/uploads\\\/2025\\\/10\\\/Jorge-Rial-le-dio-una-importante-ayuda-a-su-hija-Morena-en-la-carcel-y-cambio-todo-Le-facilito-el-359x226-1.jpeg\",\"contentUrl\":\"https:\\\/\\\/fmgente.com.ar\\\/web\\\/wp-content\\\/uploads\\\/2025\\\/10\\\/Jorge-Rial-le-dio-una-importante-ayuda-a-su-hija-Morena-en-la-carcel-y-cambio-todo-Le-facilito-el-359x226-1.jpeg\",\"width\":359,\"height\":226},{\"@type\":\"WebSite\",\"@id\":\"https:\\\/\\\/fmgente.com.ar\\\/web\\\/#website\",\"url\":\"https:\\\/\\\/fmgente.com.ar\\\/web\\\/\",\"name\":\"Fm Gente\",\"description\":\"- Jes\u00fas Mar\u00eda\",\"publisher\":{\"@id\":\"https:\\\/\\\/fmgente.com.ar\\\/web\\\/#organization\"},\"potentialAction\":[{\"@type\":\"SearchAction\",\"target\":{\"@type\":\"EntryPoint\",\"urlTemplate\":\"https:\\\/\\\/fmgente.com.ar\\\/web\\\/?s={search_term_string}\"},\"query-input\":{\"@type\":\"PropertyValueSpecification\",\"valueRequired\":true,\"valueName\":\"search_term_string\"}}],\"inLanguage\":\"es\"},{\"@type\":\"Organization\",\"@id\":\"https:\\\/\\\/fmgente.com.ar\\\/web\\\/#organization\",\"name\":\"Fm Gente\",\"url\":\"https:\\\/\\\/fmgente.com.ar\\\/web\\\/\",\"logo\":{\"@type\":\"ImageObject\",\"inLanguage\":\"es\",\"@id\":\"https:\\\/\\\/fmgente.com.ar\\\/web\\\/#\\\/schema\\\/logo\\\/image\\\/\",\"url\":\"https:\\\/\\\/fmgente.com.ar\\\/web\\\/wp-content\\\/uploads\\\/2023\\\/07\\\/cropped-cropped-logo-sombra2.png\",\"contentUrl\":\"https:\\\/\\\/fmgente.com.ar\\\/web\\\/wp-content\\\/uploads\\\/2023\\\/07\\\/cropped-cropped-logo-sombra2.png\",\"width\":1782,\"height\":1782,\"caption\":\"Fm Gente\"},\"image\":{\"@id\":\"https:\\\/\\\/fmgente.com.ar\\\/web\\\/#\\\/schema\\\/logo\\\/image\\\/\"}}]}<\/script>\n<!-- \/ Yoast SEO plugin. -->","yoast_head_json":{"title":"Morena Rial, en cuenta regresiva para dejar la c\u00e1rcel: c\u00f3mo y d\u00f3nde seguir\u00e1 su arresto - Fm Gente","robots":{"index":"index","follow":"follow","max-snippet":"max-snippet:-1","max-image-preview":"max-image-preview:large","max-video-preview":"max-video-preview:-1"},"canonical":"https:\/\/fmgente.com.ar\/web\/morena-rial-en-cuenta-regresiva-para-dejar-la-carcel-como-y-donde-seguira-su-arresto\/","og_locale":"es_ES","og_type":"article","og_title":"Morena Rial, en cuenta regresiva para dejar la c\u00e1rcel: c\u00f3mo y d\u00f3nde seguir\u00e1 su arresto - Fm Gente","og_description":"Luego de pasar m\u00e1s de una semana en el penal de Magdalena, Morena Rial est\u00e1","og_url":"https:\/\/fmgente.com.ar\/web\/morena-rial-en-cuenta-regresiva-para-dejar-la-carcel-como-y-donde-seguira-su-arresto\/","og_site_name":"Fm Gente","article_published_time":"2025-10-08T15:07:07+00:00","og_image":[{"width":359,"height":226,"url":"https:\/\/fmgente.com.ar\/web\/wp-content\/uploads\/2025\/10\/Jorge-Rial-le-dio-una-importante-ayuda-a-su-hija-Morena-en-la-carcel-y-cambio-todo-Le-facilito-el-359x226-1.jpeg","type":"image\/jpeg"}],"twitter_card":"summary_large_image","twitter_misc":{"Tiempo de lectura":"3 minutos"},"schema":{"@context":"https:\/\/schema.org","@graph":[{"@type":"Article","@id":"https:\/\/fmgente.com.ar\/web\/morena-rial-en-cuenta-regresiva-para-dejar-la-carcel-como-y-donde-seguira-su-arresto\/#article","isPartOf":{"@id":"https:\/\/fmgente.com.ar\/web\/morena-rial-en-cuenta-regresiva-para-dejar-la-carcel-como-y-donde-seguira-su-arresto\/"},"author":{"name":"","@id":""},"headline":"Morena Rial, en cuenta regresiva para dejar la c\u00e1rcel: c\u00f3mo y d\u00f3nde seguir\u00e1 su arresto","datePublished":"2025-10-08T15:07:07+00:00","mainEntityOfPage":{"@id":"https:\/\/fmgente.com.ar\/web\/morena-rial-en-cuenta-regresiva-para-dejar-la-carcel-como-y-donde-seguira-su-arresto\/"},"wordCount":548,"publisher":{"@id":"https:\/\/fmgente.com.ar\/web\/#organization"},"image":{"@id":"https:\/\/fmgente.com.ar\/web\/morena-rial-en-cuenta-regresiva-para-dejar-la-carcel-como-y-donde-seguira-su-arresto\/#primaryimage"},"thumbnailUrl":"https:\/\/fmgente.com.ar\/web\/wp-content\/uploads\/2025\/10\/Jorge-Rial-le-dio-una-importante-ayuda-a-su-hija-Morena-en-la-carcel-y-cambio-todo-Le-facilito-el-359x226-1.jpeg","articleSection":["DESTACADAS"],"inLanguage":"es"},{"@type":"WebPage","@id":"https:\/\/fmgente.com.ar\/web\/morena-rial-en-cuenta-regresiva-para-dejar-la-carcel-como-y-donde-seguira-su-arresto\/","url":"https:\/\/fmgente.com.ar\/web\/morena-rial-en-cuenta-regresiva-para-dejar-la-carcel-como-y-donde-seguira-su-arresto\/","name":"Morena Rial, en cuenta regresiva para dejar la c\u00e1rcel: c\u00f3mo y d\u00f3nde seguir\u00e1 su arresto - Fm Gente","isPartOf":{"@id":"https:\/\/fmgente.com.ar\/web\/#website"},"primaryImageOfPage":{"@id":"https:\/\/fmgente.com.ar\/web\/morena-rial-en-cuenta-regresiva-para-dejar-la-carcel-como-y-donde-seguira-su-arresto\/#primaryimage"},"image":{"@id":"https:\/\/fmgente.com.ar\/web\/morena-rial-en-cuenta-regresiva-para-dejar-la-carcel-como-y-donde-seguira-su-arresto\/#primaryimage"},"thumbnailUrl":"https:\/\/fmgente.com.ar\/web\/wp-content\/uploads\/2025\/10\/Jorge-Rial-le-dio-una-importante-ayuda-a-su-hija-Morena-en-la-carcel-y-cambio-todo-Le-facilito-el-359x226-1.jpeg","datePublished":"2025-10-08T15:07:07+00:00","inLanguage":"es","potentialAction":[{"@type":"ReadAction","target":["https:\/\/fmgente.com.ar\/web\/morena-rial-en-cuenta-regresiva-para-dejar-la-carcel-como-y-donde-seguira-su-arresto\/"]}]},{"@type":"ImageObject","inLanguage":"es","@id":"https:\/\/fmgente.com.ar\/web\/morena-rial-en-cuenta-regresiva-para-dejar-la-carcel-como-y-donde-seguira-su-arresto\/#primaryimage","url":"https:\/\/fmgente.com.ar\/web\/wp-content\/uploads\/2025\/10\/Jorge-Rial-le-dio-una-importante-ayuda-a-su-hija-Morena-en-la-carcel-y-cambio-todo-Le-facilito-el-359x226-1.jpeg","contentUrl":"https:\/\/fmgente.com.ar\/web\/wp-content\/uploads\/2025\/10\/Jorge-Rial-le-dio-una-importante-ayuda-a-su-hija-Morena-en-la-carcel-y-cambio-todo-Le-facilito-el-359x226-1.jpeg","width":359,"height":226},{"@type":"WebSite","@id":"https:\/\/fmgente.com.ar\/web\/#website","url":"https:\/\/fmgente.com.ar\/web\/","name":"Fm Gente","description":"- Jes\u00fas Mar\u00eda","publisher":{"@id":"https:\/\/fmgente.com.ar\/web\/#organization"},"potentialAction":[{"@type":"SearchAction","target":{"@type":"EntryPoint","urlTemplate":"https:\/\/fmgente.com.ar\/web\/?s={search_term_string}"},"query-input":{"@type":"PropertyValueSpecification","valueRequired":true,"valueName":"search_term_string"}}],"inLanguage":"es"},{"@type":"Organization","@id":"https:\/\/fmgente.com.ar\/web\/#organization","name":"Fm Gente","url":"https:\/\/fmgente.com.ar\/web\/","logo":{"@type":"ImageObject","inLanguage":"es","@id":"https:\/\/fmgente.com.ar\/web\/#\/schema\/logo\/image\/","url":"https:\/\/fmgente.com.ar\/web\/wp-content\/uploads\/2023\/07\/cropped-cropped-logo-sombra2.png","contentUrl":"https:\/\/fmgente.com.ar\/web\/wp-content\/uploads\/2023\/07\/cropped-cropped-logo-sombra2.png","width":1782,"height":1782,"caption":"Fm Gente"},"image":{"@id":"https:\/\/fmgente.com.ar\/web\/#\/schema\/logo\/image\/"}}]}},"_links":{"self":[{"href":"https:\/\/fmgente.com.ar\/web\/wp-json\/wp\/v2\/posts\/6358","targetHints":{"allow":["GET"]}}],"collection":[{"href":"https:\/\/fmgente.com.ar\/web\/wp-json\/wp\/v2\/posts"}],"about":[{"href":"https:\/\/fmgente.com.ar\/web\/wp-json\/wp\/v2\/types\/post"}],"replies":[{"embeddable":true,"href":"https:\/\/fmgente.com.ar\/web\/wp-json\/wp\/v2\/comments?post=6358"}],"version-history":[{"count":0,"href":"https:\/\/fmgente.com.ar\/web\/wp-json\/wp\/v2\/posts\/6358\/revisions"}],"wp:featuredmedia":[{"embeddable":true,"href":"https:\/\/fmgente.com.ar\/web\/wp-json\/wp\/v2\/media\/6359"}],"wp:attachment":[{"href":"https:\/\/fmgente.com.ar\/web\/wp-json\/wp\/v2\/media?parent=6358"}],"wp:term":[{"taxonomy":"category","embeddable":true,"href":"https:\/\/fmgente.com.ar\/web\/wp-json\/wp\/v2\/categories?post=6358"},{"taxonomy":"post_tag","embeddable":true,"href":"https:\/\/fmgente.com.ar\/web\/wp-json\/wp\/v2\/tags?post=6358"}],"curies":[{"name":"wp","href":"https:\/\/api.w.org\/{rel}","templated":true}]}}