{"id":6356,"date":"2025-10-08T11:06:30","date_gmt":"2025-10-08T14:06:30","guid":{"rendered":"https:\/\/fmgente.com.ar\/alerta-maxima-por-la-salud-de-monica-farro-el-delicado-cuadro-que-enfrenta\/"},"modified":"2025-10-08T11:06:30","modified_gmt":"2025-10-08T14:06:30","slug":"alerta-maxima-por-la-salud-de-monica-farro-el-delicado-cuadro-que-enfrenta","status":"publish","type":"post","link":"https:\/\/fmgente.com.ar\/web\/alerta-maxima-por-la-salud-de-monica-farro-el-delicado-cuadro-que-enfrenta\/","title":{"rendered":"Alerta m\u00e1xima por la salud de M\u00f3nica Farro: el delicado cuadro que enfrenta"},"content":{"rendered":"<p><strong>M\u00f3nica Farro<\/strong> encendi\u00f3 las alarmas por su salud tras presentarse de urgencia en una cl\u00ednica en la madrugada del martes 8 de octubre. <a href=\"https:\/\/www.paparazzi.com.ar\/tag\/monica-farro\/\">Farro<\/a> debi\u00f3 realizarse estudios m\u00e9dicos luego de experimentar un fuerte malestar que preocup\u00f3 a su entorno y encendi\u00f3 las especulaciones sobre una posible reca\u00edda.<\/p>\n<p>El periodista <strong>Fede Flowers <\/strong>fue quien difundi\u00f3 la noticia de la vedette uruguaya en sus redes y detall\u00f3 lo ocurrido. <em>\u201cM\u00f3nica Farro en la guardia esperando resultados por una posible reca\u00edda de la anemia cr\u00f3nica y por s\u00edntomas en pulmones por una tos de 4 meses de evoluci\u00f3n\u201d<\/em>, escribi\u00f3 en una historia que r\u00e1pidamente se viraliz\u00f3.<\/p>\n<p>El comunicador ampli\u00f3 la informaci\u00f3n y aport\u00f3 nuevos detalles sobre su estado y antecedentes de <a href=\"https:\/\/www.paparazzi.com.ar\/teve\/monica-farro-revelo-la-escandalosa-frase-que-le-dijo-sol-perez-sobre-su-hijo\/\">M\u00f3nica<\/a>. <em>\u201cTuvo bronquitis aguda en mayo y no pudo remontarla pese a la medicaci\u00f3n. Le hicieron radiograf\u00edas, ex\u00e1menes de laboratorio y aguarda resultados por una posible internaci\u00f3n\u201d,<\/em> cont\u00f3, dejando en evidencia la preocupaci\u00f3n m\u00e9dica que rodea el cuadro.<\/p>\n<div class=\"mt-box \">\n<h4 class=\"mt-heading\">Mir\u00e1 Tambi\u00e9n<\/h4>\n<p><a href=\"https:\/\/www.paparazzi.com.ar\/romances\/monica-farro-revelo-como-se-filma-en-la-intimidad-con-su-marido-somos-muy-visuales\/\"><\/p>\n<div class=\"mt-content\">\n<div class=\"mt-image-container\"><img decoding=\"async\" src=\"https:\/\/www.paparazzi.com.ar\/wp-content\/uploads\/2025\/09\/Monica-Farro-y-su-marido.jpg.webp\" alt=\"M\u00f3nica Farro revel\u00f3 c\u00f3mo se filma en la intimidad con su marido: \u201cSomos muy visuales\u201d\" class=\"mt-image\" loading=\"lazy\" \/><\/div>\n<h5 class=\"mt-title\">M\u00f3nica Farro revel\u00f3 c\u00f3mo se filma en la intimidad con su marido: \u201cSomos muy visuales\u201d<\/h5>\n<\/div>\n<p><\/a><\/div>\n<p>Por el momento, <a href=\"https:\/\/www.paparazzi.com.ar\/teve\/yanina-latorre-trato-de-sucia-a-una-angelita-y-se-armo-lio-en-lam-no-se-lava-el-pelo-hay-mucho-olor\/\">Farro <\/a>no se pronunci\u00f3 p\u00fablicamente sobre su estado, aunque en sus redes hab\u00eda mostrado d\u00edas atr\u00e1s cierto cansancio f\u00edsico. Su entorno se mantiene en reserva mientras se esperan los resultados que definir\u00e1n los pasos a seguir en su tratamiento.<\/p>\n<figure class=\"wp-block-image size-full\"><img decoding=\"async\" width=\"799\" height=\"814\" src=\"https:\/\/www.paparazzi.com.ar\/wp-content\/uploads\/2025\/10\/monica-farro.png.webp\" loading=\"lazy\" alt=\"\" class=\"wp-image-446947\" \/><\/figure>\n<h2 class=\"wp-block-heading\">LA TREMENDA ACUSACI\u00d3N DE YANINA LATORRE A M\u00d3NICA FARRO<\/h2>\n<p>D\u00edas atr\u00e1s, las cosas se tensaron feas en <strong>LAM <\/strong>entre M\u00f3nica Farro y<strong> Yanina Latorr<\/strong>e cuando la angelita hist\u00f3rica lanz\u00f3 una frase que dej\u00f3 a todos helados: <em>\u201cYo me estoy riendo porque hace d\u00edas que no se lava el pelo y est\u00e1 llegando el olor\u201d.<\/em> La panelista apunt\u00f3 directo contra M\u00f3nica Farro, generando un momento de incomodidad total en vivo.<\/p>\n<p>Lejos de quedarse callada, Farro reaccion\u00f3: <em>\u201c\u00bfPor qu\u00e9 ese comentario tan degradante? Ese comentario es feo\u201d<\/em>, respondi\u00f3. Pero Yanina no se detuvo y redobl\u00f3 la apuesta: <em>\u201cAcab\u00e1s de decir que no te lav\u00e1s el pelo. Tiene el pelo duro. Tengo problema con los olores\u201d.<\/em> Entre risas tensas, M\u00f3nica intent\u00f3 poner un l\u00edmite: <em>\u201cTengo olor a spray que me tiraron ac\u00e1 en maquillaje. Yo me r\u00edo de muchas cosas, pero esto ya no me gusta\u201d<\/em>, sentenci\u00f3.<\/p>\n<div class=\"mt-box \">\n<h4 class=\"mt-heading\">Mir\u00e1 Tambi\u00e9n<\/h4>\n<p><a href=\"https:\/\/www.paparazzi.com.ar\/teve\/sofia-pachano-mostro-como-crecio-su-panza-a-los-6-meses-de-su-primer-embarazo\/\"><\/p>\n<div class=\"mt-content\">\n<div class=\"mt-image-container\"><img decoding=\"async\" src=\"https:\/\/www.paparazzi.com.ar\/wp-content\/uploads\/2025\/10\/Sofia-Pachano-359x226.jpg\" alt=\"Sof\u00eda Pachano mostr\u00f3 c\u00f3mo creci\u00f3 su panza a los 6 meses de su primer embarazo\" class=\"mt-image\" loading=\"lazy\" \/><\/div>\n<h5 class=\"mt-title\">Sof\u00eda Pachano mostr\u00f3 c\u00f3mo creci\u00f3 su panza a los 6 meses de su primer embarazo<\/h5>\n<\/div>\n<p><\/a><\/div>\n<div class=\"mt-box \">\n<h4 class=\"mt-heading\">Mir\u00e1 Tambi\u00e9n<\/h4>\n<p><a href=\"https:\/\/www.paparazzi.com.ar\/teve\/que-ver-en-netflix-la-pelicula-basada-en-un-best-seller-que-es-un-exito-mundial\/\"><\/p>\n<div class=\"mt-content\">\n<div class=\"mt-image-container\"><img decoding=\"async\" src=\"https:\/\/www.paparazzi.com.ar\/wp-content\/uploads\/2025\/10\/Que-ver-en-Netflix-la-pelicula-basada-en-un-best-seller-que-es-un-exito-mundial-359x226.jpg\" alt=\"Qu\u00e9 ver en Netflix: la pel\u00edcula basada en un best seller que es un \u00e9xito mundial\" class=\"mt-image\" loading=\"lazy\" \/><\/div>\n<h5 class=\"mt-title\">Qu\u00e9 ver en Netflix: la pel\u00edcula basada en un best seller que es un \u00e9xito mundial<\/h5>\n<\/div>\n<p><\/a><\/div>\n<p>The post <a href=\"https:\/\/www.paparazzi.com.ar\/teve\/alerta-maxima-por-la-salud-de-monica-farro-el-delicado-cuadro-que-enfrenta\/\">Alerta m\u00e1xima por la salud de M\u00f3nica Farro: el delicado cuadro que enfrenta<\/a> appeared first on <a href=\"https:\/\/www.paparazzi.com.ar\">Revista Paparazzi<\/a>.<\/p>\n","protected":false},"excerpt":{"rendered":"<p>M\u00f3nica Farro encendi\u00f3 las alarmas por su salud tras presentarse de urgencia en una cl\u00ednica<\/p>\n","protected":false},"author":0,"featured_media":6357,"comment_status":"","ping_status":"","sticky":false,"template":"","format":"standard","meta":{"footnotes":""},"categories":[11],"tags":[],"class_list":["post-6356","post","type-post","status-publish","format-standard","has-post-thumbnail","hentry","category-destacadas"],"yoast_head":"<!-- This site is optimized with the Yoast SEO plugin v28.3 - https:\/\/yoast.com\/product\/yoast-seo-wordpress\/ -->\n<title>Alerta m\u00e1xima por la salud de M\u00f3nica Farro: el delicado cuadro que enfrenta - Fm Gente<\/title>\n<meta name=\"robots\" content=\"index, follow, max-snippet:-1, max-image-preview:large, max-video-preview:-1\" \/>\n<link rel=\"canonical\" href=\"https:\/\/fmgente.com.ar\/web\/alerta-maxima-por-la-salud-de-monica-farro-el-delicado-cuadro-que-enfrenta\/\" \/>\n<meta property=\"og:locale\" content=\"es_ES\" \/>\n<meta property=\"og:type\" content=\"article\" \/>\n<meta property=\"og:title\" content=\"Alerta m\u00e1xima por la salud de M\u00f3nica Farro: el delicado cuadro que enfrenta - Fm Gente\" \/>\n<meta property=\"og:description\" content=\"M\u00f3nica Farro encendi\u00f3 las alarmas por su salud tras presentarse de urgencia en una cl\u00ednica\" \/>\n<meta property=\"og:url\" content=\"https:\/\/fmgente.com.ar\/web\/alerta-maxima-por-la-salud-de-monica-farro-el-delicado-cuadro-que-enfrenta\/\" \/>\n<meta property=\"og:site_name\" content=\"Fm Gente\" \/>\n<meta property=\"article:published_time\" content=\"2025-10-08T14:06:30+00:00\" \/>\n<meta property=\"og:image\" content=\"https:\/\/fmgente.com.ar\/web\/wp-content\/uploads\/2025\/10\/Monica-Farro-y-su-marido.jpg.webp\" \/>\n\t<meta property=\"og:image:width\" content=\"1052\" \/>\n\t<meta property=\"og:image:height\" content=\"665\" \/>\n\t<meta property=\"og:image:type\" content=\"image\/webp\" \/>\n<meta name=\"twitter:card\" content=\"summary_large_image\" \/>\n<meta name=\"twitter:label1\" content=\"Tiempo de lectura\" \/>\n\t<meta name=\"twitter:data1\" content=\"2 minutos\" \/>\n<script type=\"application\/ld+json\" class=\"yoast-schema-graph\">{\"@context\":\"https:\\\/\\\/schema.org\",\"@graph\":[{\"@type\":\"Article\",\"@id\":\"https:\\\/\\\/fmgente.com.ar\\\/web\\\/alerta-maxima-por-la-salud-de-monica-farro-el-delicado-cuadro-que-enfrenta\\\/#article\",\"isPartOf\":{\"@id\":\"https:\\\/\\\/fmgente.com.ar\\\/web\\\/alerta-maxima-por-la-salud-de-monica-farro-el-delicado-cuadro-que-enfrenta\\\/\"},\"author\":{\"name\":\"\",\"@id\":\"\"},\"headline\":\"Alerta m\u00e1xima por la salud de M\u00f3nica Farro: el delicado cuadro que enfrenta\",\"datePublished\":\"2025-10-08T14:06:30+00:00\",\"mainEntityOfPage\":{\"@id\":\"https:\\\/\\\/fmgente.com.ar\\\/web\\\/alerta-maxima-por-la-salud-de-monica-farro-el-delicado-cuadro-que-enfrenta\\\/\"},\"wordCount\":473,\"publisher\":{\"@id\":\"https:\\\/\\\/fmgente.com.ar\\\/web\\\/#organization\"},\"image\":{\"@id\":\"https:\\\/\\\/fmgente.com.ar\\\/web\\\/alerta-maxima-por-la-salud-de-monica-farro-el-delicado-cuadro-que-enfrenta\\\/#primaryimage\"},\"thumbnailUrl\":\"https:\\\/\\\/fmgente.com.ar\\\/web\\\/wp-content\\\/uploads\\\/2025\\\/10\\\/Monica-Farro-y-su-marido.jpg.webp\",\"articleSection\":[\"DESTACADAS\"],\"inLanguage\":\"es\"},{\"@type\":\"WebPage\",\"@id\":\"https:\\\/\\\/fmgente.com.ar\\\/web\\\/alerta-maxima-por-la-salud-de-monica-farro-el-delicado-cuadro-que-enfrenta\\\/\",\"url\":\"https:\\\/\\\/fmgente.com.ar\\\/web\\\/alerta-maxima-por-la-salud-de-monica-farro-el-delicado-cuadro-que-enfrenta\\\/\",\"name\":\"Alerta m\u00e1xima por la salud de M\u00f3nica Farro: el delicado cuadro que enfrenta - Fm Gente\",\"isPartOf\":{\"@id\":\"https:\\\/\\\/fmgente.com.ar\\\/web\\\/#website\"},\"primaryImageOfPage\":{\"@id\":\"https:\\\/\\\/fmgente.com.ar\\\/web\\\/alerta-maxima-por-la-salud-de-monica-farro-el-delicado-cuadro-que-enfrenta\\\/#primaryimage\"},\"image\":{\"@id\":\"https:\\\/\\\/fmgente.com.ar\\\/web\\\/alerta-maxima-por-la-salud-de-monica-farro-el-delicado-cuadro-que-enfrenta\\\/#primaryimage\"},\"thumbnailUrl\":\"https:\\\/\\\/fmgente.com.ar\\\/web\\\/wp-content\\\/uploads\\\/2025\\\/10\\\/Monica-Farro-y-su-marido.jpg.webp\",\"datePublished\":\"2025-10-08T14:06:30+00:00\",\"inLanguage\":\"es\",\"potentialAction\":[{\"@type\":\"ReadAction\",\"target\":[\"https:\\\/\\\/fmgente.com.ar\\\/web\\\/alerta-maxima-por-la-salud-de-monica-farro-el-delicado-cuadro-que-enfrenta\\\/\"]}]},{\"@type\":\"ImageObject\",\"inLanguage\":\"es\",\"@id\":\"https:\\\/\\\/fmgente.com.ar\\\/web\\\/alerta-maxima-por-la-salud-de-monica-farro-el-delicado-cuadro-que-enfrenta\\\/#primaryimage\",\"url\":\"https:\\\/\\\/fmgente.com.ar\\\/web\\\/wp-content\\\/uploads\\\/2025\\\/10\\\/Monica-Farro-y-su-marido.jpg.webp\",\"contentUrl\":\"https:\\\/\\\/fmgente.com.ar\\\/web\\\/wp-content\\\/uploads\\\/2025\\\/10\\\/Monica-Farro-y-su-marido.jpg.webp\",\"width\":1052,\"height\":665},{\"@type\":\"WebSite\",\"@id\":\"https:\\\/\\\/fmgente.com.ar\\\/web\\\/#website\",\"url\":\"https:\\\/\\\/fmgente.com.ar\\\/web\\\/\",\"name\":\"Fm Gente\",\"description\":\"- Jes\u00fas Mar\u00eda\",\"publisher\":{\"@id\":\"https:\\\/\\\/fmgente.com.ar\\\/web\\\/#organization\"},\"potentialAction\":[{\"@type\":\"SearchAction\",\"target\":{\"@type\":\"EntryPoint\",\"urlTemplate\":\"https:\\\/\\\/fmgente.com.ar\\\/web\\\/?s={search_term_string}\"},\"query-input\":{\"@type\":\"PropertyValueSpecification\",\"valueRequired\":true,\"valueName\":\"search_term_string\"}}],\"inLanguage\":\"es\"},{\"@type\":\"Organization\",\"@id\":\"https:\\\/\\\/fmgente.com.ar\\\/web\\\/#organization\",\"name\":\"Fm Gente\",\"url\":\"https:\\\/\\\/fmgente.com.ar\\\/web\\\/\",\"logo\":{\"@type\":\"ImageObject\",\"inLanguage\":\"es\",\"@id\":\"https:\\\/\\\/fmgente.com.ar\\\/web\\\/#\\\/schema\\\/logo\\\/image\\\/\",\"url\":\"https:\\\/\\\/fmgente.com.ar\\\/web\\\/wp-content\\\/uploads\\\/2023\\\/07\\\/cropped-cropped-logo-sombra2.png\",\"contentUrl\":\"https:\\\/\\\/fmgente.com.ar\\\/web\\\/wp-content\\\/uploads\\\/2023\\\/07\\\/cropped-cropped-logo-sombra2.png\",\"width\":1782,\"height\":1782,\"caption\":\"Fm Gente\"},\"image\":{\"@id\":\"https:\\\/\\\/fmgente.com.ar\\\/web\\\/#\\\/schema\\\/logo\\\/image\\\/\"}}]}<\/script>\n<!-- \/ Yoast SEO plugin. -->","yoast_head_json":{"title":"Alerta m\u00e1xima por la salud de M\u00f3nica Farro: el delicado cuadro que enfrenta - Fm Gente","robots":{"index":"index","follow":"follow","max-snippet":"max-snippet:-1","max-image-preview":"max-image-preview:large","max-video-preview":"max-video-preview:-1"},"canonical":"https:\/\/fmgente.com.ar\/web\/alerta-maxima-por-la-salud-de-monica-farro-el-delicado-cuadro-que-enfrenta\/","og_locale":"es_ES","og_type":"article","og_title":"Alerta m\u00e1xima por la salud de M\u00f3nica Farro: el delicado cuadro que enfrenta - Fm Gente","og_description":"M\u00f3nica Farro encendi\u00f3 las alarmas por su salud tras presentarse de urgencia en una cl\u00ednica","og_url":"https:\/\/fmgente.com.ar\/web\/alerta-maxima-por-la-salud-de-monica-farro-el-delicado-cuadro-que-enfrenta\/","og_site_name":"Fm Gente","article_published_time":"2025-10-08T14:06:30+00:00","og_image":[{"width":1052,"height":665,"url":"https:\/\/fmgente.com.ar\/web\/wp-content\/uploads\/2025\/10\/Monica-Farro-y-su-marido.jpg.webp","type":"image\/webp"}],"twitter_card":"summary_large_image","twitter_misc":{"Tiempo de lectura":"2 minutos"},"schema":{"@context":"https:\/\/schema.org","@graph":[{"@type":"Article","@id":"https:\/\/fmgente.com.ar\/web\/alerta-maxima-por-la-salud-de-monica-farro-el-delicado-cuadro-que-enfrenta\/#article","isPartOf":{"@id":"https:\/\/fmgente.com.ar\/web\/alerta-maxima-por-la-salud-de-monica-farro-el-delicado-cuadro-que-enfrenta\/"},"author":{"name":"","@id":""},"headline":"Alerta m\u00e1xima por la salud de M\u00f3nica Farro: el delicado cuadro que enfrenta","datePublished":"2025-10-08T14:06:30+00:00","mainEntityOfPage":{"@id":"https:\/\/fmgente.com.ar\/web\/alerta-maxima-por-la-salud-de-monica-farro-el-delicado-cuadro-que-enfrenta\/"},"wordCount":473,"publisher":{"@id":"https:\/\/fmgente.com.ar\/web\/#organization"},"image":{"@id":"https:\/\/fmgente.com.ar\/web\/alerta-maxima-por-la-salud-de-monica-farro-el-delicado-cuadro-que-enfrenta\/#primaryimage"},"thumbnailUrl":"https:\/\/fmgente.com.ar\/web\/wp-content\/uploads\/2025\/10\/Monica-Farro-y-su-marido.jpg.webp","articleSection":["DESTACADAS"],"inLanguage":"es"},{"@type":"WebPage","@id":"https:\/\/fmgente.com.ar\/web\/alerta-maxima-por-la-salud-de-monica-farro-el-delicado-cuadro-que-enfrenta\/","url":"https:\/\/fmgente.com.ar\/web\/alerta-maxima-por-la-salud-de-monica-farro-el-delicado-cuadro-que-enfrenta\/","name":"Alerta m\u00e1xima por la salud de M\u00f3nica Farro: el delicado cuadro que enfrenta - Fm Gente","isPartOf":{"@id":"https:\/\/fmgente.com.ar\/web\/#website"},"primaryImageOfPage":{"@id":"https:\/\/fmgente.com.ar\/web\/alerta-maxima-por-la-salud-de-monica-farro-el-delicado-cuadro-que-enfrenta\/#primaryimage"},"image":{"@id":"https:\/\/fmgente.com.ar\/web\/alerta-maxima-por-la-salud-de-monica-farro-el-delicado-cuadro-que-enfrenta\/#primaryimage"},"thumbnailUrl":"https:\/\/fmgente.com.ar\/web\/wp-content\/uploads\/2025\/10\/Monica-Farro-y-su-marido.jpg.webp","datePublished":"2025-10-08T14:06:30+00:00","inLanguage":"es","potentialAction":[{"@type":"ReadAction","target":["https:\/\/fmgente.com.ar\/web\/alerta-maxima-por-la-salud-de-monica-farro-el-delicado-cuadro-que-enfrenta\/"]}]},{"@type":"ImageObject","inLanguage":"es","@id":"https:\/\/fmgente.com.ar\/web\/alerta-maxima-por-la-salud-de-monica-farro-el-delicado-cuadro-que-enfrenta\/#primaryimage","url":"https:\/\/fmgente.com.ar\/web\/wp-content\/uploads\/2025\/10\/Monica-Farro-y-su-marido.jpg.webp","contentUrl":"https:\/\/fmgente.com.ar\/web\/wp-content\/uploads\/2025\/10\/Monica-Farro-y-su-marido.jpg.webp","width":1052,"height":665},{"@type":"WebSite","@id":"https:\/\/fmgente.com.ar\/web\/#website","url":"https:\/\/fmgente.com.ar\/web\/","name":"Fm Gente","description":"- Jes\u00fas Mar\u00eda","publisher":{"@id":"https:\/\/fmgente.com.ar\/web\/#organization"},"potentialAction":[{"@type":"SearchAction","target":{"@type":"EntryPoint","urlTemplate":"https:\/\/fmgente.com.ar\/web\/?s={search_term_string}"},"query-input":{"@type":"PropertyValueSpecification","valueRequired":true,"valueName":"search_term_string"}}],"inLanguage":"es"},{"@type":"Organization","@id":"https:\/\/fmgente.com.ar\/web\/#organization","name":"Fm Gente","url":"https:\/\/fmgente.com.ar\/web\/","logo":{"@type":"ImageObject","inLanguage":"es","@id":"https:\/\/fmgente.com.ar\/web\/#\/schema\/logo\/image\/","url":"https:\/\/fmgente.com.ar\/web\/wp-content\/uploads\/2023\/07\/cropped-cropped-logo-sombra2.png","contentUrl":"https:\/\/fmgente.com.ar\/web\/wp-content\/uploads\/2023\/07\/cropped-cropped-logo-sombra2.png","width":1782,"height":1782,"caption":"Fm Gente"},"image":{"@id":"https:\/\/fmgente.com.ar\/web\/#\/schema\/logo\/image\/"}}]}},"_links":{"self":[{"href":"https:\/\/fmgente.com.ar\/web\/wp-json\/wp\/v2\/posts\/6356","targetHints":{"allow":["GET"]}}],"collection":[{"href":"https:\/\/fmgente.com.ar\/web\/wp-json\/wp\/v2\/posts"}],"about":[{"href":"https:\/\/fmgente.com.ar\/web\/wp-json\/wp\/v2\/types\/post"}],"replies":[{"embeddable":true,"href":"https:\/\/fmgente.com.ar\/web\/wp-json\/wp\/v2\/comments?post=6356"}],"version-history":[{"count":0,"href":"https:\/\/fmgente.com.ar\/web\/wp-json\/wp\/v2\/posts\/6356\/revisions"}],"wp:featuredmedia":[{"embeddable":true,"href":"https:\/\/fmgente.com.ar\/web\/wp-json\/wp\/v2\/media\/6357"}],"wp:attachment":[{"href":"https:\/\/fmgente.com.ar\/web\/wp-json\/wp\/v2\/media?parent=6356"}],"wp:term":[{"taxonomy":"category","embeddable":true,"href":"https:\/\/fmgente.com.ar\/web\/wp-json\/wp\/v2\/categories?post=6356"},{"taxonomy":"post_tag","embeddable":true,"href":"https:\/\/fmgente.com.ar\/web\/wp-json\/wp\/v2\/tags?post=6356"}],"curies":[{"name":"wp","href":"https:\/\/api.w.org\/{rel}","templated":true}]}}