{"id":6354,"date":"2025-10-08T11:06:29","date_gmt":"2025-10-08T14:06:29","guid":{"rendered":"https:\/\/fmgente.com.ar\/conmocion-en-el-triple-femicidio-de-florencio-varela-la-acusacion-de-la-mama-de-morena-contra-la-hermana-de-lara-que-cambia-todo\/"},"modified":"2025-10-08T11:06:29","modified_gmt":"2025-10-08T14:06:29","slug":"conmocion-en-el-triple-femicidio-de-florencio-varela-la-acusacion-de-la-mama-de-morena-contra-la-hermana-de-lara-que-cambia-todo","status":"publish","type":"post","link":"https:\/\/fmgente.com.ar\/web\/conmocion-en-el-triple-femicidio-de-florencio-varela-la-acusacion-de-la-mama-de-morena-contra-la-hermana-de-lara-que-cambia-todo\/","title":{"rendered":"Conmoci\u00f3n en el triple femicidio de Florencio Varela: la acusaci\u00f3n de la mam\u00e1 de Morena contra la hermana de Lara que cambia todo"},"content":{"rendered":"<p>Las diferencias entre las familias de las v\u00edctimas del triple femicidio de Florencio Varela saltan a la vista. Padres, t\u00edos, abuelos y amigos de Morena Verri y Brenda del Castillo pr\u00e1cticamente no se juntan con los de Lara Guti\u00e9rrez, la jovencita de 15 a\u00f1os que habr\u00eda sufrido las peores torturas antes de ser asesinada. Es m\u00e1s, la mam\u00e1 de Morena directamente acus\u00f3 a la hermana de Lara, Agostina, de ser una especie de \u00abentregadora\u00bb de las chicas y de tener contactos directos con una banda de narcos, por lo que deber\u00eda volverse una pieza clave en la investigaci\u00f3n de los aberrantes cr\u00edmenes.<\/p>\n<p>En un informe que dio a conocer Rolando Barbano en A24, se inform\u00f3 que \u00abSabrina Mara Del Castillo, la mam\u00e1 de Morena, una de las tres v\u00edctimas, a lo largo de la declaraci\u00f3n donde estuvieron presente sus abogados, le preguntan a la mam\u00e1 de Morena \u00ab\u00bfUsted conoce al gordo Dylan?\u00bb, un personaje del que se viene hablando, y la respuesta es que no lo conoce\u00bb. <\/p>\n<p>\u00abLuego -sigui\u00f3 Barbano- le preguntan si conoce a Agostina, la hermana de Lara, y ac\u00e1 me parece que est\u00e1 lo principal de la declaraci\u00f3n. \u00bfQu\u00e9 dice esta mujer? Dice que \u00abAgostina era la persona que entregaba a las chicas para trabajar\u00bb. Esto lo dice la mam\u00e1 de Morena, una de las v\u00edctimas, sobre la hermana mayor de otra de las v\u00edctimas, de Lara. Repito, preguntada la mam\u00e1 de Morena sobre Agostina dice \u00abAgostina, la hermana de Lara, era la que entregaba a las chicas para trabajar\u00bb.<\/p>\n<div class=\"mt-box \">\n<h4 class=\"mt-heading\">Mir\u00e1 Tambi\u00e9n<\/h4>\n<p><a href=\"https:\/\/www.paparazzi.com.ar\/romances\/polemico-rada-aconsejo-no-convivir-para-mantener-una-relacion-hay-dias-que-no-la-quiero-ni-ver-a-fernanda\/\"><\/p>\n<div class=\"mt-content\">\n<div class=\"mt-image-container\"><img decoding=\"async\" src=\"https:\/\/www.paparazzi.com.ar\/wp-content\/uploads\/2025\/10\/rada-esposa-359x226.jpeg\" alt=\"\u00a1Pol\u00e9mico! Rada aconsej\u00f3 no convivir para mantener una relaci\u00f3n: \u201cHay d\u00edas que no la quiero ni ver a Fernanda\u201d\" class=\"mt-image\" loading=\"lazy\" \/><\/div>\n<h5 class=\"mt-title\">\u00a1Pol\u00e9mico! Rada aconsej\u00f3 no convivir para mantener una relaci\u00f3n: \u201cHay d\u00edas que no la quiero ni ver a Fernanda\u201d<\/h5>\n<\/div>\n<p><\/a><\/div>\n<p>\u00abY agrega, \u00abera como la regenteadora\u00bb. Esto est\u00e1 diciendo la mam\u00e1 de Morena sobre la hermana mayor de Lara. Y dice adem\u00e1s \u00abque es muy probable que Lara le comentara a Agostina respecto del cliente que mov\u00eda droga\u00bb. Le pregunta el doctor Storto de qui\u00e9nes est\u00e1n hablando y habla \u00abde una banda de bolivianos\u00bb. Dice hace como 10 a\u00f1os que no manejabana drogas y luego habr\u00edan vuelto\u00bb. Hablan de una banda de bolivianos, sumo este dato, que tendr\u00eda v\u00ednculo con Agostina y con Lara. V\u00ednculo familiar\u00bb.<\/p>\n<h2 class=\"wp-block-heading\">CONMOCION EN EL TRIPLE FEMICIDIO DE VARELA: LA ACUSACION CONTRA LA HERMANA DE LARA<\/h2>\n<p>\u00abLo que est\u00e1 diciendo la mam\u00e1 de Morena es que la hermana mayor de Lara enviaba a las chicas a trabajar, las regenteaba, que habr\u00eda sido Lara quien habr\u00eda revelado a su hermana Agostina qui\u00e9n era el cliente que ten\u00eda la droga y tambi\u00e9n habr\u00eda dicho la mam\u00e1 de Morena que hay una banda de narcos bolivianos que ser\u00edan familiares de Lara y Agostina. Nuevas piezas que aparecen en este rompecabezas que plantean un escenario nuevo en cuanto a c\u00f3mo podr\u00eda haberse producido el m\u00f3vil del triple crimen, el robo\u00bb explic\u00f3 Barbano.<\/p>\n<p>Morena y Brenda, ambas de 20 a\u00f1os, y Lara, de apenas 15, se subieron a un auto en la rotonda de La Tablada y desde entonces no se supo m\u00e1s nada de ellas hasta que aparecieron asesinadas en el pozo de una casa ubicada en Florencio Varela, en el sur del conurbano bonaerense. Hab\u00edan sido torturadas y literalmente decapitadas. De inmediato las sospechas recayeron en \u00abuna banda de narcos internacional\u00bb integrada por argentinos, peruanos y bolivianos. El m\u00f3vil de los cr\u00edmenes, se supone, habr\u00eda tenido que ver con un robo (se habla de 70.000 d\u00f3lares y entre 3 a 4 kilos de cocaina) que por lo menos una de ellas cometi\u00f3 contra un capo narco conocido como \u00abPeque\u00f1o J\u00bb, quien decidi\u00f3 vengarse quit\u00e1ndoles la vida. Las familias de Brenda y Morena sospechan que la responsabilidad fue de Lara y, quiz\u00e1s, su hermana Agostina.<\/p>\n<div class=\"mt-box \">\n<h4 class=\"mt-heading\">Mir\u00e1 Tambi\u00e9n<\/h4>\n<p><a href=\"https:\/\/www.paparazzi.com.ar\/teve\/wanda-nara-se-burlo-feo-de-la-china-suarez-en-masterchef-palta\/\"><\/p>\n<div class=\"mt-content\">\n<div class=\"mt-image-container\"><img decoding=\"async\" src=\"https:\/\/www.paparazzi.com.ar\/wp-content\/uploads\/2025\/10\/Wanda-Nara-China-Suarez-359x226.jpg\" alt=\"Wanda Nara se burl\u00f3 feo de la China Su\u00e1rez en MasterChef: \u201cPalta\u201d\" class=\"mt-image\" loading=\"lazy\" \/><\/div>\n<h5 class=\"mt-title\">Wanda Nara se burl\u00f3 feo de la China Su\u00e1rez en MasterChef: \u201cPalta\u201d<\/h5>\n<\/div>\n<p><\/a><\/div>\n<div class=\"mt-box \">\n<h4 class=\"mt-heading\">Mir\u00e1 Tambi\u00e9n<\/h4>\n<p><a href=\"https:\/\/www.paparazzi.com.ar\/teve\/santiago-del-moro-dio-una-noticia-impactante-ante-la-explosion-de-rumores-de-que-deja-telefe-me-case\/\"><\/p>\n<div class=\"mt-content\">\n<div class=\"mt-image-container\"><img decoding=\"async\" src=\"https:\/\/www.paparazzi.com.ar\/wp-content\/uploads\/2025\/10\/del-moro-359x226.jpeg\" alt=\"Santiago del Moro dio una noticia impactante ante la explosi\u00f3n de rumores de que deja Telefe: &quot;Me cas\u00e9&quot;\" class=\"mt-image\" loading=\"lazy\" \/><\/div>\n<h5 class=\"mt-title\">Santiago del Moro dio una noticia impactante ante la explosi\u00f3n de rumores de que deja Telefe: \u00abMe cas\u00e9\u00bb<\/h5>\n<\/div>\n<p><\/a><\/div>\n<p>The post <a href=\"https:\/\/www.paparazzi.com.ar\/teve\/conmocion-en-el-triple-femicidio-de-florencio-varela-la-acusacion-de-la-mama-de-morena-contra-la-hermana-de-lara-que-cambia-todo\/\">Conmoci\u00f3n en el triple femicidio de Florencio Varela: la acusaci\u00f3n de la mam\u00e1 de Morena contra la hermana de Lara que cambia todo<\/a> appeared first on <a href=\"https:\/\/www.paparazzi.com.ar\">Revista Paparazzi<\/a>.<\/p>\n","protected":false},"excerpt":{"rendered":"<p>Las diferencias entre las familias de las v\u00edctimas del triple femicidio de Florencio Varela saltan<\/p>\n","protected":false},"author":0,"featured_media":6355,"comment_status":"","ping_status":"","sticky":false,"template":"","format":"standard","meta":{"footnotes":""},"categories":[11],"tags":[],"class_list":["post-6354","post","type-post","status-publish","format-standard","has-post-thumbnail","hentry","category-destacadas"],"yoast_head":"<!-- This site is optimized with the Yoast SEO plugin v28.3 - https:\/\/yoast.com\/product\/yoast-seo-wordpress\/ -->\n<title>Conmoci\u00f3n en el triple femicidio de Florencio Varela: la acusaci\u00f3n de la mam\u00e1 de Morena contra la hermana de Lara que cambia todo - Fm Gente<\/title>\n<meta name=\"robots\" content=\"index, follow, max-snippet:-1, max-image-preview:large, max-video-preview:-1\" \/>\n<link rel=\"canonical\" href=\"https:\/\/fmgente.com.ar\/web\/conmocion-en-el-triple-femicidio-de-florencio-varela-la-acusacion-de-la-mama-de-morena-contra-la-hermana-de-lara-que-cambia-todo\/\" \/>\n<meta property=\"og:locale\" content=\"es_ES\" \/>\n<meta property=\"og:type\" content=\"article\" \/>\n<meta property=\"og:title\" content=\"Conmoci\u00f3n en el triple femicidio de Florencio Varela: la acusaci\u00f3n de la mam\u00e1 de Morena contra la hermana de Lara que cambia todo - Fm Gente\" \/>\n<meta property=\"og:description\" content=\"Las diferencias entre las familias de las v\u00edctimas del triple femicidio de Florencio Varela saltan\" \/>\n<meta property=\"og:url\" content=\"https:\/\/fmgente.com.ar\/web\/conmocion-en-el-triple-femicidio-de-florencio-varela-la-acusacion-de-la-mama-de-morena-contra-la-hermana-de-lara-que-cambia-todo\/\" \/>\n<meta property=\"og:site_name\" content=\"Fm Gente\" \/>\n<meta property=\"article:published_time\" content=\"2025-10-08T14:06:29+00:00\" \/>\n<meta property=\"og:image\" content=\"https:\/\/fmgente.com.ar\/web\/wp-content\/uploads\/2025\/10\/rada-esposa-359x226-1.jpeg\" \/>\n\t<meta property=\"og:image:width\" content=\"359\" \/>\n\t<meta property=\"og:image:height\" content=\"226\" \/>\n\t<meta property=\"og:image:type\" content=\"image\/jpeg\" \/>\n<meta name=\"twitter:card\" content=\"summary_large_image\" \/>\n<meta name=\"twitter:label1\" content=\"Tiempo de lectura\" \/>\n\t<meta name=\"twitter:data1\" content=\"4 minutos\" \/>\n<script type=\"application\/ld+json\" class=\"yoast-schema-graph\">{\"@context\":\"https:\\\/\\\/schema.org\",\"@graph\":[{\"@type\":\"Article\",\"@id\":\"https:\\\/\\\/fmgente.com.ar\\\/web\\\/conmocion-en-el-triple-femicidio-de-florencio-varela-la-acusacion-de-la-mama-de-morena-contra-la-hermana-de-lara-que-cambia-todo\\\/#article\",\"isPartOf\":{\"@id\":\"https:\\\/\\\/fmgente.com.ar\\\/web\\\/conmocion-en-el-triple-femicidio-de-florencio-varela-la-acusacion-de-la-mama-de-morena-contra-la-hermana-de-lara-que-cambia-todo\\\/\"},\"author\":{\"name\":\"\",\"@id\":\"\"},\"headline\":\"Conmoci\u00f3n en el triple femicidio de Florencio Varela: la acusaci\u00f3n de la mam\u00e1 de Morena contra la hermana de Lara que cambia todo\",\"datePublished\":\"2025-10-08T14:06:29+00:00\",\"mainEntityOfPage\":{\"@id\":\"https:\\\/\\\/fmgente.com.ar\\\/web\\\/conmocion-en-el-triple-femicidio-de-florencio-varela-la-acusacion-de-la-mama-de-morena-contra-la-hermana-de-lara-que-cambia-todo\\\/\"},\"wordCount\":745,\"publisher\":{\"@id\":\"https:\\\/\\\/fmgente.com.ar\\\/web\\\/#organization\"},\"image\":{\"@id\":\"https:\\\/\\\/fmgente.com.ar\\\/web\\\/conmocion-en-el-triple-femicidio-de-florencio-varela-la-acusacion-de-la-mama-de-morena-contra-la-hermana-de-lara-que-cambia-todo\\\/#primaryimage\"},\"thumbnailUrl\":\"https:\\\/\\\/fmgente.com.ar\\\/web\\\/wp-content\\\/uploads\\\/2025\\\/10\\\/rada-esposa-359x226-1.jpeg\",\"articleSection\":[\"DESTACADAS\"],\"inLanguage\":\"es\"},{\"@type\":\"WebPage\",\"@id\":\"https:\\\/\\\/fmgente.com.ar\\\/web\\\/conmocion-en-el-triple-femicidio-de-florencio-varela-la-acusacion-de-la-mama-de-morena-contra-la-hermana-de-lara-que-cambia-todo\\\/\",\"url\":\"https:\\\/\\\/fmgente.com.ar\\\/web\\\/conmocion-en-el-triple-femicidio-de-florencio-varela-la-acusacion-de-la-mama-de-morena-contra-la-hermana-de-lara-que-cambia-todo\\\/\",\"name\":\"Conmoci\u00f3n en el triple femicidio de Florencio Varela: la acusaci\u00f3n de la mam\u00e1 de Morena contra la hermana de Lara que cambia todo - Fm Gente\",\"isPartOf\":{\"@id\":\"https:\\\/\\\/fmgente.com.ar\\\/web\\\/#website\"},\"primaryImageOfPage\":{\"@id\":\"https:\\\/\\\/fmgente.com.ar\\\/web\\\/conmocion-en-el-triple-femicidio-de-florencio-varela-la-acusacion-de-la-mama-de-morena-contra-la-hermana-de-lara-que-cambia-todo\\\/#primaryimage\"},\"image\":{\"@id\":\"https:\\\/\\\/fmgente.com.ar\\\/web\\\/conmocion-en-el-triple-femicidio-de-florencio-varela-la-acusacion-de-la-mama-de-morena-contra-la-hermana-de-lara-que-cambia-todo\\\/#primaryimage\"},\"thumbnailUrl\":\"https:\\\/\\\/fmgente.com.ar\\\/web\\\/wp-content\\\/uploads\\\/2025\\\/10\\\/rada-esposa-359x226-1.jpeg\",\"datePublished\":\"2025-10-08T14:06:29+00:00\",\"inLanguage\":\"es\",\"potentialAction\":[{\"@type\":\"ReadAction\",\"target\":[\"https:\\\/\\\/fmgente.com.ar\\\/web\\\/conmocion-en-el-triple-femicidio-de-florencio-varela-la-acusacion-de-la-mama-de-morena-contra-la-hermana-de-lara-que-cambia-todo\\\/\"]}]},{\"@type\":\"ImageObject\",\"inLanguage\":\"es\",\"@id\":\"https:\\\/\\\/fmgente.com.ar\\\/web\\\/conmocion-en-el-triple-femicidio-de-florencio-varela-la-acusacion-de-la-mama-de-morena-contra-la-hermana-de-lara-que-cambia-todo\\\/#primaryimage\",\"url\":\"https:\\\/\\\/fmgente.com.ar\\\/web\\\/wp-content\\\/uploads\\\/2025\\\/10\\\/rada-esposa-359x226-1.jpeg\",\"contentUrl\":\"https:\\\/\\\/fmgente.com.ar\\\/web\\\/wp-content\\\/uploads\\\/2025\\\/10\\\/rada-esposa-359x226-1.jpeg\",\"width\":359,\"height\":226},{\"@type\":\"WebSite\",\"@id\":\"https:\\\/\\\/fmgente.com.ar\\\/web\\\/#website\",\"url\":\"https:\\\/\\\/fmgente.com.ar\\\/web\\\/\",\"name\":\"Fm Gente\",\"description\":\"- Jes\u00fas Mar\u00eda\",\"publisher\":{\"@id\":\"https:\\\/\\\/fmgente.com.ar\\\/web\\\/#organization\"},\"potentialAction\":[{\"@type\":\"SearchAction\",\"target\":{\"@type\":\"EntryPoint\",\"urlTemplate\":\"https:\\\/\\\/fmgente.com.ar\\\/web\\\/?s={search_term_string}\"},\"query-input\":{\"@type\":\"PropertyValueSpecification\",\"valueRequired\":true,\"valueName\":\"search_term_string\"}}],\"inLanguage\":\"es\"},{\"@type\":\"Organization\",\"@id\":\"https:\\\/\\\/fmgente.com.ar\\\/web\\\/#organization\",\"name\":\"Fm Gente\",\"url\":\"https:\\\/\\\/fmgente.com.ar\\\/web\\\/\",\"logo\":{\"@type\":\"ImageObject\",\"inLanguage\":\"es\",\"@id\":\"https:\\\/\\\/fmgente.com.ar\\\/web\\\/#\\\/schema\\\/logo\\\/image\\\/\",\"url\":\"https:\\\/\\\/fmgente.com.ar\\\/web\\\/wp-content\\\/uploads\\\/2023\\\/07\\\/cropped-cropped-logo-sombra2.png\",\"contentUrl\":\"https:\\\/\\\/fmgente.com.ar\\\/web\\\/wp-content\\\/uploads\\\/2023\\\/07\\\/cropped-cropped-logo-sombra2.png\",\"width\":1782,\"height\":1782,\"caption\":\"Fm Gente\"},\"image\":{\"@id\":\"https:\\\/\\\/fmgente.com.ar\\\/web\\\/#\\\/schema\\\/logo\\\/image\\\/\"}}]}<\/script>\n<!-- \/ Yoast SEO plugin. -->","yoast_head_json":{"title":"Conmoci\u00f3n en el triple femicidio de Florencio Varela: la acusaci\u00f3n de la mam\u00e1 de Morena contra la hermana de Lara que cambia todo - Fm Gente","robots":{"index":"index","follow":"follow","max-snippet":"max-snippet:-1","max-image-preview":"max-image-preview:large","max-video-preview":"max-video-preview:-1"},"canonical":"https:\/\/fmgente.com.ar\/web\/conmocion-en-el-triple-femicidio-de-florencio-varela-la-acusacion-de-la-mama-de-morena-contra-la-hermana-de-lara-que-cambia-todo\/","og_locale":"es_ES","og_type":"article","og_title":"Conmoci\u00f3n en el triple femicidio de Florencio Varela: la acusaci\u00f3n de la mam\u00e1 de Morena contra la hermana de Lara que cambia todo - Fm Gente","og_description":"Las diferencias entre las familias de las v\u00edctimas del triple femicidio de Florencio Varela saltan","og_url":"https:\/\/fmgente.com.ar\/web\/conmocion-en-el-triple-femicidio-de-florencio-varela-la-acusacion-de-la-mama-de-morena-contra-la-hermana-de-lara-que-cambia-todo\/","og_site_name":"Fm Gente","article_published_time":"2025-10-08T14:06:29+00:00","og_image":[{"width":359,"height":226,"url":"https:\/\/fmgente.com.ar\/web\/wp-content\/uploads\/2025\/10\/rada-esposa-359x226-1.jpeg","type":"image\/jpeg"}],"twitter_card":"summary_large_image","twitter_misc":{"Tiempo de lectura":"4 minutos"},"schema":{"@context":"https:\/\/schema.org","@graph":[{"@type":"Article","@id":"https:\/\/fmgente.com.ar\/web\/conmocion-en-el-triple-femicidio-de-florencio-varela-la-acusacion-de-la-mama-de-morena-contra-la-hermana-de-lara-que-cambia-todo\/#article","isPartOf":{"@id":"https:\/\/fmgente.com.ar\/web\/conmocion-en-el-triple-femicidio-de-florencio-varela-la-acusacion-de-la-mama-de-morena-contra-la-hermana-de-lara-que-cambia-todo\/"},"author":{"name":"","@id":""},"headline":"Conmoci\u00f3n en el triple femicidio de Florencio Varela: la acusaci\u00f3n de la mam\u00e1 de Morena contra la hermana de Lara que cambia todo","datePublished":"2025-10-08T14:06:29+00:00","mainEntityOfPage":{"@id":"https:\/\/fmgente.com.ar\/web\/conmocion-en-el-triple-femicidio-de-florencio-varela-la-acusacion-de-la-mama-de-morena-contra-la-hermana-de-lara-que-cambia-todo\/"},"wordCount":745,"publisher":{"@id":"https:\/\/fmgente.com.ar\/web\/#organization"},"image":{"@id":"https:\/\/fmgente.com.ar\/web\/conmocion-en-el-triple-femicidio-de-florencio-varela-la-acusacion-de-la-mama-de-morena-contra-la-hermana-de-lara-que-cambia-todo\/#primaryimage"},"thumbnailUrl":"https:\/\/fmgente.com.ar\/web\/wp-content\/uploads\/2025\/10\/rada-esposa-359x226-1.jpeg","articleSection":["DESTACADAS"],"inLanguage":"es"},{"@type":"WebPage","@id":"https:\/\/fmgente.com.ar\/web\/conmocion-en-el-triple-femicidio-de-florencio-varela-la-acusacion-de-la-mama-de-morena-contra-la-hermana-de-lara-que-cambia-todo\/","url":"https:\/\/fmgente.com.ar\/web\/conmocion-en-el-triple-femicidio-de-florencio-varela-la-acusacion-de-la-mama-de-morena-contra-la-hermana-de-lara-que-cambia-todo\/","name":"Conmoci\u00f3n en el triple femicidio de Florencio Varela: la acusaci\u00f3n de la mam\u00e1 de Morena contra la hermana de Lara que cambia todo - Fm Gente","isPartOf":{"@id":"https:\/\/fmgente.com.ar\/web\/#website"},"primaryImageOfPage":{"@id":"https:\/\/fmgente.com.ar\/web\/conmocion-en-el-triple-femicidio-de-florencio-varela-la-acusacion-de-la-mama-de-morena-contra-la-hermana-de-lara-que-cambia-todo\/#primaryimage"},"image":{"@id":"https:\/\/fmgente.com.ar\/web\/conmocion-en-el-triple-femicidio-de-florencio-varela-la-acusacion-de-la-mama-de-morena-contra-la-hermana-de-lara-que-cambia-todo\/#primaryimage"},"thumbnailUrl":"https:\/\/fmgente.com.ar\/web\/wp-content\/uploads\/2025\/10\/rada-esposa-359x226-1.jpeg","datePublished":"2025-10-08T14:06:29+00:00","inLanguage":"es","potentialAction":[{"@type":"ReadAction","target":["https:\/\/fmgente.com.ar\/web\/conmocion-en-el-triple-femicidio-de-florencio-varela-la-acusacion-de-la-mama-de-morena-contra-la-hermana-de-lara-que-cambia-todo\/"]}]},{"@type":"ImageObject","inLanguage":"es","@id":"https:\/\/fmgente.com.ar\/web\/conmocion-en-el-triple-femicidio-de-florencio-varela-la-acusacion-de-la-mama-de-morena-contra-la-hermana-de-lara-que-cambia-todo\/#primaryimage","url":"https:\/\/fmgente.com.ar\/web\/wp-content\/uploads\/2025\/10\/rada-esposa-359x226-1.jpeg","contentUrl":"https:\/\/fmgente.com.ar\/web\/wp-content\/uploads\/2025\/10\/rada-esposa-359x226-1.jpeg","width":359,"height":226},{"@type":"WebSite","@id":"https:\/\/fmgente.com.ar\/web\/#website","url":"https:\/\/fmgente.com.ar\/web\/","name":"Fm Gente","description":"- Jes\u00fas Mar\u00eda","publisher":{"@id":"https:\/\/fmgente.com.ar\/web\/#organization"},"potentialAction":[{"@type":"SearchAction","target":{"@type":"EntryPoint","urlTemplate":"https:\/\/fmgente.com.ar\/web\/?s={search_term_string}"},"query-input":{"@type":"PropertyValueSpecification","valueRequired":true,"valueName":"search_term_string"}}],"inLanguage":"es"},{"@type":"Organization","@id":"https:\/\/fmgente.com.ar\/web\/#organization","name":"Fm Gente","url":"https:\/\/fmgente.com.ar\/web\/","logo":{"@type":"ImageObject","inLanguage":"es","@id":"https:\/\/fmgente.com.ar\/web\/#\/schema\/logo\/image\/","url":"https:\/\/fmgente.com.ar\/web\/wp-content\/uploads\/2023\/07\/cropped-cropped-logo-sombra2.png","contentUrl":"https:\/\/fmgente.com.ar\/web\/wp-content\/uploads\/2023\/07\/cropped-cropped-logo-sombra2.png","width":1782,"height":1782,"caption":"Fm Gente"},"image":{"@id":"https:\/\/fmgente.com.ar\/web\/#\/schema\/logo\/image\/"}}]}},"_links":{"self":[{"href":"https:\/\/fmgente.com.ar\/web\/wp-json\/wp\/v2\/posts\/6354","targetHints":{"allow":["GET"]}}],"collection":[{"href":"https:\/\/fmgente.com.ar\/web\/wp-json\/wp\/v2\/posts"}],"about":[{"href":"https:\/\/fmgente.com.ar\/web\/wp-json\/wp\/v2\/types\/post"}],"replies":[{"embeddable":true,"href":"https:\/\/fmgente.com.ar\/web\/wp-json\/wp\/v2\/comments?post=6354"}],"version-history":[{"count":0,"href":"https:\/\/fmgente.com.ar\/web\/wp-json\/wp\/v2\/posts\/6354\/revisions"}],"wp:featuredmedia":[{"embeddable":true,"href":"https:\/\/fmgente.com.ar\/web\/wp-json\/wp\/v2\/media\/6355"}],"wp:attachment":[{"href":"https:\/\/fmgente.com.ar\/web\/wp-json\/wp\/v2\/media?parent=6354"}],"wp:term":[{"taxonomy":"category","embeddable":true,"href":"https:\/\/fmgente.com.ar\/web\/wp-json\/wp\/v2\/categories?post=6354"},{"taxonomy":"post_tag","embeddable":true,"href":"https:\/\/fmgente.com.ar\/web\/wp-json\/wp\/v2\/tags?post=6354"}],"curies":[{"name":"wp","href":"https:\/\/api.w.org\/{rel}","templated":true}]}}