{"id":6352,"date":"2025-10-08T10:06:10","date_gmt":"2025-10-08T13:06:10","guid":{"rendered":"https:\/\/fmgente.com.ar\/sofia-pachano-mostro-como-crecio-su-panza-a-los-6-meses-de-su-primer-embarazo\/"},"modified":"2025-10-08T10:06:10","modified_gmt":"2025-10-08T13:06:10","slug":"sofia-pachano-mostro-como-crecio-su-panza-a-los-6-meses-de-su-primer-embarazo","status":"publish","type":"post","link":"https:\/\/fmgente.com.ar\/web\/sofia-pachano-mostro-como-crecio-su-panza-a-los-6-meses-de-su-primer-embarazo\/","title":{"rendered":"Sof\u00eda Pachano mostr\u00f3 c\u00f3mo creci\u00f3 su panza a los 6 meses de su primer embarazo"},"content":{"rendered":"<p><strong><a href=\"https:\/\/www.paparazzi.com.ar\/?s=Sof%C3%ADa+Pachano\">Sof\u00eda Pachano<\/a><\/strong> atraviesa uno de los momentos m\u00e1s felices de su vida. Desde que anunci\u00f3 que est\u00e1 esperando a su primer beb\u00e9 junto a su pareja, el actor <strong><a href=\"https:\/\/www.paparazzi.com.ar\/?s=Santiago+Ramundo\">Santiago Ramundo<\/a><\/strong>, la artista comparte con sus seguidores algunos de los instantes m\u00e1s dulces y emocionantes de esta etapa.<\/p>\n<p>En las \u00faltimas horas, Sof\u00eda logr\u00f3 cautivar a todos al publicar una serie de fotos en su cuenta de Instagram, donde mostr\u00f3 c\u00f3mo creci\u00f3 su pancita con un vestido ajustado repleto de colores vibrantes. Con una combinaci\u00f3n de tonos azules, rojos y amarillos, el dise\u00f1o no solo resalt\u00f3 su figura, sino tambi\u00e9n su brillo y felicidad.<\/p>\n<p>En las im\u00e1genes, la actriz posa mirando a c\u00e1mara con una enorme sonrisa, mientras acaricia su vientre con ternura. El posteo r\u00e1pidamente se llen\u00f3 de comentarios llenos de cari\u00f1o y felicitaciones por parte de sus seguidores, que celebraron verla tan plena y radiante.<\/p>\n<div class=\"mt-box \">\n<h4 class=\"mt-heading\">Mir\u00e1 Tambi\u00e9n<\/h4>\n<p><a href=\"https:\/\/www.paparazzi.com.ar\/teve\/en-los-martin-fierro-cami-homs-revelo-si-definio-el-nombre-del-bebe-que-espera-con-el-principito-sosa\/\"><\/p>\n<div class=\"mt-content\">\n<div class=\"mt-image-container\"><img decoding=\"async\" src=\"https:\/\/www.paparazzi.com.ar\/wp-content\/uploads\/2025\/09\/cami-homs-359x226.png\" alt=\"\u00a1Exclusivo! Cami Homs confirm\u00f3 que ya tiene el nombre de la beb\u00e9 que espera con el Principito Sosa\" class=\"mt-image\" loading=\"lazy\" \/><\/div>\n<h5 class=\"mt-title\">\u00a1Exclusivo! Cami Homs confirm\u00f3 que ya tiene el nombre de la beb\u00e9 que espera con el Principito Sosa<\/h5>\n<\/div>\n<p><\/a><\/div>\n<p>Adem\u00e1s, Sof\u00eda comparti\u00f3 una postal, donde se la ve abrazando a los novios del casamiento al que asisti\u00f3 junto a Santiago. En otra imagen, la pareja posa junta mostrando los outfits elegidos para la ocasi\u00f3n: \u00e9l con un look elegante y ella con su vestido colorido que se rob\u00f3 todas las miradas. <\/p>\n<p>Pero eso no fue todo. Fiel a su estilo espont\u00e1neo y divertido, Sof\u00eda tambi\u00e9n <a href=\"https:\/\/www.paparazzi.com.ar\/teve\/sofia-pachano-mostro-su-pancita-de-5-meses-de-embarazo-con-fotos-muy-privadas\/\">comparti\u00f3 detalles \u00edntimos de su embarazo<\/a>. D\u00edas atr\u00e1s, la cocinera cont\u00f3 cu\u00e1l fue su antojo m\u00e1s ins\u00f3lito hasta el momento, y revel\u00f3 entre risas que Santiago se neg\u00f3 a cumplirlo \u201cpara cuidarla\u201d en esta etapa. <\/p>\n<div class=\"mt-box \">\n<h4 class=\"mt-heading\">Mir\u00e1 Tambi\u00e9n<\/h4>\n<p><a href=\"https:\/\/www.paparazzi.com.ar\/teve\/sofia-pachano-mostro-su-pancita-de-5-meses-de-embarazo-con-fotos-muy-privadas\/\"><\/p>\n<div class=\"mt-content\">\n<div class=\"mt-image-container\"><img decoding=\"async\" src=\"https:\/\/www.paparazzi.com.ar\/wp-content\/uploads\/2025\/09\/Sofia-Pachano-1-1-359x226.jpg\" alt=\"Sof\u00eda Pachano mostr\u00f3 su pancita de 5 meses de embarazo con fotos muy privadas\" class=\"mt-image\" loading=\"lazy\" \/><\/div>\n<h5 class=\"mt-title\">Sof\u00eda Pachano mostr\u00f3 su pancita de 5 meses de embarazo con fotos muy privadas<\/h5>\n<\/div>\n<p><\/a><\/div>\n<p>Adem\u00e1s, la hija de An\u00edbal Pachano enterneci\u00f3 a sus seguidores al revelar el divertido apodo que le puso a su beb\u00e9, mientras espera ansiosa el momento de tenerlo en brazos.<\/p>\n<p>Con cada publicaci\u00f3n, Sof\u00eda muestra una faceta m\u00e1s cercana y genuina de su embarazo, combinando su amor por la cocina, la moda y la familia. Y aunque mantiene un bajo perfil respecto a los detalles personales, sus redes se convirtieron en una ventana donde deja ver su felicidad plena y la ilusi\u00f3n que la acompa\u00f1a en esta nueva etapa.<\/p>\n<figure class=\"wp-block-image size-large\"><img decoding=\"async\" src=\"https:\/\/www.paparazzi.com.ar\/wp-content\/uploads\/2025\/10\/image-58-576x1024.png.webp\" loading=\"lazy\" alt=\"\" class=\"wp-image-446545\" \/><\/figure>\n<figure class=\"wp-block-image size-large\"><img decoding=\"async\" src=\"https:\/\/www.paparazzi.com.ar\/wp-content\/uploads\/2025\/10\/image-59-710x1024.png.webp\" loading=\"lazy\" alt=\"\" class=\"wp-image-446546\" \/><\/figure>\n<figure class=\"wp-block-image size-large\"><img decoding=\"async\" src=\"https:\/\/www.paparazzi.com.ar\/wp-content\/uploads\/2025\/10\/image-60-550x1024.png.webp\" loading=\"lazy\" alt=\"\" class=\"wp-image-446547\" \/><\/figure>\n<div class=\"mt-box \">\n<h4 class=\"mt-heading\">Mir\u00e1 Tambi\u00e9n<\/h4>\n<p><a href=\"https:\/\/www.paparazzi.com.ar\/teve\/la-original-forma-en-la-que-sofia-pachano-anuncio-su-embarazo-a-anibal-pachano\/\"><\/p>\n<div class=\"mt-content\">\n<div class=\"mt-image-container\"><img decoding=\"async\" src=\"https:\/\/www.paparazzi.com.ar\/wp-content\/uploads\/2025\/07\/Sofia-Pachano-y-Anibal-Pachano-359x226.jpg\" alt=\"La original forma en la que Sof\u00eda Pachano anunci\u00f3 su embarazo a An\u00edbal Pachano\" class=\"mt-image\" loading=\"lazy\" \/><\/div>\n<h5 class=\"mt-title\">La original forma en la que Sof\u00eda Pachano anunci\u00f3 su embarazo a An\u00edbal Pachano<\/h5>\n<\/div>\n<p><\/a><\/div>\n<div class=\"mt-box \">\n<h4 class=\"mt-heading\">Mir\u00e1 Tambi\u00e9n<\/h4>\n<p><a href=\"https:\/\/www.paparazzi.com.ar\/teve\/sofia-pachano-revelo-como-le-afectaron-las-adicciones-y-el-cambio-en-la-sexualidad-de-anibal-su-papa\/\"><\/p>\n<div class=\"mt-content\">\n<div class=\"mt-image-container\"><img decoding=\"async\" src=\"https:\/\/www.paparazzi.com.ar\/wp-content\/uploads\/2022\/11\/sofia-anibal-pachano-adicciones-trancision.png.webp\" alt=\"Sof\u00eda Pachano revel\u00f3 c\u00f3mo le afectaron las adicciones y el cambio en la sexualidad de An\u00edbal, su pap\u00e1\" class=\"mt-image\" loading=\"lazy\" \/><\/div>\n<h5 class=\"mt-title\">Sof\u00eda Pachano revel\u00f3 c\u00f3mo le afectaron las adicciones y el cambio en la sexualidad de An\u00edbal, su pap\u00e1<\/h5>\n<\/div>\n<p><\/a><\/div>\n<p>The post <a href=\"https:\/\/www.paparazzi.com.ar\/teve\/sofia-pachano-mostro-como-crecio-su-panza-a-los-6-meses-de-su-primer-embarazo\/\">Sof\u00eda Pachano mostr\u00f3 c\u00f3mo creci\u00f3 su panza a los 6 meses de su primer embarazo<\/a> appeared first on <a href=\"https:\/\/www.paparazzi.com.ar\">Revista Paparazzi<\/a>.<\/p>\n","protected":false},"excerpt":{"rendered":"<p>Sof\u00eda Pachano atraviesa uno de los momentos m\u00e1s felices de su vida. Desde que anunci\u00f3<\/p>\n","protected":false},"author":0,"featured_media":6353,"comment_status":"","ping_status":"","sticky":false,"template":"","format":"standard","meta":{"footnotes":""},"categories":[11],"tags":[],"class_list":["post-6352","post","type-post","status-publish","format-standard","has-post-thumbnail","hentry","category-destacadas"],"yoast_head":"<!-- This site is optimized with the Yoast SEO plugin v28.3 - https:\/\/yoast.com\/product\/yoast-seo-wordpress\/ -->\n<title>Sof\u00eda Pachano mostr\u00f3 c\u00f3mo creci\u00f3 su panza a los 6 meses de su primer embarazo - Fm Gente<\/title>\n<meta name=\"robots\" content=\"index, follow, max-snippet:-1, max-image-preview:large, max-video-preview:-1\" \/>\n<link rel=\"canonical\" href=\"https:\/\/fmgente.com.ar\/web\/sofia-pachano-mostro-como-crecio-su-panza-a-los-6-meses-de-su-primer-embarazo\/\" \/>\n<meta property=\"og:locale\" content=\"es_ES\" \/>\n<meta property=\"og:type\" content=\"article\" \/>\n<meta property=\"og:title\" content=\"Sof\u00eda Pachano mostr\u00f3 c\u00f3mo creci\u00f3 su panza a los 6 meses de su primer embarazo - Fm Gente\" \/>\n<meta property=\"og:description\" content=\"Sof\u00eda Pachano atraviesa uno de los momentos m\u00e1s felices de su vida. Desde que anunci\u00f3\" \/>\n<meta property=\"og:url\" content=\"https:\/\/fmgente.com.ar\/web\/sofia-pachano-mostro-como-crecio-su-panza-a-los-6-meses-de-su-primer-embarazo\/\" \/>\n<meta property=\"og:site_name\" content=\"Fm Gente\" \/>\n<meta property=\"article:published_time\" content=\"2025-10-08T13:06:10+00:00\" \/>\n<meta property=\"og:image\" content=\"https:\/\/fmgente.com.ar\/web\/wp-content\/uploads\/2025\/10\/cami-homs-359x226-7.png\" \/>\n\t<meta property=\"og:image:width\" content=\"359\" \/>\n\t<meta property=\"og:image:height\" content=\"226\" \/>\n\t<meta property=\"og:image:type\" content=\"image\/png\" \/>\n<meta name=\"twitter:card\" content=\"summary_large_image\" \/>\n<meta name=\"twitter:label1\" content=\"Tiempo de lectura\" \/>\n\t<meta name=\"twitter:data1\" content=\"2 minutos\" \/>\n<script type=\"application\/ld+json\" class=\"yoast-schema-graph\">{\"@context\":\"https:\\\/\\\/schema.org\",\"@graph\":[{\"@type\":\"Article\",\"@id\":\"https:\\\/\\\/fmgente.com.ar\\\/web\\\/sofia-pachano-mostro-como-crecio-su-panza-a-los-6-meses-de-su-primer-embarazo\\\/#article\",\"isPartOf\":{\"@id\":\"https:\\\/\\\/fmgente.com.ar\\\/web\\\/sofia-pachano-mostro-como-crecio-su-panza-a-los-6-meses-de-su-primer-embarazo\\\/\"},\"author\":{\"name\":\"\",\"@id\":\"\"},\"headline\":\"Sof\u00eda Pachano mostr\u00f3 c\u00f3mo creci\u00f3 su panza a los 6 meses de su primer embarazo\",\"datePublished\":\"2025-10-08T13:06:10+00:00\",\"mainEntityOfPage\":{\"@id\":\"https:\\\/\\\/fmgente.com.ar\\\/web\\\/sofia-pachano-mostro-como-crecio-su-panza-a-los-6-meses-de-su-primer-embarazo\\\/\"},\"wordCount\":486,\"publisher\":{\"@id\":\"https:\\\/\\\/fmgente.com.ar\\\/web\\\/#organization\"},\"image\":{\"@id\":\"https:\\\/\\\/fmgente.com.ar\\\/web\\\/sofia-pachano-mostro-como-crecio-su-panza-a-los-6-meses-de-su-primer-embarazo\\\/#primaryimage\"},\"thumbnailUrl\":\"https:\\\/\\\/fmgente.com.ar\\\/web\\\/wp-content\\\/uploads\\\/2025\\\/10\\\/cami-homs-359x226-7.png\",\"articleSection\":[\"DESTACADAS\"],\"inLanguage\":\"es\"},{\"@type\":\"WebPage\",\"@id\":\"https:\\\/\\\/fmgente.com.ar\\\/web\\\/sofia-pachano-mostro-como-crecio-su-panza-a-los-6-meses-de-su-primer-embarazo\\\/\",\"url\":\"https:\\\/\\\/fmgente.com.ar\\\/web\\\/sofia-pachano-mostro-como-crecio-su-panza-a-los-6-meses-de-su-primer-embarazo\\\/\",\"name\":\"Sof\u00eda Pachano mostr\u00f3 c\u00f3mo creci\u00f3 su panza a los 6 meses de su primer embarazo - Fm Gente\",\"isPartOf\":{\"@id\":\"https:\\\/\\\/fmgente.com.ar\\\/web\\\/#website\"},\"primaryImageOfPage\":{\"@id\":\"https:\\\/\\\/fmgente.com.ar\\\/web\\\/sofia-pachano-mostro-como-crecio-su-panza-a-los-6-meses-de-su-primer-embarazo\\\/#primaryimage\"},\"image\":{\"@id\":\"https:\\\/\\\/fmgente.com.ar\\\/web\\\/sofia-pachano-mostro-como-crecio-su-panza-a-los-6-meses-de-su-primer-embarazo\\\/#primaryimage\"},\"thumbnailUrl\":\"https:\\\/\\\/fmgente.com.ar\\\/web\\\/wp-content\\\/uploads\\\/2025\\\/10\\\/cami-homs-359x226-7.png\",\"datePublished\":\"2025-10-08T13:06:10+00:00\",\"inLanguage\":\"es\",\"potentialAction\":[{\"@type\":\"ReadAction\",\"target\":[\"https:\\\/\\\/fmgente.com.ar\\\/web\\\/sofia-pachano-mostro-como-crecio-su-panza-a-los-6-meses-de-su-primer-embarazo\\\/\"]}]},{\"@type\":\"ImageObject\",\"inLanguage\":\"es\",\"@id\":\"https:\\\/\\\/fmgente.com.ar\\\/web\\\/sofia-pachano-mostro-como-crecio-su-panza-a-los-6-meses-de-su-primer-embarazo\\\/#primaryimage\",\"url\":\"https:\\\/\\\/fmgente.com.ar\\\/web\\\/wp-content\\\/uploads\\\/2025\\\/10\\\/cami-homs-359x226-7.png\",\"contentUrl\":\"https:\\\/\\\/fmgente.com.ar\\\/web\\\/wp-content\\\/uploads\\\/2025\\\/10\\\/cami-homs-359x226-7.png\",\"width\":359,\"height\":226},{\"@type\":\"WebSite\",\"@id\":\"https:\\\/\\\/fmgente.com.ar\\\/web\\\/#website\",\"url\":\"https:\\\/\\\/fmgente.com.ar\\\/web\\\/\",\"name\":\"Fm Gente\",\"description\":\"- Jes\u00fas Mar\u00eda\",\"publisher\":{\"@id\":\"https:\\\/\\\/fmgente.com.ar\\\/web\\\/#organization\"},\"potentialAction\":[{\"@type\":\"SearchAction\",\"target\":{\"@type\":\"EntryPoint\",\"urlTemplate\":\"https:\\\/\\\/fmgente.com.ar\\\/web\\\/?s={search_term_string}\"},\"query-input\":{\"@type\":\"PropertyValueSpecification\",\"valueRequired\":true,\"valueName\":\"search_term_string\"}}],\"inLanguage\":\"es\"},{\"@type\":\"Organization\",\"@id\":\"https:\\\/\\\/fmgente.com.ar\\\/web\\\/#organization\",\"name\":\"Fm Gente\",\"url\":\"https:\\\/\\\/fmgente.com.ar\\\/web\\\/\",\"logo\":{\"@type\":\"ImageObject\",\"inLanguage\":\"es\",\"@id\":\"https:\\\/\\\/fmgente.com.ar\\\/web\\\/#\\\/schema\\\/logo\\\/image\\\/\",\"url\":\"https:\\\/\\\/fmgente.com.ar\\\/web\\\/wp-content\\\/uploads\\\/2023\\\/07\\\/cropped-cropped-logo-sombra2.png\",\"contentUrl\":\"https:\\\/\\\/fmgente.com.ar\\\/web\\\/wp-content\\\/uploads\\\/2023\\\/07\\\/cropped-cropped-logo-sombra2.png\",\"width\":1782,\"height\":1782,\"caption\":\"Fm Gente\"},\"image\":{\"@id\":\"https:\\\/\\\/fmgente.com.ar\\\/web\\\/#\\\/schema\\\/logo\\\/image\\\/\"}}]}<\/script>\n<!-- \/ Yoast SEO plugin. -->","yoast_head_json":{"title":"Sof\u00eda Pachano mostr\u00f3 c\u00f3mo creci\u00f3 su panza a los 6 meses de su primer embarazo - Fm Gente","robots":{"index":"index","follow":"follow","max-snippet":"max-snippet:-1","max-image-preview":"max-image-preview:large","max-video-preview":"max-video-preview:-1"},"canonical":"https:\/\/fmgente.com.ar\/web\/sofia-pachano-mostro-como-crecio-su-panza-a-los-6-meses-de-su-primer-embarazo\/","og_locale":"es_ES","og_type":"article","og_title":"Sof\u00eda Pachano mostr\u00f3 c\u00f3mo creci\u00f3 su panza a los 6 meses de su primer embarazo - Fm Gente","og_description":"Sof\u00eda Pachano atraviesa uno de los momentos m\u00e1s felices de su vida. Desde que anunci\u00f3","og_url":"https:\/\/fmgente.com.ar\/web\/sofia-pachano-mostro-como-crecio-su-panza-a-los-6-meses-de-su-primer-embarazo\/","og_site_name":"Fm Gente","article_published_time":"2025-10-08T13:06:10+00:00","og_image":[{"width":359,"height":226,"url":"https:\/\/fmgente.com.ar\/web\/wp-content\/uploads\/2025\/10\/cami-homs-359x226-7.png","type":"image\/png"}],"twitter_card":"summary_large_image","twitter_misc":{"Tiempo de lectura":"2 minutos"},"schema":{"@context":"https:\/\/schema.org","@graph":[{"@type":"Article","@id":"https:\/\/fmgente.com.ar\/web\/sofia-pachano-mostro-como-crecio-su-panza-a-los-6-meses-de-su-primer-embarazo\/#article","isPartOf":{"@id":"https:\/\/fmgente.com.ar\/web\/sofia-pachano-mostro-como-crecio-su-panza-a-los-6-meses-de-su-primer-embarazo\/"},"author":{"name":"","@id":""},"headline":"Sof\u00eda Pachano mostr\u00f3 c\u00f3mo creci\u00f3 su panza a los 6 meses de su primer embarazo","datePublished":"2025-10-08T13:06:10+00:00","mainEntityOfPage":{"@id":"https:\/\/fmgente.com.ar\/web\/sofia-pachano-mostro-como-crecio-su-panza-a-los-6-meses-de-su-primer-embarazo\/"},"wordCount":486,"publisher":{"@id":"https:\/\/fmgente.com.ar\/web\/#organization"},"image":{"@id":"https:\/\/fmgente.com.ar\/web\/sofia-pachano-mostro-como-crecio-su-panza-a-los-6-meses-de-su-primer-embarazo\/#primaryimage"},"thumbnailUrl":"https:\/\/fmgente.com.ar\/web\/wp-content\/uploads\/2025\/10\/cami-homs-359x226-7.png","articleSection":["DESTACADAS"],"inLanguage":"es"},{"@type":"WebPage","@id":"https:\/\/fmgente.com.ar\/web\/sofia-pachano-mostro-como-crecio-su-panza-a-los-6-meses-de-su-primer-embarazo\/","url":"https:\/\/fmgente.com.ar\/web\/sofia-pachano-mostro-como-crecio-su-panza-a-los-6-meses-de-su-primer-embarazo\/","name":"Sof\u00eda Pachano mostr\u00f3 c\u00f3mo creci\u00f3 su panza a los 6 meses de su primer embarazo - Fm Gente","isPartOf":{"@id":"https:\/\/fmgente.com.ar\/web\/#website"},"primaryImageOfPage":{"@id":"https:\/\/fmgente.com.ar\/web\/sofia-pachano-mostro-como-crecio-su-panza-a-los-6-meses-de-su-primer-embarazo\/#primaryimage"},"image":{"@id":"https:\/\/fmgente.com.ar\/web\/sofia-pachano-mostro-como-crecio-su-panza-a-los-6-meses-de-su-primer-embarazo\/#primaryimage"},"thumbnailUrl":"https:\/\/fmgente.com.ar\/web\/wp-content\/uploads\/2025\/10\/cami-homs-359x226-7.png","datePublished":"2025-10-08T13:06:10+00:00","inLanguage":"es","potentialAction":[{"@type":"ReadAction","target":["https:\/\/fmgente.com.ar\/web\/sofia-pachano-mostro-como-crecio-su-panza-a-los-6-meses-de-su-primer-embarazo\/"]}]},{"@type":"ImageObject","inLanguage":"es","@id":"https:\/\/fmgente.com.ar\/web\/sofia-pachano-mostro-como-crecio-su-panza-a-los-6-meses-de-su-primer-embarazo\/#primaryimage","url":"https:\/\/fmgente.com.ar\/web\/wp-content\/uploads\/2025\/10\/cami-homs-359x226-7.png","contentUrl":"https:\/\/fmgente.com.ar\/web\/wp-content\/uploads\/2025\/10\/cami-homs-359x226-7.png","width":359,"height":226},{"@type":"WebSite","@id":"https:\/\/fmgente.com.ar\/web\/#website","url":"https:\/\/fmgente.com.ar\/web\/","name":"Fm Gente","description":"- Jes\u00fas Mar\u00eda","publisher":{"@id":"https:\/\/fmgente.com.ar\/web\/#organization"},"potentialAction":[{"@type":"SearchAction","target":{"@type":"EntryPoint","urlTemplate":"https:\/\/fmgente.com.ar\/web\/?s={search_term_string}"},"query-input":{"@type":"PropertyValueSpecification","valueRequired":true,"valueName":"search_term_string"}}],"inLanguage":"es"},{"@type":"Organization","@id":"https:\/\/fmgente.com.ar\/web\/#organization","name":"Fm Gente","url":"https:\/\/fmgente.com.ar\/web\/","logo":{"@type":"ImageObject","inLanguage":"es","@id":"https:\/\/fmgente.com.ar\/web\/#\/schema\/logo\/image\/","url":"https:\/\/fmgente.com.ar\/web\/wp-content\/uploads\/2023\/07\/cropped-cropped-logo-sombra2.png","contentUrl":"https:\/\/fmgente.com.ar\/web\/wp-content\/uploads\/2023\/07\/cropped-cropped-logo-sombra2.png","width":1782,"height":1782,"caption":"Fm Gente"},"image":{"@id":"https:\/\/fmgente.com.ar\/web\/#\/schema\/logo\/image\/"}}]}},"_links":{"self":[{"href":"https:\/\/fmgente.com.ar\/web\/wp-json\/wp\/v2\/posts\/6352","targetHints":{"allow":["GET"]}}],"collection":[{"href":"https:\/\/fmgente.com.ar\/web\/wp-json\/wp\/v2\/posts"}],"about":[{"href":"https:\/\/fmgente.com.ar\/web\/wp-json\/wp\/v2\/types\/post"}],"replies":[{"embeddable":true,"href":"https:\/\/fmgente.com.ar\/web\/wp-json\/wp\/v2\/comments?post=6352"}],"version-history":[{"count":0,"href":"https:\/\/fmgente.com.ar\/web\/wp-json\/wp\/v2\/posts\/6352\/revisions"}],"wp:featuredmedia":[{"embeddable":true,"href":"https:\/\/fmgente.com.ar\/web\/wp-json\/wp\/v2\/media\/6353"}],"wp:attachment":[{"href":"https:\/\/fmgente.com.ar\/web\/wp-json\/wp\/v2\/media?parent=6352"}],"wp:term":[{"taxonomy":"category","embeddable":true,"href":"https:\/\/fmgente.com.ar\/web\/wp-json\/wp\/v2\/categories?post=6352"},{"taxonomy":"post_tag","embeddable":true,"href":"https:\/\/fmgente.com.ar\/web\/wp-json\/wp\/v2\/tags?post=6352"}],"curies":[{"name":"wp","href":"https:\/\/api.w.org\/{rel}","templated":true}]}}