{"id":6348,"date":"2025-10-08T08:05:57","date_gmt":"2025-10-08T11:05:57","guid":{"rendered":"https:\/\/fmgente.com.ar\/polemico-rada-aconsejo-no-convivir-para-mantener-una-relacion-hay-dias-que-no-la-quiero-ni-ver-a-fernanda\/"},"modified":"2025-10-08T08:05:57","modified_gmt":"2025-10-08T11:05:57","slug":"polemico-rada-aconsejo-no-convivir-para-mantener-una-relacion-hay-dias-que-no-la-quiero-ni-ver-a-fernanda","status":"publish","type":"post","link":"https:\/\/fmgente.com.ar\/web\/polemico-rada-aconsejo-no-convivir-para-mantener-una-relacion-hay-dias-que-no-la-quiero-ni-ver-a-fernanda\/","title":{"rendered":"\u00a1Pol\u00e9mico! Rada aconsej\u00f3 no convivir para mantener una relaci\u00f3n: \u201cHay d\u00edas que no la quiero ni ver a Fernanda\u201d"},"content":{"rendered":"<p>Tras 10 a\u00f1os de relaci\u00f3n con <strong>Fernanda Metilli<\/strong>, su compa\u00f1era de vida con quien decidi\u00f3 y acept\u00f3 el hecho de no ser padre ya que la actriz no quiere tener hijos, <strong>Agust\u00edn Aristar\u00e1n<\/strong>, m\u00e1s conocido como Rada, cont\u00f3 cu\u00e1l es su f\u00f3rmula para perdurar en el tiempo como pareja.<\/p>\n<p><em>\u201cEl \u00e9xito depende de cada pareja pero creo que es fundamental el espacio propio. Siempre y cuando la econom\u00eda de la pareja lo permita. Estamos hablando en situaciones ideales. Lo recomiendo fuertemente a la no convivencia\u201d, <\/em>comparti\u00f3 el panelista de<strong> Mario Pergolini.<\/strong><\/p>\n<p>Y fue en esa misma entrevista que le dio a <strong>Barbie Simons<\/strong> para El Observador que Rada profundiz\u00f3: \u201c<em>La no convivencia te permite seguir sintiendo que somos novios. La individualidad. La pasamos muy bien. Y hay muchos d\u00edas que yo no la quiero ni ver a Fer\u201d.<\/em>\u00a0<\/p>\n<div class=\"mt-box \">\n<h4 class=\"mt-heading\">Mir\u00e1 Tambi\u00e9n<\/h4>\n<p><a href=\"https:\/\/www.paparazzi.com.ar\/romances\/toda-la-verdad-evangelina-anderson-se-abrio-con-camila-galante-sobre-su-romance-con-leandro-paredes\/\"><\/p>\n<div class=\"mt-content\">\n<div class=\"mt-image-container\"><img decoding=\"async\" src=\"https:\/\/www.paparazzi.com.ar\/wp-content\/uploads\/2025\/10\/evangelina-anderson-camila-galante-leandro-paredes-359x226.jpg\" alt=\"\u00a1Toda la verdad! Evangelina Anderson se abri\u00f3 con Camila Galante sobre su romance con Leandro Paredes\" class=\"mt-image\" loading=\"lazy\" \/><\/div>\n<h5 class=\"mt-title\">\u00a1Toda la verdad! Evangelina Anderson se abri\u00f3 con Camila Galante sobre su romance con Leandro Paredes<\/h5>\n<\/div>\n<p><\/a><\/div>\n<p><em>\u201cY hay muchos d\u00edas que Fer no me quiere ver a mi. Y eso est\u00e1 bien. Es normal y tiene que pasar. Es m\u00e1s, hay d\u00edas que no quiero ver a mi hija. Y no porque no la quiera, porque doy mi vida por ella. Somos seres individuales y hay momentos que necesitamos un rato de la soledad<\/em>\u201d, sigui\u00f3 Rada.<\/p>\n<h2 class=\"wp-block-heading\">LA FORMULA DE RADA PARA EL AMOR DURADERO<\/h2>\n<p>Asimismo, siguiendo en tema, el actor, mago y m\u00fasico sum\u00f3:<em> \u201cSi yo tengo ganas de tener los calzoncillos ordenados de tal manera y esa persona ese d\u00eda justo no me rompe esa neurosis que tengo en ese momento. Y sin embargo compartimos la vida ciento por ciento con Fer\u201d.<\/em><\/p>\n<p>Finalmente, <a href=\"https:\/\/www.paparazzi.com.ar\/teve\/super-emocionado-radagast-disfruto-de-unas-maravillosas-vacaciones-en-disney-junto-a-su-hija-bianca\/\">Rada<\/a> se refiri\u00f3 a su experiencia siendo artista y padre al mismo tiempo de tan joven y lanz\u00f3: <em>\u201cLo mejor que me pas\u00f3 en la vida. Fue uno de los miedos m\u00e1s grandes que tuve cuando me enter\u00e9 y naci\u00f3 Bianca. Hoy es una mujer con la cual comparto viajes, laburo, conversaciones\u2026 \u201c.<\/em><\/p>\n<figure class=\"wp-block-image size-full\"><img decoding=\"async\" width=\"600\" height=\"600\" src=\"https:\/\/www.paparazzi.com.ar\/wp-content\/uploads\/2025\/10\/rada-mujer.jpeg.webp\" loading=\"lazy\" alt=\"\" class=\"wp-image-446280\" \/><\/figure>\n<div class=\"mt-box \">\n<h4 class=\"mt-heading\">Mir\u00e1 Tambi\u00e9n<\/h4>\n<p><a href=\"https:\/\/www.paparazzi.com.ar\/teve\/el-campeon-de-gran-hermano-tato-algorta-se-la-jugo-por-luciana-elbusto-en-medio-de-las-criticas-que-recibe-me-gusta-mucho\/\"><\/p>\n<div class=\"mt-content\">\n<div class=\"mt-image-container\"><img decoding=\"async\" src=\"https:\/\/www.paparazzi.com.ar\/wp-content\/uploads\/2025\/10\/tato-luciana-359x226.jpeg\" alt=\"El campe\u00f3n de Gran Hermano Tato Algorta se la jug\u00f3 por Luciana Elbusto en medio de las cr\u00edticas que recibe: &quot;Me gusta mucho&quot;\" class=\"mt-image\" loading=\"lazy\" \/><\/div>\n<h5 class=\"mt-title\">El campe\u00f3n de Gran Hermano Tato Algorta se la jug\u00f3 por Luciana Elbusto en medio de las cr\u00edticas que recibe: \u00abMe gusta mucho\u00bb<\/h5>\n<\/div>\n<p><\/a><\/div>\n<div class=\"mt-box \">\n<h4 class=\"mt-heading\">Mir\u00e1 Tambi\u00e9n<\/h4>\n<p><a href=\"https:\/\/www.paparazzi.com.ar\/horoscopo\/las-predicciones-de-jimena-la-torre-para-el-fin-de-semana-del-4-y-5-de-octubre-signo-por-signo\/\"><\/p>\n<div class=\"mt-content\">\n<div class=\"mt-image-container\"><img decoding=\"async\" src=\"https:\/\/www.paparazzi.com.ar\/wp-content\/uploads\/2025\/09\/Horoscopo-2025-las-predicciones-signo-por-signos-de-Jimena-La-Torre-para-la-ultima-semana-de-septiembre-359x226.jpg\" alt=\"Las predicciones de Jimena La Torre para el fin de semana del 4 y 5 de octubre signo por signo\" class=\"mt-image\" loading=\"lazy\" \/><\/div>\n<h5 class=\"mt-title\">Las predicciones de Jimena La Torre para el fin de semana del 4 y 5 de octubre signo por signo<\/h5>\n<\/div>\n<p><\/a><\/div>\n<p>The post <a href=\"https:\/\/www.paparazzi.com.ar\/romances\/polemico-rada-aconsejo-no-convivir-para-mantener-una-relacion-hay-dias-que-no-la-quiero-ni-ver-a-fernanda\/\">\u00a1Pol\u00e9mico! Rada aconsej\u00f3 no convivir para mantener una relaci\u00f3n: \u201cHay d\u00edas que no la quiero ni ver a Fernanda\u201d<\/a> appeared first on <a href=\"https:\/\/www.paparazzi.com.ar\">Revista Paparazzi<\/a>.<\/p>\n","protected":false},"excerpt":{"rendered":"<p>Tras 10 a\u00f1os de relaci\u00f3n con Fernanda Metilli, su compa\u00f1era de vida con quien decidi\u00f3<\/p>\n","protected":false},"author":0,"featured_media":6349,"comment_status":"","ping_status":"","sticky":false,"template":"","format":"standard","meta":{"footnotes":""},"categories":[11],"tags":[],"class_list":["post-6348","post","type-post","status-publish","format-standard","has-post-thumbnail","hentry","category-destacadas"],"yoast_head":"<!-- This site is optimized with the Yoast SEO plugin v28.3 - https:\/\/yoast.com\/product\/yoast-seo-wordpress\/ -->\n<title>\u00a1Pol\u00e9mico! Rada aconsej\u00f3 no convivir para mantener una relaci\u00f3n: \u201cHay d\u00edas que no la quiero ni ver a Fernanda\u201d - Fm Gente<\/title>\n<meta name=\"robots\" content=\"index, follow, max-snippet:-1, max-image-preview:large, max-video-preview:-1\" \/>\n<link rel=\"canonical\" href=\"https:\/\/fmgente.com.ar\/web\/polemico-rada-aconsejo-no-convivir-para-mantener-una-relacion-hay-dias-que-no-la-quiero-ni-ver-a-fernanda\/\" \/>\n<meta property=\"og:locale\" content=\"es_ES\" \/>\n<meta property=\"og:type\" content=\"article\" \/>\n<meta property=\"og:title\" content=\"\u00a1Pol\u00e9mico! Rada aconsej\u00f3 no convivir para mantener una relaci\u00f3n: \u201cHay d\u00edas que no la quiero ni ver a Fernanda\u201d - Fm Gente\" \/>\n<meta property=\"og:description\" content=\"Tras 10 a\u00f1os de relaci\u00f3n con Fernanda Metilli, su compa\u00f1era de vida con quien decidi\u00f3\" \/>\n<meta property=\"og:url\" content=\"https:\/\/fmgente.com.ar\/web\/polemico-rada-aconsejo-no-convivir-para-mantener-una-relacion-hay-dias-que-no-la-quiero-ni-ver-a-fernanda\/\" \/>\n<meta property=\"og:site_name\" content=\"Fm Gente\" \/>\n<meta property=\"article:published_time\" content=\"2025-10-08T11:05:57+00:00\" \/>\n<meta property=\"og:image\" content=\"https:\/\/fmgente.com.ar\/web\/wp-content\/uploads\/2025\/10\/evangelina-anderson-camila-galante-leandro-paredes-359x226-1.jpg\" \/>\n\t<meta property=\"og:image:width\" content=\"359\" \/>\n\t<meta property=\"og:image:height\" content=\"226\" \/>\n\t<meta property=\"og:image:type\" content=\"image\/jpeg\" \/>\n<meta name=\"twitter:card\" content=\"summary_large_image\" \/>\n<meta name=\"twitter:label1\" content=\"Tiempo de lectura\" \/>\n\t<meta name=\"twitter:data1\" content=\"2 minutos\" \/>\n<script type=\"application\/ld+json\" class=\"yoast-schema-graph\">{\"@context\":\"https:\\\/\\\/schema.org\",\"@graph\":[{\"@type\":\"Article\",\"@id\":\"https:\\\/\\\/fmgente.com.ar\\\/web\\\/polemico-rada-aconsejo-no-convivir-para-mantener-una-relacion-hay-dias-que-no-la-quiero-ni-ver-a-fernanda\\\/#article\",\"isPartOf\":{\"@id\":\"https:\\\/\\\/fmgente.com.ar\\\/web\\\/polemico-rada-aconsejo-no-convivir-para-mantener-una-relacion-hay-dias-que-no-la-quiero-ni-ver-a-fernanda\\\/\"},\"author\":{\"name\":\"\",\"@id\":\"\"},\"headline\":\"\u00a1Pol\u00e9mico! Rada aconsej\u00f3 no convivir para mantener una relaci\u00f3n: \u201cHay d\u00edas que no la quiero ni ver a Fernanda\u201d\",\"datePublished\":\"2025-10-08T11:05:57+00:00\",\"mainEntityOfPage\":{\"@id\":\"https:\\\/\\\/fmgente.com.ar\\\/web\\\/polemico-rada-aconsejo-no-convivir-para-mantener-una-relacion-hay-dias-que-no-la-quiero-ni-ver-a-fernanda\\\/\"},\"wordCount\":442,\"publisher\":{\"@id\":\"https:\\\/\\\/fmgente.com.ar\\\/web\\\/#organization\"},\"image\":{\"@id\":\"https:\\\/\\\/fmgente.com.ar\\\/web\\\/polemico-rada-aconsejo-no-convivir-para-mantener-una-relacion-hay-dias-que-no-la-quiero-ni-ver-a-fernanda\\\/#primaryimage\"},\"thumbnailUrl\":\"https:\\\/\\\/fmgente.com.ar\\\/web\\\/wp-content\\\/uploads\\\/2025\\\/10\\\/evangelina-anderson-camila-galante-leandro-paredes-359x226-1.jpg\",\"articleSection\":[\"DESTACADAS\"],\"inLanguage\":\"es\"},{\"@type\":\"WebPage\",\"@id\":\"https:\\\/\\\/fmgente.com.ar\\\/web\\\/polemico-rada-aconsejo-no-convivir-para-mantener-una-relacion-hay-dias-que-no-la-quiero-ni-ver-a-fernanda\\\/\",\"url\":\"https:\\\/\\\/fmgente.com.ar\\\/web\\\/polemico-rada-aconsejo-no-convivir-para-mantener-una-relacion-hay-dias-que-no-la-quiero-ni-ver-a-fernanda\\\/\",\"name\":\"\u00a1Pol\u00e9mico! Rada aconsej\u00f3 no convivir para mantener una relaci\u00f3n: \u201cHay d\u00edas que no la quiero ni ver a Fernanda\u201d - Fm Gente\",\"isPartOf\":{\"@id\":\"https:\\\/\\\/fmgente.com.ar\\\/web\\\/#website\"},\"primaryImageOfPage\":{\"@id\":\"https:\\\/\\\/fmgente.com.ar\\\/web\\\/polemico-rada-aconsejo-no-convivir-para-mantener-una-relacion-hay-dias-que-no-la-quiero-ni-ver-a-fernanda\\\/#primaryimage\"},\"image\":{\"@id\":\"https:\\\/\\\/fmgente.com.ar\\\/web\\\/polemico-rada-aconsejo-no-convivir-para-mantener-una-relacion-hay-dias-que-no-la-quiero-ni-ver-a-fernanda\\\/#primaryimage\"},\"thumbnailUrl\":\"https:\\\/\\\/fmgente.com.ar\\\/web\\\/wp-content\\\/uploads\\\/2025\\\/10\\\/evangelina-anderson-camila-galante-leandro-paredes-359x226-1.jpg\",\"datePublished\":\"2025-10-08T11:05:57+00:00\",\"inLanguage\":\"es\",\"potentialAction\":[{\"@type\":\"ReadAction\",\"target\":[\"https:\\\/\\\/fmgente.com.ar\\\/web\\\/polemico-rada-aconsejo-no-convivir-para-mantener-una-relacion-hay-dias-que-no-la-quiero-ni-ver-a-fernanda\\\/\"]}]},{\"@type\":\"ImageObject\",\"inLanguage\":\"es\",\"@id\":\"https:\\\/\\\/fmgente.com.ar\\\/web\\\/polemico-rada-aconsejo-no-convivir-para-mantener-una-relacion-hay-dias-que-no-la-quiero-ni-ver-a-fernanda\\\/#primaryimage\",\"url\":\"https:\\\/\\\/fmgente.com.ar\\\/web\\\/wp-content\\\/uploads\\\/2025\\\/10\\\/evangelina-anderson-camila-galante-leandro-paredes-359x226-1.jpg\",\"contentUrl\":\"https:\\\/\\\/fmgente.com.ar\\\/web\\\/wp-content\\\/uploads\\\/2025\\\/10\\\/evangelina-anderson-camila-galante-leandro-paredes-359x226-1.jpg\",\"width\":359,\"height\":226},{\"@type\":\"WebSite\",\"@id\":\"https:\\\/\\\/fmgente.com.ar\\\/web\\\/#website\",\"url\":\"https:\\\/\\\/fmgente.com.ar\\\/web\\\/\",\"name\":\"Fm Gente\",\"description\":\"- Jes\u00fas Mar\u00eda\",\"publisher\":{\"@id\":\"https:\\\/\\\/fmgente.com.ar\\\/web\\\/#organization\"},\"potentialAction\":[{\"@type\":\"SearchAction\",\"target\":{\"@type\":\"EntryPoint\",\"urlTemplate\":\"https:\\\/\\\/fmgente.com.ar\\\/web\\\/?s={search_term_string}\"},\"query-input\":{\"@type\":\"PropertyValueSpecification\",\"valueRequired\":true,\"valueName\":\"search_term_string\"}}],\"inLanguage\":\"es\"},{\"@type\":\"Organization\",\"@id\":\"https:\\\/\\\/fmgente.com.ar\\\/web\\\/#organization\",\"name\":\"Fm Gente\",\"url\":\"https:\\\/\\\/fmgente.com.ar\\\/web\\\/\",\"logo\":{\"@type\":\"ImageObject\",\"inLanguage\":\"es\",\"@id\":\"https:\\\/\\\/fmgente.com.ar\\\/web\\\/#\\\/schema\\\/logo\\\/image\\\/\",\"url\":\"https:\\\/\\\/fmgente.com.ar\\\/web\\\/wp-content\\\/uploads\\\/2023\\\/07\\\/cropped-cropped-logo-sombra2.png\",\"contentUrl\":\"https:\\\/\\\/fmgente.com.ar\\\/web\\\/wp-content\\\/uploads\\\/2023\\\/07\\\/cropped-cropped-logo-sombra2.png\",\"width\":1782,\"height\":1782,\"caption\":\"Fm Gente\"},\"image\":{\"@id\":\"https:\\\/\\\/fmgente.com.ar\\\/web\\\/#\\\/schema\\\/logo\\\/image\\\/\"}}]}<\/script>\n<!-- \/ Yoast SEO plugin. -->","yoast_head_json":{"title":"\u00a1Pol\u00e9mico! Rada aconsej\u00f3 no convivir para mantener una relaci\u00f3n: \u201cHay d\u00edas que no la quiero ni ver a Fernanda\u201d - Fm Gente","robots":{"index":"index","follow":"follow","max-snippet":"max-snippet:-1","max-image-preview":"max-image-preview:large","max-video-preview":"max-video-preview:-1"},"canonical":"https:\/\/fmgente.com.ar\/web\/polemico-rada-aconsejo-no-convivir-para-mantener-una-relacion-hay-dias-que-no-la-quiero-ni-ver-a-fernanda\/","og_locale":"es_ES","og_type":"article","og_title":"\u00a1Pol\u00e9mico! Rada aconsej\u00f3 no convivir para mantener una relaci\u00f3n: \u201cHay d\u00edas que no la quiero ni ver a Fernanda\u201d - Fm Gente","og_description":"Tras 10 a\u00f1os de relaci\u00f3n con Fernanda Metilli, su compa\u00f1era de vida con quien decidi\u00f3","og_url":"https:\/\/fmgente.com.ar\/web\/polemico-rada-aconsejo-no-convivir-para-mantener-una-relacion-hay-dias-que-no-la-quiero-ni-ver-a-fernanda\/","og_site_name":"Fm Gente","article_published_time":"2025-10-08T11:05:57+00:00","og_image":[{"width":359,"height":226,"url":"https:\/\/fmgente.com.ar\/web\/wp-content\/uploads\/2025\/10\/evangelina-anderson-camila-galante-leandro-paredes-359x226-1.jpg","type":"image\/jpeg"}],"twitter_card":"summary_large_image","twitter_misc":{"Tiempo de lectura":"2 minutos"},"schema":{"@context":"https:\/\/schema.org","@graph":[{"@type":"Article","@id":"https:\/\/fmgente.com.ar\/web\/polemico-rada-aconsejo-no-convivir-para-mantener-una-relacion-hay-dias-que-no-la-quiero-ni-ver-a-fernanda\/#article","isPartOf":{"@id":"https:\/\/fmgente.com.ar\/web\/polemico-rada-aconsejo-no-convivir-para-mantener-una-relacion-hay-dias-que-no-la-quiero-ni-ver-a-fernanda\/"},"author":{"name":"","@id":""},"headline":"\u00a1Pol\u00e9mico! Rada aconsej\u00f3 no convivir para mantener una relaci\u00f3n: \u201cHay d\u00edas que no la quiero ni ver a Fernanda\u201d","datePublished":"2025-10-08T11:05:57+00:00","mainEntityOfPage":{"@id":"https:\/\/fmgente.com.ar\/web\/polemico-rada-aconsejo-no-convivir-para-mantener-una-relacion-hay-dias-que-no-la-quiero-ni-ver-a-fernanda\/"},"wordCount":442,"publisher":{"@id":"https:\/\/fmgente.com.ar\/web\/#organization"},"image":{"@id":"https:\/\/fmgente.com.ar\/web\/polemico-rada-aconsejo-no-convivir-para-mantener-una-relacion-hay-dias-que-no-la-quiero-ni-ver-a-fernanda\/#primaryimage"},"thumbnailUrl":"https:\/\/fmgente.com.ar\/web\/wp-content\/uploads\/2025\/10\/evangelina-anderson-camila-galante-leandro-paredes-359x226-1.jpg","articleSection":["DESTACADAS"],"inLanguage":"es"},{"@type":"WebPage","@id":"https:\/\/fmgente.com.ar\/web\/polemico-rada-aconsejo-no-convivir-para-mantener-una-relacion-hay-dias-que-no-la-quiero-ni-ver-a-fernanda\/","url":"https:\/\/fmgente.com.ar\/web\/polemico-rada-aconsejo-no-convivir-para-mantener-una-relacion-hay-dias-que-no-la-quiero-ni-ver-a-fernanda\/","name":"\u00a1Pol\u00e9mico! Rada aconsej\u00f3 no convivir para mantener una relaci\u00f3n: \u201cHay d\u00edas que no la quiero ni ver a Fernanda\u201d - Fm Gente","isPartOf":{"@id":"https:\/\/fmgente.com.ar\/web\/#website"},"primaryImageOfPage":{"@id":"https:\/\/fmgente.com.ar\/web\/polemico-rada-aconsejo-no-convivir-para-mantener-una-relacion-hay-dias-que-no-la-quiero-ni-ver-a-fernanda\/#primaryimage"},"image":{"@id":"https:\/\/fmgente.com.ar\/web\/polemico-rada-aconsejo-no-convivir-para-mantener-una-relacion-hay-dias-que-no-la-quiero-ni-ver-a-fernanda\/#primaryimage"},"thumbnailUrl":"https:\/\/fmgente.com.ar\/web\/wp-content\/uploads\/2025\/10\/evangelina-anderson-camila-galante-leandro-paredes-359x226-1.jpg","datePublished":"2025-10-08T11:05:57+00:00","inLanguage":"es","potentialAction":[{"@type":"ReadAction","target":["https:\/\/fmgente.com.ar\/web\/polemico-rada-aconsejo-no-convivir-para-mantener-una-relacion-hay-dias-que-no-la-quiero-ni-ver-a-fernanda\/"]}]},{"@type":"ImageObject","inLanguage":"es","@id":"https:\/\/fmgente.com.ar\/web\/polemico-rada-aconsejo-no-convivir-para-mantener-una-relacion-hay-dias-que-no-la-quiero-ni-ver-a-fernanda\/#primaryimage","url":"https:\/\/fmgente.com.ar\/web\/wp-content\/uploads\/2025\/10\/evangelina-anderson-camila-galante-leandro-paredes-359x226-1.jpg","contentUrl":"https:\/\/fmgente.com.ar\/web\/wp-content\/uploads\/2025\/10\/evangelina-anderson-camila-galante-leandro-paredes-359x226-1.jpg","width":359,"height":226},{"@type":"WebSite","@id":"https:\/\/fmgente.com.ar\/web\/#website","url":"https:\/\/fmgente.com.ar\/web\/","name":"Fm Gente","description":"- Jes\u00fas Mar\u00eda","publisher":{"@id":"https:\/\/fmgente.com.ar\/web\/#organization"},"potentialAction":[{"@type":"SearchAction","target":{"@type":"EntryPoint","urlTemplate":"https:\/\/fmgente.com.ar\/web\/?s={search_term_string}"},"query-input":{"@type":"PropertyValueSpecification","valueRequired":true,"valueName":"search_term_string"}}],"inLanguage":"es"},{"@type":"Organization","@id":"https:\/\/fmgente.com.ar\/web\/#organization","name":"Fm Gente","url":"https:\/\/fmgente.com.ar\/web\/","logo":{"@type":"ImageObject","inLanguage":"es","@id":"https:\/\/fmgente.com.ar\/web\/#\/schema\/logo\/image\/","url":"https:\/\/fmgente.com.ar\/web\/wp-content\/uploads\/2023\/07\/cropped-cropped-logo-sombra2.png","contentUrl":"https:\/\/fmgente.com.ar\/web\/wp-content\/uploads\/2023\/07\/cropped-cropped-logo-sombra2.png","width":1782,"height":1782,"caption":"Fm Gente"},"image":{"@id":"https:\/\/fmgente.com.ar\/web\/#\/schema\/logo\/image\/"}}]}},"_links":{"self":[{"href":"https:\/\/fmgente.com.ar\/web\/wp-json\/wp\/v2\/posts\/6348","targetHints":{"allow":["GET"]}}],"collection":[{"href":"https:\/\/fmgente.com.ar\/web\/wp-json\/wp\/v2\/posts"}],"about":[{"href":"https:\/\/fmgente.com.ar\/web\/wp-json\/wp\/v2\/types\/post"}],"replies":[{"embeddable":true,"href":"https:\/\/fmgente.com.ar\/web\/wp-json\/wp\/v2\/comments?post=6348"}],"version-history":[{"count":0,"href":"https:\/\/fmgente.com.ar\/web\/wp-json\/wp\/v2\/posts\/6348\/revisions"}],"wp:featuredmedia":[{"embeddable":true,"href":"https:\/\/fmgente.com.ar\/web\/wp-json\/wp\/v2\/media\/6349"}],"wp:attachment":[{"href":"https:\/\/fmgente.com.ar\/web\/wp-json\/wp\/v2\/media?parent=6348"}],"wp:term":[{"taxonomy":"category","embeddable":true,"href":"https:\/\/fmgente.com.ar\/web\/wp-json\/wp\/v2\/categories?post=6348"},{"taxonomy":"post_tag","embeddable":true,"href":"https:\/\/fmgente.com.ar\/web\/wp-json\/wp\/v2\/tags?post=6348"}],"curies":[{"name":"wp","href":"https:\/\/api.w.org\/{rel}","templated":true}]}}