{"id":6346,"date":"2025-10-08T07:05:12","date_gmt":"2025-10-08T10:05:12","guid":{"rendered":"https:\/\/fmgente.com.ar\/santiago-del-moro-dio-una-noticia-impactante-ante-la-explosion-de-rumores-de-que-deja-telefe-me-case\/"},"modified":"2025-10-08T07:05:12","modified_gmt":"2025-10-08T10:05:12","slug":"santiago-del-moro-dio-una-noticia-impactante-ante-la-explosion-de-rumores-de-que-deja-telefe-me-case","status":"publish","type":"post","link":"https:\/\/fmgente.com.ar\/web\/santiago-del-moro-dio-una-noticia-impactante-ante-la-explosion-de-rumores-de-que-deja-telefe-me-case\/","title":{"rendered":"Santiago del Moro dio una noticia impactante ante la explosi\u00f3n de rumores de que deja Telefe: &quot;Me cas\u00e9&quot;"},"content":{"rendered":"<p>Si bien a\u00fan faltan algunos meses para que concluya el 2025 varios famosos ya est\u00e1n en negociaciones para lo que bien podr\u00edan ser sus compromisos laborales en el a\u00f1o entrante. Y fue<strong> Santiago del Moro <\/strong>quien revel\u00f3 que en su caso ya tiene varios contratos firmados.<\/p>\n<p>Horas m\u00e1s tarde de que algunos portales y usuarios de internet pusieran en duda la continuidad del conductor en la pantalla de <em>Telefe<\/em> fue el mismo animador de <em>Gran Hermano<\/em> quien al aire de su programa de radio llamado <em>El Club del Moro<\/em>, el cual lidera y es el \u00e9xito de las ma\u00f1anas en FM, confirm\u00f3 que puso el gancho y tiene agenda casi completa para el 2026 en adelante.<\/p>\n<p><em>\u201cAyer me reun\u00ed y firm\u00e9 contrato por dos a\u00f1os m\u00e1s en La 100. Y eso que no me cas\u00e9 porque no me gusta firmar contratos largos<\/em>\u201d, lanz\u00f3 <a href=\"https:\/\/www.paparazzi.com.ar\/teve\/santiago-del-moro-revelo-su-particular-tecnica-para-enfrentar-los-ataques-de-ansiedad\/\">Santiago<\/a> al aire este viernes 3 de octubre y sigui\u00f3: \u201c<em>La verdad es que hemos estado tan bien ac\u00e1 que es una linda notici<\/em>a\u201d.<\/p>\n<div class=\"mt-box \">\n<h4 class=\"mt-heading\">Mir\u00e1 Tambi\u00e9n<\/h4>\n<p><a href=\"https:\/\/www.paparazzi.com.ar\/teve\/conmocion-absoluta-tras-la-autopsia-de-lara-asesinada-en-el-triple-femicidio-fue-una-salvajada\/\"><\/p>\n<div class=\"mt-content\">\n<div class=\"mt-image-container\"><img decoding=\"async\" src=\"https:\/\/www.paparazzi.com.ar\/wp-content\/uploads\/2025\/10\/Conmocion-absoluta-tras-la-autopsia-de-Lara-asesinada-en-el-triple-femicidio-22Fue-una-salvajada22-359x226.jpg\" alt=\"Conmoci\u00f3n absoluta tras la autopsia de Lara, asesinada en el triple femicidio: &quot;Fue una salvajada&quot;\" class=\"mt-image\" loading=\"lazy\" \/><\/div>\n<h5 class=\"mt-title\">Conmoci\u00f3n absoluta tras la autopsia de Lara, asesinada en el triple femicidio: \u00abFue una salvajada\u00bb<\/h5>\n<\/div>\n<p><\/a><\/div>\n<p>A lo que <strong>Marcela Tauro<\/strong>, compa\u00f1era del ciclo, pero periodista de espect\u00e1culos de vasta trayectoria por sobre todo, encontrando el momento justo para saber la verdad de los rumores que circulaban, interrumpi\u00f3: \u201c\u00bf<em>En la tele hac\u00e9s igual? \u00bfTambi\u00e9n ten\u00e9s contrato por tantos a\u00f1os?\u201d<\/em>. Por lo que <a href=\"https:\/\/www.paparazzi.com.ar\/teve\/el-inesperado-dato-que-dio-santiago-del-moro-sobre-gran-hermano-generacion-dorada-hay-una-figura-que\/\">del Moro<\/a> respondi\u00f3: \u201c<em>S\u00ed. siempre hago lo mismo<\/em>\u201d.<\/p>\n<h2 class=\"wp-block-heading\">SANTIAGO DEL MORO Y UN FUTURO ASEGURADO<\/h2>\n<p><em>\u201cEn la tele tengo contrato por 5 a\u00f1os. Ah\u00ed me cas\u00e9. Pero hace menos que estoy en Telefe. Ac\u00e1 hace casi 10 a\u00f1os que estoy. En la empresa que m\u00e1s trabaj\u00e9 es en Am\u00e9rica que estuve 10 a\u00f1os. Tengo la virtud de que no tengo efecto residual, no me pesa la historia y todo es nuevo<\/em>\u201d, coment\u00f3 Del Moro.<\/p>\n<p>Asimismo, en cuanto a lo que significa levantarse tan temprano todos los d\u00edas <a href=\"https:\/\/www.paparazzi.com.ar\/teve\/santiago-del-moro-revelo-la-odisea-que-paso-para-completar-su-equipo-de-trabajo-era-mi-bebe-reno-y-ahora\/\">Santiago<\/a> remarc\u00f3: \u201c<em>En esta casa estoy contento. Es gente seria. Se me venc\u00eda el contrato y est\u00e1 buen\u00edsimo llegar a un acuerdo. Todos los d\u00edas me planteo si quiero seguir toda la vida levant\u00e1ndome a la ma\u00f1ana. Se pasa mi vida. Pasa m\u00e1s lo que me gusta hacerlo. Es cierto que es un sacerdocio. Despu\u00e9s ten\u00e9s todo el d\u00eda libre. De noche no pod\u00e9s, nos la quita, con lo que me gusta la noche a mi\u201d.<\/em><\/p>\n<figure class=\"wp-block-image size-large\"><img decoding=\"async\" src=\"https:\/\/www.paparazzi.com.ar\/wp-content\/uploads\/2025\/10\/ro-contrato-582x1024.jpeg.webp\" loading=\"lazy\" alt=\"\" class=\"wp-image-446237\" \/><\/figure>\n<div class=\"mt-box \">\n<h4 class=\"mt-heading\">Mir\u00e1 Tambi\u00e9n<\/h4>\n<p><a href=\"https:\/\/www.paparazzi.com.ar\/horoscopo\/el-horoscopo-de-hoy-viernes-3-de-octubre\/\"><\/p>\n<div class=\"mt-content\">\n<div class=\"mt-image-container\"><img decoding=\"async\" src=\"https:\/\/www.paparazzi.com.ar\/wp-content\/uploads\/2025\/08\/horoscopo-359x226.jpg\" alt=\"El hor\u00f3scopo de hoy: viernes 3 de octubre\" class=\"mt-image\" loading=\"lazy\" \/><\/div>\n<h5 class=\"mt-title\">El hor\u00f3scopo de hoy: viernes 3 de octubre<\/h5>\n<\/div>\n<p><\/a><\/div>\n<div class=\"mt-box \">\n<h4 class=\"mt-heading\">Mir\u00e1 Tambi\u00e9n<\/h4>\n<p><a href=\"https:\/\/www.paparazzi.com.ar\/romances\/sabrina-rojas-destrozo-a-milett-figueroa-y-ya-se-siente-parte-del-clan-tinelli-se-la-re-creia-cuando-estaba-con-marcelo\/\"><\/p>\n<div class=\"mt-content\">\n<div class=\"mt-image-container\"><img decoding=\"async\" src=\"https:\/\/www.paparazzi.com.ar\/wp-content\/uploads\/2025\/09\/rojas-tinelli-359x226.jpeg\" alt=\"Sabrina Rojas destroz\u00f3 a Milett Figueroa y ya se siente parte del clan Tinelli: \u201cSe la re cre\u00eda cuando estaba con Marcelo \u201d\" class=\"mt-image\" loading=\"lazy\" \/><\/div>\n<h5 class=\"mt-title\">Sabrina Rojas destroz\u00f3 a Milett Figueroa y ya se siente parte del clan Tinelli: \u201cSe la re cre\u00eda cuando estaba con Marcelo \u201d<\/h5>\n<\/div>\n<p><\/a><\/div>\n<p>The post <a href=\"https:\/\/www.paparazzi.com.ar\/teve\/santiago-del-moro-dio-una-noticia-impactante-ante-la-explosion-de-rumores-de-que-deja-telefe-me-case\/\">Santiago del Moro dio una noticia impactante ante la explosi\u00f3n de rumores de que deja Telefe: &quot;Me cas\u00e9&quot;<\/a> appeared first on <a href=\"https:\/\/www.paparazzi.com.ar\">Revista Paparazzi<\/a>.<\/p>\n","protected":false},"excerpt":{"rendered":"<p>Si bien a\u00fan faltan algunos meses para que concluya el 2025 varios famosos ya est\u00e1n<\/p>\n","protected":false},"author":0,"featured_media":6347,"comment_status":"","ping_status":"","sticky":false,"template":"","format":"standard","meta":{"footnotes":""},"categories":[11],"tags":[],"class_list":["post-6346","post","type-post","status-publish","format-standard","has-post-thumbnail","hentry","category-destacadas"],"yoast_head":"<!-- This site is optimized with the Yoast SEO plugin v28.3 - https:\/\/yoast.com\/product\/yoast-seo-wordpress\/ -->\n<title>Santiago del Moro dio una noticia impactante ante la explosi\u00f3n de rumores de que deja Telefe: &quot;Me cas\u00e9&quot; - Fm Gente<\/title>\n<meta name=\"robots\" content=\"index, follow, max-snippet:-1, max-image-preview:large, max-video-preview:-1\" \/>\n<link rel=\"canonical\" href=\"https:\/\/fmgente.com.ar\/web\/santiago-del-moro-dio-una-noticia-impactante-ante-la-explosion-de-rumores-de-que-deja-telefe-me-case\/\" \/>\n<meta property=\"og:locale\" content=\"es_ES\" \/>\n<meta property=\"og:type\" content=\"article\" \/>\n<meta property=\"og:title\" content=\"Santiago del Moro dio una noticia impactante ante la explosi\u00f3n de rumores de que deja Telefe: &quot;Me cas\u00e9&quot; - Fm Gente\" \/>\n<meta property=\"og:description\" content=\"Si bien a\u00fan faltan algunos meses para que concluya el 2025 varios famosos ya est\u00e1n\" \/>\n<meta property=\"og:url\" content=\"https:\/\/fmgente.com.ar\/web\/santiago-del-moro-dio-una-noticia-impactante-ante-la-explosion-de-rumores-de-que-deja-telefe-me-case\/\" \/>\n<meta property=\"og:site_name\" content=\"Fm Gente\" \/>\n<meta property=\"article:published_time\" content=\"2025-10-08T10:05:12+00:00\" \/>\n<meta property=\"og:image\" content=\"https:\/\/fmgente.com.ar\/web\/wp-content\/uploads\/2025\/10\/Conmocion-absoluta-tras-la-autopsia-de-Lara-asesinada-en-el-triple-femicidio-22Fue-una-salvajada22-359x226-1.jpg\" \/>\n\t<meta property=\"og:image:width\" content=\"359\" \/>\n\t<meta property=\"og:image:height\" content=\"226\" \/>\n\t<meta property=\"og:image:type\" content=\"image\/jpeg\" \/>\n<meta name=\"twitter:card\" content=\"summary_large_image\" \/>\n<meta name=\"twitter:label1\" content=\"Tiempo de lectura\" \/>\n\t<meta name=\"twitter:data1\" content=\"2 minutos\" \/>\n<script type=\"application\/ld+json\" class=\"yoast-schema-graph\">{\"@context\":\"https:\\\/\\\/schema.org\",\"@graph\":[{\"@type\":\"Article\",\"@id\":\"https:\\\/\\\/fmgente.com.ar\\\/web\\\/santiago-del-moro-dio-una-noticia-impactante-ante-la-explosion-de-rumores-de-que-deja-telefe-me-case\\\/#article\",\"isPartOf\":{\"@id\":\"https:\\\/\\\/fmgente.com.ar\\\/web\\\/santiago-del-moro-dio-una-noticia-impactante-ante-la-explosion-de-rumores-de-que-deja-telefe-me-case\\\/\"},\"author\":{\"name\":\"\",\"@id\":\"\"},\"headline\":\"Santiago del Moro dio una noticia impactante ante la explosi\u00f3n de rumores de que deja Telefe: &quot;Me cas\u00e9&quot;\",\"datePublished\":\"2025-10-08T10:05:12+00:00\",\"mainEntityOfPage\":{\"@id\":\"https:\\\/\\\/fmgente.com.ar\\\/web\\\/santiago-del-moro-dio-una-noticia-impactante-ante-la-explosion-de-rumores-de-que-deja-telefe-me-case\\\/\"},\"wordCount\":504,\"publisher\":{\"@id\":\"https:\\\/\\\/fmgente.com.ar\\\/web\\\/#organization\"},\"image\":{\"@id\":\"https:\\\/\\\/fmgente.com.ar\\\/web\\\/santiago-del-moro-dio-una-noticia-impactante-ante-la-explosion-de-rumores-de-que-deja-telefe-me-case\\\/#primaryimage\"},\"thumbnailUrl\":\"https:\\\/\\\/fmgente.com.ar\\\/web\\\/wp-content\\\/uploads\\\/2025\\\/10\\\/Conmocion-absoluta-tras-la-autopsia-de-Lara-asesinada-en-el-triple-femicidio-22Fue-una-salvajada22-359x226-1.jpg\",\"articleSection\":[\"DESTACADAS\"],\"inLanguage\":\"es\"},{\"@type\":\"WebPage\",\"@id\":\"https:\\\/\\\/fmgente.com.ar\\\/web\\\/santiago-del-moro-dio-una-noticia-impactante-ante-la-explosion-de-rumores-de-que-deja-telefe-me-case\\\/\",\"url\":\"https:\\\/\\\/fmgente.com.ar\\\/web\\\/santiago-del-moro-dio-una-noticia-impactante-ante-la-explosion-de-rumores-de-que-deja-telefe-me-case\\\/\",\"name\":\"Santiago del Moro dio una noticia impactante ante la explosi\u00f3n de rumores de que deja Telefe: &quot;Me cas\u00e9&quot; - Fm Gente\",\"isPartOf\":{\"@id\":\"https:\\\/\\\/fmgente.com.ar\\\/web\\\/#website\"},\"primaryImageOfPage\":{\"@id\":\"https:\\\/\\\/fmgente.com.ar\\\/web\\\/santiago-del-moro-dio-una-noticia-impactante-ante-la-explosion-de-rumores-de-que-deja-telefe-me-case\\\/#primaryimage\"},\"image\":{\"@id\":\"https:\\\/\\\/fmgente.com.ar\\\/web\\\/santiago-del-moro-dio-una-noticia-impactante-ante-la-explosion-de-rumores-de-que-deja-telefe-me-case\\\/#primaryimage\"},\"thumbnailUrl\":\"https:\\\/\\\/fmgente.com.ar\\\/web\\\/wp-content\\\/uploads\\\/2025\\\/10\\\/Conmocion-absoluta-tras-la-autopsia-de-Lara-asesinada-en-el-triple-femicidio-22Fue-una-salvajada22-359x226-1.jpg\",\"datePublished\":\"2025-10-08T10:05:12+00:00\",\"inLanguage\":\"es\",\"potentialAction\":[{\"@type\":\"ReadAction\",\"target\":[\"https:\\\/\\\/fmgente.com.ar\\\/web\\\/santiago-del-moro-dio-una-noticia-impactante-ante-la-explosion-de-rumores-de-que-deja-telefe-me-case\\\/\"]}]},{\"@type\":\"ImageObject\",\"inLanguage\":\"es\",\"@id\":\"https:\\\/\\\/fmgente.com.ar\\\/web\\\/santiago-del-moro-dio-una-noticia-impactante-ante-la-explosion-de-rumores-de-que-deja-telefe-me-case\\\/#primaryimage\",\"url\":\"https:\\\/\\\/fmgente.com.ar\\\/web\\\/wp-content\\\/uploads\\\/2025\\\/10\\\/Conmocion-absoluta-tras-la-autopsia-de-Lara-asesinada-en-el-triple-femicidio-22Fue-una-salvajada22-359x226-1.jpg\",\"contentUrl\":\"https:\\\/\\\/fmgente.com.ar\\\/web\\\/wp-content\\\/uploads\\\/2025\\\/10\\\/Conmocion-absoluta-tras-la-autopsia-de-Lara-asesinada-en-el-triple-femicidio-22Fue-una-salvajada22-359x226-1.jpg\",\"width\":359,\"height\":226},{\"@type\":\"WebSite\",\"@id\":\"https:\\\/\\\/fmgente.com.ar\\\/web\\\/#website\",\"url\":\"https:\\\/\\\/fmgente.com.ar\\\/web\\\/\",\"name\":\"Fm Gente\",\"description\":\"- Jes\u00fas Mar\u00eda\",\"publisher\":{\"@id\":\"https:\\\/\\\/fmgente.com.ar\\\/web\\\/#organization\"},\"potentialAction\":[{\"@type\":\"SearchAction\",\"target\":{\"@type\":\"EntryPoint\",\"urlTemplate\":\"https:\\\/\\\/fmgente.com.ar\\\/web\\\/?s={search_term_string}\"},\"query-input\":{\"@type\":\"PropertyValueSpecification\",\"valueRequired\":true,\"valueName\":\"search_term_string\"}}],\"inLanguage\":\"es\"},{\"@type\":\"Organization\",\"@id\":\"https:\\\/\\\/fmgente.com.ar\\\/web\\\/#organization\",\"name\":\"Fm Gente\",\"url\":\"https:\\\/\\\/fmgente.com.ar\\\/web\\\/\",\"logo\":{\"@type\":\"ImageObject\",\"inLanguage\":\"es\",\"@id\":\"https:\\\/\\\/fmgente.com.ar\\\/web\\\/#\\\/schema\\\/logo\\\/image\\\/\",\"url\":\"https:\\\/\\\/fmgente.com.ar\\\/web\\\/wp-content\\\/uploads\\\/2023\\\/07\\\/cropped-cropped-logo-sombra2.png\",\"contentUrl\":\"https:\\\/\\\/fmgente.com.ar\\\/web\\\/wp-content\\\/uploads\\\/2023\\\/07\\\/cropped-cropped-logo-sombra2.png\",\"width\":1782,\"height\":1782,\"caption\":\"Fm Gente\"},\"image\":{\"@id\":\"https:\\\/\\\/fmgente.com.ar\\\/web\\\/#\\\/schema\\\/logo\\\/image\\\/\"}}]}<\/script>\n<!-- \/ Yoast SEO plugin. -->","yoast_head_json":{"title":"Santiago del Moro dio una noticia impactante ante la explosi\u00f3n de rumores de que deja Telefe: &quot;Me cas\u00e9&quot; - Fm Gente","robots":{"index":"index","follow":"follow","max-snippet":"max-snippet:-1","max-image-preview":"max-image-preview:large","max-video-preview":"max-video-preview:-1"},"canonical":"https:\/\/fmgente.com.ar\/web\/santiago-del-moro-dio-una-noticia-impactante-ante-la-explosion-de-rumores-de-que-deja-telefe-me-case\/","og_locale":"es_ES","og_type":"article","og_title":"Santiago del Moro dio una noticia impactante ante la explosi\u00f3n de rumores de que deja Telefe: &quot;Me cas\u00e9&quot; - Fm Gente","og_description":"Si bien a\u00fan faltan algunos meses para que concluya el 2025 varios famosos ya est\u00e1n","og_url":"https:\/\/fmgente.com.ar\/web\/santiago-del-moro-dio-una-noticia-impactante-ante-la-explosion-de-rumores-de-que-deja-telefe-me-case\/","og_site_name":"Fm Gente","article_published_time":"2025-10-08T10:05:12+00:00","og_image":[{"width":359,"height":226,"url":"https:\/\/fmgente.com.ar\/web\/wp-content\/uploads\/2025\/10\/Conmocion-absoluta-tras-la-autopsia-de-Lara-asesinada-en-el-triple-femicidio-22Fue-una-salvajada22-359x226-1.jpg","type":"image\/jpeg"}],"twitter_card":"summary_large_image","twitter_misc":{"Tiempo de lectura":"2 minutos"},"schema":{"@context":"https:\/\/schema.org","@graph":[{"@type":"Article","@id":"https:\/\/fmgente.com.ar\/web\/santiago-del-moro-dio-una-noticia-impactante-ante-la-explosion-de-rumores-de-que-deja-telefe-me-case\/#article","isPartOf":{"@id":"https:\/\/fmgente.com.ar\/web\/santiago-del-moro-dio-una-noticia-impactante-ante-la-explosion-de-rumores-de-que-deja-telefe-me-case\/"},"author":{"name":"","@id":""},"headline":"Santiago del Moro dio una noticia impactante ante la explosi\u00f3n de rumores de que deja Telefe: &quot;Me cas\u00e9&quot;","datePublished":"2025-10-08T10:05:12+00:00","mainEntityOfPage":{"@id":"https:\/\/fmgente.com.ar\/web\/santiago-del-moro-dio-una-noticia-impactante-ante-la-explosion-de-rumores-de-que-deja-telefe-me-case\/"},"wordCount":504,"publisher":{"@id":"https:\/\/fmgente.com.ar\/web\/#organization"},"image":{"@id":"https:\/\/fmgente.com.ar\/web\/santiago-del-moro-dio-una-noticia-impactante-ante-la-explosion-de-rumores-de-que-deja-telefe-me-case\/#primaryimage"},"thumbnailUrl":"https:\/\/fmgente.com.ar\/web\/wp-content\/uploads\/2025\/10\/Conmocion-absoluta-tras-la-autopsia-de-Lara-asesinada-en-el-triple-femicidio-22Fue-una-salvajada22-359x226-1.jpg","articleSection":["DESTACADAS"],"inLanguage":"es"},{"@type":"WebPage","@id":"https:\/\/fmgente.com.ar\/web\/santiago-del-moro-dio-una-noticia-impactante-ante-la-explosion-de-rumores-de-que-deja-telefe-me-case\/","url":"https:\/\/fmgente.com.ar\/web\/santiago-del-moro-dio-una-noticia-impactante-ante-la-explosion-de-rumores-de-que-deja-telefe-me-case\/","name":"Santiago del Moro dio una noticia impactante ante la explosi\u00f3n de rumores de que deja Telefe: &quot;Me cas\u00e9&quot; - Fm Gente","isPartOf":{"@id":"https:\/\/fmgente.com.ar\/web\/#website"},"primaryImageOfPage":{"@id":"https:\/\/fmgente.com.ar\/web\/santiago-del-moro-dio-una-noticia-impactante-ante-la-explosion-de-rumores-de-que-deja-telefe-me-case\/#primaryimage"},"image":{"@id":"https:\/\/fmgente.com.ar\/web\/santiago-del-moro-dio-una-noticia-impactante-ante-la-explosion-de-rumores-de-que-deja-telefe-me-case\/#primaryimage"},"thumbnailUrl":"https:\/\/fmgente.com.ar\/web\/wp-content\/uploads\/2025\/10\/Conmocion-absoluta-tras-la-autopsia-de-Lara-asesinada-en-el-triple-femicidio-22Fue-una-salvajada22-359x226-1.jpg","datePublished":"2025-10-08T10:05:12+00:00","inLanguage":"es","potentialAction":[{"@type":"ReadAction","target":["https:\/\/fmgente.com.ar\/web\/santiago-del-moro-dio-una-noticia-impactante-ante-la-explosion-de-rumores-de-que-deja-telefe-me-case\/"]}]},{"@type":"ImageObject","inLanguage":"es","@id":"https:\/\/fmgente.com.ar\/web\/santiago-del-moro-dio-una-noticia-impactante-ante-la-explosion-de-rumores-de-que-deja-telefe-me-case\/#primaryimage","url":"https:\/\/fmgente.com.ar\/web\/wp-content\/uploads\/2025\/10\/Conmocion-absoluta-tras-la-autopsia-de-Lara-asesinada-en-el-triple-femicidio-22Fue-una-salvajada22-359x226-1.jpg","contentUrl":"https:\/\/fmgente.com.ar\/web\/wp-content\/uploads\/2025\/10\/Conmocion-absoluta-tras-la-autopsia-de-Lara-asesinada-en-el-triple-femicidio-22Fue-una-salvajada22-359x226-1.jpg","width":359,"height":226},{"@type":"WebSite","@id":"https:\/\/fmgente.com.ar\/web\/#website","url":"https:\/\/fmgente.com.ar\/web\/","name":"Fm Gente","description":"- Jes\u00fas Mar\u00eda","publisher":{"@id":"https:\/\/fmgente.com.ar\/web\/#organization"},"potentialAction":[{"@type":"SearchAction","target":{"@type":"EntryPoint","urlTemplate":"https:\/\/fmgente.com.ar\/web\/?s={search_term_string}"},"query-input":{"@type":"PropertyValueSpecification","valueRequired":true,"valueName":"search_term_string"}}],"inLanguage":"es"},{"@type":"Organization","@id":"https:\/\/fmgente.com.ar\/web\/#organization","name":"Fm Gente","url":"https:\/\/fmgente.com.ar\/web\/","logo":{"@type":"ImageObject","inLanguage":"es","@id":"https:\/\/fmgente.com.ar\/web\/#\/schema\/logo\/image\/","url":"https:\/\/fmgente.com.ar\/web\/wp-content\/uploads\/2023\/07\/cropped-cropped-logo-sombra2.png","contentUrl":"https:\/\/fmgente.com.ar\/web\/wp-content\/uploads\/2023\/07\/cropped-cropped-logo-sombra2.png","width":1782,"height":1782,"caption":"Fm Gente"},"image":{"@id":"https:\/\/fmgente.com.ar\/web\/#\/schema\/logo\/image\/"}}]}},"_links":{"self":[{"href":"https:\/\/fmgente.com.ar\/web\/wp-json\/wp\/v2\/posts\/6346","targetHints":{"allow":["GET"]}}],"collection":[{"href":"https:\/\/fmgente.com.ar\/web\/wp-json\/wp\/v2\/posts"}],"about":[{"href":"https:\/\/fmgente.com.ar\/web\/wp-json\/wp\/v2\/types\/post"}],"replies":[{"embeddable":true,"href":"https:\/\/fmgente.com.ar\/web\/wp-json\/wp\/v2\/comments?post=6346"}],"version-history":[{"count":0,"href":"https:\/\/fmgente.com.ar\/web\/wp-json\/wp\/v2\/posts\/6346\/revisions"}],"wp:featuredmedia":[{"embeddable":true,"href":"https:\/\/fmgente.com.ar\/web\/wp-json\/wp\/v2\/media\/6347"}],"wp:attachment":[{"href":"https:\/\/fmgente.com.ar\/web\/wp-json\/wp\/v2\/media?parent=6346"}],"wp:term":[{"taxonomy":"category","embeddable":true,"href":"https:\/\/fmgente.com.ar\/web\/wp-json\/wp\/v2\/categories?post=6346"},{"taxonomy":"post_tag","embeddable":true,"href":"https:\/\/fmgente.com.ar\/web\/wp-json\/wp\/v2\/tags?post=6346"}],"curies":[{"name":"wp","href":"https:\/\/api.w.org\/{rel}","templated":true}]}}