{"id":6344,"date":"2025-10-08T06:08:45","date_gmt":"2025-10-08T09:08:45","guid":{"rendered":"https:\/\/fmgente.com.ar\/juana-repetto-se-sincero-sobre-los-cambios-fisicos-en-su-embarazo-lo-paso-mal-lo-sufro\/"},"modified":"2025-10-08T06:08:45","modified_gmt":"2025-10-08T09:08:45","slug":"juana-repetto-se-sincero-sobre-los-cambios-fisicos-en-su-embarazo-lo-paso-mal-lo-sufro","status":"publish","type":"post","link":"https:\/\/fmgente.com.ar\/web\/juana-repetto-se-sincero-sobre-los-cambios-fisicos-en-su-embarazo-lo-paso-mal-lo-sufro\/","title":{"rendered":"Juana Repetto se sincer\u00f3 sobre los cambios f\u00edsicos en su embarazo: \u201cLo pas\u00f3 mal. Lo sufro\u201d"},"content":{"rendered":"<p>Activa en las redes sociales donde a diario comparte su d\u00eda a d\u00eda como mam\u00e1 e influencer, a poco de anunciar que espera a su tercer hijo con <strong>Sebasti\u00e1n Graviotto<\/strong>, su ex marido y padre de <strong>Belisario<\/strong>, la actriz hIzo catarsis en internet donde se desahog\u00f3 sobre los cambios corporales que atraviesa.<\/p>\n<p>Recordando una vez m\u00e1s lo mal que la pas\u00f3 de chica por tener sobrepeso y la dieta que la ayud\u00f3 a estar en forma con una alimentaci\u00f3n saludable y h\u00e1bitos que adquiri\u00f3, en tanto transita la semana 18 de gestaci\u00f3n <strong>Juana Repetto <\/strong>lanz\u00f3: \u201c<em>Estoy tratando de desayunar al aire libre\u201d.<\/em><\/p>\n<p><em>\u201cEstoy tratando de aplicar nuevamente los talleres de 7 alimentos de mi doctor. Lo que me motiva empezar es el cambio f\u00edsico. Lo cual est\u00e1 mal pero me recuerda todos los otros beneficios de este plan. A mi me cambiaron los an\u00e1lisis de sangre, las u\u00f1as, el pelo, y una lo recuerda cuando te ves mal<\/em>\u201d, sigui\u00f3.<\/p>\n<div class=\"mt-box \">\n<h4 class=\"mt-heading\">Mir\u00e1 Tambi\u00e9n<\/h4>\n<p><a href=\"https:\/\/www.paparazzi.com.ar\/teve\/la-feroz-pelea-de-juan-pablo-varsky-y-pablo-giralt-que-tiene-en-vilo-al-mundo-del-futbol-se-llevan-pesimo-horrible-muy-feo\/\"><\/p>\n<div class=\"mt-content\">\n<div class=\"mt-image-container\"><img decoding=\"async\" src=\"https:\/\/www.paparazzi.com.ar\/wp-content\/uploads\/2025\/10\/Giralt-Varsky-1-359x226.jpg\" alt=\"La feroz pelea de Juan Pablo Varsky y Pablo Giralt que tiene en vilo al mundo del f\u00fatbol: &quot;Se llevan p\u00e9simo, horrible, muy feo&quot;\" class=\"mt-image\" loading=\"lazy\" \/><\/div>\n<h5 class=\"mt-title\">La feroz pelea de Juan Pablo Varsky y Pablo Giralt que tiene en vilo al mundo del f\u00fatbol: \u00abSe llevan p\u00e9simo, horrible, muy feo\u00bb<\/h5>\n<\/div>\n<p><\/a><\/div>\n<p>En cuanto al tema, <a href=\"https:\/\/www.paparazzi.com.ar\/teve\/juana-repetto-se-grabo-tomando-una-cerveza-en-medio-de-su-embarazo-y-desato-un-escandalo\/\">la hija de <strong>Reina Reech<\/strong><\/a> continu\u00f3: <em>\u201cMe da bronca decir que vuelvo sl plan, al pdf, a escribir al doc, porque estoy subiendo de peso y esto me trajo ganas de aplicar porque estoy embarazada y necesito estar nutrida con o que las c\u00e9lulas necesitan. Pero, lamentablemente, me motiva a volver el verme como el orto f\u00edsicamente\u201d<\/em>.<\/p>\n<h2 class=\"wp-block-heading\">EL PASADO QUE AUN LE PESA<\/h2>\n<p><em>\u201cEstoy con este tema que me parece que nos interpela muchas mujeres, y sobre todo a muchas madres por el cambio de la maternidad cuando se cursa un embarazo. Es mala palabra decir que una se siente mal con su cuerpo, m\u00e1s si est\u00e1s gestando\u201d,<\/em> remarc\u00f3 <a href=\"https:\/\/www.paparazzi.com.ar\/teve\/juana-repetto-confeso-el-drama-que-sufre-con-su-cuerpo-mientras-avanza-su-tercer-embarazo-sufro\/\">Juana<\/a>.<\/p>\n<p>Con total sinceridad Repetto sum\u00f3: \u201c<em>Me gusta hablar. Tuve sobrepeso toda mi infancia, pre infancia y adolescencia. Me cag\u00f3 la vida. La pas\u00e9 como el orto. Y si bien hago un gran laburo de aceptaci\u00f3n, aprend\u00ed a correr en culo en la playa hace unos a\u00f1os. Tuve un cambio f\u00edsico muy grande, tengo estrias, logr\u00e9 obtener actividad. No est\u00e1 tan resuelto.<\/em> Hoy lo sufro\u201d.<\/p>\n<figure class=\"wp-block-image size-full\"><img decoding=\"async\" src=\"https:\/\/www.paparazzi.com.ar\/wp-content\/uploads\/2025\/09\/juana-repetto-1.jpg.webp\" loading=\"lazy\" alt=\"\" class=\"wp-image-441763\" \/><\/figure>\n<div class=\"mt-box \">\n<h4 class=\"mt-heading\">Mir\u00e1 Tambi\u00e9n<\/h4>\n<p><a href=\"https:\/\/www.paparazzi.com.ar\/teve\/daniela-celis-confeso-la-pesadilla-que-vivio-desde-el-accidente-de-thiago-medina-baje-8-kilos-y-me-sacaron-el\/\"><\/p>\n<div class=\"mt-content\">\n<div class=\"mt-image-container\"><img decoding=\"async\" src=\"https:\/\/www.paparazzi.com.ar\/wp-content\/uploads\/2025\/10\/daniela-celis-thiago-medina-2-359x226.jpg\" alt=\"Daniela Celis confes\u00f3 la pesadilla que vivi\u00f3 desde el accidente de Thiago Medina: \u201cBaj\u00e9 8 kilos y me sacaron el...&quot;\" class=\"mt-image\" loading=\"lazy\" \/><\/div>\n<h5 class=\"mt-title\">Daniela Celis confes\u00f3 la pesadilla que vivi\u00f3 desde el accidente de Thiago Medina: \u201cBaj\u00e9 8 kilos y me sacaron el&#8230;\u00bb<\/h5>\n<\/div>\n<p><\/a><\/div>\n<div class=\"mt-box \">\n<h4 class=\"mt-heading\">Mir\u00e1 Tambi\u00e9n<\/h4>\n<p><a href=\"https:\/\/www.paparazzi.com.ar\/horoscopo\/los-3-signos-del-horoscopo-chino-que-tendran-problemas-amorosos-en-octubre-segun-ludovica-squirru\/\"><\/p>\n<div class=\"mt-content\">\n<div class=\"mt-image-container\"><img decoding=\"async\" src=\"https:\/\/www.paparazzi.com.ar\/wp-content\/uploads\/2025\/10\/Los-3-signos-del-Horoscopo-Chino-que-tendran-problemas-amorosos-en-octubre-segun-Ludovica-Squirru-359x226.jpg\" alt=\"Los 3 signos del Hor\u00f3scopo Chino que tendr\u00e1n problemas amorosos en octubre, seg\u00fan Ludovica Squirru\" class=\"mt-image\" loading=\"lazy\" \/><\/div>\n<h5 class=\"mt-title\">Los 3 signos del Hor\u00f3scopo Chino que tendr\u00e1n problemas amorosos en octubre, seg\u00fan Ludovica Squirru<\/h5>\n<\/div>\n<p><\/a><\/div>\n<p>The post <a href=\"https:\/\/www.paparazzi.com.ar\/teve\/juana-repetto-se-sincero-sobre-los-cambios-fisicos-en-su-embarazo-lo-paso-mal-lo-sufro\/\">Juana Repetto se sincer\u00f3 sobre los cambios f\u00edsicos en su embarazo: \u201cLo pas\u00f3 mal. Lo sufro\u201d<\/a> appeared first on <a href=\"https:\/\/www.paparazzi.com.ar\">Revista Paparazzi<\/a>.<\/p>\n","protected":false},"excerpt":{"rendered":"<p>Activa en las redes sociales donde a diario comparte su d\u00eda a d\u00eda como mam\u00e1<\/p>\n","protected":false},"author":0,"featured_media":6345,"comment_status":"","ping_status":"","sticky":false,"template":"","format":"standard","meta":{"footnotes":""},"categories":[11],"tags":[],"class_list":["post-6344","post","type-post","status-publish","format-standard","has-post-thumbnail","hentry","category-destacadas"],"yoast_head":"<!-- This site is optimized with the Yoast SEO plugin v28.3 - https:\/\/yoast.com\/product\/yoast-seo-wordpress\/ -->\n<title>Juana Repetto se sincer\u00f3 sobre los cambios f\u00edsicos en su embarazo: \u201cLo pas\u00f3 mal. Lo sufro\u201d - Fm Gente<\/title>\n<meta name=\"robots\" content=\"index, follow, max-snippet:-1, max-image-preview:large, max-video-preview:-1\" \/>\n<link rel=\"canonical\" href=\"https:\/\/fmgente.com.ar\/web\/juana-repetto-se-sincero-sobre-los-cambios-fisicos-en-su-embarazo-lo-paso-mal-lo-sufro\/\" \/>\n<meta property=\"og:locale\" content=\"es_ES\" \/>\n<meta property=\"og:type\" content=\"article\" \/>\n<meta property=\"og:title\" content=\"Juana Repetto se sincer\u00f3 sobre los cambios f\u00edsicos en su embarazo: \u201cLo pas\u00f3 mal. Lo sufro\u201d - Fm Gente\" \/>\n<meta property=\"og:description\" content=\"Activa en las redes sociales donde a diario comparte su d\u00eda a d\u00eda como mam\u00e1\" \/>\n<meta property=\"og:url\" content=\"https:\/\/fmgente.com.ar\/web\/juana-repetto-se-sincero-sobre-los-cambios-fisicos-en-su-embarazo-lo-paso-mal-lo-sufro\/\" \/>\n<meta property=\"og:site_name\" content=\"Fm Gente\" \/>\n<meta property=\"article:published_time\" content=\"2025-10-08T09:08:45+00:00\" \/>\n<meta property=\"og:image\" content=\"https:\/\/fmgente.com.ar\/web\/wp-content\/uploads\/2025\/10\/Giralt-Varsky-1-359x226-1.jpg\" \/>\n\t<meta property=\"og:image:width\" content=\"359\" \/>\n\t<meta property=\"og:image:height\" content=\"226\" \/>\n\t<meta property=\"og:image:type\" content=\"image\/jpeg\" \/>\n<meta name=\"twitter:card\" content=\"summary_large_image\" \/>\n<meta name=\"twitter:label1\" content=\"Tiempo de lectura\" \/>\n\t<meta name=\"twitter:data1\" content=\"2 minutos\" \/>\n<script type=\"application\/ld+json\" class=\"yoast-schema-graph\">{\"@context\":\"https:\\\/\\\/schema.org\",\"@graph\":[{\"@type\":\"Article\",\"@id\":\"https:\\\/\\\/fmgente.com.ar\\\/web\\\/juana-repetto-se-sincero-sobre-los-cambios-fisicos-en-su-embarazo-lo-paso-mal-lo-sufro\\\/#article\",\"isPartOf\":{\"@id\":\"https:\\\/\\\/fmgente.com.ar\\\/web\\\/juana-repetto-se-sincero-sobre-los-cambios-fisicos-en-su-embarazo-lo-paso-mal-lo-sufro\\\/\"},\"author\":{\"name\":\"\",\"@id\":\"\"},\"headline\":\"Juana Repetto se sincer\u00f3 sobre los cambios f\u00edsicos en su embarazo: \u201cLo pas\u00f3 mal. Lo sufro\u201d\",\"datePublished\":\"2025-10-08T09:08:45+00:00\",\"mainEntityOfPage\":{\"@id\":\"https:\\\/\\\/fmgente.com.ar\\\/web\\\/juana-repetto-se-sincero-sobre-los-cambios-fisicos-en-su-embarazo-lo-paso-mal-lo-sufro\\\/\"},\"wordCount\":464,\"publisher\":{\"@id\":\"https:\\\/\\\/fmgente.com.ar\\\/web\\\/#organization\"},\"image\":{\"@id\":\"https:\\\/\\\/fmgente.com.ar\\\/web\\\/juana-repetto-se-sincero-sobre-los-cambios-fisicos-en-su-embarazo-lo-paso-mal-lo-sufro\\\/#primaryimage\"},\"thumbnailUrl\":\"https:\\\/\\\/fmgente.com.ar\\\/web\\\/wp-content\\\/uploads\\\/2025\\\/10\\\/Giralt-Varsky-1-359x226-1.jpg\",\"articleSection\":[\"DESTACADAS\"],\"inLanguage\":\"es\"},{\"@type\":\"WebPage\",\"@id\":\"https:\\\/\\\/fmgente.com.ar\\\/web\\\/juana-repetto-se-sincero-sobre-los-cambios-fisicos-en-su-embarazo-lo-paso-mal-lo-sufro\\\/\",\"url\":\"https:\\\/\\\/fmgente.com.ar\\\/web\\\/juana-repetto-se-sincero-sobre-los-cambios-fisicos-en-su-embarazo-lo-paso-mal-lo-sufro\\\/\",\"name\":\"Juana Repetto se sincer\u00f3 sobre los cambios f\u00edsicos en su embarazo: \u201cLo pas\u00f3 mal. Lo sufro\u201d - Fm Gente\",\"isPartOf\":{\"@id\":\"https:\\\/\\\/fmgente.com.ar\\\/web\\\/#website\"},\"primaryImageOfPage\":{\"@id\":\"https:\\\/\\\/fmgente.com.ar\\\/web\\\/juana-repetto-se-sincero-sobre-los-cambios-fisicos-en-su-embarazo-lo-paso-mal-lo-sufro\\\/#primaryimage\"},\"image\":{\"@id\":\"https:\\\/\\\/fmgente.com.ar\\\/web\\\/juana-repetto-se-sincero-sobre-los-cambios-fisicos-en-su-embarazo-lo-paso-mal-lo-sufro\\\/#primaryimage\"},\"thumbnailUrl\":\"https:\\\/\\\/fmgente.com.ar\\\/web\\\/wp-content\\\/uploads\\\/2025\\\/10\\\/Giralt-Varsky-1-359x226-1.jpg\",\"datePublished\":\"2025-10-08T09:08:45+00:00\",\"inLanguage\":\"es\",\"potentialAction\":[{\"@type\":\"ReadAction\",\"target\":[\"https:\\\/\\\/fmgente.com.ar\\\/web\\\/juana-repetto-se-sincero-sobre-los-cambios-fisicos-en-su-embarazo-lo-paso-mal-lo-sufro\\\/\"]}]},{\"@type\":\"ImageObject\",\"inLanguage\":\"es\",\"@id\":\"https:\\\/\\\/fmgente.com.ar\\\/web\\\/juana-repetto-se-sincero-sobre-los-cambios-fisicos-en-su-embarazo-lo-paso-mal-lo-sufro\\\/#primaryimage\",\"url\":\"https:\\\/\\\/fmgente.com.ar\\\/web\\\/wp-content\\\/uploads\\\/2025\\\/10\\\/Giralt-Varsky-1-359x226-1.jpg\",\"contentUrl\":\"https:\\\/\\\/fmgente.com.ar\\\/web\\\/wp-content\\\/uploads\\\/2025\\\/10\\\/Giralt-Varsky-1-359x226-1.jpg\",\"width\":359,\"height\":226},{\"@type\":\"WebSite\",\"@id\":\"https:\\\/\\\/fmgente.com.ar\\\/web\\\/#website\",\"url\":\"https:\\\/\\\/fmgente.com.ar\\\/web\\\/\",\"name\":\"Fm Gente\",\"description\":\"- Jes\u00fas Mar\u00eda\",\"publisher\":{\"@id\":\"https:\\\/\\\/fmgente.com.ar\\\/web\\\/#organization\"},\"potentialAction\":[{\"@type\":\"SearchAction\",\"target\":{\"@type\":\"EntryPoint\",\"urlTemplate\":\"https:\\\/\\\/fmgente.com.ar\\\/web\\\/?s={search_term_string}\"},\"query-input\":{\"@type\":\"PropertyValueSpecification\",\"valueRequired\":true,\"valueName\":\"search_term_string\"}}],\"inLanguage\":\"es\"},{\"@type\":\"Organization\",\"@id\":\"https:\\\/\\\/fmgente.com.ar\\\/web\\\/#organization\",\"name\":\"Fm Gente\",\"url\":\"https:\\\/\\\/fmgente.com.ar\\\/web\\\/\",\"logo\":{\"@type\":\"ImageObject\",\"inLanguage\":\"es\",\"@id\":\"https:\\\/\\\/fmgente.com.ar\\\/web\\\/#\\\/schema\\\/logo\\\/image\\\/\",\"url\":\"https:\\\/\\\/fmgente.com.ar\\\/web\\\/wp-content\\\/uploads\\\/2023\\\/07\\\/cropped-cropped-logo-sombra2.png\",\"contentUrl\":\"https:\\\/\\\/fmgente.com.ar\\\/web\\\/wp-content\\\/uploads\\\/2023\\\/07\\\/cropped-cropped-logo-sombra2.png\",\"width\":1782,\"height\":1782,\"caption\":\"Fm Gente\"},\"image\":{\"@id\":\"https:\\\/\\\/fmgente.com.ar\\\/web\\\/#\\\/schema\\\/logo\\\/image\\\/\"}}]}<\/script>\n<!-- \/ Yoast SEO plugin. -->","yoast_head_json":{"title":"Juana Repetto se sincer\u00f3 sobre los cambios f\u00edsicos en su embarazo: \u201cLo pas\u00f3 mal. Lo sufro\u201d - Fm Gente","robots":{"index":"index","follow":"follow","max-snippet":"max-snippet:-1","max-image-preview":"max-image-preview:large","max-video-preview":"max-video-preview:-1"},"canonical":"https:\/\/fmgente.com.ar\/web\/juana-repetto-se-sincero-sobre-los-cambios-fisicos-en-su-embarazo-lo-paso-mal-lo-sufro\/","og_locale":"es_ES","og_type":"article","og_title":"Juana Repetto se sincer\u00f3 sobre los cambios f\u00edsicos en su embarazo: \u201cLo pas\u00f3 mal. Lo sufro\u201d - Fm Gente","og_description":"Activa en las redes sociales donde a diario comparte su d\u00eda a d\u00eda como mam\u00e1","og_url":"https:\/\/fmgente.com.ar\/web\/juana-repetto-se-sincero-sobre-los-cambios-fisicos-en-su-embarazo-lo-paso-mal-lo-sufro\/","og_site_name":"Fm Gente","article_published_time":"2025-10-08T09:08:45+00:00","og_image":[{"width":359,"height":226,"url":"https:\/\/fmgente.com.ar\/web\/wp-content\/uploads\/2025\/10\/Giralt-Varsky-1-359x226-1.jpg","type":"image\/jpeg"}],"twitter_card":"summary_large_image","twitter_misc":{"Tiempo de lectura":"2 minutos"},"schema":{"@context":"https:\/\/schema.org","@graph":[{"@type":"Article","@id":"https:\/\/fmgente.com.ar\/web\/juana-repetto-se-sincero-sobre-los-cambios-fisicos-en-su-embarazo-lo-paso-mal-lo-sufro\/#article","isPartOf":{"@id":"https:\/\/fmgente.com.ar\/web\/juana-repetto-se-sincero-sobre-los-cambios-fisicos-en-su-embarazo-lo-paso-mal-lo-sufro\/"},"author":{"name":"","@id":""},"headline":"Juana Repetto se sincer\u00f3 sobre los cambios f\u00edsicos en su embarazo: \u201cLo pas\u00f3 mal. Lo sufro\u201d","datePublished":"2025-10-08T09:08:45+00:00","mainEntityOfPage":{"@id":"https:\/\/fmgente.com.ar\/web\/juana-repetto-se-sincero-sobre-los-cambios-fisicos-en-su-embarazo-lo-paso-mal-lo-sufro\/"},"wordCount":464,"publisher":{"@id":"https:\/\/fmgente.com.ar\/web\/#organization"},"image":{"@id":"https:\/\/fmgente.com.ar\/web\/juana-repetto-se-sincero-sobre-los-cambios-fisicos-en-su-embarazo-lo-paso-mal-lo-sufro\/#primaryimage"},"thumbnailUrl":"https:\/\/fmgente.com.ar\/web\/wp-content\/uploads\/2025\/10\/Giralt-Varsky-1-359x226-1.jpg","articleSection":["DESTACADAS"],"inLanguage":"es"},{"@type":"WebPage","@id":"https:\/\/fmgente.com.ar\/web\/juana-repetto-se-sincero-sobre-los-cambios-fisicos-en-su-embarazo-lo-paso-mal-lo-sufro\/","url":"https:\/\/fmgente.com.ar\/web\/juana-repetto-se-sincero-sobre-los-cambios-fisicos-en-su-embarazo-lo-paso-mal-lo-sufro\/","name":"Juana Repetto se sincer\u00f3 sobre los cambios f\u00edsicos en su embarazo: \u201cLo pas\u00f3 mal. Lo sufro\u201d - Fm Gente","isPartOf":{"@id":"https:\/\/fmgente.com.ar\/web\/#website"},"primaryImageOfPage":{"@id":"https:\/\/fmgente.com.ar\/web\/juana-repetto-se-sincero-sobre-los-cambios-fisicos-en-su-embarazo-lo-paso-mal-lo-sufro\/#primaryimage"},"image":{"@id":"https:\/\/fmgente.com.ar\/web\/juana-repetto-se-sincero-sobre-los-cambios-fisicos-en-su-embarazo-lo-paso-mal-lo-sufro\/#primaryimage"},"thumbnailUrl":"https:\/\/fmgente.com.ar\/web\/wp-content\/uploads\/2025\/10\/Giralt-Varsky-1-359x226-1.jpg","datePublished":"2025-10-08T09:08:45+00:00","inLanguage":"es","potentialAction":[{"@type":"ReadAction","target":["https:\/\/fmgente.com.ar\/web\/juana-repetto-se-sincero-sobre-los-cambios-fisicos-en-su-embarazo-lo-paso-mal-lo-sufro\/"]}]},{"@type":"ImageObject","inLanguage":"es","@id":"https:\/\/fmgente.com.ar\/web\/juana-repetto-se-sincero-sobre-los-cambios-fisicos-en-su-embarazo-lo-paso-mal-lo-sufro\/#primaryimage","url":"https:\/\/fmgente.com.ar\/web\/wp-content\/uploads\/2025\/10\/Giralt-Varsky-1-359x226-1.jpg","contentUrl":"https:\/\/fmgente.com.ar\/web\/wp-content\/uploads\/2025\/10\/Giralt-Varsky-1-359x226-1.jpg","width":359,"height":226},{"@type":"WebSite","@id":"https:\/\/fmgente.com.ar\/web\/#website","url":"https:\/\/fmgente.com.ar\/web\/","name":"Fm Gente","description":"- Jes\u00fas Mar\u00eda","publisher":{"@id":"https:\/\/fmgente.com.ar\/web\/#organization"},"potentialAction":[{"@type":"SearchAction","target":{"@type":"EntryPoint","urlTemplate":"https:\/\/fmgente.com.ar\/web\/?s={search_term_string}"},"query-input":{"@type":"PropertyValueSpecification","valueRequired":true,"valueName":"search_term_string"}}],"inLanguage":"es"},{"@type":"Organization","@id":"https:\/\/fmgente.com.ar\/web\/#organization","name":"Fm Gente","url":"https:\/\/fmgente.com.ar\/web\/","logo":{"@type":"ImageObject","inLanguage":"es","@id":"https:\/\/fmgente.com.ar\/web\/#\/schema\/logo\/image\/","url":"https:\/\/fmgente.com.ar\/web\/wp-content\/uploads\/2023\/07\/cropped-cropped-logo-sombra2.png","contentUrl":"https:\/\/fmgente.com.ar\/web\/wp-content\/uploads\/2023\/07\/cropped-cropped-logo-sombra2.png","width":1782,"height":1782,"caption":"Fm Gente"},"image":{"@id":"https:\/\/fmgente.com.ar\/web\/#\/schema\/logo\/image\/"}}]}},"_links":{"self":[{"href":"https:\/\/fmgente.com.ar\/web\/wp-json\/wp\/v2\/posts\/6344","targetHints":{"allow":["GET"]}}],"collection":[{"href":"https:\/\/fmgente.com.ar\/web\/wp-json\/wp\/v2\/posts"}],"about":[{"href":"https:\/\/fmgente.com.ar\/web\/wp-json\/wp\/v2\/types\/post"}],"replies":[{"embeddable":true,"href":"https:\/\/fmgente.com.ar\/web\/wp-json\/wp\/v2\/comments?post=6344"}],"version-history":[{"count":0,"href":"https:\/\/fmgente.com.ar\/web\/wp-json\/wp\/v2\/posts\/6344\/revisions"}],"wp:featuredmedia":[{"embeddable":true,"href":"https:\/\/fmgente.com.ar\/web\/wp-json\/wp\/v2\/media\/6345"}],"wp:attachment":[{"href":"https:\/\/fmgente.com.ar\/web\/wp-json\/wp\/v2\/media?parent=6344"}],"wp:term":[{"taxonomy":"category","embeddable":true,"href":"https:\/\/fmgente.com.ar\/web\/wp-json\/wp\/v2\/categories?post=6344"},{"taxonomy":"post_tag","embeddable":true,"href":"https:\/\/fmgente.com.ar\/web\/wp-json\/wp\/v2\/tags?post=6344"}],"curies":[{"name":"wp","href":"https:\/\/api.w.org\/{rel}","templated":true}]}}