{"id":6342,"date":"2025-10-08T06:08:44","date_gmt":"2025-10-08T09:08:44","guid":{"rendered":"https:\/\/fmgente.com.ar\/camila-homs-revelo-si-se-va-a-casar-o-no-con-jose-sosa-a-4-meses-de-convertirse-en-mama\/"},"modified":"2025-10-08T06:08:44","modified_gmt":"2025-10-08T09:08:44","slug":"camila-homs-revelo-si-se-va-a-casar-o-no-con-jose-sosa-a-4-meses-de-convertirse-en-mama","status":"publish","type":"post","link":"https:\/\/fmgente.com.ar\/web\/camila-homs-revelo-si-se-va-a-casar-o-no-con-jose-sosa-a-4-meses-de-convertirse-en-mama\/","title":{"rendered":"Camila Homs revel\u00f3 si se va a casar o no con Jos\u00e9 Sosa a 4 meses de convertirse en mam\u00e1"},"content":{"rendered":"<p><strong>Camila Homs<\/strong> vivi\u00f3 una noche cargada de emociones durante los Mart\u00edn Fierro. Invitada por su paso por Bake Off, ciclo que se llev\u00f3 una estatuilla en la gala, la modelo deslumbr\u00f3 en la alfombra roja con un vestido de sat\u00e9n negro que realz\u00f3 su embarazo. Sin dudas est\u00e1 viviendo un momento de felicidad absoluta, con la esperada y muy deseada de su tercer beb\u00e9.<\/p>\n<p>Entre flashes y notas que fue dando, <strong><a href=\"https:\/\/www.paparazzi.com.ar\/sin-categoria\/cami-homs-conto-como-es-el-acuerdo-que-tiene-con-rodrigo-de-paul-por-sus-hijos-tras-la-boda-con-tini-stoessel\/\">Camila<\/a><\/strong> se detuvo para hablar de su presente, sus hijos y la convivencia con <strong>Jos\u00e9 Sosa<\/strong>, su pareja actual y padre del beb\u00e9 que viene en camino. Pero m\u00e1s all\u00e1 de que sabe hacia d\u00f3nde apunta su verdadero horizonte, no pudo evitar la ya cl\u00e1sica pregunta sobre el romance de su ex <strong>Rodrigo De Paul<\/strong> y <strong>Tini Stoessel<\/strong>, quienes aparentemente planean su boda.<\/p>\n<p>Desde hace meses la reconciliaci\u00f3n de <strong>De Paul <\/strong>y <strong>Tini<\/strong> es un hecho. Incluso ahora trascendi\u00f3 que se casar\u00e1n el pr\u00f3ximo 20 de diciembre, algo que fue inevitable preguntarle a <strong><a href=\"https:\/\/www.paparazzi.com.ar\/teve\/camila-homs-mostro-como-crece-su-pancita-de-embarazada-a-los-5-meses\/\">Camila<\/a><\/strong>. Sin embargo, la famosa no dio vueltas y se sincer\u00f3: <em>\u201cNo estoy al tanto y no tengo ni la menor idea, pero mientras sean felices, bienvenido sea. Y siempre digo lo mismo, mientras mis hijos est\u00e9n bien, todo bien\u201d<\/em>.<\/p>\n<div class=\"mt-box \">\n<h4 class=\"mt-heading\">Mir\u00e1 Tambi\u00e9n<\/h4>\n<p><a href=\"https:\/\/www.paparazzi.com.ar\/videos\/exclusivo-marcelo-polino-hablo-como-nunca-de-su-vida-intima-y-conto-cuando-fue-la-ultima-vez-que-tuvo-sexo-con-una-mujer\/\"><\/p>\n<div class=\"mt-content\">\n<div class=\"mt-image-container\"><img decoding=\"async\" src=\"https:\/\/www.paparazzi.com.ar\/wp-content\/uploads\/2025\/09\/IMG_5980-359x226.jpg\" alt=\"\u00a1Exclusivo! Marcelo Polino habl\u00f3 como nunca de su vida \u00edntima y cont\u00f3 cu\u00e1ndo fue la \u00faltima vez que tuvo sexo con una mujer\u00a0\" class=\"mt-image\" loading=\"lazy\" \/><\/div>\n<h5 class=\"mt-title\">\u00a1Exclusivo! Marcelo Polino habl\u00f3 como nunca de su vida \u00edntima y cont\u00f3 cu\u00e1ndo fue la \u00faltima vez que tuvo sexo con una mujer\u00a0<\/h5>\n<\/div>\n<p><\/a><\/div>\n<p>Pero desde la prensa fueron m\u00e1s all\u00e1 y le preguntaron a <strong><a href=\"https:\/\/www.paparazzi.com.ar\/teve\/camila-homs-preocupo-a-todos-con-un-detalle-de-su-embarazo-de-5-meses-lo-que-queda-de-mi\/\">Homs<\/a><\/strong> si hasta ve\u00eda la posibilidad de que <strong>Rodrigo<\/strong> le hiciera llegar una invitaci\u00f3n al casamiento. Obviamente que, sabiendo los esc\u00e1ndalos que protagonizaron tiempo atr\u00e1s, la modelo descart\u00f3 por completo esa chance: <em>\u201cAy no chicos, qu\u00e9 pregunta\u2026 no, pero nunca me llegar\u00eda esa invitaci\u00f3n\u201d<\/em>.<\/p>\n<h2 class=\"wp-block-heading\">QU\u00c9 DIJO CAMI HOMS SOBRE LA POSIBILIDAD DE CASARSE CON EL PRINCIPITO SOSA<\/h2>\n<p>Sin embargo, la sonrisa de <strong>Camila<\/strong> fue total cuando le tocaron uno de los temas m\u00e1s bellos de su vida actual: su relaci\u00f3n con el <strong><em>Principito<\/em><\/strong><strong> Sosa<\/strong>, con quien convive desde hace m\u00e1s de 2 a\u00f1os. \u00bfY cu\u00e1l fue esa gran pregunta? Si en alg\u00fan momento, ahora que son una familia ensamblada y esperan un hijo juntos, tiene pensado pasar por el altar con el futbolista de Estudiantes de La Plata.<\/p>\n<p><em>\u201c\u00a1Ojal\u00e1! Ojal\u00e1 que s\u00ed, me gustar\u00eda, pero tiempo al tiempo. Ahora estamos enfocados 100% a esto (por su embarazo) y despu\u00e9s veremos, pero ojal\u00e1 que se d\u00e9\u201d<\/em>, cont\u00f3 <strong>Camila<\/strong> entre risas, con el deseo de que en alg\u00fan momento su romance con el mediocampista pueda dar un paso adelante. Luego, sin perder el humor, agreg\u00f3: <em>\u201cA m\u00ed dejame un traguito, ahora no puedo tomar nada\u201d<\/em>.<\/p>\n<div class=\"mt-box \">\n<h4 class=\"mt-heading\">Mir\u00e1 Tambi\u00e9n<\/h4>\n<p><a href=\"https:\/\/www.paparazzi.com.ar\/sin-categoria\/cami-homs-conto-como-es-el-acuerdo-que-tiene-con-rodrigo-de-paul-por-sus-hijos-tras-la-boda-con-tini-stoessel\/\"><\/p>\n<div class=\"mt-content\">\n<div class=\"mt-image-container\"><img decoding=\"async\" src=\"https:\/\/www.paparazzi.com.ar\/wp-content\/uploads\/2025\/07\/Tini-Stoessel-Rodrigo-de-Paul-Cami-Homs-359x226.jpg\" alt=\"Cami Homs cont\u00f3 c\u00f3mo es el acuerdo que tiene con Rodrigo de Paul por sus hijos tras la boda con Tini Stoessel\" class=\"mt-image\" loading=\"lazy\" \/><\/div>\n<h5 class=\"mt-title\">Cami Homs cont\u00f3 c\u00f3mo es el acuerdo que tiene con Rodrigo de Paul por sus hijos tras la boda con Tini Stoessel<\/h5>\n<\/div>\n<p><\/a><\/div>\n<p><strong>Homs<\/strong> tambi\u00e9n habl\u00f3 de c\u00f3mo lograron ensamblar la familia de manera armoniosa, recordando que ella tiene dos hijos con <strong>De Paul <\/strong>-Francesca y Bautista- y que <strong>Sosa<\/strong> tiene otras dos ni\u00f1as de una relaci\u00f3n anterior: <em>\u201cMis hijos est\u00e1n acostumbrados a estar con Jos\u00e9, porque convivimos hace poco m\u00e1s de dos a\u00f1os, y a estar con su pap\u00e1 tambi\u00e9n. Ellos viajan siempre que quieren y ahora que est\u00e1 m\u00e1s cerca, m\u00e1s a\u00fan\u201d<\/em>.<\/p>\n<p>Por \u00faltimo, sobre su v\u00ednculo con el futbolista de la Selecci\u00f3n argentina, <strong>Camila<\/strong> explic\u00f3 c\u00f3mo lleg\u00f3 a este cordial v\u00ednculo con el pap\u00e1 de sus hijos m\u00e1s grandes <em>\u201cAl principio cuesta como toda separaci\u00f3n, pero uno tiene que priorizar a los hijos que es lo m\u00e1s importante. En nuestro caso, m\u00e1s todav\u00eda y siempre decimos lo mismo, mientras ellos est\u00e9n bien\u2026 va a estar todo bien\u201d<\/em>.<\/p>\n<div class=\"mt-box \">\n<h4 class=\"mt-heading\">Mir\u00e1 Tambi\u00e9n<\/h4>\n<p><a href=\"https:\/\/www.paparazzi.com.ar\/teve\/camila-homs-mostro-como-crece-su-pancita-de-embarazada-a-los-5-meses\/\"><\/p>\n<div class=\"mt-content\">\n<div class=\"mt-image-container\"><img decoding=\"async\" src=\"https:\/\/www.paparazzi.com.ar\/wp-content\/uploads\/2025\/09\/Camila-Homs-1-359x226.jpg\" alt=\"Camila Homs mostr\u00f3 c\u00f3mo crece su pancita de embarazada a los 5 meses\" class=\"mt-image\" loading=\"lazy\" \/><\/div>\n<h5 class=\"mt-title\">Camila Homs mostr\u00f3 c\u00f3mo crece su pancita de embarazada a los 5 meses<\/h5>\n<\/div>\n<p><\/a><\/div>\n<div class=\"mt-box \">\n<h4 class=\"mt-heading\">Mir\u00e1 Tambi\u00e9n<\/h4>\n<p><a href=\"https:\/\/www.paparazzi.com.ar\/teve\/camila-homs-preocupo-a-todos-con-un-detalle-de-su-embarazo-de-5-meses-lo-que-queda-de-mi\/\"><\/p>\n<div class=\"mt-content\">\n<div class=\"mt-image-container\"><img decoding=\"async\" src=\"https:\/\/www.paparazzi.com.ar\/wp-content\/uploads\/2025\/09\/Camila-Homs-359x226.jpg\" alt=\"Camila Homs preocup\u00f3 a todos con un detalle de su embarazo de 5 meses: \u201cLo que queda de mi\u2026\u201d\" class=\"mt-image\" loading=\"lazy\" \/><\/div>\n<h5 class=\"mt-title\">Camila Homs preocup\u00f3 a todos con un detalle de su embarazo de 5 meses: \u201cLo que queda de mi\u2026\u201d<\/h5>\n<\/div>\n<p><\/a><\/div>\n<p>The post <a href=\"https:\/\/www.paparazzi.com.ar\/romances\/camila-homs-revelo-si-se-va-a-casar-o-no-con-jose-sosa-a-4-meses-de-convertirse-en-mama\/\">Camila Homs revel\u00f3 si se va a casar o no con Jos\u00e9 Sosa a 4 meses de convertirse en mam\u00e1<\/a> appeared first on <a href=\"https:\/\/www.paparazzi.com.ar\">Revista Paparazzi<\/a>.<\/p>\n","protected":false},"excerpt":{"rendered":"<p>Camila Homs vivi\u00f3 una noche cargada de emociones durante los Mart\u00edn Fierro. Invitada por su<\/p>\n","protected":false},"author":0,"featured_media":6343,"comment_status":"","ping_status":"","sticky":false,"template":"","format":"standard","meta":{"footnotes":""},"categories":[11],"tags":[],"class_list":["post-6342","post","type-post","status-publish","format-standard","has-post-thumbnail","hentry","category-destacadas"],"yoast_head":"<!-- This site is optimized with the Yoast SEO plugin v28.3 - https:\/\/yoast.com\/product\/yoast-seo-wordpress\/ -->\n<title>Camila Homs revel\u00f3 si se va a casar o no con Jos\u00e9 Sosa a 4 meses de convertirse en mam\u00e1 - Fm Gente<\/title>\n<meta name=\"robots\" content=\"index, follow, max-snippet:-1, max-image-preview:large, max-video-preview:-1\" \/>\n<link rel=\"canonical\" href=\"https:\/\/fmgente.com.ar\/web\/camila-homs-revelo-si-se-va-a-casar-o-no-con-jose-sosa-a-4-meses-de-convertirse-en-mama\/\" \/>\n<meta property=\"og:locale\" content=\"es_ES\" \/>\n<meta property=\"og:type\" content=\"article\" \/>\n<meta property=\"og:title\" content=\"Camila Homs revel\u00f3 si se va a casar o no con Jos\u00e9 Sosa a 4 meses de convertirse en mam\u00e1 - Fm Gente\" \/>\n<meta property=\"og:description\" content=\"Camila Homs vivi\u00f3 una noche cargada de emociones durante los Mart\u00edn Fierro. Invitada por su\" \/>\n<meta property=\"og:url\" content=\"https:\/\/fmgente.com.ar\/web\/camila-homs-revelo-si-se-va-a-casar-o-no-con-jose-sosa-a-4-meses-de-convertirse-en-mama\/\" \/>\n<meta property=\"og:site_name\" content=\"Fm Gente\" \/>\n<meta property=\"article:published_time\" content=\"2025-10-08T09:08:44+00:00\" \/>\n<meta property=\"og:image\" content=\"https:\/\/fmgente.com.ar\/web\/wp-content\/uploads\/2025\/10\/IMG_5980-359x226-35.jpg\" \/>\n\t<meta property=\"og:image:width\" content=\"359\" \/>\n\t<meta property=\"og:image:height\" content=\"226\" \/>\n\t<meta property=\"og:image:type\" content=\"image\/jpeg\" \/>\n<meta name=\"twitter:card\" content=\"summary_large_image\" \/>\n<meta name=\"twitter:label1\" content=\"Tiempo de lectura\" \/>\n\t<meta name=\"twitter:data1\" content=\"4 minutos\" \/>\n<script type=\"application\/ld+json\" class=\"yoast-schema-graph\">{\"@context\":\"https:\\\/\\\/schema.org\",\"@graph\":[{\"@type\":\"Article\",\"@id\":\"https:\\\/\\\/fmgente.com.ar\\\/web\\\/camila-homs-revelo-si-se-va-a-casar-o-no-con-jose-sosa-a-4-meses-de-convertirse-en-mama\\\/#article\",\"isPartOf\":{\"@id\":\"https:\\\/\\\/fmgente.com.ar\\\/web\\\/camila-homs-revelo-si-se-va-a-casar-o-no-con-jose-sosa-a-4-meses-de-convertirse-en-mama\\\/\"},\"author\":{\"name\":\"\",\"@id\":\"\"},\"headline\":\"Camila Homs revel\u00f3 si se va a casar o no con Jos\u00e9 Sosa a 4 meses de convertirse en mam\u00e1\",\"datePublished\":\"2025-10-08T09:08:44+00:00\",\"mainEntityOfPage\":{\"@id\":\"https:\\\/\\\/fmgente.com.ar\\\/web\\\/camila-homs-revelo-si-se-va-a-casar-o-no-con-jose-sosa-a-4-meses-de-convertirse-en-mama\\\/\"},\"wordCount\":723,\"publisher\":{\"@id\":\"https:\\\/\\\/fmgente.com.ar\\\/web\\\/#organization\"},\"image\":{\"@id\":\"https:\\\/\\\/fmgente.com.ar\\\/web\\\/camila-homs-revelo-si-se-va-a-casar-o-no-con-jose-sosa-a-4-meses-de-convertirse-en-mama\\\/#primaryimage\"},\"thumbnailUrl\":\"https:\\\/\\\/fmgente.com.ar\\\/web\\\/wp-content\\\/uploads\\\/2025\\\/10\\\/IMG_5980-359x226-35.jpg\",\"articleSection\":[\"DESTACADAS\"],\"inLanguage\":\"es\"},{\"@type\":\"WebPage\",\"@id\":\"https:\\\/\\\/fmgente.com.ar\\\/web\\\/camila-homs-revelo-si-se-va-a-casar-o-no-con-jose-sosa-a-4-meses-de-convertirse-en-mama\\\/\",\"url\":\"https:\\\/\\\/fmgente.com.ar\\\/web\\\/camila-homs-revelo-si-se-va-a-casar-o-no-con-jose-sosa-a-4-meses-de-convertirse-en-mama\\\/\",\"name\":\"Camila Homs revel\u00f3 si se va a casar o no con Jos\u00e9 Sosa a 4 meses de convertirse en mam\u00e1 - Fm Gente\",\"isPartOf\":{\"@id\":\"https:\\\/\\\/fmgente.com.ar\\\/web\\\/#website\"},\"primaryImageOfPage\":{\"@id\":\"https:\\\/\\\/fmgente.com.ar\\\/web\\\/camila-homs-revelo-si-se-va-a-casar-o-no-con-jose-sosa-a-4-meses-de-convertirse-en-mama\\\/#primaryimage\"},\"image\":{\"@id\":\"https:\\\/\\\/fmgente.com.ar\\\/web\\\/camila-homs-revelo-si-se-va-a-casar-o-no-con-jose-sosa-a-4-meses-de-convertirse-en-mama\\\/#primaryimage\"},\"thumbnailUrl\":\"https:\\\/\\\/fmgente.com.ar\\\/web\\\/wp-content\\\/uploads\\\/2025\\\/10\\\/IMG_5980-359x226-35.jpg\",\"datePublished\":\"2025-10-08T09:08:44+00:00\",\"inLanguage\":\"es\",\"potentialAction\":[{\"@type\":\"ReadAction\",\"target\":[\"https:\\\/\\\/fmgente.com.ar\\\/web\\\/camila-homs-revelo-si-se-va-a-casar-o-no-con-jose-sosa-a-4-meses-de-convertirse-en-mama\\\/\"]}]},{\"@type\":\"ImageObject\",\"inLanguage\":\"es\",\"@id\":\"https:\\\/\\\/fmgente.com.ar\\\/web\\\/camila-homs-revelo-si-se-va-a-casar-o-no-con-jose-sosa-a-4-meses-de-convertirse-en-mama\\\/#primaryimage\",\"url\":\"https:\\\/\\\/fmgente.com.ar\\\/web\\\/wp-content\\\/uploads\\\/2025\\\/10\\\/IMG_5980-359x226-35.jpg\",\"contentUrl\":\"https:\\\/\\\/fmgente.com.ar\\\/web\\\/wp-content\\\/uploads\\\/2025\\\/10\\\/IMG_5980-359x226-35.jpg\",\"width\":359,\"height\":226},{\"@type\":\"WebSite\",\"@id\":\"https:\\\/\\\/fmgente.com.ar\\\/web\\\/#website\",\"url\":\"https:\\\/\\\/fmgente.com.ar\\\/web\\\/\",\"name\":\"Fm Gente\",\"description\":\"- Jes\u00fas Mar\u00eda\",\"publisher\":{\"@id\":\"https:\\\/\\\/fmgente.com.ar\\\/web\\\/#organization\"},\"potentialAction\":[{\"@type\":\"SearchAction\",\"target\":{\"@type\":\"EntryPoint\",\"urlTemplate\":\"https:\\\/\\\/fmgente.com.ar\\\/web\\\/?s={search_term_string}\"},\"query-input\":{\"@type\":\"PropertyValueSpecification\",\"valueRequired\":true,\"valueName\":\"search_term_string\"}}],\"inLanguage\":\"es\"},{\"@type\":\"Organization\",\"@id\":\"https:\\\/\\\/fmgente.com.ar\\\/web\\\/#organization\",\"name\":\"Fm Gente\",\"url\":\"https:\\\/\\\/fmgente.com.ar\\\/web\\\/\",\"logo\":{\"@type\":\"ImageObject\",\"inLanguage\":\"es\",\"@id\":\"https:\\\/\\\/fmgente.com.ar\\\/web\\\/#\\\/schema\\\/logo\\\/image\\\/\",\"url\":\"https:\\\/\\\/fmgente.com.ar\\\/web\\\/wp-content\\\/uploads\\\/2023\\\/07\\\/cropped-cropped-logo-sombra2.png\",\"contentUrl\":\"https:\\\/\\\/fmgente.com.ar\\\/web\\\/wp-content\\\/uploads\\\/2023\\\/07\\\/cropped-cropped-logo-sombra2.png\",\"width\":1782,\"height\":1782,\"caption\":\"Fm Gente\"},\"image\":{\"@id\":\"https:\\\/\\\/fmgente.com.ar\\\/web\\\/#\\\/schema\\\/logo\\\/image\\\/\"}}]}<\/script>\n<!-- \/ Yoast SEO plugin. -->","yoast_head_json":{"title":"Camila Homs revel\u00f3 si se va a casar o no con Jos\u00e9 Sosa a 4 meses de convertirse en mam\u00e1 - Fm Gente","robots":{"index":"index","follow":"follow","max-snippet":"max-snippet:-1","max-image-preview":"max-image-preview:large","max-video-preview":"max-video-preview:-1"},"canonical":"https:\/\/fmgente.com.ar\/web\/camila-homs-revelo-si-se-va-a-casar-o-no-con-jose-sosa-a-4-meses-de-convertirse-en-mama\/","og_locale":"es_ES","og_type":"article","og_title":"Camila Homs revel\u00f3 si se va a casar o no con Jos\u00e9 Sosa a 4 meses de convertirse en mam\u00e1 - Fm Gente","og_description":"Camila Homs vivi\u00f3 una noche cargada de emociones durante los Mart\u00edn Fierro. Invitada por su","og_url":"https:\/\/fmgente.com.ar\/web\/camila-homs-revelo-si-se-va-a-casar-o-no-con-jose-sosa-a-4-meses-de-convertirse-en-mama\/","og_site_name":"Fm Gente","article_published_time":"2025-10-08T09:08:44+00:00","og_image":[{"width":359,"height":226,"url":"https:\/\/fmgente.com.ar\/web\/wp-content\/uploads\/2025\/10\/IMG_5980-359x226-35.jpg","type":"image\/jpeg"}],"twitter_card":"summary_large_image","twitter_misc":{"Tiempo de lectura":"4 minutos"},"schema":{"@context":"https:\/\/schema.org","@graph":[{"@type":"Article","@id":"https:\/\/fmgente.com.ar\/web\/camila-homs-revelo-si-se-va-a-casar-o-no-con-jose-sosa-a-4-meses-de-convertirse-en-mama\/#article","isPartOf":{"@id":"https:\/\/fmgente.com.ar\/web\/camila-homs-revelo-si-se-va-a-casar-o-no-con-jose-sosa-a-4-meses-de-convertirse-en-mama\/"},"author":{"name":"","@id":""},"headline":"Camila Homs revel\u00f3 si se va a casar o no con Jos\u00e9 Sosa a 4 meses de convertirse en mam\u00e1","datePublished":"2025-10-08T09:08:44+00:00","mainEntityOfPage":{"@id":"https:\/\/fmgente.com.ar\/web\/camila-homs-revelo-si-se-va-a-casar-o-no-con-jose-sosa-a-4-meses-de-convertirse-en-mama\/"},"wordCount":723,"publisher":{"@id":"https:\/\/fmgente.com.ar\/web\/#organization"},"image":{"@id":"https:\/\/fmgente.com.ar\/web\/camila-homs-revelo-si-se-va-a-casar-o-no-con-jose-sosa-a-4-meses-de-convertirse-en-mama\/#primaryimage"},"thumbnailUrl":"https:\/\/fmgente.com.ar\/web\/wp-content\/uploads\/2025\/10\/IMG_5980-359x226-35.jpg","articleSection":["DESTACADAS"],"inLanguage":"es"},{"@type":"WebPage","@id":"https:\/\/fmgente.com.ar\/web\/camila-homs-revelo-si-se-va-a-casar-o-no-con-jose-sosa-a-4-meses-de-convertirse-en-mama\/","url":"https:\/\/fmgente.com.ar\/web\/camila-homs-revelo-si-se-va-a-casar-o-no-con-jose-sosa-a-4-meses-de-convertirse-en-mama\/","name":"Camila Homs revel\u00f3 si se va a casar o no con Jos\u00e9 Sosa a 4 meses de convertirse en mam\u00e1 - Fm Gente","isPartOf":{"@id":"https:\/\/fmgente.com.ar\/web\/#website"},"primaryImageOfPage":{"@id":"https:\/\/fmgente.com.ar\/web\/camila-homs-revelo-si-se-va-a-casar-o-no-con-jose-sosa-a-4-meses-de-convertirse-en-mama\/#primaryimage"},"image":{"@id":"https:\/\/fmgente.com.ar\/web\/camila-homs-revelo-si-se-va-a-casar-o-no-con-jose-sosa-a-4-meses-de-convertirse-en-mama\/#primaryimage"},"thumbnailUrl":"https:\/\/fmgente.com.ar\/web\/wp-content\/uploads\/2025\/10\/IMG_5980-359x226-35.jpg","datePublished":"2025-10-08T09:08:44+00:00","inLanguage":"es","potentialAction":[{"@type":"ReadAction","target":["https:\/\/fmgente.com.ar\/web\/camila-homs-revelo-si-se-va-a-casar-o-no-con-jose-sosa-a-4-meses-de-convertirse-en-mama\/"]}]},{"@type":"ImageObject","inLanguage":"es","@id":"https:\/\/fmgente.com.ar\/web\/camila-homs-revelo-si-se-va-a-casar-o-no-con-jose-sosa-a-4-meses-de-convertirse-en-mama\/#primaryimage","url":"https:\/\/fmgente.com.ar\/web\/wp-content\/uploads\/2025\/10\/IMG_5980-359x226-35.jpg","contentUrl":"https:\/\/fmgente.com.ar\/web\/wp-content\/uploads\/2025\/10\/IMG_5980-359x226-35.jpg","width":359,"height":226},{"@type":"WebSite","@id":"https:\/\/fmgente.com.ar\/web\/#website","url":"https:\/\/fmgente.com.ar\/web\/","name":"Fm Gente","description":"- Jes\u00fas Mar\u00eda","publisher":{"@id":"https:\/\/fmgente.com.ar\/web\/#organization"},"potentialAction":[{"@type":"SearchAction","target":{"@type":"EntryPoint","urlTemplate":"https:\/\/fmgente.com.ar\/web\/?s={search_term_string}"},"query-input":{"@type":"PropertyValueSpecification","valueRequired":true,"valueName":"search_term_string"}}],"inLanguage":"es"},{"@type":"Organization","@id":"https:\/\/fmgente.com.ar\/web\/#organization","name":"Fm Gente","url":"https:\/\/fmgente.com.ar\/web\/","logo":{"@type":"ImageObject","inLanguage":"es","@id":"https:\/\/fmgente.com.ar\/web\/#\/schema\/logo\/image\/","url":"https:\/\/fmgente.com.ar\/web\/wp-content\/uploads\/2023\/07\/cropped-cropped-logo-sombra2.png","contentUrl":"https:\/\/fmgente.com.ar\/web\/wp-content\/uploads\/2023\/07\/cropped-cropped-logo-sombra2.png","width":1782,"height":1782,"caption":"Fm Gente"},"image":{"@id":"https:\/\/fmgente.com.ar\/web\/#\/schema\/logo\/image\/"}}]}},"_links":{"self":[{"href":"https:\/\/fmgente.com.ar\/web\/wp-json\/wp\/v2\/posts\/6342","targetHints":{"allow":["GET"]}}],"collection":[{"href":"https:\/\/fmgente.com.ar\/web\/wp-json\/wp\/v2\/posts"}],"about":[{"href":"https:\/\/fmgente.com.ar\/web\/wp-json\/wp\/v2\/types\/post"}],"replies":[{"embeddable":true,"href":"https:\/\/fmgente.com.ar\/web\/wp-json\/wp\/v2\/comments?post=6342"}],"version-history":[{"count":0,"href":"https:\/\/fmgente.com.ar\/web\/wp-json\/wp\/v2\/posts\/6342\/revisions"}],"wp:featuredmedia":[{"embeddable":true,"href":"https:\/\/fmgente.com.ar\/web\/wp-json\/wp\/v2\/media\/6343"}],"wp:attachment":[{"href":"https:\/\/fmgente.com.ar\/web\/wp-json\/wp\/v2\/media?parent=6342"}],"wp:term":[{"taxonomy":"category","embeddable":true,"href":"https:\/\/fmgente.com.ar\/web\/wp-json\/wp\/v2\/categories?post=6342"},{"taxonomy":"post_tag","embeddable":true,"href":"https:\/\/fmgente.com.ar\/web\/wp-json\/wp\/v2\/tags?post=6342"}],"curies":[{"name":"wp","href":"https:\/\/api.w.org\/{rel}","templated":true}]}}