{"id":6334,"date":"2025-10-08T01:05:28","date_gmt":"2025-10-08T04:05:28","guid":{"rendered":"https:\/\/fmgente.com.ar\/lali-esposito-conto-en-la-voz-argentina-el-problema-que-tiene-por-lo-que-esta-obligada-a-usar-lentes\/"},"modified":"2025-10-08T01:05:28","modified_gmt":"2025-10-08T04:05:28","slug":"lali-esposito-conto-en-la-voz-argentina-el-problema-que-tiene-por-lo-que-esta-obligada-a-usar-lentes","status":"publish","type":"post","link":"https:\/\/fmgente.com.ar\/web\/lali-esposito-conto-en-la-voz-argentina-el-problema-que-tiene-por-lo-que-esta-obligada-a-usar-lentes\/","title":{"rendered":"Lali Esp\u00f3sito cont\u00f3 en La Voz Argentina el problema que tiene por lo que est\u00e1 obligada a usar lentes"},"content":{"rendered":"<p>En una noche cargada de risas y complicidades en La Voz Argentina, <strong><a href=\"https:\/\/www.paparazzi.com.ar\/tag\/lali-esposito\/\">Lali Esp\u00f3sito<\/a><\/strong> sorprendi\u00f3 a todos al admitir que los anteojos que luci\u00f3 en el programa no eran un accesorio de moda, sino una necesidad m\u00e9dica. La confesi\u00f3n se dio durante una charla al aire con <strong>Nico Occhiato<\/strong>, que no tard\u00f3 en reaccionar con su cl\u00e1sico sentido del humor ante la revelaci\u00f3n de la cantante.<\/p>\n<p>Entre risas, la artista explic\u00f3 el verdadero motivo detr\u00e1s de su nueva imagen. <em>\u201cFuera de chiste, no son de look\u201d<\/em>, aclar\u00f3, desarmando las sospechas de que se trataba de una estrategia de estilo. Su tono fue relajado, pero sincero, dejando en claro que lo suyo no era una cuesti\u00f3n est\u00e9tica, sino una realidad cotidiana que decidi\u00f3 compartir frente a las c\u00e1maras.<\/p>\n<p>La reacci\u00f3n de <strong><a href=\"https:\/\/www.paparazzi.com.ar\/teve\/la-tajante-opinion-de-lali-esposito-tras-las-criticas-por-su-estilo-de-vida-de-lujos-odian-el\/\">Occhiato<\/a><\/strong> no se hizo esperar y, fiel a su estilo, le devolvi\u00f3 la broma con picard\u00eda. <em>\u201cAh, \u00bfson para ver?\u201d<\/em>, lanz\u00f3 con una sonrisa c\u00f3mplice, provocando carcajadas en el estudio y una respuesta inmediata de su compa\u00f1era, que sigui\u00f3 el juego sin perder su naturalidad.<\/p>\n<div class=\"mt-box \">\n<h4 class=\"mt-heading\">Mir\u00e1 Tambi\u00e9n<\/h4>\n<p><a href=\"https:\/\/www.paparazzi.com.ar\/romances\/exclusivo-el-video-de-la-china-suarez-yendose-a-turquia-con-icardi-sin-sus-hijos\/\"><\/p>\n<div class=\"mt-content\">\n<div class=\"mt-image-container\"><img decoding=\"async\" src=\"https:\/\/www.paparazzi.com.ar\/wp-content\/uploads\/2025\/07\/China-Suarez-ezeiza.jpg.webp\" alt=\"\u00a1Exclusivo! El video de la China Su\u00e1rez y\u00e9ndose a Turqu\u00eda con Icardi sin sus hijos\" class=\"mt-image\" loading=\"lazy\" \/><\/div>\n<h5 class=\"mt-title\">\u00a1Exclusivo! El video de la China Su\u00e1rez y\u00e9ndose a Turqu\u00eda con Icardi sin sus hijos<\/h5>\n<\/div>\n<p><\/a><\/div>\n<p>Con su habitual desparpajo, <strong>Lali<\/strong> no esquiv\u00f3 el tema y detall\u00f3 sin vueltas el problema que la obliga a usar lentes. <em>\u201cEn el derecho tengo tres y en el izquierdo 2,75, negro\u201d<\/em>, revel\u00f3 entre risas, generando sorpresa y ternura entre los presentes. La forma en que lo cont\u00f3 demostr\u00f3, una vez m\u00e1s, su cercan\u00eda con el p\u00fablico y su capacidad para re\u00edrse de s\u00ed misma.<\/p>\n<h2 class=\"wp-block-heading\">LOS LENTES DE LALI ESP\u00d3SITO<\/h2>\n<p>Lejos de tom\u00e1rselo como un drama, la int\u00e9rprete de Disciplina aprovech\u00f3 la situaci\u00f3n para ironizar sobre su visi\u00f3n. <em>\u201cSon m\u00e1s bien para leer, no es que todo este tiempo no te estuve viendo\u201d<\/em>, coment\u00f3 divertida, logrando que todo el estudio estallara en risas. La escena fue tan espont\u00e1nea que r\u00e1pidamente se volvi\u00f3 tendencia en redes sociales.<\/p>\n<p>Antes de seguir con el programa, remat\u00f3 con una frase muy suya, cargada de humor y carisma. <em>\u201cVeo, veo, pero cuando los uso veo mucho mejor. As\u00ed que como iban con el look, me los clav\u00e9\u201d<\/em>, cerr\u00f3, dejando claro que ni la miop\u00eda puede opacar su estilo. Un momento televisivo que reafirma por qu\u00e9 <strong><a href=\"https:\/\/www.paparazzi.com.ar\/teve\/los-desgarradores-mensajes-de-las-famosas-por-el-triple-homicidio-en-florencio-varela\/\">Lali Esp\u00f3sito<\/a><\/strong> sigue siendo una de las figuras m\u00e1s queridas de la pantalla.<\/p>\n<div class=\"mt-box \">\n<h4 class=\"mt-heading\">Mir\u00e1 Tambi\u00e9n<\/h4>\n<p><a href=\"https:\/\/www.paparazzi.com.ar\/teve\/jorge-rial-le-dio-una-importante-ayuda-a-su-hija-morena-en-la-carcel-y-cambio-todo-le-facilito-el\/\"><\/p>\n<div class=\"mt-content\">\n<div class=\"mt-image-container\"><img decoding=\"async\" src=\"https:\/\/www.paparazzi.com.ar\/wp-content\/uploads\/2025\/10\/Jorge-Rial-le-dio-una-importante-ayuda-a-su-hija-Morena-en-la-carcel-y-cambio-todo-Le-facilito-el-359x226.jpeg\" alt=\"Jorge Rial le dio una importante ayuda a su hija Morena en la c\u00e1rcel y cambi\u00f3 todo: &quot;Le facilit\u00f3 el...&quot;\" class=\"mt-image\" loading=\"lazy\" \/><\/div>\n<h5 class=\"mt-title\">Jorge Rial le dio una importante ayuda a su hija Morena en la c\u00e1rcel y cambi\u00f3 todo: \u00abLe facilit\u00f3 el&#8230;\u00bb<\/h5>\n<\/div>\n<p><\/a><\/div>\n<div class=\"mt-box \">\n<h4 class=\"mt-heading\">Mir\u00e1 Tambi\u00e9n<\/h4>\n<p><a href=\"https:\/\/www.paparazzi.com.ar\/teve\/el-terrible-secreto-de-cristian-castro-por-que-lo-acusan-de-pegarle-a-veronica-castro-y-causarle-un-dano-irreversible\/\"><\/p>\n<div class=\"mt-content\">\n<div class=\"mt-image-container\"><img decoding=\"async\" src=\"https:\/\/www.paparazzi.com.ar\/wp-content\/uploads\/2025\/10\/Veronica-Castro-Cristian-Castro-359x226.jpg\" alt=\"El terrible secreto de Cristian Castro: por qu\u00e9 lo acusan de pegarle a Ver\u00f3nica Castro y causarle un da\u00f1o irreversible\" class=\"mt-image\" loading=\"lazy\" \/><\/div>\n<h5 class=\"mt-title\">El terrible secreto de Cristian Castro: por qu\u00e9 lo acusan de pegarle a Ver\u00f3nica Castro y causarle un da\u00f1o irreversible<\/h5>\n<\/div>\n<p><\/a><\/div>\n<p>The post <a href=\"https:\/\/www.paparazzi.com.ar\/teve\/lali-esposito-conto-en-la-voz-argentina-el-problema-que-tiene-por-lo-que-esta-obligada-a-usar-lentes\/\">Lali Esp\u00f3sito cont\u00f3 en La Voz Argentina el problema que tiene por lo que est\u00e1 obligada a usar lentes<\/a> appeared first on <a href=\"https:\/\/www.paparazzi.com.ar\">Revista Paparazzi<\/a>.<\/p>\n","protected":false},"excerpt":{"rendered":"<p>En una noche cargada de risas y complicidades en La Voz Argentina, Lali Esp\u00f3sito sorprendi\u00f3<\/p>\n","protected":false},"author":0,"featured_media":6335,"comment_status":"","ping_status":"","sticky":false,"template":"","format":"standard","meta":{"footnotes":""},"categories":[11],"tags":[],"class_list":["post-6334","post","type-post","status-publish","format-standard","has-post-thumbnail","hentry","category-destacadas"],"yoast_head":"<!-- This site is optimized with the Yoast SEO plugin v28.3 - https:\/\/yoast.com\/product\/yoast-seo-wordpress\/ -->\n<title>Lali Esp\u00f3sito cont\u00f3 en La Voz Argentina el problema que tiene por lo que est\u00e1 obligada a usar lentes - Fm Gente<\/title>\n<meta name=\"robots\" content=\"index, follow, max-snippet:-1, max-image-preview:large, max-video-preview:-1\" \/>\n<link rel=\"canonical\" href=\"https:\/\/fmgente.com.ar\/web\/lali-esposito-conto-en-la-voz-argentina-el-problema-que-tiene-por-lo-que-esta-obligada-a-usar-lentes\/\" \/>\n<meta property=\"og:locale\" content=\"es_ES\" \/>\n<meta property=\"og:type\" content=\"article\" \/>\n<meta property=\"og:title\" content=\"Lali Esp\u00f3sito cont\u00f3 en La Voz Argentina el problema que tiene por lo que est\u00e1 obligada a usar lentes - Fm Gente\" \/>\n<meta property=\"og:description\" content=\"En una noche cargada de risas y complicidades en La Voz Argentina, Lali Esp\u00f3sito sorprendi\u00f3\" \/>\n<meta property=\"og:url\" content=\"https:\/\/fmgente.com.ar\/web\/lali-esposito-conto-en-la-voz-argentina-el-problema-que-tiene-por-lo-que-esta-obligada-a-usar-lentes\/\" \/>\n<meta property=\"og:site_name\" content=\"Fm Gente\" \/>\n<meta property=\"article:published_time\" content=\"2025-10-08T04:05:28+00:00\" \/>\n<meta property=\"og:image\" content=\"https:\/\/fmgente.com.ar\/web\/wp-content\/uploads\/2025\/10\/China-Suarez-ezeiza.jpg-1.webp\" \/>\n\t<meta property=\"og:image:width\" content=\"1052\" \/>\n\t<meta property=\"og:image:height\" content=\"665\" \/>\n\t<meta property=\"og:image:type\" content=\"image\/webp\" \/>\n<meta name=\"twitter:card\" content=\"summary_large_image\" \/>\n<meta name=\"twitter:label1\" content=\"Tiempo de lectura\" \/>\n\t<meta name=\"twitter:data1\" content=\"2 minutos\" \/>\n<script type=\"application\/ld+json\" class=\"yoast-schema-graph\">{\"@context\":\"https:\\\/\\\/schema.org\",\"@graph\":[{\"@type\":\"Article\",\"@id\":\"https:\\\/\\\/fmgente.com.ar\\\/web\\\/lali-esposito-conto-en-la-voz-argentina-el-problema-que-tiene-por-lo-que-esta-obligada-a-usar-lentes\\\/#article\",\"isPartOf\":{\"@id\":\"https:\\\/\\\/fmgente.com.ar\\\/web\\\/lali-esposito-conto-en-la-voz-argentina-el-problema-que-tiene-por-lo-que-esta-obligada-a-usar-lentes\\\/\"},\"author\":{\"name\":\"\",\"@id\":\"\"},\"headline\":\"Lali Esp\u00f3sito cont\u00f3 en La Voz Argentina el problema que tiene por lo que est\u00e1 obligada a usar lentes\",\"datePublished\":\"2025-10-08T04:05:28+00:00\",\"mainEntityOfPage\":{\"@id\":\"https:\\\/\\\/fmgente.com.ar\\\/web\\\/lali-esposito-conto-en-la-voz-argentina-el-problema-que-tiene-por-lo-que-esta-obligada-a-usar-lentes\\\/\"},\"wordCount\":512,\"publisher\":{\"@id\":\"https:\\\/\\\/fmgente.com.ar\\\/web\\\/#organization\"},\"image\":{\"@id\":\"https:\\\/\\\/fmgente.com.ar\\\/web\\\/lali-esposito-conto-en-la-voz-argentina-el-problema-que-tiene-por-lo-que-esta-obligada-a-usar-lentes\\\/#primaryimage\"},\"thumbnailUrl\":\"https:\\\/\\\/fmgente.com.ar\\\/web\\\/wp-content\\\/uploads\\\/2025\\\/10\\\/China-Suarez-ezeiza.jpg-1.webp\",\"articleSection\":[\"DESTACADAS\"],\"inLanguage\":\"es\"},{\"@type\":\"WebPage\",\"@id\":\"https:\\\/\\\/fmgente.com.ar\\\/web\\\/lali-esposito-conto-en-la-voz-argentina-el-problema-que-tiene-por-lo-que-esta-obligada-a-usar-lentes\\\/\",\"url\":\"https:\\\/\\\/fmgente.com.ar\\\/web\\\/lali-esposito-conto-en-la-voz-argentina-el-problema-que-tiene-por-lo-que-esta-obligada-a-usar-lentes\\\/\",\"name\":\"Lali Esp\u00f3sito cont\u00f3 en La Voz Argentina el problema que tiene por lo que est\u00e1 obligada a usar lentes - Fm Gente\",\"isPartOf\":{\"@id\":\"https:\\\/\\\/fmgente.com.ar\\\/web\\\/#website\"},\"primaryImageOfPage\":{\"@id\":\"https:\\\/\\\/fmgente.com.ar\\\/web\\\/lali-esposito-conto-en-la-voz-argentina-el-problema-que-tiene-por-lo-que-esta-obligada-a-usar-lentes\\\/#primaryimage\"},\"image\":{\"@id\":\"https:\\\/\\\/fmgente.com.ar\\\/web\\\/lali-esposito-conto-en-la-voz-argentina-el-problema-que-tiene-por-lo-que-esta-obligada-a-usar-lentes\\\/#primaryimage\"},\"thumbnailUrl\":\"https:\\\/\\\/fmgente.com.ar\\\/web\\\/wp-content\\\/uploads\\\/2025\\\/10\\\/China-Suarez-ezeiza.jpg-1.webp\",\"datePublished\":\"2025-10-08T04:05:28+00:00\",\"inLanguage\":\"es\",\"potentialAction\":[{\"@type\":\"ReadAction\",\"target\":[\"https:\\\/\\\/fmgente.com.ar\\\/web\\\/lali-esposito-conto-en-la-voz-argentina-el-problema-que-tiene-por-lo-que-esta-obligada-a-usar-lentes\\\/\"]}]},{\"@type\":\"ImageObject\",\"inLanguage\":\"es\",\"@id\":\"https:\\\/\\\/fmgente.com.ar\\\/web\\\/lali-esposito-conto-en-la-voz-argentina-el-problema-que-tiene-por-lo-que-esta-obligada-a-usar-lentes\\\/#primaryimage\",\"url\":\"https:\\\/\\\/fmgente.com.ar\\\/web\\\/wp-content\\\/uploads\\\/2025\\\/10\\\/China-Suarez-ezeiza.jpg-1.webp\",\"contentUrl\":\"https:\\\/\\\/fmgente.com.ar\\\/web\\\/wp-content\\\/uploads\\\/2025\\\/10\\\/China-Suarez-ezeiza.jpg-1.webp\",\"width\":1052,\"height\":665},{\"@type\":\"WebSite\",\"@id\":\"https:\\\/\\\/fmgente.com.ar\\\/web\\\/#website\",\"url\":\"https:\\\/\\\/fmgente.com.ar\\\/web\\\/\",\"name\":\"Fm Gente\",\"description\":\"- Jes\u00fas Mar\u00eda\",\"publisher\":{\"@id\":\"https:\\\/\\\/fmgente.com.ar\\\/web\\\/#organization\"},\"potentialAction\":[{\"@type\":\"SearchAction\",\"target\":{\"@type\":\"EntryPoint\",\"urlTemplate\":\"https:\\\/\\\/fmgente.com.ar\\\/web\\\/?s={search_term_string}\"},\"query-input\":{\"@type\":\"PropertyValueSpecification\",\"valueRequired\":true,\"valueName\":\"search_term_string\"}}],\"inLanguage\":\"es\"},{\"@type\":\"Organization\",\"@id\":\"https:\\\/\\\/fmgente.com.ar\\\/web\\\/#organization\",\"name\":\"Fm Gente\",\"url\":\"https:\\\/\\\/fmgente.com.ar\\\/web\\\/\",\"logo\":{\"@type\":\"ImageObject\",\"inLanguage\":\"es\",\"@id\":\"https:\\\/\\\/fmgente.com.ar\\\/web\\\/#\\\/schema\\\/logo\\\/image\\\/\",\"url\":\"https:\\\/\\\/fmgente.com.ar\\\/web\\\/wp-content\\\/uploads\\\/2023\\\/07\\\/cropped-cropped-logo-sombra2.png\",\"contentUrl\":\"https:\\\/\\\/fmgente.com.ar\\\/web\\\/wp-content\\\/uploads\\\/2023\\\/07\\\/cropped-cropped-logo-sombra2.png\",\"width\":1782,\"height\":1782,\"caption\":\"Fm Gente\"},\"image\":{\"@id\":\"https:\\\/\\\/fmgente.com.ar\\\/web\\\/#\\\/schema\\\/logo\\\/image\\\/\"}}]}<\/script>\n<!-- \/ Yoast SEO plugin. -->","yoast_head_json":{"title":"Lali Esp\u00f3sito cont\u00f3 en La Voz Argentina el problema que tiene por lo que est\u00e1 obligada a usar lentes - Fm Gente","robots":{"index":"index","follow":"follow","max-snippet":"max-snippet:-1","max-image-preview":"max-image-preview:large","max-video-preview":"max-video-preview:-1"},"canonical":"https:\/\/fmgente.com.ar\/web\/lali-esposito-conto-en-la-voz-argentina-el-problema-que-tiene-por-lo-que-esta-obligada-a-usar-lentes\/","og_locale":"es_ES","og_type":"article","og_title":"Lali Esp\u00f3sito cont\u00f3 en La Voz Argentina el problema que tiene por lo que est\u00e1 obligada a usar lentes - Fm Gente","og_description":"En una noche cargada de risas y complicidades en La Voz Argentina, Lali Esp\u00f3sito sorprendi\u00f3","og_url":"https:\/\/fmgente.com.ar\/web\/lali-esposito-conto-en-la-voz-argentina-el-problema-que-tiene-por-lo-que-esta-obligada-a-usar-lentes\/","og_site_name":"Fm Gente","article_published_time":"2025-10-08T04:05:28+00:00","og_image":[{"width":1052,"height":665,"url":"https:\/\/fmgente.com.ar\/web\/wp-content\/uploads\/2025\/10\/China-Suarez-ezeiza.jpg-1.webp","type":"image\/webp"}],"twitter_card":"summary_large_image","twitter_misc":{"Tiempo de lectura":"2 minutos"},"schema":{"@context":"https:\/\/schema.org","@graph":[{"@type":"Article","@id":"https:\/\/fmgente.com.ar\/web\/lali-esposito-conto-en-la-voz-argentina-el-problema-que-tiene-por-lo-que-esta-obligada-a-usar-lentes\/#article","isPartOf":{"@id":"https:\/\/fmgente.com.ar\/web\/lali-esposito-conto-en-la-voz-argentina-el-problema-que-tiene-por-lo-que-esta-obligada-a-usar-lentes\/"},"author":{"name":"","@id":""},"headline":"Lali Esp\u00f3sito cont\u00f3 en La Voz Argentina el problema que tiene por lo que est\u00e1 obligada a usar lentes","datePublished":"2025-10-08T04:05:28+00:00","mainEntityOfPage":{"@id":"https:\/\/fmgente.com.ar\/web\/lali-esposito-conto-en-la-voz-argentina-el-problema-que-tiene-por-lo-que-esta-obligada-a-usar-lentes\/"},"wordCount":512,"publisher":{"@id":"https:\/\/fmgente.com.ar\/web\/#organization"},"image":{"@id":"https:\/\/fmgente.com.ar\/web\/lali-esposito-conto-en-la-voz-argentina-el-problema-que-tiene-por-lo-que-esta-obligada-a-usar-lentes\/#primaryimage"},"thumbnailUrl":"https:\/\/fmgente.com.ar\/web\/wp-content\/uploads\/2025\/10\/China-Suarez-ezeiza.jpg-1.webp","articleSection":["DESTACADAS"],"inLanguage":"es"},{"@type":"WebPage","@id":"https:\/\/fmgente.com.ar\/web\/lali-esposito-conto-en-la-voz-argentina-el-problema-que-tiene-por-lo-que-esta-obligada-a-usar-lentes\/","url":"https:\/\/fmgente.com.ar\/web\/lali-esposito-conto-en-la-voz-argentina-el-problema-que-tiene-por-lo-que-esta-obligada-a-usar-lentes\/","name":"Lali Esp\u00f3sito cont\u00f3 en La Voz Argentina el problema que tiene por lo que est\u00e1 obligada a usar lentes - Fm Gente","isPartOf":{"@id":"https:\/\/fmgente.com.ar\/web\/#website"},"primaryImageOfPage":{"@id":"https:\/\/fmgente.com.ar\/web\/lali-esposito-conto-en-la-voz-argentina-el-problema-que-tiene-por-lo-que-esta-obligada-a-usar-lentes\/#primaryimage"},"image":{"@id":"https:\/\/fmgente.com.ar\/web\/lali-esposito-conto-en-la-voz-argentina-el-problema-que-tiene-por-lo-que-esta-obligada-a-usar-lentes\/#primaryimage"},"thumbnailUrl":"https:\/\/fmgente.com.ar\/web\/wp-content\/uploads\/2025\/10\/China-Suarez-ezeiza.jpg-1.webp","datePublished":"2025-10-08T04:05:28+00:00","inLanguage":"es","potentialAction":[{"@type":"ReadAction","target":["https:\/\/fmgente.com.ar\/web\/lali-esposito-conto-en-la-voz-argentina-el-problema-que-tiene-por-lo-que-esta-obligada-a-usar-lentes\/"]}]},{"@type":"ImageObject","inLanguage":"es","@id":"https:\/\/fmgente.com.ar\/web\/lali-esposito-conto-en-la-voz-argentina-el-problema-que-tiene-por-lo-que-esta-obligada-a-usar-lentes\/#primaryimage","url":"https:\/\/fmgente.com.ar\/web\/wp-content\/uploads\/2025\/10\/China-Suarez-ezeiza.jpg-1.webp","contentUrl":"https:\/\/fmgente.com.ar\/web\/wp-content\/uploads\/2025\/10\/China-Suarez-ezeiza.jpg-1.webp","width":1052,"height":665},{"@type":"WebSite","@id":"https:\/\/fmgente.com.ar\/web\/#website","url":"https:\/\/fmgente.com.ar\/web\/","name":"Fm Gente","description":"- Jes\u00fas Mar\u00eda","publisher":{"@id":"https:\/\/fmgente.com.ar\/web\/#organization"},"potentialAction":[{"@type":"SearchAction","target":{"@type":"EntryPoint","urlTemplate":"https:\/\/fmgente.com.ar\/web\/?s={search_term_string}"},"query-input":{"@type":"PropertyValueSpecification","valueRequired":true,"valueName":"search_term_string"}}],"inLanguage":"es"},{"@type":"Organization","@id":"https:\/\/fmgente.com.ar\/web\/#organization","name":"Fm Gente","url":"https:\/\/fmgente.com.ar\/web\/","logo":{"@type":"ImageObject","inLanguage":"es","@id":"https:\/\/fmgente.com.ar\/web\/#\/schema\/logo\/image\/","url":"https:\/\/fmgente.com.ar\/web\/wp-content\/uploads\/2023\/07\/cropped-cropped-logo-sombra2.png","contentUrl":"https:\/\/fmgente.com.ar\/web\/wp-content\/uploads\/2023\/07\/cropped-cropped-logo-sombra2.png","width":1782,"height":1782,"caption":"Fm Gente"},"image":{"@id":"https:\/\/fmgente.com.ar\/web\/#\/schema\/logo\/image\/"}}]}},"_links":{"self":[{"href":"https:\/\/fmgente.com.ar\/web\/wp-json\/wp\/v2\/posts\/6334","targetHints":{"allow":["GET"]}}],"collection":[{"href":"https:\/\/fmgente.com.ar\/web\/wp-json\/wp\/v2\/posts"}],"about":[{"href":"https:\/\/fmgente.com.ar\/web\/wp-json\/wp\/v2\/types\/post"}],"replies":[{"embeddable":true,"href":"https:\/\/fmgente.com.ar\/web\/wp-json\/wp\/v2\/comments?post=6334"}],"version-history":[{"count":0,"href":"https:\/\/fmgente.com.ar\/web\/wp-json\/wp\/v2\/posts\/6334\/revisions"}],"wp:featuredmedia":[{"embeddable":true,"href":"https:\/\/fmgente.com.ar\/web\/wp-json\/wp\/v2\/media\/6335"}],"wp:attachment":[{"href":"https:\/\/fmgente.com.ar\/web\/wp-json\/wp\/v2\/media?parent=6334"}],"wp:term":[{"taxonomy":"category","embeddable":true,"href":"https:\/\/fmgente.com.ar\/web\/wp-json\/wp\/v2\/categories?post=6334"},{"taxonomy":"post_tag","embeddable":true,"href":"https:\/\/fmgente.com.ar\/web\/wp-json\/wp\/v2\/tags?post=6334"}],"curies":[{"name":"wp","href":"https:\/\/api.w.org\/{rel}","templated":true}]}}