{"id":6328,"date":"2025-10-08T00:05:07","date_gmt":"2025-10-08T03:05:07","guid":{"rendered":"https:\/\/fmgente.com.ar\/robertito-funes-ugarte-conto-el-miedo-que-paso-en-la-marcha-por-el-triple-femicidio-de-florencio-varela\/"},"modified":"2025-10-08T00:05:07","modified_gmt":"2025-10-08T03:05:07","slug":"robertito-funes-ugarte-conto-el-miedo-que-paso-en-la-marcha-por-el-triple-femicidio-de-florencio-varela","status":"publish","type":"post","link":"https:\/\/fmgente.com.ar\/web\/robertito-funes-ugarte-conto-el-miedo-que-paso-en-la-marcha-por-el-triple-femicidio-de-florencio-varela\/","title":{"rendered":"Robertito Funes Ugarte cont\u00f3 el miedo que pas\u00f3 en la marcha por el triple femicidio de Florencio Varela"},"content":{"rendered":"<p>Durante una cobertura period\u00edstica de la marcha por el triple femicidio de Florencio Varela, <strong><a href=\"https:\/\/www.paparazzi.com.ar\/tag\/robertito-funes-ugarte\/\">Robertito Funes Ugarte<\/a><\/strong> fue agredido por un grupo de manifestantes en pleno centro porte\u00f1o. El periodista se encontraba trabajando para La Naci\u00f3n+ cuando un sector de mujeres lo increp\u00f3 con insultos y golpes. El hecho, que deb\u00eda ser una manifestaci\u00f3n pac\u00edfica en memoria de las tres j\u00f3venes asesinadas, termin\u00f3 con escenas de violencia y tensi\u00f3n que el conductor describi\u00f3 con detalle.<\/p>\n<p><em>\u201cLa marcha ya ven\u00eda medio caldeada\u201d<\/em>, comenz\u00f3 explicando el cronista en el programa <strong>SQP<\/strong>, donde relat\u00f3 lo ocurrido. <em>\u201cYo estaba con mi camar\u00f3grafo y not\u00e9 ciertos fot\u00f3grafos encapuchados con una banda negra en el brazo. Uno de ellos me pegaba patadas. Era una situaci\u00f3n que se puso muy tensa de repente\u201d<\/em>, record\u00f3. Seg\u00fan dijo, la familia de las v\u00edctimas se mostr\u00f3 respetuosa y colaboradora, mientras que el conflicto surgi\u00f3 de un grupo reducido de manifestantes violentas.<\/p>\n<p>Durante la transmisi\u00f3n, <strong><a href=\"https:\/\/www.paparazzi.com.ar\/teve\/robertito-funes-recordo-su-dura-historia-de-vida-me-crio-mi-abuela-porque\/\">Robertito<\/a><\/strong> cont\u00f3 que incluso hab\u00eda logrado entrevistar al abuelo de una de las j\u00f3venes asesinadas antes de que comenzaran los incidentes. <em>\u201cAntonio, el abuelo de Brenda, me dio un abrazo y me agradeci\u00f3 que estuvi\u00e9semos all\u00ed\u201d<\/em>, relat\u00f3. Minutos despu\u00e9s, una mujer lo se\u00f1al\u00f3 entre gritos: <em>\u201cDec\u00eda que yo no las representaba, que era un facho de derecha. No lo entend\u00eda. Era una marcha por la no violencia y terminaban agredi\u00e9ndome\u201d<\/em>.<\/p>\n<div class=\"mt-box \">\n<h4 class=\"mt-heading\">Mir\u00e1 Tambi\u00e9n<\/h4>\n<p><a href=\"https:\/\/www.paparazzi.com.ar\/videos\/la-defensa-de-beto-marcico-a-roman-riquelme-en-medio-de-la-feroz-crisis-de-boca\/\"><\/p>\n<div class=\"mt-content\">\n<div class=\"mt-image-container\"><img decoding=\"async\" src=\"https:\/\/www.paparazzi.com.ar\/wp-content\/uploads\/2025\/08\/Beto-Marcico-Roman-Riquelme.jpg.webp\" alt=\"La defensa de Beto Marcico a Rom\u00e1n Riquelme en medio de la feroz crisis de Boca\" class=\"mt-image\" loading=\"lazy\" \/><\/div>\n<h5 class=\"mt-title\">La defensa de Beto Marcico a Rom\u00e1n Riquelme en medio de la feroz crisis de Boca<\/h5>\n<\/div>\n<p><\/a><\/div>\n<p>El periodista explic\u00f3 que intent\u00f3 alejarse del lugar, pero fue acorralado por varias personas que lo insultaban y le arrojaban patadas. <em>\u201cUna mujer que atend\u00eda un kiosco baj\u00f3 la cortina y me dijo: \u2018No entres porque nos van a hacer pelota\u2019\u201d<\/em>, record\u00f3 con iron\u00eda. Seg\u00fan su relato, los polic\u00edas no estaban presentes en ese momento porque la familia hab\u00eda pedido que no hubiera presencia de seguridad durante la marcha.<\/p>\n<h2 class=\"wp-block-heading\">LA CONFESI\u00d3N DE ROBERTITO FUNES UGARTE<\/h2>\n<p><em>\u201cEn un momento me doy vuelta y ten\u00eda una cantidad de mujeres con pa\u00f1uelos verdes y violetas grit\u00e1ndome de todo. Me escup\u00edan, me pateaban. La familia de Brenda fue la que me ayud\u00f3 a salir\u201d<\/em>, narr\u00f3. En su testimonio tambi\u00e9n apunt\u00f3 contra sectores <em>\u201cultrafeministas\u201d<\/em> que, seg\u00fan \u00e9l, <em>\u201ctrastocaron el sentido de una marcha que deb\u00eda ser pac\u00edfica\u201d<\/em>.<\/p>\n<p>Finalmente, <strong><a href=\"https:\/\/www.paparazzi.com.ar\/teve\/malena-pichot-se-burlo-de-robertito-funes-tras-ser-agredido-en-la-calle\/\">Robertito Funes Ugarte<\/a><\/strong> asegur\u00f3 que, pese a todo, no sinti\u00f3 miedo. <em>\u201cNo tuve miedo. No reaccion\u00e9. Me mantuve tranquilo mientras esta mujer me golpeaba y me insultaba. Estaba contenido por la familia de las v\u00edctimas. Mir\u00e1 lo loco: ellos me proteg\u00edan, mientras otros me atacaban\u201d<\/em>, concluy\u00f3 el conductor.<\/p>\n<div class=\"mt-box \">\n<h4 class=\"mt-heading\">Mir\u00e1 Tambi\u00e9n<\/h4>\n<p><a href=\"https:\/\/www.paparazzi.com.ar\/deportes\/miguel-angel-russo-enfrenta-el-momento-mas-delicado-de-su-enfermedad-asi-reacciono-el-mundo-del-futbol\/\"><\/p>\n<div class=\"mt-content\">\n<div class=\"mt-image-container\"><img decoding=\"async\" src=\"https:\/\/www.paparazzi.com.ar\/wp-content\/uploads\/2025\/08\/Miguel-Angel-Russo.jpg.webp\" alt=\"Miguel \u00c1ngel Russo enfrenta el momento m\u00e1s delicado de su enfermedad: as\u00ed reaccion\u00f3 el mundo del f\u00fatbol\" class=\"mt-image\" loading=\"lazy\" \/><\/div>\n<h5 class=\"mt-title\">Miguel \u00c1ngel Russo enfrenta el momento m\u00e1s delicado de su enfermedad: as\u00ed reaccion\u00f3 el mundo del f\u00fatbol<\/h5>\n<\/div>\n<p><\/a><\/div>\n<div class=\"mt-box \">\n<h4 class=\"mt-heading\">Mir\u00e1 Tambi\u00e9n<\/h4>\n<p><a href=\"https:\/\/www.paparazzi.com.ar\/teve\/big-ari-anuncio-su-renuncia-a-cuestion-de-peso-con-una-escandalosa-denuncia\/\"><\/p>\n<div class=\"mt-content\">\n<div class=\"mt-image-container\"><img decoding=\"async\" src=\"https:\/\/www.paparazzi.com.ar\/wp-content\/uploads\/2025\/10\/big-ari-cuestion-de-peso-1-359x226.png\" alt=\"Big Ari anunci\u00f3 su renuncia a Cuesti\u00f3n de Peso con una escandalosa denuncia\" class=\"mt-image\" loading=\"lazy\" \/><\/div>\n<h5 class=\"mt-title\">Big Ari anunci\u00f3 su renuncia a Cuesti\u00f3n de Peso con una escandalosa denuncia<\/h5>\n<\/div>\n<p><\/a><\/div>\n<p>The post <a href=\"https:\/\/www.paparazzi.com.ar\/teve\/robertito-funes-ugarte-conto-el-miedo-que-paso-en-la-marcha-por-el-triple-femicidio-de-florencio-varela\/\">Robertito Funes Ugarte cont\u00f3 el miedo que pas\u00f3 en la marcha por el triple femicidio de Florencio Varela<\/a> appeared first on <a href=\"https:\/\/www.paparazzi.com.ar\">Revista Paparazzi<\/a>.<\/p>\n","protected":false},"excerpt":{"rendered":"<p>Durante una cobertura period\u00edstica de la marcha por el triple femicidio de Florencio Varela, Robertito<\/p>\n","protected":false},"author":0,"featured_media":6329,"comment_status":"","ping_status":"","sticky":false,"template":"","format":"standard","meta":{"footnotes":""},"categories":[11],"tags":[],"class_list":["post-6328","post","type-post","status-publish","format-standard","has-post-thumbnail","hentry","category-destacadas"],"yoast_head":"<!-- This site is optimized with the Yoast SEO plugin v28.3 - https:\/\/yoast.com\/product\/yoast-seo-wordpress\/ -->\n<title>Robertito Funes Ugarte cont\u00f3 el miedo que pas\u00f3 en la marcha por el triple femicidio de Florencio Varela - Fm Gente<\/title>\n<meta name=\"robots\" content=\"index, follow, max-snippet:-1, max-image-preview:large, max-video-preview:-1\" \/>\n<link rel=\"canonical\" href=\"https:\/\/fmgente.com.ar\/web\/robertito-funes-ugarte-conto-el-miedo-que-paso-en-la-marcha-por-el-triple-femicidio-de-florencio-varela\/\" \/>\n<meta property=\"og:locale\" content=\"es_ES\" \/>\n<meta property=\"og:type\" content=\"article\" \/>\n<meta property=\"og:title\" content=\"Robertito Funes Ugarte cont\u00f3 el miedo que pas\u00f3 en la marcha por el triple femicidio de Florencio Varela - Fm Gente\" \/>\n<meta property=\"og:description\" content=\"Durante una cobertura period\u00edstica de la marcha por el triple femicidio de Florencio Varela, Robertito\" \/>\n<meta property=\"og:url\" content=\"https:\/\/fmgente.com.ar\/web\/robertito-funes-ugarte-conto-el-miedo-que-paso-en-la-marcha-por-el-triple-femicidio-de-florencio-varela\/\" \/>\n<meta property=\"og:site_name\" content=\"Fm Gente\" \/>\n<meta property=\"article:published_time\" content=\"2025-10-08T03:05:07+00:00\" \/>\n<meta property=\"og:image\" content=\"https:\/\/fmgente.com.ar\/web\/wp-content\/uploads\/2025\/10\/Beto-Marcico-Roman-Riquelme.jpg-1.webp\" \/>\n\t<meta property=\"og:image:width\" content=\"1052\" \/>\n\t<meta property=\"og:image:height\" content=\"665\" \/>\n\t<meta property=\"og:image:type\" content=\"image\/webp\" \/>\n<meta name=\"twitter:card\" content=\"summary_large_image\" \/>\n<meta name=\"twitter:label1\" content=\"Tiempo de lectura\" \/>\n\t<meta name=\"twitter:data1\" content=\"3 minutos\" \/>\n<script type=\"application\/ld+json\" class=\"yoast-schema-graph\">{\"@context\":\"https:\\\/\\\/schema.org\",\"@graph\":[{\"@type\":\"Article\",\"@id\":\"https:\\\/\\\/fmgente.com.ar\\\/web\\\/robertito-funes-ugarte-conto-el-miedo-que-paso-en-la-marcha-por-el-triple-femicidio-de-florencio-varela\\\/#article\",\"isPartOf\":{\"@id\":\"https:\\\/\\\/fmgente.com.ar\\\/web\\\/robertito-funes-ugarte-conto-el-miedo-que-paso-en-la-marcha-por-el-triple-femicidio-de-florencio-varela\\\/\"},\"author\":{\"name\":\"\",\"@id\":\"\"},\"headline\":\"Robertito Funes Ugarte cont\u00f3 el miedo que pas\u00f3 en la marcha por el triple femicidio de Florencio Varela\",\"datePublished\":\"2025-10-08T03:05:07+00:00\",\"mainEntityOfPage\":{\"@id\":\"https:\\\/\\\/fmgente.com.ar\\\/web\\\/robertito-funes-ugarte-conto-el-miedo-que-paso-en-la-marcha-por-el-triple-femicidio-de-florencio-varela\\\/\"},\"wordCount\":546,\"publisher\":{\"@id\":\"https:\\\/\\\/fmgente.com.ar\\\/web\\\/#organization\"},\"image\":{\"@id\":\"https:\\\/\\\/fmgente.com.ar\\\/web\\\/robertito-funes-ugarte-conto-el-miedo-que-paso-en-la-marcha-por-el-triple-femicidio-de-florencio-varela\\\/#primaryimage\"},\"thumbnailUrl\":\"https:\\\/\\\/fmgente.com.ar\\\/web\\\/wp-content\\\/uploads\\\/2025\\\/10\\\/Beto-Marcico-Roman-Riquelme.jpg-1.webp\",\"articleSection\":[\"DESTACADAS\"],\"inLanguage\":\"es\"},{\"@type\":\"WebPage\",\"@id\":\"https:\\\/\\\/fmgente.com.ar\\\/web\\\/robertito-funes-ugarte-conto-el-miedo-que-paso-en-la-marcha-por-el-triple-femicidio-de-florencio-varela\\\/\",\"url\":\"https:\\\/\\\/fmgente.com.ar\\\/web\\\/robertito-funes-ugarte-conto-el-miedo-que-paso-en-la-marcha-por-el-triple-femicidio-de-florencio-varela\\\/\",\"name\":\"Robertito Funes Ugarte cont\u00f3 el miedo que pas\u00f3 en la marcha por el triple femicidio de Florencio Varela - Fm Gente\",\"isPartOf\":{\"@id\":\"https:\\\/\\\/fmgente.com.ar\\\/web\\\/#website\"},\"primaryImageOfPage\":{\"@id\":\"https:\\\/\\\/fmgente.com.ar\\\/web\\\/robertito-funes-ugarte-conto-el-miedo-que-paso-en-la-marcha-por-el-triple-femicidio-de-florencio-varela\\\/#primaryimage\"},\"image\":{\"@id\":\"https:\\\/\\\/fmgente.com.ar\\\/web\\\/robertito-funes-ugarte-conto-el-miedo-que-paso-en-la-marcha-por-el-triple-femicidio-de-florencio-varela\\\/#primaryimage\"},\"thumbnailUrl\":\"https:\\\/\\\/fmgente.com.ar\\\/web\\\/wp-content\\\/uploads\\\/2025\\\/10\\\/Beto-Marcico-Roman-Riquelme.jpg-1.webp\",\"datePublished\":\"2025-10-08T03:05:07+00:00\",\"inLanguage\":\"es\",\"potentialAction\":[{\"@type\":\"ReadAction\",\"target\":[\"https:\\\/\\\/fmgente.com.ar\\\/web\\\/robertito-funes-ugarte-conto-el-miedo-que-paso-en-la-marcha-por-el-triple-femicidio-de-florencio-varela\\\/\"]}]},{\"@type\":\"ImageObject\",\"inLanguage\":\"es\",\"@id\":\"https:\\\/\\\/fmgente.com.ar\\\/web\\\/robertito-funes-ugarte-conto-el-miedo-que-paso-en-la-marcha-por-el-triple-femicidio-de-florencio-varela\\\/#primaryimage\",\"url\":\"https:\\\/\\\/fmgente.com.ar\\\/web\\\/wp-content\\\/uploads\\\/2025\\\/10\\\/Beto-Marcico-Roman-Riquelme.jpg-1.webp\",\"contentUrl\":\"https:\\\/\\\/fmgente.com.ar\\\/web\\\/wp-content\\\/uploads\\\/2025\\\/10\\\/Beto-Marcico-Roman-Riquelme.jpg-1.webp\",\"width\":1052,\"height\":665},{\"@type\":\"WebSite\",\"@id\":\"https:\\\/\\\/fmgente.com.ar\\\/web\\\/#website\",\"url\":\"https:\\\/\\\/fmgente.com.ar\\\/web\\\/\",\"name\":\"Fm Gente\",\"description\":\"- Jes\u00fas Mar\u00eda\",\"publisher\":{\"@id\":\"https:\\\/\\\/fmgente.com.ar\\\/web\\\/#organization\"},\"potentialAction\":[{\"@type\":\"SearchAction\",\"target\":{\"@type\":\"EntryPoint\",\"urlTemplate\":\"https:\\\/\\\/fmgente.com.ar\\\/web\\\/?s={search_term_string}\"},\"query-input\":{\"@type\":\"PropertyValueSpecification\",\"valueRequired\":true,\"valueName\":\"search_term_string\"}}],\"inLanguage\":\"es\"},{\"@type\":\"Organization\",\"@id\":\"https:\\\/\\\/fmgente.com.ar\\\/web\\\/#organization\",\"name\":\"Fm Gente\",\"url\":\"https:\\\/\\\/fmgente.com.ar\\\/web\\\/\",\"logo\":{\"@type\":\"ImageObject\",\"inLanguage\":\"es\",\"@id\":\"https:\\\/\\\/fmgente.com.ar\\\/web\\\/#\\\/schema\\\/logo\\\/image\\\/\",\"url\":\"https:\\\/\\\/fmgente.com.ar\\\/web\\\/wp-content\\\/uploads\\\/2023\\\/07\\\/cropped-cropped-logo-sombra2.png\",\"contentUrl\":\"https:\\\/\\\/fmgente.com.ar\\\/web\\\/wp-content\\\/uploads\\\/2023\\\/07\\\/cropped-cropped-logo-sombra2.png\",\"width\":1782,\"height\":1782,\"caption\":\"Fm Gente\"},\"image\":{\"@id\":\"https:\\\/\\\/fmgente.com.ar\\\/web\\\/#\\\/schema\\\/logo\\\/image\\\/\"}}]}<\/script>\n<!-- \/ Yoast SEO plugin. -->","yoast_head_json":{"title":"Robertito Funes Ugarte cont\u00f3 el miedo que pas\u00f3 en la marcha por el triple femicidio de Florencio Varela - Fm Gente","robots":{"index":"index","follow":"follow","max-snippet":"max-snippet:-1","max-image-preview":"max-image-preview:large","max-video-preview":"max-video-preview:-1"},"canonical":"https:\/\/fmgente.com.ar\/web\/robertito-funes-ugarte-conto-el-miedo-que-paso-en-la-marcha-por-el-triple-femicidio-de-florencio-varela\/","og_locale":"es_ES","og_type":"article","og_title":"Robertito Funes Ugarte cont\u00f3 el miedo que pas\u00f3 en la marcha por el triple femicidio de Florencio Varela - Fm Gente","og_description":"Durante una cobertura period\u00edstica de la marcha por el triple femicidio de Florencio Varela, Robertito","og_url":"https:\/\/fmgente.com.ar\/web\/robertito-funes-ugarte-conto-el-miedo-que-paso-en-la-marcha-por-el-triple-femicidio-de-florencio-varela\/","og_site_name":"Fm Gente","article_published_time":"2025-10-08T03:05:07+00:00","og_image":[{"width":1052,"height":665,"url":"https:\/\/fmgente.com.ar\/web\/wp-content\/uploads\/2025\/10\/Beto-Marcico-Roman-Riquelme.jpg-1.webp","type":"image\/webp"}],"twitter_card":"summary_large_image","twitter_misc":{"Tiempo de lectura":"3 minutos"},"schema":{"@context":"https:\/\/schema.org","@graph":[{"@type":"Article","@id":"https:\/\/fmgente.com.ar\/web\/robertito-funes-ugarte-conto-el-miedo-que-paso-en-la-marcha-por-el-triple-femicidio-de-florencio-varela\/#article","isPartOf":{"@id":"https:\/\/fmgente.com.ar\/web\/robertito-funes-ugarte-conto-el-miedo-que-paso-en-la-marcha-por-el-triple-femicidio-de-florencio-varela\/"},"author":{"name":"","@id":""},"headline":"Robertito Funes Ugarte cont\u00f3 el miedo que pas\u00f3 en la marcha por el triple femicidio de Florencio Varela","datePublished":"2025-10-08T03:05:07+00:00","mainEntityOfPage":{"@id":"https:\/\/fmgente.com.ar\/web\/robertito-funes-ugarte-conto-el-miedo-que-paso-en-la-marcha-por-el-triple-femicidio-de-florencio-varela\/"},"wordCount":546,"publisher":{"@id":"https:\/\/fmgente.com.ar\/web\/#organization"},"image":{"@id":"https:\/\/fmgente.com.ar\/web\/robertito-funes-ugarte-conto-el-miedo-que-paso-en-la-marcha-por-el-triple-femicidio-de-florencio-varela\/#primaryimage"},"thumbnailUrl":"https:\/\/fmgente.com.ar\/web\/wp-content\/uploads\/2025\/10\/Beto-Marcico-Roman-Riquelme.jpg-1.webp","articleSection":["DESTACADAS"],"inLanguage":"es"},{"@type":"WebPage","@id":"https:\/\/fmgente.com.ar\/web\/robertito-funes-ugarte-conto-el-miedo-que-paso-en-la-marcha-por-el-triple-femicidio-de-florencio-varela\/","url":"https:\/\/fmgente.com.ar\/web\/robertito-funes-ugarte-conto-el-miedo-que-paso-en-la-marcha-por-el-triple-femicidio-de-florencio-varela\/","name":"Robertito Funes Ugarte cont\u00f3 el miedo que pas\u00f3 en la marcha por el triple femicidio de Florencio Varela - Fm Gente","isPartOf":{"@id":"https:\/\/fmgente.com.ar\/web\/#website"},"primaryImageOfPage":{"@id":"https:\/\/fmgente.com.ar\/web\/robertito-funes-ugarte-conto-el-miedo-que-paso-en-la-marcha-por-el-triple-femicidio-de-florencio-varela\/#primaryimage"},"image":{"@id":"https:\/\/fmgente.com.ar\/web\/robertito-funes-ugarte-conto-el-miedo-que-paso-en-la-marcha-por-el-triple-femicidio-de-florencio-varela\/#primaryimage"},"thumbnailUrl":"https:\/\/fmgente.com.ar\/web\/wp-content\/uploads\/2025\/10\/Beto-Marcico-Roman-Riquelme.jpg-1.webp","datePublished":"2025-10-08T03:05:07+00:00","inLanguage":"es","potentialAction":[{"@type":"ReadAction","target":["https:\/\/fmgente.com.ar\/web\/robertito-funes-ugarte-conto-el-miedo-que-paso-en-la-marcha-por-el-triple-femicidio-de-florencio-varela\/"]}]},{"@type":"ImageObject","inLanguage":"es","@id":"https:\/\/fmgente.com.ar\/web\/robertito-funes-ugarte-conto-el-miedo-que-paso-en-la-marcha-por-el-triple-femicidio-de-florencio-varela\/#primaryimage","url":"https:\/\/fmgente.com.ar\/web\/wp-content\/uploads\/2025\/10\/Beto-Marcico-Roman-Riquelme.jpg-1.webp","contentUrl":"https:\/\/fmgente.com.ar\/web\/wp-content\/uploads\/2025\/10\/Beto-Marcico-Roman-Riquelme.jpg-1.webp","width":1052,"height":665},{"@type":"WebSite","@id":"https:\/\/fmgente.com.ar\/web\/#website","url":"https:\/\/fmgente.com.ar\/web\/","name":"Fm Gente","description":"- Jes\u00fas Mar\u00eda","publisher":{"@id":"https:\/\/fmgente.com.ar\/web\/#organization"},"potentialAction":[{"@type":"SearchAction","target":{"@type":"EntryPoint","urlTemplate":"https:\/\/fmgente.com.ar\/web\/?s={search_term_string}"},"query-input":{"@type":"PropertyValueSpecification","valueRequired":true,"valueName":"search_term_string"}}],"inLanguage":"es"},{"@type":"Organization","@id":"https:\/\/fmgente.com.ar\/web\/#organization","name":"Fm Gente","url":"https:\/\/fmgente.com.ar\/web\/","logo":{"@type":"ImageObject","inLanguage":"es","@id":"https:\/\/fmgente.com.ar\/web\/#\/schema\/logo\/image\/","url":"https:\/\/fmgente.com.ar\/web\/wp-content\/uploads\/2023\/07\/cropped-cropped-logo-sombra2.png","contentUrl":"https:\/\/fmgente.com.ar\/web\/wp-content\/uploads\/2023\/07\/cropped-cropped-logo-sombra2.png","width":1782,"height":1782,"caption":"Fm Gente"},"image":{"@id":"https:\/\/fmgente.com.ar\/web\/#\/schema\/logo\/image\/"}}]}},"_links":{"self":[{"href":"https:\/\/fmgente.com.ar\/web\/wp-json\/wp\/v2\/posts\/6328","targetHints":{"allow":["GET"]}}],"collection":[{"href":"https:\/\/fmgente.com.ar\/web\/wp-json\/wp\/v2\/posts"}],"about":[{"href":"https:\/\/fmgente.com.ar\/web\/wp-json\/wp\/v2\/types\/post"}],"replies":[{"embeddable":true,"href":"https:\/\/fmgente.com.ar\/web\/wp-json\/wp\/v2\/comments?post=6328"}],"version-history":[{"count":0,"href":"https:\/\/fmgente.com.ar\/web\/wp-json\/wp\/v2\/posts\/6328\/revisions"}],"wp:featuredmedia":[{"embeddable":true,"href":"https:\/\/fmgente.com.ar\/web\/wp-json\/wp\/v2\/media\/6329"}],"wp:attachment":[{"href":"https:\/\/fmgente.com.ar\/web\/wp-json\/wp\/v2\/media?parent=6328"}],"wp:term":[{"taxonomy":"category","embeddable":true,"href":"https:\/\/fmgente.com.ar\/web\/wp-json\/wp\/v2\/categories?post=6328"},{"taxonomy":"post_tag","embeddable":true,"href":"https:\/\/fmgente.com.ar\/web\/wp-json\/wp\/v2\/tags?post=6328"}],"curies":[{"name":"wp","href":"https:\/\/api.w.org\/{rel}","templated":true}]}}