{"id":6325,"date":"2025-10-07T23:06:03","date_gmt":"2025-10-08T02:06:03","guid":{"rendered":"https:\/\/fmgente.com.ar\/jorge-rial-le-dio-una-importante-ayuda-a-su-hija-morena-en-la-carcel-y-cambio-todo-le-facilito-el\/"},"modified":"2025-10-07T23:06:03","modified_gmt":"2025-10-08T02:06:03","slug":"jorge-rial-le-dio-una-importante-ayuda-a-su-hija-morena-en-la-carcel-y-cambio-todo-le-facilito-el","status":"publish","type":"post","link":"https:\/\/fmgente.com.ar\/web\/jorge-rial-le-dio-una-importante-ayuda-a-su-hija-morena-en-la-carcel-y-cambio-todo-le-facilito-el\/","title":{"rendered":"Jorge Rial le dio una importante ayuda a su hija Morena en la c\u00e1rcel y cambi\u00f3 todo: &quot;Le facilit\u00f3 el&#8230;&quot;"},"content":{"rendered":"<p>La vida de<strong> Morena Rial<\/strong> volvi\u00f3 a dar un giro radical y, tristemente, la joven de 26 a\u00f1os nuevamente qued\u00f3 detenida. En una situaci\u00f3n muy triste y angustiante, que la ten\u00eda muy a mal traer a la hija de<strong> <a href=\"https:\/\/www.paparazzi.com.ar\/teve\/el-llamado-privado-de-jorge-rial-a-su-hija-en-sus-primeros-dias-en-una-carcel-de-maxima-seguridad\/\">Jorge Rial<\/a><\/strong>, en las \u00faltimas horas se revelaron importantes detalles.<\/p>\n<p><strong>Mart\u00edn Leiro<\/strong>, uno de los nuevos abogados que tiene Morena tras lo que fue la renuncia del <strong>Dr. Miguel \u00c1ngel Pierri<\/strong>, rompi\u00f3 el silencio para revelar diferentes cuestiones importantes. Una de ellas y de las m\u00e1s destacas, es que la influencer pudo tener una charla con su pap\u00e1.<\/p>\n<p>\u201c<em>Ella habl\u00f3 con su pap\u00e1 el d\u00eda viernes y estaba contenta, \u00e9l se puso a disposici\u00f3n y, adem\u00e1s, facilit\u00f3 el transporte para la persona que la fue a visitar el domingo, que fue una amiga, Evelyn, no es cierto eso que circul\u00f3 que era un hombre y una visita \u00edntima<\/em>\u201d, destac\u00f3 Leiro, respecto a la importante ayuda que el periodista le dio a su hija.<\/p>\n<div class=\"mt-box \">\n<h4 class=\"mt-heading\">Mir\u00e1 Tambi\u00e9n<\/h4>\n<p><a href=\"https:\/\/www.paparazzi.com.ar\/videos\/exclusivo-daniela-celis-confirmo-el-ultimo-paso-para-que-thiago-medina-reciba-el-alta\/\"><\/p>\n<div class=\"mt-content\">\n<div class=\"mt-image-container\"><img decoding=\"async\" src=\"https:\/\/www.paparazzi.com.ar\/wp-content\/uploads\/2025\/10\/Thiago-Medina-Daniela-359x226.jpg\" alt=\"\u00a1Exclusivo! Daniela Celis confirm\u00f3 el \u00faltimo paso para que Thiago Medina reciba el alta\" class=\"mt-image\" loading=\"lazy\" \/><\/div>\n<h5 class=\"mt-title\">\u00a1Exclusivo! Daniela Celis confirm\u00f3 el \u00faltimo paso para que Thiago Medina reciba el alta<\/h5>\n<\/div>\n<p><\/a><\/div>\n<p>Cabe destacar que de todos modos hoy el nexo de contacto entre Rial y Leiro es <strong>Roc\u00edo<\/strong> <strong>Rial<\/strong>, la otra hija de Jorge y hermana de <a href=\"https:\/\/www.paparazzi.com.ar\/teve\/morena-rial-vive-su-peor-momento-desde-la-carcel-tiene-problemas-psiquiatricos-es-autodestructiva-y\/\">Morena<\/a>: \u201c<em>Yo estoy en comunicaci\u00f3n con Roc\u00edo, pero el doctor Cipolla habla con Rial, hay comunicaci\u00f3n con el padre<\/em>\u201d.<\/p>\n<h2 class=\"wp-block-heading\">LA IMPORTANTE REVELACI\u00d3N DE MART\u00cdN LEIRO SOBRE MORENA RIAL<\/h2>\n<p>Pese a que Rial una vez m\u00e1s habl\u00f3 en su momento respecto a las decisiones y el camino de vida que eligi\u00f3 su hija, est\u00e1 muy cerca de ella. Ayud\u00e1ndola con su nieto <a href=\"https:\/\/www.paparazzi.com.ar\/teve\/asi-esta-hoy-amadeo-el-hijo-menor-de-morena-rial-luego-del-escandalo-que-vivio\/\">Amadeo<\/a>, en los pr\u00f3ximos d\u00edas se vendr\u00e1n noticias importantes.<\/p>\n<div class=\"mt-box \">\n<h4 class=\"mt-heading\">Mir\u00e1 Tambi\u00e9n<\/h4>\n<p><a href=\"https:\/\/www.paparazzi.com.ar\/teve\/morena-rial-sale-de-la-carcel-que-condiciones-debe-cumplir-para-tener-prision-domiciliaria\/\"><\/p>\n<div class=\"mt-content\">\n<div class=\"mt-image-container\"><img decoding=\"async\" src=\"https:\/\/www.paparazzi.com.ar\/wp-content\/uploads\/2025\/10\/Morena-Rial-presa-359x226.jpg\" alt=\"Morena Rial sale de la c\u00e1rcel: qu\u00e9 condiciones debe cumplir para tener prisi\u00f3n domiciliaria\" class=\"mt-image\" loading=\"lazy\" \/><\/div>\n<h5 class=\"mt-title\">Morena Rial sale de la c\u00e1rcel: qu\u00e9 condiciones debe cumplir para tener prisi\u00f3n domiciliaria<\/h5>\n<\/div>\n<p><\/a><\/div>\n<p>\u201c<em>El padre de Morena est\u00e1 presente, no tengan la menor duda. Uno se puede enojar con sus hijos, pero no dejamos de ser pap\u00e1s. Una vez que se le de el beneficio del arresto domiciliario vamos a decir qui\u00e9n es la persona que se va a hacer responsable de ella<\/em>\u201d, asever\u00f3 el abogado.<\/p>\n<p>Y sobre el cierre de su comentario, destac\u00f3 qui\u00e9n se estar\u00e1 haciendo cargo de Morena en medio de esta delicada situaci\u00f3n que atraviesa \u201c<em>No es su hermana Roc\u00edo sino una persona allegada, va a vivir en la provincia de Buenos Aires<\/em>\u201d.<\/p>\n<div class=\"mt-box \">\n<h4 class=\"mt-heading\">Mir\u00e1 Tambi\u00e9n<\/h4>\n<p><a href=\"https:\/\/www.paparazzi.com.ar\/teve\/la-impactante-nueva-cara-de-alex-caniggia-tras-borrarse-los-tatuajes-su-nuevo-look\/\"><\/p>\n<div class=\"mt-content\">\n<div class=\"mt-image-container\"><img decoding=\"async\" src=\"https:\/\/www.paparazzi.com.ar\/wp-content\/uploads\/2025\/05\/alex-caniggia.jpg.webp\" alt=\"Alex Caniggia se cambi\u00f3 toda la cara y luce irreconocible\" class=\"mt-image\" loading=\"lazy\" \/><\/div>\n<h5 class=\"mt-title\">Alex Caniggia se cambi\u00f3 toda la cara y luce irreconocible<\/h5>\n<\/div>\n<p><\/a><\/div>\n<div class=\"mt-box \">\n<h4 class=\"mt-heading\">Mir\u00e1 Tambi\u00e9n<\/h4>\n<p><a href=\"https:\/\/www.paparazzi.com.ar\/teve\/la-china-suarez-corto-todo-vinculo-con-pampita-y-le-declaro-la-guerra-con-una-polemica-actitud\/\"><\/p>\n<div class=\"mt-content\">\n<div class=\"mt-image-container\"><img decoding=\"async\" src=\"https:\/\/www.paparazzi.com.ar\/wp-content\/uploads\/2025\/10\/China-Suarez-Pampita-359x226.jpg\" alt=\"La China Su\u00e1rez cort\u00f3 todo v\u00ednculo con Pampita y le declar\u00f3 la guerra con una pol\u00e9mica actitud\" class=\"mt-image\" loading=\"lazy\" \/><\/div>\n<h5 class=\"mt-title\">La China Su\u00e1rez cort\u00f3 todo v\u00ednculo con Pampita y le declar\u00f3 la guerra con una pol\u00e9mica actitud<\/h5>\n<\/div>\n<p><\/a><\/div>\n<p>The post <a href=\"https:\/\/www.paparazzi.com.ar\/teve\/jorge-rial-le-dio-una-importante-ayuda-a-su-hija-morena-en-la-carcel-y-cambio-todo-le-facilito-el\/\">Jorge Rial le dio una importante ayuda a su hija Morena en la c\u00e1rcel y cambi\u00f3 todo: &quot;Le facilit\u00f3 el&#8230;&quot;<\/a> appeared first on <a href=\"https:\/\/www.paparazzi.com.ar\">Revista Paparazzi<\/a>.<\/p>\n","protected":false},"excerpt":{"rendered":"<p>La vida de Morena Rial volvi\u00f3 a dar un giro radical y, tristemente, la joven<\/p>\n","protected":false},"author":0,"featured_media":6326,"comment_status":"","ping_status":"","sticky":false,"template":"","format":"standard","meta":{"footnotes":""},"categories":[11],"tags":[],"class_list":["post-6325","post","type-post","status-publish","format-standard","has-post-thumbnail","hentry","category-destacadas"],"yoast_head":"<!-- This site is optimized with the Yoast SEO plugin v28.3 - https:\/\/yoast.com\/product\/yoast-seo-wordpress\/ -->\n<title>Jorge Rial le dio una importante ayuda a su hija Morena en la c\u00e1rcel y cambi\u00f3 todo: &quot;Le facilit\u00f3 el...&quot; - Fm Gente<\/title>\n<meta name=\"robots\" content=\"index, follow, max-snippet:-1, max-image-preview:large, max-video-preview:-1\" \/>\n<link rel=\"canonical\" href=\"https:\/\/fmgente.com.ar\/web\/jorge-rial-le-dio-una-importante-ayuda-a-su-hija-morena-en-la-carcel-y-cambio-todo-le-facilito-el\/\" \/>\n<meta property=\"og:locale\" content=\"es_ES\" \/>\n<meta property=\"og:type\" content=\"article\" \/>\n<meta property=\"og:title\" content=\"Jorge Rial le dio una importante ayuda a su hija Morena en la c\u00e1rcel y cambi\u00f3 todo: &quot;Le facilit\u00f3 el...&quot; - Fm Gente\" \/>\n<meta property=\"og:description\" content=\"La vida de Morena Rial volvi\u00f3 a dar un giro radical y, tristemente, la joven\" \/>\n<meta property=\"og:url\" content=\"https:\/\/fmgente.com.ar\/web\/jorge-rial-le-dio-una-importante-ayuda-a-su-hija-morena-en-la-carcel-y-cambio-todo-le-facilito-el\/\" \/>\n<meta property=\"og:site_name\" content=\"Fm Gente\" \/>\n<meta property=\"article:published_time\" content=\"2025-10-08T02:06:03+00:00\" \/>\n<meta property=\"og:image\" content=\"https:\/\/fmgente.com.ar\/web\/wp-content\/uploads\/2025\/10\/Thiago-Medina-Daniela-359x226-9.jpg\" \/>\n\t<meta property=\"og:image:width\" content=\"359\" \/>\n\t<meta property=\"og:image:height\" content=\"226\" \/>\n\t<meta property=\"og:image:type\" content=\"image\/jpeg\" \/>\n<meta name=\"twitter:card\" content=\"summary_large_image\" \/>\n<meta name=\"twitter:label1\" content=\"Tiempo de lectura\" \/>\n\t<meta name=\"twitter:data1\" content=\"2 minutos\" \/>\n<script type=\"application\/ld+json\" class=\"yoast-schema-graph\">{\"@context\":\"https:\\\/\\\/schema.org\",\"@graph\":[{\"@type\":\"Article\",\"@id\":\"https:\\\/\\\/fmgente.com.ar\\\/web\\\/jorge-rial-le-dio-una-importante-ayuda-a-su-hija-morena-en-la-carcel-y-cambio-todo-le-facilito-el\\\/#article\",\"isPartOf\":{\"@id\":\"https:\\\/\\\/fmgente.com.ar\\\/web\\\/jorge-rial-le-dio-una-importante-ayuda-a-su-hija-morena-en-la-carcel-y-cambio-todo-le-facilito-el\\\/\"},\"author\":{\"name\":\"\",\"@id\":\"\"},\"headline\":\"Jorge Rial le dio una importante ayuda a su hija Morena en la c\u00e1rcel y cambi\u00f3 todo: &quot;Le facilit\u00f3 el&#8230;&quot;\",\"datePublished\":\"2025-10-08T02:06:03+00:00\",\"mainEntityOfPage\":{\"@id\":\"https:\\\/\\\/fmgente.com.ar\\\/web\\\/jorge-rial-le-dio-una-importante-ayuda-a-su-hija-morena-en-la-carcel-y-cambio-todo-le-facilito-el\\\/\"},\"wordCount\":500,\"publisher\":{\"@id\":\"https:\\\/\\\/fmgente.com.ar\\\/web\\\/#organization\"},\"image\":{\"@id\":\"https:\\\/\\\/fmgente.com.ar\\\/web\\\/jorge-rial-le-dio-una-importante-ayuda-a-su-hija-morena-en-la-carcel-y-cambio-todo-le-facilito-el\\\/#primaryimage\"},\"thumbnailUrl\":\"https:\\\/\\\/fmgente.com.ar\\\/web\\\/wp-content\\\/uploads\\\/2025\\\/10\\\/Thiago-Medina-Daniela-359x226-9.jpg\",\"articleSection\":[\"DESTACADAS\"],\"inLanguage\":\"es\"},{\"@type\":\"WebPage\",\"@id\":\"https:\\\/\\\/fmgente.com.ar\\\/web\\\/jorge-rial-le-dio-una-importante-ayuda-a-su-hija-morena-en-la-carcel-y-cambio-todo-le-facilito-el\\\/\",\"url\":\"https:\\\/\\\/fmgente.com.ar\\\/web\\\/jorge-rial-le-dio-una-importante-ayuda-a-su-hija-morena-en-la-carcel-y-cambio-todo-le-facilito-el\\\/\",\"name\":\"Jorge Rial le dio una importante ayuda a su hija Morena en la c\u00e1rcel y cambi\u00f3 todo: &quot;Le facilit\u00f3 el...&quot; - Fm Gente\",\"isPartOf\":{\"@id\":\"https:\\\/\\\/fmgente.com.ar\\\/web\\\/#website\"},\"primaryImageOfPage\":{\"@id\":\"https:\\\/\\\/fmgente.com.ar\\\/web\\\/jorge-rial-le-dio-una-importante-ayuda-a-su-hija-morena-en-la-carcel-y-cambio-todo-le-facilito-el\\\/#primaryimage\"},\"image\":{\"@id\":\"https:\\\/\\\/fmgente.com.ar\\\/web\\\/jorge-rial-le-dio-una-importante-ayuda-a-su-hija-morena-en-la-carcel-y-cambio-todo-le-facilito-el\\\/#primaryimage\"},\"thumbnailUrl\":\"https:\\\/\\\/fmgente.com.ar\\\/web\\\/wp-content\\\/uploads\\\/2025\\\/10\\\/Thiago-Medina-Daniela-359x226-9.jpg\",\"datePublished\":\"2025-10-08T02:06:03+00:00\",\"inLanguage\":\"es\",\"potentialAction\":[{\"@type\":\"ReadAction\",\"target\":[\"https:\\\/\\\/fmgente.com.ar\\\/web\\\/jorge-rial-le-dio-una-importante-ayuda-a-su-hija-morena-en-la-carcel-y-cambio-todo-le-facilito-el\\\/\"]}]},{\"@type\":\"ImageObject\",\"inLanguage\":\"es\",\"@id\":\"https:\\\/\\\/fmgente.com.ar\\\/web\\\/jorge-rial-le-dio-una-importante-ayuda-a-su-hija-morena-en-la-carcel-y-cambio-todo-le-facilito-el\\\/#primaryimage\",\"url\":\"https:\\\/\\\/fmgente.com.ar\\\/web\\\/wp-content\\\/uploads\\\/2025\\\/10\\\/Thiago-Medina-Daniela-359x226-9.jpg\",\"contentUrl\":\"https:\\\/\\\/fmgente.com.ar\\\/web\\\/wp-content\\\/uploads\\\/2025\\\/10\\\/Thiago-Medina-Daniela-359x226-9.jpg\",\"width\":359,\"height\":226},{\"@type\":\"WebSite\",\"@id\":\"https:\\\/\\\/fmgente.com.ar\\\/web\\\/#website\",\"url\":\"https:\\\/\\\/fmgente.com.ar\\\/web\\\/\",\"name\":\"Fm Gente\",\"description\":\"- Jes\u00fas Mar\u00eda\",\"publisher\":{\"@id\":\"https:\\\/\\\/fmgente.com.ar\\\/web\\\/#organization\"},\"potentialAction\":[{\"@type\":\"SearchAction\",\"target\":{\"@type\":\"EntryPoint\",\"urlTemplate\":\"https:\\\/\\\/fmgente.com.ar\\\/web\\\/?s={search_term_string}\"},\"query-input\":{\"@type\":\"PropertyValueSpecification\",\"valueRequired\":true,\"valueName\":\"search_term_string\"}}],\"inLanguage\":\"es\"},{\"@type\":\"Organization\",\"@id\":\"https:\\\/\\\/fmgente.com.ar\\\/web\\\/#organization\",\"name\":\"Fm Gente\",\"url\":\"https:\\\/\\\/fmgente.com.ar\\\/web\\\/\",\"logo\":{\"@type\":\"ImageObject\",\"inLanguage\":\"es\",\"@id\":\"https:\\\/\\\/fmgente.com.ar\\\/web\\\/#\\\/schema\\\/logo\\\/image\\\/\",\"url\":\"https:\\\/\\\/fmgente.com.ar\\\/web\\\/wp-content\\\/uploads\\\/2023\\\/07\\\/cropped-cropped-logo-sombra2.png\",\"contentUrl\":\"https:\\\/\\\/fmgente.com.ar\\\/web\\\/wp-content\\\/uploads\\\/2023\\\/07\\\/cropped-cropped-logo-sombra2.png\",\"width\":1782,\"height\":1782,\"caption\":\"Fm Gente\"},\"image\":{\"@id\":\"https:\\\/\\\/fmgente.com.ar\\\/web\\\/#\\\/schema\\\/logo\\\/image\\\/\"}}]}<\/script>\n<!-- \/ Yoast SEO plugin. -->","yoast_head_json":{"title":"Jorge Rial le dio una importante ayuda a su hija Morena en la c\u00e1rcel y cambi\u00f3 todo: &quot;Le facilit\u00f3 el...&quot; - Fm Gente","robots":{"index":"index","follow":"follow","max-snippet":"max-snippet:-1","max-image-preview":"max-image-preview:large","max-video-preview":"max-video-preview:-1"},"canonical":"https:\/\/fmgente.com.ar\/web\/jorge-rial-le-dio-una-importante-ayuda-a-su-hija-morena-en-la-carcel-y-cambio-todo-le-facilito-el\/","og_locale":"es_ES","og_type":"article","og_title":"Jorge Rial le dio una importante ayuda a su hija Morena en la c\u00e1rcel y cambi\u00f3 todo: &quot;Le facilit\u00f3 el...&quot; - Fm Gente","og_description":"La vida de Morena Rial volvi\u00f3 a dar un giro radical y, tristemente, la joven","og_url":"https:\/\/fmgente.com.ar\/web\/jorge-rial-le-dio-una-importante-ayuda-a-su-hija-morena-en-la-carcel-y-cambio-todo-le-facilito-el\/","og_site_name":"Fm Gente","article_published_time":"2025-10-08T02:06:03+00:00","og_image":[{"width":359,"height":226,"url":"https:\/\/fmgente.com.ar\/web\/wp-content\/uploads\/2025\/10\/Thiago-Medina-Daniela-359x226-9.jpg","type":"image\/jpeg"}],"twitter_card":"summary_large_image","twitter_misc":{"Tiempo de lectura":"2 minutos"},"schema":{"@context":"https:\/\/schema.org","@graph":[{"@type":"Article","@id":"https:\/\/fmgente.com.ar\/web\/jorge-rial-le-dio-una-importante-ayuda-a-su-hija-morena-en-la-carcel-y-cambio-todo-le-facilito-el\/#article","isPartOf":{"@id":"https:\/\/fmgente.com.ar\/web\/jorge-rial-le-dio-una-importante-ayuda-a-su-hija-morena-en-la-carcel-y-cambio-todo-le-facilito-el\/"},"author":{"name":"","@id":""},"headline":"Jorge Rial le dio una importante ayuda a su hija Morena en la c\u00e1rcel y cambi\u00f3 todo: &quot;Le facilit\u00f3 el&#8230;&quot;","datePublished":"2025-10-08T02:06:03+00:00","mainEntityOfPage":{"@id":"https:\/\/fmgente.com.ar\/web\/jorge-rial-le-dio-una-importante-ayuda-a-su-hija-morena-en-la-carcel-y-cambio-todo-le-facilito-el\/"},"wordCount":500,"publisher":{"@id":"https:\/\/fmgente.com.ar\/web\/#organization"},"image":{"@id":"https:\/\/fmgente.com.ar\/web\/jorge-rial-le-dio-una-importante-ayuda-a-su-hija-morena-en-la-carcel-y-cambio-todo-le-facilito-el\/#primaryimage"},"thumbnailUrl":"https:\/\/fmgente.com.ar\/web\/wp-content\/uploads\/2025\/10\/Thiago-Medina-Daniela-359x226-9.jpg","articleSection":["DESTACADAS"],"inLanguage":"es"},{"@type":"WebPage","@id":"https:\/\/fmgente.com.ar\/web\/jorge-rial-le-dio-una-importante-ayuda-a-su-hija-morena-en-la-carcel-y-cambio-todo-le-facilito-el\/","url":"https:\/\/fmgente.com.ar\/web\/jorge-rial-le-dio-una-importante-ayuda-a-su-hija-morena-en-la-carcel-y-cambio-todo-le-facilito-el\/","name":"Jorge Rial le dio una importante ayuda a su hija Morena en la c\u00e1rcel y cambi\u00f3 todo: &quot;Le facilit\u00f3 el...&quot; - Fm Gente","isPartOf":{"@id":"https:\/\/fmgente.com.ar\/web\/#website"},"primaryImageOfPage":{"@id":"https:\/\/fmgente.com.ar\/web\/jorge-rial-le-dio-una-importante-ayuda-a-su-hija-morena-en-la-carcel-y-cambio-todo-le-facilito-el\/#primaryimage"},"image":{"@id":"https:\/\/fmgente.com.ar\/web\/jorge-rial-le-dio-una-importante-ayuda-a-su-hija-morena-en-la-carcel-y-cambio-todo-le-facilito-el\/#primaryimage"},"thumbnailUrl":"https:\/\/fmgente.com.ar\/web\/wp-content\/uploads\/2025\/10\/Thiago-Medina-Daniela-359x226-9.jpg","datePublished":"2025-10-08T02:06:03+00:00","inLanguage":"es","potentialAction":[{"@type":"ReadAction","target":["https:\/\/fmgente.com.ar\/web\/jorge-rial-le-dio-una-importante-ayuda-a-su-hija-morena-en-la-carcel-y-cambio-todo-le-facilito-el\/"]}]},{"@type":"ImageObject","inLanguage":"es","@id":"https:\/\/fmgente.com.ar\/web\/jorge-rial-le-dio-una-importante-ayuda-a-su-hija-morena-en-la-carcel-y-cambio-todo-le-facilito-el\/#primaryimage","url":"https:\/\/fmgente.com.ar\/web\/wp-content\/uploads\/2025\/10\/Thiago-Medina-Daniela-359x226-9.jpg","contentUrl":"https:\/\/fmgente.com.ar\/web\/wp-content\/uploads\/2025\/10\/Thiago-Medina-Daniela-359x226-9.jpg","width":359,"height":226},{"@type":"WebSite","@id":"https:\/\/fmgente.com.ar\/web\/#website","url":"https:\/\/fmgente.com.ar\/web\/","name":"Fm Gente","description":"- Jes\u00fas Mar\u00eda","publisher":{"@id":"https:\/\/fmgente.com.ar\/web\/#organization"},"potentialAction":[{"@type":"SearchAction","target":{"@type":"EntryPoint","urlTemplate":"https:\/\/fmgente.com.ar\/web\/?s={search_term_string}"},"query-input":{"@type":"PropertyValueSpecification","valueRequired":true,"valueName":"search_term_string"}}],"inLanguage":"es"},{"@type":"Organization","@id":"https:\/\/fmgente.com.ar\/web\/#organization","name":"Fm Gente","url":"https:\/\/fmgente.com.ar\/web\/","logo":{"@type":"ImageObject","inLanguage":"es","@id":"https:\/\/fmgente.com.ar\/web\/#\/schema\/logo\/image\/","url":"https:\/\/fmgente.com.ar\/web\/wp-content\/uploads\/2023\/07\/cropped-cropped-logo-sombra2.png","contentUrl":"https:\/\/fmgente.com.ar\/web\/wp-content\/uploads\/2023\/07\/cropped-cropped-logo-sombra2.png","width":1782,"height":1782,"caption":"Fm Gente"},"image":{"@id":"https:\/\/fmgente.com.ar\/web\/#\/schema\/logo\/image\/"}}]}},"_links":{"self":[{"href":"https:\/\/fmgente.com.ar\/web\/wp-json\/wp\/v2\/posts\/6325","targetHints":{"allow":["GET"]}}],"collection":[{"href":"https:\/\/fmgente.com.ar\/web\/wp-json\/wp\/v2\/posts"}],"about":[{"href":"https:\/\/fmgente.com.ar\/web\/wp-json\/wp\/v2\/types\/post"}],"replies":[{"embeddable":true,"href":"https:\/\/fmgente.com.ar\/web\/wp-json\/wp\/v2\/comments?post=6325"}],"version-history":[{"count":0,"href":"https:\/\/fmgente.com.ar\/web\/wp-json\/wp\/v2\/posts\/6325\/revisions"}],"wp:featuredmedia":[{"embeddable":true,"href":"https:\/\/fmgente.com.ar\/web\/wp-json\/wp\/v2\/media\/6326"}],"wp:attachment":[{"href":"https:\/\/fmgente.com.ar\/web\/wp-json\/wp\/v2\/media?parent=6325"}],"wp:term":[{"taxonomy":"category","embeddable":true,"href":"https:\/\/fmgente.com.ar\/web\/wp-json\/wp\/v2\/categories?post=6325"},{"taxonomy":"post_tag","embeddable":true,"href":"https:\/\/fmgente.com.ar\/web\/wp-json\/wp\/v2\/tags?post=6325"}],"curies":[{"name":"wp","href":"https:\/\/api.w.org\/{rel}","templated":true}]}}