{"id":6323,"date":"2025-10-07T23:06:02","date_gmt":"2025-10-08T02:06:02","guid":{"rendered":"https:\/\/fmgente.com.ar\/gabriela-sari-confirmo-si-esta-de-novia-con-el-ex-de-zaira-nara-facundo-pieres-soy-su\/"},"modified":"2025-10-07T23:06:02","modified_gmt":"2025-10-08T02:06:02","slug":"gabriela-sari-confirmo-si-esta-de-novia-con-el-ex-de-zaira-nara-facundo-pieres-soy-su","status":"publish","type":"post","link":"https:\/\/fmgente.com.ar\/web\/gabriela-sari-confirmo-si-esta-de-novia-con-el-ex-de-zaira-nara-facundo-pieres-soy-su\/","title":{"rendered":"Gabriela Sari confirm\u00f3 si est\u00e1 de novia con el ex de Zaira Nara, Facundo Pieres: &quot;Soy su\u2026&quot;"},"content":{"rendered":"<p><strong><a href=\"https:\/\/www.paparazzi.com.ar\/?s=Gabriela+Sari+\">Gabriela Sari<\/a><\/strong> volvi\u00f3 a estar en el centro de los rumores del mundo del espect\u00e1culo luego de que se la relacionara con <strong><a href=\"https:\/\/www.paparazzi.com.ar\/?s=Facundo+Pieres\">Facundo Pieres<\/a><\/strong> el ex de <strong><a href=\"https:\/\/www.paparazzi.com.ar\/?s=Zaira+Nara\">Zaira Nara<\/a><\/strong>. La actriz decidi\u00f3 romper el silencio en <em>Los Profesionales de Siempre<\/em>, aunque cuidando cada palabra y evitando confirmar cualquier v\u00ednculo sentimental.<\/p>\n<p><em>\u201cCon Facundo tenemos amigos en com\u00fan y nos encontramos en algunos eventos, pero no hay nada m\u00e1s que eso\u201d<\/em>, afirm\u00f3 Sari, dejando en claro que los encuentros fueron casuales y dentro de un contexto social. Sin embargo, sus declaraciones no lograron disipar por completo la curiosidad de los fan\u00e1ticos sobre un posible romance.<\/p>\n<p>La actriz cont\u00f3 que, aunque hubo intercambio de mensajes y algunas interacciones en redes sociales, no mantienen comunicaci\u00f3n constante y que cualquier contacto es estrictamente p\u00fablico y visible. <em>\u201cNo tenemos mensajes privados ni situaciones que ameriten especulaci\u00f3n\u201d<\/em>, explic\u00f3, dejando entrever que prefiere mantener su vida privada fuera del foco medi\u00e1tico.<\/p>\n<div class=\"mt-box \">\n<h4 class=\"mt-heading\">Mir\u00e1 Tambi\u00e9n<\/h4>\n<p><a href=\"https:\/\/www.paparazzi.com.ar\/videos\/exclusivo-daniela-celis-confirmo-el-ultimo-paso-para-que-thiago-medina-reciba-el-alta\/\"><\/p>\n<div class=\"mt-content\">\n<div class=\"mt-image-container\"><img decoding=\"async\" src=\"https:\/\/www.paparazzi.com.ar\/wp-content\/uploads\/2025\/10\/Thiago-Medina-Daniela-359x226.jpg\" alt=\"\u00a1Exclusivo! Daniela Celis confirm\u00f3 el \u00faltimo paso para que Thiago Medina reciba el alta\" class=\"mt-image\" loading=\"lazy\" \/><\/div>\n<h5 class=\"mt-title\">\u00a1Exclusivo! Daniela Celis confirm\u00f3 el \u00faltimo paso para que Thiago Medina reciba el alta<\/h5>\n<\/div>\n<p><\/a><\/div>\n<p>Gabriela destac\u00f3 que ambos comparten un c\u00edrculo de amistades com\u00fan y que sus encuentros han sido meramente amistosos: <em>\u201cSon encuentros casuales con amigos, nada m\u00e1s. Lo que se ve p\u00fablicamente es exactamente eso: encuentros casuales\u201d,<\/em> agreg\u00f3.<\/p>\n<p>La cautela de Sari refleja la manera en que los artistas suelen manejar los rumores, evitando confirmar ni desmentir v\u00ednculos que podr\u00edan generar controversia. En este contexto, la actriz reafirm\u00f3 que est\u00e1 enfocada en su trabajo y en su vida personal, sin querer alimentar especulaciones sobre su vida sentimental.<\/p>\n<div class=\"mt-box \">\n<h4 class=\"mt-heading\">Mir\u00e1 Tambi\u00e9n<\/h4>\n<p><a href=\"https:\/\/www.paparazzi.com.ar\/romances\/romance-en-puerta-zaira-nara-y-un-joven-famoso-juntos-la-foto\/\"><\/p>\n<div class=\"mt-content\">\n<div class=\"mt-image-container\"><img decoding=\"async\" src=\"https:\/\/www.paparazzi.com.ar\/wp-content\/uploads\/2025\/10\/Zaira-Nara-359x226.jpg\" alt=\"\u00bfRomance en puerta? Zaira Nara y un joven famoso juntos: la foto\" class=\"mt-image\" loading=\"lazy\" \/><\/div>\n<h5 class=\"mt-title\">\u00bfRomance en puerta? Zaira Nara y un joven famoso juntos: la foto<\/h5>\n<\/div>\n<p><\/a><\/div>\n<p>Aunque los medios siguen atentos a cada movimiento, Gabriela Sari mantiene un perfil bajo y busca que la atenci\u00f3n se centre en su carrera y no en posibles romances. Su postura demuestra una estrategia clara: responder sin revelar demasiado, dejando que el p\u00fablico interprete lo que quiera.<\/p>\n<p>Por el momento, los fan\u00e1ticos deber\u00e1n conformarse con las declaraciones de la actriz, que m\u00e1s que esclarecer, generan un halo de misterio alrededor de su vida privada. Con una sonrisa y palabras medidas, Gabriela Sari dej\u00f3 en claro que prefiere la discreci\u00f3n.<\/p>\n<div class=\"mt-box \">\n<h4 class=\"mt-heading\">Mir\u00e1 Tambi\u00e9n<\/h4>\n<p><a href=\"https:\/\/www.paparazzi.com.ar\/romances\/gabriela-sari-revelo-como-es-su-nueva-vida-a-4-meses-de-separarse-de-rulo-schijman-me-salvo\/\"><\/p>\n<div class=\"mt-content\">\n<div class=\"mt-image-container\"><img decoding=\"async\" src=\"https:\/\/www.paparazzi.com.ar\/wp-content\/uploads\/2025\/08\/Gabriela-Sari.jpg.webp\" alt=\"Gabriela Sari revel\u00f3 c\u00f3mo es su nueva vida a 4 meses de separarse de Rulo Schijman: &quot;Me salv\u00f3&quot;\" class=\"mt-image\" loading=\"lazy\" \/><\/div>\n<h5 class=\"mt-title\">Gabriela Sari revel\u00f3 c\u00f3mo es su nueva vida a 4 meses de separarse de Rulo Schijman: \u00abMe salv\u00f3\u00bb<\/h5>\n<\/div>\n<p><\/a><\/div>\n<div class=\"mt-box \">\n<h4 class=\"mt-heading\">Mir\u00e1 Tambi\u00e9n<\/h4>\n<p><a href=\"https:\/\/www.paparazzi.com.ar\/romances\/se-olvido-de-zaira-nara-con-que-famosa-esta-de-novio-facundo-pieres\/\"><\/p>\n<div class=\"mt-content\">\n<div class=\"mt-image-container\"><img decoding=\"async\" src=\"https:\/\/www.paparazzi.com.ar\/wp-content\/uploads\/2025\/04\/Zaira-Nara-Facundo-Pieres-1.jpg.webp\" alt=\"Se olvid\u00f3 de Zaira Nara: con qu\u00e9 famosa est\u00e1 de novio Facundo Pieres\" class=\"mt-image\" loading=\"lazy\" \/><\/div>\n<h5 class=\"mt-title\">Se olvid\u00f3 de Zaira Nara: con qu\u00e9 famosa est\u00e1 de novio Facundo Pieres<\/h5>\n<\/div>\n<p><\/a><\/div>\n<p>The post <a href=\"https:\/\/www.paparazzi.com.ar\/romances\/gabriela-sari-confirmo-si-esta-de-novia-con-el-ex-de-zaira-nara-facundo-pieres-soy-su\/\">Gabriela Sari confirm\u00f3 si est\u00e1 de novia con el ex de Zaira Nara, Facundo Pieres: &quot;Soy su\u2026&quot;<\/a> appeared first on <a href=\"https:\/\/www.paparazzi.com.ar\">Revista Paparazzi<\/a>.<\/p>\n","protected":false},"excerpt":{"rendered":"<p>Gabriela Sari volvi\u00f3 a estar en el centro de los rumores del mundo del espect\u00e1culo<\/p>\n","protected":false},"author":0,"featured_media":6324,"comment_status":"","ping_status":"","sticky":false,"template":"","format":"standard","meta":{"footnotes":""},"categories":[11],"tags":[],"class_list":["post-6323","post","type-post","status-publish","format-standard","has-post-thumbnail","hentry","category-destacadas"],"yoast_head":"<!-- This site is optimized with the Yoast SEO plugin v28.3 - https:\/\/yoast.com\/product\/yoast-seo-wordpress\/ -->\n<title>Gabriela Sari confirm\u00f3 si est\u00e1 de novia con el ex de Zaira Nara, Facundo Pieres: &quot;Soy su\u2026&quot; - Fm Gente<\/title>\n<meta name=\"robots\" content=\"index, follow, max-snippet:-1, max-image-preview:large, max-video-preview:-1\" \/>\n<link rel=\"canonical\" href=\"https:\/\/fmgente.com.ar\/web\/gabriela-sari-confirmo-si-esta-de-novia-con-el-ex-de-zaira-nara-facundo-pieres-soy-su\/\" \/>\n<meta property=\"og:locale\" content=\"es_ES\" \/>\n<meta property=\"og:type\" content=\"article\" \/>\n<meta property=\"og:title\" content=\"Gabriela Sari confirm\u00f3 si est\u00e1 de novia con el ex de Zaira Nara, Facundo Pieres: &quot;Soy su\u2026&quot; - Fm Gente\" \/>\n<meta property=\"og:description\" content=\"Gabriela Sari volvi\u00f3 a estar en el centro de los rumores del mundo del espect\u00e1culo\" \/>\n<meta property=\"og:url\" content=\"https:\/\/fmgente.com.ar\/web\/gabriela-sari-confirmo-si-esta-de-novia-con-el-ex-de-zaira-nara-facundo-pieres-soy-su\/\" \/>\n<meta property=\"og:site_name\" content=\"Fm Gente\" \/>\n<meta property=\"article:published_time\" content=\"2025-10-08T02:06:02+00:00\" \/>\n<meta property=\"og:image\" content=\"https:\/\/fmgente.com.ar\/web\/wp-content\/uploads\/2025\/10\/Thiago-Medina-Daniela-359x226-8.jpg\" \/>\n\t<meta property=\"og:image:width\" content=\"359\" \/>\n\t<meta property=\"og:image:height\" content=\"226\" \/>\n\t<meta property=\"og:image:type\" content=\"image\/jpeg\" \/>\n<meta name=\"twitter:card\" content=\"summary_large_image\" \/>\n<meta name=\"twitter:label1\" content=\"Tiempo de lectura\" \/>\n\t<meta name=\"twitter:data1\" content=\"2 minutos\" \/>\n<script type=\"application\/ld+json\" class=\"yoast-schema-graph\">{\"@context\":\"https:\\\/\\\/schema.org\",\"@graph\":[{\"@type\":\"Article\",\"@id\":\"https:\\\/\\\/fmgente.com.ar\\\/web\\\/gabriela-sari-confirmo-si-esta-de-novia-con-el-ex-de-zaira-nara-facundo-pieres-soy-su\\\/#article\",\"isPartOf\":{\"@id\":\"https:\\\/\\\/fmgente.com.ar\\\/web\\\/gabriela-sari-confirmo-si-esta-de-novia-con-el-ex-de-zaira-nara-facundo-pieres-soy-su\\\/\"},\"author\":{\"name\":\"\",\"@id\":\"\"},\"headline\":\"Gabriela Sari confirm\u00f3 si est\u00e1 de novia con el ex de Zaira Nara, Facundo Pieres: &quot;Soy su\u2026&quot;\",\"datePublished\":\"2025-10-08T02:06:02+00:00\",\"mainEntityOfPage\":{\"@id\":\"https:\\\/\\\/fmgente.com.ar\\\/web\\\/gabriela-sari-confirmo-si-esta-de-novia-con-el-ex-de-zaira-nara-facundo-pieres-soy-su\\\/\"},\"wordCount\":462,\"publisher\":{\"@id\":\"https:\\\/\\\/fmgente.com.ar\\\/web\\\/#organization\"},\"image\":{\"@id\":\"https:\\\/\\\/fmgente.com.ar\\\/web\\\/gabriela-sari-confirmo-si-esta-de-novia-con-el-ex-de-zaira-nara-facundo-pieres-soy-su\\\/#primaryimage\"},\"thumbnailUrl\":\"https:\\\/\\\/fmgente.com.ar\\\/web\\\/wp-content\\\/uploads\\\/2025\\\/10\\\/Thiago-Medina-Daniela-359x226-8.jpg\",\"articleSection\":[\"DESTACADAS\"],\"inLanguage\":\"es\"},{\"@type\":\"WebPage\",\"@id\":\"https:\\\/\\\/fmgente.com.ar\\\/web\\\/gabriela-sari-confirmo-si-esta-de-novia-con-el-ex-de-zaira-nara-facundo-pieres-soy-su\\\/\",\"url\":\"https:\\\/\\\/fmgente.com.ar\\\/web\\\/gabriela-sari-confirmo-si-esta-de-novia-con-el-ex-de-zaira-nara-facundo-pieres-soy-su\\\/\",\"name\":\"Gabriela Sari confirm\u00f3 si est\u00e1 de novia con el ex de Zaira Nara, Facundo Pieres: &quot;Soy su\u2026&quot; - Fm Gente\",\"isPartOf\":{\"@id\":\"https:\\\/\\\/fmgente.com.ar\\\/web\\\/#website\"},\"primaryImageOfPage\":{\"@id\":\"https:\\\/\\\/fmgente.com.ar\\\/web\\\/gabriela-sari-confirmo-si-esta-de-novia-con-el-ex-de-zaira-nara-facundo-pieres-soy-su\\\/#primaryimage\"},\"image\":{\"@id\":\"https:\\\/\\\/fmgente.com.ar\\\/web\\\/gabriela-sari-confirmo-si-esta-de-novia-con-el-ex-de-zaira-nara-facundo-pieres-soy-su\\\/#primaryimage\"},\"thumbnailUrl\":\"https:\\\/\\\/fmgente.com.ar\\\/web\\\/wp-content\\\/uploads\\\/2025\\\/10\\\/Thiago-Medina-Daniela-359x226-8.jpg\",\"datePublished\":\"2025-10-08T02:06:02+00:00\",\"inLanguage\":\"es\",\"potentialAction\":[{\"@type\":\"ReadAction\",\"target\":[\"https:\\\/\\\/fmgente.com.ar\\\/web\\\/gabriela-sari-confirmo-si-esta-de-novia-con-el-ex-de-zaira-nara-facundo-pieres-soy-su\\\/\"]}]},{\"@type\":\"ImageObject\",\"inLanguage\":\"es\",\"@id\":\"https:\\\/\\\/fmgente.com.ar\\\/web\\\/gabriela-sari-confirmo-si-esta-de-novia-con-el-ex-de-zaira-nara-facundo-pieres-soy-su\\\/#primaryimage\",\"url\":\"https:\\\/\\\/fmgente.com.ar\\\/web\\\/wp-content\\\/uploads\\\/2025\\\/10\\\/Thiago-Medina-Daniela-359x226-8.jpg\",\"contentUrl\":\"https:\\\/\\\/fmgente.com.ar\\\/web\\\/wp-content\\\/uploads\\\/2025\\\/10\\\/Thiago-Medina-Daniela-359x226-8.jpg\",\"width\":359,\"height\":226},{\"@type\":\"WebSite\",\"@id\":\"https:\\\/\\\/fmgente.com.ar\\\/web\\\/#website\",\"url\":\"https:\\\/\\\/fmgente.com.ar\\\/web\\\/\",\"name\":\"Fm Gente\",\"description\":\"- Jes\u00fas Mar\u00eda\",\"publisher\":{\"@id\":\"https:\\\/\\\/fmgente.com.ar\\\/web\\\/#organization\"},\"potentialAction\":[{\"@type\":\"SearchAction\",\"target\":{\"@type\":\"EntryPoint\",\"urlTemplate\":\"https:\\\/\\\/fmgente.com.ar\\\/web\\\/?s={search_term_string}\"},\"query-input\":{\"@type\":\"PropertyValueSpecification\",\"valueRequired\":true,\"valueName\":\"search_term_string\"}}],\"inLanguage\":\"es\"},{\"@type\":\"Organization\",\"@id\":\"https:\\\/\\\/fmgente.com.ar\\\/web\\\/#organization\",\"name\":\"Fm Gente\",\"url\":\"https:\\\/\\\/fmgente.com.ar\\\/web\\\/\",\"logo\":{\"@type\":\"ImageObject\",\"inLanguage\":\"es\",\"@id\":\"https:\\\/\\\/fmgente.com.ar\\\/web\\\/#\\\/schema\\\/logo\\\/image\\\/\",\"url\":\"https:\\\/\\\/fmgente.com.ar\\\/web\\\/wp-content\\\/uploads\\\/2023\\\/07\\\/cropped-cropped-logo-sombra2.png\",\"contentUrl\":\"https:\\\/\\\/fmgente.com.ar\\\/web\\\/wp-content\\\/uploads\\\/2023\\\/07\\\/cropped-cropped-logo-sombra2.png\",\"width\":1782,\"height\":1782,\"caption\":\"Fm Gente\"},\"image\":{\"@id\":\"https:\\\/\\\/fmgente.com.ar\\\/web\\\/#\\\/schema\\\/logo\\\/image\\\/\"}}]}<\/script>\n<!-- \/ Yoast SEO plugin. -->","yoast_head_json":{"title":"Gabriela Sari confirm\u00f3 si est\u00e1 de novia con el ex de Zaira Nara, Facundo Pieres: &quot;Soy su\u2026&quot; - Fm Gente","robots":{"index":"index","follow":"follow","max-snippet":"max-snippet:-1","max-image-preview":"max-image-preview:large","max-video-preview":"max-video-preview:-1"},"canonical":"https:\/\/fmgente.com.ar\/web\/gabriela-sari-confirmo-si-esta-de-novia-con-el-ex-de-zaira-nara-facundo-pieres-soy-su\/","og_locale":"es_ES","og_type":"article","og_title":"Gabriela Sari confirm\u00f3 si est\u00e1 de novia con el ex de Zaira Nara, Facundo Pieres: &quot;Soy su\u2026&quot; - Fm Gente","og_description":"Gabriela Sari volvi\u00f3 a estar en el centro de los rumores del mundo del espect\u00e1culo","og_url":"https:\/\/fmgente.com.ar\/web\/gabriela-sari-confirmo-si-esta-de-novia-con-el-ex-de-zaira-nara-facundo-pieres-soy-su\/","og_site_name":"Fm Gente","article_published_time":"2025-10-08T02:06:02+00:00","og_image":[{"width":359,"height":226,"url":"https:\/\/fmgente.com.ar\/web\/wp-content\/uploads\/2025\/10\/Thiago-Medina-Daniela-359x226-8.jpg","type":"image\/jpeg"}],"twitter_card":"summary_large_image","twitter_misc":{"Tiempo de lectura":"2 minutos"},"schema":{"@context":"https:\/\/schema.org","@graph":[{"@type":"Article","@id":"https:\/\/fmgente.com.ar\/web\/gabriela-sari-confirmo-si-esta-de-novia-con-el-ex-de-zaira-nara-facundo-pieres-soy-su\/#article","isPartOf":{"@id":"https:\/\/fmgente.com.ar\/web\/gabriela-sari-confirmo-si-esta-de-novia-con-el-ex-de-zaira-nara-facundo-pieres-soy-su\/"},"author":{"name":"","@id":""},"headline":"Gabriela Sari confirm\u00f3 si est\u00e1 de novia con el ex de Zaira Nara, Facundo Pieres: &quot;Soy su\u2026&quot;","datePublished":"2025-10-08T02:06:02+00:00","mainEntityOfPage":{"@id":"https:\/\/fmgente.com.ar\/web\/gabriela-sari-confirmo-si-esta-de-novia-con-el-ex-de-zaira-nara-facundo-pieres-soy-su\/"},"wordCount":462,"publisher":{"@id":"https:\/\/fmgente.com.ar\/web\/#organization"},"image":{"@id":"https:\/\/fmgente.com.ar\/web\/gabriela-sari-confirmo-si-esta-de-novia-con-el-ex-de-zaira-nara-facundo-pieres-soy-su\/#primaryimage"},"thumbnailUrl":"https:\/\/fmgente.com.ar\/web\/wp-content\/uploads\/2025\/10\/Thiago-Medina-Daniela-359x226-8.jpg","articleSection":["DESTACADAS"],"inLanguage":"es"},{"@type":"WebPage","@id":"https:\/\/fmgente.com.ar\/web\/gabriela-sari-confirmo-si-esta-de-novia-con-el-ex-de-zaira-nara-facundo-pieres-soy-su\/","url":"https:\/\/fmgente.com.ar\/web\/gabriela-sari-confirmo-si-esta-de-novia-con-el-ex-de-zaira-nara-facundo-pieres-soy-su\/","name":"Gabriela Sari confirm\u00f3 si est\u00e1 de novia con el ex de Zaira Nara, Facundo Pieres: &quot;Soy su\u2026&quot; - Fm Gente","isPartOf":{"@id":"https:\/\/fmgente.com.ar\/web\/#website"},"primaryImageOfPage":{"@id":"https:\/\/fmgente.com.ar\/web\/gabriela-sari-confirmo-si-esta-de-novia-con-el-ex-de-zaira-nara-facundo-pieres-soy-su\/#primaryimage"},"image":{"@id":"https:\/\/fmgente.com.ar\/web\/gabriela-sari-confirmo-si-esta-de-novia-con-el-ex-de-zaira-nara-facundo-pieres-soy-su\/#primaryimage"},"thumbnailUrl":"https:\/\/fmgente.com.ar\/web\/wp-content\/uploads\/2025\/10\/Thiago-Medina-Daniela-359x226-8.jpg","datePublished":"2025-10-08T02:06:02+00:00","inLanguage":"es","potentialAction":[{"@type":"ReadAction","target":["https:\/\/fmgente.com.ar\/web\/gabriela-sari-confirmo-si-esta-de-novia-con-el-ex-de-zaira-nara-facundo-pieres-soy-su\/"]}]},{"@type":"ImageObject","inLanguage":"es","@id":"https:\/\/fmgente.com.ar\/web\/gabriela-sari-confirmo-si-esta-de-novia-con-el-ex-de-zaira-nara-facundo-pieres-soy-su\/#primaryimage","url":"https:\/\/fmgente.com.ar\/web\/wp-content\/uploads\/2025\/10\/Thiago-Medina-Daniela-359x226-8.jpg","contentUrl":"https:\/\/fmgente.com.ar\/web\/wp-content\/uploads\/2025\/10\/Thiago-Medina-Daniela-359x226-8.jpg","width":359,"height":226},{"@type":"WebSite","@id":"https:\/\/fmgente.com.ar\/web\/#website","url":"https:\/\/fmgente.com.ar\/web\/","name":"Fm Gente","description":"- Jes\u00fas Mar\u00eda","publisher":{"@id":"https:\/\/fmgente.com.ar\/web\/#organization"},"potentialAction":[{"@type":"SearchAction","target":{"@type":"EntryPoint","urlTemplate":"https:\/\/fmgente.com.ar\/web\/?s={search_term_string}"},"query-input":{"@type":"PropertyValueSpecification","valueRequired":true,"valueName":"search_term_string"}}],"inLanguage":"es"},{"@type":"Organization","@id":"https:\/\/fmgente.com.ar\/web\/#organization","name":"Fm Gente","url":"https:\/\/fmgente.com.ar\/web\/","logo":{"@type":"ImageObject","inLanguage":"es","@id":"https:\/\/fmgente.com.ar\/web\/#\/schema\/logo\/image\/","url":"https:\/\/fmgente.com.ar\/web\/wp-content\/uploads\/2023\/07\/cropped-cropped-logo-sombra2.png","contentUrl":"https:\/\/fmgente.com.ar\/web\/wp-content\/uploads\/2023\/07\/cropped-cropped-logo-sombra2.png","width":1782,"height":1782,"caption":"Fm Gente"},"image":{"@id":"https:\/\/fmgente.com.ar\/web\/#\/schema\/logo\/image\/"}}]}},"_links":{"self":[{"href":"https:\/\/fmgente.com.ar\/web\/wp-json\/wp\/v2\/posts\/6323","targetHints":{"allow":["GET"]}}],"collection":[{"href":"https:\/\/fmgente.com.ar\/web\/wp-json\/wp\/v2\/posts"}],"about":[{"href":"https:\/\/fmgente.com.ar\/web\/wp-json\/wp\/v2\/types\/post"}],"replies":[{"embeddable":true,"href":"https:\/\/fmgente.com.ar\/web\/wp-json\/wp\/v2\/comments?post=6323"}],"version-history":[{"count":0,"href":"https:\/\/fmgente.com.ar\/web\/wp-json\/wp\/v2\/posts\/6323\/revisions"}],"wp:featuredmedia":[{"embeddable":true,"href":"https:\/\/fmgente.com.ar\/web\/wp-json\/wp\/v2\/media\/6324"}],"wp:attachment":[{"href":"https:\/\/fmgente.com.ar\/web\/wp-json\/wp\/v2\/media?parent=6323"}],"wp:term":[{"taxonomy":"category","embeddable":true,"href":"https:\/\/fmgente.com.ar\/web\/wp-json\/wp\/v2\/categories?post=6323"},{"taxonomy":"post_tag","embeddable":true,"href":"https:\/\/fmgente.com.ar\/web\/wp-json\/wp\/v2\/tags?post=6323"}],"curies":[{"name":"wp","href":"https:\/\/api.w.org\/{rel}","templated":true}]}}