{"id":6321,"date":"2025-10-07T23:06:01","date_gmt":"2025-10-08T02:06:01","guid":{"rendered":"https:\/\/fmgente.com.ar\/donald-trump-fulmino-a-bad-bunny-y-lo-tildo-de-ridiculo\/"},"modified":"2025-10-07T23:06:01","modified_gmt":"2025-10-08T02:06:01","slug":"donald-trump-fulmino-a-bad-bunny-y-lo-tildo-de-ridiculo","status":"publish","type":"post","link":"https:\/\/fmgente.com.ar\/web\/donald-trump-fulmino-a-bad-bunny-y-lo-tildo-de-ridiculo\/","title":{"rendered":"Donald Trump fulmin\u00f3 a Bad Bunny y lo tild\u00f3 de rid\u00edculo"},"content":{"rendered":"<p><a href=\"https:\/\/www.paparazzi.com.ar\/?s=Donald+Trump\">Donald Trump<\/a> volvi\u00f3 a generar pol\u00e9mica con sus declaraciones y apunt\u00f3 directamente contra <a href=\"https:\/\/www.paparazzi.com.ar\/?s=Bad+Bunny\">Bad Bunny<\/a>. El Presidente estadounidense se mostr\u00f3 indignado por la decisi\u00f3n de la <strong>NFL <\/strong>de elegir al artista puertorrique\u00f1o para el show del medio tiempo del pr\u00f3ximo <strong>Super Bowl<\/strong>: \u201c<em>Nunca escuch\u00e9 hablar de \u00e9l, no s\u00e9 qui\u00e9n es, no s\u00e9 por qu\u00e9 lo escogieron, es una locura<\/em>\u201d.<\/p>\n<p>Durante la charla con el periodista <strong>Greg Kelly<\/strong>, el conductor le coment\u00f3 que el cantante \u201c<em>odia al ICE y acusa de racismo a todo lo que no le gusta<\/em>\u201d. Luego le pregunt\u00f3 si cre\u00eda que deb\u00edan boicotear a la liga por haberlo elegido. <strong>Trump <\/strong>respondi\u00f3 sin filtros: \u201c<em>Es absolutamente rid\u00edculo<\/em>\u201d. <\/p>\n<p>El enojo del pol\u00edtico coincidi\u00f3 con el anuncio oficial de la liga, que confirm\u00f3 a <strong>Bad Bunny<\/strong> como protagonista del espect\u00e1culo musical que se realizar\u00e1 en febrero en Santa Clara, California. La decisi\u00f3n dividi\u00f3 al p\u00fablico estadounidense y gener\u00f3 repercusiones tanto en medios conservadores como en redes sociales. Para Trump, la elecci\u00f3n del puertorrique\u00f1o represent\u00f3 una provocaci\u00f3n: \u201c<em>Me parece totalmente rid\u00edculo<\/em>\u201d.<\/p>\n<div class=\"mt-box \">\n<h4 class=\"mt-heading\">Mir\u00e1 Tambi\u00e9n<\/h4>\n<p><a href=\"https:\/\/www.paparazzi.com.ar\/romances\/exclusivo-el-video-de-roberto-garcia-moritan-con-su-nueva-novia-en-plena-calle\/\"><\/p>\n<div class=\"mt-content\">\n<div class=\"mt-image-container\"><img decoding=\"async\" src=\"https:\/\/www.paparazzi.com.ar\/wp-content\/uploads\/2025\/08\/Garcia-Moritan.jpg.webp\" alt=\"\u00a1Exclusivo! El video de Roberto Garc\u00eda Morit\u00e1n con su nueva novia en plena calle\" class=\"mt-image\" loading=\"lazy\" \/><\/div>\n<h5 class=\"mt-title\">\u00a1Exclusivo! El video de Roberto Garc\u00eda Morit\u00e1n con su nueva novia en plena calle<\/h5>\n<\/div>\n<p><\/a><\/div>\n<p class=\"has-text-align-left\"><strong>Bad Bunny<\/strong>, por su parte, respondi\u00f3 a las cr\u00edticas con iron\u00eda. Durante su mon\u00f3logo en <strong>Saturday Night Live<\/strong>, el cantante se refiri\u00f3 al revuelo por su nombramiento. \u201c<em>Y si no entendieron lo que acabo de decir, tienen cuatro meses para aprender<\/em>\u00ab.<\/p>\n<p>El artista, de 31 a\u00f1os, fue conocido por su postura cr\u00edtica hacia Trump y sus pol\u00edticas migratorias. En distintas ocasiones se manifest\u00f3 en contra de las redadas de ICE y de la discriminaci\u00f3n hacia los latinos. La elecci\u00f3n de la NFL, que cont\u00f3 con la participaci\u00f3n de Apple Music y Roc Nation \u2014la productora de Jay-Z\u2014, fue celebrada por millones de fan\u00e1ticos y considerada un paso m\u00e1s hacia la diversidad cultural del evento.<\/p>\n<p>Mientras tanto, el enfrentamiento verbal entre el magnate y el \u00edcono urbano sigui\u00f3 escalando en redes. Trump mantuvo su discurso firme y los seguidores del cantante lo defendieron con furia. La pol\u00e9mica qued\u00f3 instalada en el coraz\u00f3n del espect\u00e1culo deportivo m\u00e1s visto del mundo, donde el conejo malo prometi\u00f3 dejarlo todo sobre el escenario, sin importar lo que diga el expresidente que lo tild\u00f3 de \u201crid\u00edculo\u201d.<\/p>\n<div class=\"mt-box \">\n<h4 class=\"mt-heading\">Mir\u00e1 Tambi\u00e9n<\/h4>\n<p><a href=\"https:\/\/www.paparazzi.com.ar\/teve\/valeria-mazza-vivio-un-incomodo-momento-con-un-argentino-en-el-bailando-de-espana\/\"><\/p>\n<div class=\"mt-content\">\n<div class=\"mt-image-container\"><img decoding=\"async\" src=\"https:\/\/www.paparazzi.com.ar\/wp-content\/uploads\/2025\/10\/image-110-359x226.png\" alt=\"Valeria Mazza vivi\u00f3 un inc\u00f3modo momento con un argentino en el Bailando de Espa\u00f1a\" class=\"mt-image\" loading=\"lazy\" \/><\/div>\n<h5 class=\"mt-title\">Valeria Mazza vivi\u00f3 un inc\u00f3modo momento con un argentino en el Bailando de Espa\u00f1a<\/h5>\n<\/div>\n<p><\/a><\/div>\n<div class=\"mt-box \">\n<h4 class=\"mt-heading\">Mir\u00e1 Tambi\u00e9n<\/h4>\n<p><a href=\"https:\/\/www.paparazzi.com.ar\/deportes\/miguel-angel-russo-enfrenta-el-momento-mas-delicado-de-su-enfermedad-asi-reacciono-el-mundo-del-futbol\/\"><\/p>\n<div class=\"mt-content\">\n<div class=\"mt-image-container\"><img decoding=\"async\" src=\"https:\/\/www.paparazzi.com.ar\/wp-content\/uploads\/2025\/08\/Miguel-Angel-Russo.jpg.webp\" alt=\"Miguel \u00c1ngel Russo enfrenta el momento m\u00e1s delicado de su enfermedad: as\u00ed reaccion\u00f3 el mundo del f\u00fatbol\" class=\"mt-image\" loading=\"lazy\" \/><\/div>\n<h5 class=\"mt-title\">Miguel \u00c1ngel Russo enfrenta el momento m\u00e1s delicado de su enfermedad: as\u00ed reaccion\u00f3 el mundo del f\u00fatbol<\/h5>\n<\/div>\n<p><\/a><\/div>\n<p>The post <a href=\"https:\/\/www.paparazzi.com.ar\/internacionales\/donald-trump-fulmino-a-bad-bunny-y-lo-tildo-de-ridiculo\/\">Donald Trump fulmin\u00f3 a Bad Bunny y lo tild\u00f3 de rid\u00edculo<\/a> appeared first on <a href=\"https:\/\/www.paparazzi.com.ar\">Revista Paparazzi<\/a>.<\/p>\n","protected":false},"excerpt":{"rendered":"<p>Donald Trump volvi\u00f3 a generar pol\u00e9mica con sus declaraciones y apunt\u00f3 directamente contra Bad Bunny.<\/p>\n","protected":false},"author":0,"featured_media":6322,"comment_status":"","ping_status":"","sticky":false,"template":"","format":"standard","meta":{"footnotes":""},"categories":[11],"tags":[],"class_list":["post-6321","post","type-post","status-publish","format-standard","has-post-thumbnail","hentry","category-destacadas"],"yoast_head":"<!-- This site is optimized with the Yoast SEO plugin v28.3 - https:\/\/yoast.com\/product\/yoast-seo-wordpress\/ -->\n<title>Donald Trump fulmin\u00f3 a Bad Bunny y lo tild\u00f3 de rid\u00edculo - Fm Gente<\/title>\n<meta name=\"robots\" content=\"index, follow, max-snippet:-1, max-image-preview:large, max-video-preview:-1\" \/>\n<link rel=\"canonical\" href=\"https:\/\/fmgente.com.ar\/web\/donald-trump-fulmino-a-bad-bunny-y-lo-tildo-de-ridiculo\/\" \/>\n<meta property=\"og:locale\" content=\"es_ES\" \/>\n<meta property=\"og:type\" content=\"article\" \/>\n<meta property=\"og:title\" content=\"Donald Trump fulmin\u00f3 a Bad Bunny y lo tild\u00f3 de rid\u00edculo - Fm Gente\" \/>\n<meta property=\"og:description\" content=\"Donald Trump volvi\u00f3 a generar pol\u00e9mica con sus declaraciones y apunt\u00f3 directamente contra Bad Bunny.\" \/>\n<meta property=\"og:url\" content=\"https:\/\/fmgente.com.ar\/web\/donald-trump-fulmino-a-bad-bunny-y-lo-tildo-de-ridiculo\/\" \/>\n<meta property=\"og:site_name\" content=\"Fm Gente\" \/>\n<meta property=\"article:published_time\" content=\"2025-10-08T02:06:01+00:00\" \/>\n<meta property=\"og:image\" content=\"https:\/\/fmgente.com.ar\/web\/wp-content\/uploads\/2025\/10\/Garcia-Moritan.jpg-2.webp\" \/>\n\t<meta property=\"og:image:width\" content=\"1052\" \/>\n\t<meta property=\"og:image:height\" content=\"665\" \/>\n\t<meta property=\"og:image:type\" content=\"image\/webp\" \/>\n<meta name=\"twitter:card\" content=\"summary_large_image\" \/>\n<meta name=\"twitter:label1\" content=\"Tiempo de lectura\" \/>\n\t<meta name=\"twitter:data1\" content=\"2 minutos\" \/>\n<script type=\"application\/ld+json\" class=\"yoast-schema-graph\">{\"@context\":\"https:\\\/\\\/schema.org\",\"@graph\":[{\"@type\":\"Article\",\"@id\":\"https:\\\/\\\/fmgente.com.ar\\\/web\\\/donald-trump-fulmino-a-bad-bunny-y-lo-tildo-de-ridiculo\\\/#article\",\"isPartOf\":{\"@id\":\"https:\\\/\\\/fmgente.com.ar\\\/web\\\/donald-trump-fulmino-a-bad-bunny-y-lo-tildo-de-ridiculo\\\/\"},\"author\":{\"name\":\"\",\"@id\":\"\"},\"headline\":\"Donald Trump fulmin\u00f3 a Bad Bunny y lo tild\u00f3 de rid\u00edculo\",\"datePublished\":\"2025-10-08T02:06:01+00:00\",\"mainEntityOfPage\":{\"@id\":\"https:\\\/\\\/fmgente.com.ar\\\/web\\\/donald-trump-fulmino-a-bad-bunny-y-lo-tildo-de-ridiculo\\\/\"},\"wordCount\":473,\"publisher\":{\"@id\":\"https:\\\/\\\/fmgente.com.ar\\\/web\\\/#organization\"},\"image\":{\"@id\":\"https:\\\/\\\/fmgente.com.ar\\\/web\\\/donald-trump-fulmino-a-bad-bunny-y-lo-tildo-de-ridiculo\\\/#primaryimage\"},\"thumbnailUrl\":\"https:\\\/\\\/fmgente.com.ar\\\/web\\\/wp-content\\\/uploads\\\/2025\\\/10\\\/Garcia-Moritan.jpg-2.webp\",\"articleSection\":[\"DESTACADAS\"],\"inLanguage\":\"es\"},{\"@type\":\"WebPage\",\"@id\":\"https:\\\/\\\/fmgente.com.ar\\\/web\\\/donald-trump-fulmino-a-bad-bunny-y-lo-tildo-de-ridiculo\\\/\",\"url\":\"https:\\\/\\\/fmgente.com.ar\\\/web\\\/donald-trump-fulmino-a-bad-bunny-y-lo-tildo-de-ridiculo\\\/\",\"name\":\"Donald Trump fulmin\u00f3 a Bad Bunny y lo tild\u00f3 de rid\u00edculo - Fm Gente\",\"isPartOf\":{\"@id\":\"https:\\\/\\\/fmgente.com.ar\\\/web\\\/#website\"},\"primaryImageOfPage\":{\"@id\":\"https:\\\/\\\/fmgente.com.ar\\\/web\\\/donald-trump-fulmino-a-bad-bunny-y-lo-tildo-de-ridiculo\\\/#primaryimage\"},\"image\":{\"@id\":\"https:\\\/\\\/fmgente.com.ar\\\/web\\\/donald-trump-fulmino-a-bad-bunny-y-lo-tildo-de-ridiculo\\\/#primaryimage\"},\"thumbnailUrl\":\"https:\\\/\\\/fmgente.com.ar\\\/web\\\/wp-content\\\/uploads\\\/2025\\\/10\\\/Garcia-Moritan.jpg-2.webp\",\"datePublished\":\"2025-10-08T02:06:01+00:00\",\"inLanguage\":\"es\",\"potentialAction\":[{\"@type\":\"ReadAction\",\"target\":[\"https:\\\/\\\/fmgente.com.ar\\\/web\\\/donald-trump-fulmino-a-bad-bunny-y-lo-tildo-de-ridiculo\\\/\"]}]},{\"@type\":\"ImageObject\",\"inLanguage\":\"es\",\"@id\":\"https:\\\/\\\/fmgente.com.ar\\\/web\\\/donald-trump-fulmino-a-bad-bunny-y-lo-tildo-de-ridiculo\\\/#primaryimage\",\"url\":\"https:\\\/\\\/fmgente.com.ar\\\/web\\\/wp-content\\\/uploads\\\/2025\\\/10\\\/Garcia-Moritan.jpg-2.webp\",\"contentUrl\":\"https:\\\/\\\/fmgente.com.ar\\\/web\\\/wp-content\\\/uploads\\\/2025\\\/10\\\/Garcia-Moritan.jpg-2.webp\",\"width\":1052,\"height\":665},{\"@type\":\"WebSite\",\"@id\":\"https:\\\/\\\/fmgente.com.ar\\\/web\\\/#website\",\"url\":\"https:\\\/\\\/fmgente.com.ar\\\/web\\\/\",\"name\":\"Fm Gente\",\"description\":\"- Jes\u00fas Mar\u00eda\",\"publisher\":{\"@id\":\"https:\\\/\\\/fmgente.com.ar\\\/web\\\/#organization\"},\"potentialAction\":[{\"@type\":\"SearchAction\",\"target\":{\"@type\":\"EntryPoint\",\"urlTemplate\":\"https:\\\/\\\/fmgente.com.ar\\\/web\\\/?s={search_term_string}\"},\"query-input\":{\"@type\":\"PropertyValueSpecification\",\"valueRequired\":true,\"valueName\":\"search_term_string\"}}],\"inLanguage\":\"es\"},{\"@type\":\"Organization\",\"@id\":\"https:\\\/\\\/fmgente.com.ar\\\/web\\\/#organization\",\"name\":\"Fm Gente\",\"url\":\"https:\\\/\\\/fmgente.com.ar\\\/web\\\/\",\"logo\":{\"@type\":\"ImageObject\",\"inLanguage\":\"es\",\"@id\":\"https:\\\/\\\/fmgente.com.ar\\\/web\\\/#\\\/schema\\\/logo\\\/image\\\/\",\"url\":\"https:\\\/\\\/fmgente.com.ar\\\/web\\\/wp-content\\\/uploads\\\/2023\\\/07\\\/cropped-cropped-logo-sombra2.png\",\"contentUrl\":\"https:\\\/\\\/fmgente.com.ar\\\/web\\\/wp-content\\\/uploads\\\/2023\\\/07\\\/cropped-cropped-logo-sombra2.png\",\"width\":1782,\"height\":1782,\"caption\":\"Fm Gente\"},\"image\":{\"@id\":\"https:\\\/\\\/fmgente.com.ar\\\/web\\\/#\\\/schema\\\/logo\\\/image\\\/\"}}]}<\/script>\n<!-- \/ Yoast SEO plugin. -->","yoast_head_json":{"title":"Donald Trump fulmin\u00f3 a Bad Bunny y lo tild\u00f3 de rid\u00edculo - Fm Gente","robots":{"index":"index","follow":"follow","max-snippet":"max-snippet:-1","max-image-preview":"max-image-preview:large","max-video-preview":"max-video-preview:-1"},"canonical":"https:\/\/fmgente.com.ar\/web\/donald-trump-fulmino-a-bad-bunny-y-lo-tildo-de-ridiculo\/","og_locale":"es_ES","og_type":"article","og_title":"Donald Trump fulmin\u00f3 a Bad Bunny y lo tild\u00f3 de rid\u00edculo - Fm Gente","og_description":"Donald Trump volvi\u00f3 a generar pol\u00e9mica con sus declaraciones y apunt\u00f3 directamente contra Bad Bunny.","og_url":"https:\/\/fmgente.com.ar\/web\/donald-trump-fulmino-a-bad-bunny-y-lo-tildo-de-ridiculo\/","og_site_name":"Fm Gente","article_published_time":"2025-10-08T02:06:01+00:00","og_image":[{"width":1052,"height":665,"url":"https:\/\/fmgente.com.ar\/web\/wp-content\/uploads\/2025\/10\/Garcia-Moritan.jpg-2.webp","type":"image\/webp"}],"twitter_card":"summary_large_image","twitter_misc":{"Tiempo de lectura":"2 minutos"},"schema":{"@context":"https:\/\/schema.org","@graph":[{"@type":"Article","@id":"https:\/\/fmgente.com.ar\/web\/donald-trump-fulmino-a-bad-bunny-y-lo-tildo-de-ridiculo\/#article","isPartOf":{"@id":"https:\/\/fmgente.com.ar\/web\/donald-trump-fulmino-a-bad-bunny-y-lo-tildo-de-ridiculo\/"},"author":{"name":"","@id":""},"headline":"Donald Trump fulmin\u00f3 a Bad Bunny y lo tild\u00f3 de rid\u00edculo","datePublished":"2025-10-08T02:06:01+00:00","mainEntityOfPage":{"@id":"https:\/\/fmgente.com.ar\/web\/donald-trump-fulmino-a-bad-bunny-y-lo-tildo-de-ridiculo\/"},"wordCount":473,"publisher":{"@id":"https:\/\/fmgente.com.ar\/web\/#organization"},"image":{"@id":"https:\/\/fmgente.com.ar\/web\/donald-trump-fulmino-a-bad-bunny-y-lo-tildo-de-ridiculo\/#primaryimage"},"thumbnailUrl":"https:\/\/fmgente.com.ar\/web\/wp-content\/uploads\/2025\/10\/Garcia-Moritan.jpg-2.webp","articleSection":["DESTACADAS"],"inLanguage":"es"},{"@type":"WebPage","@id":"https:\/\/fmgente.com.ar\/web\/donald-trump-fulmino-a-bad-bunny-y-lo-tildo-de-ridiculo\/","url":"https:\/\/fmgente.com.ar\/web\/donald-trump-fulmino-a-bad-bunny-y-lo-tildo-de-ridiculo\/","name":"Donald Trump fulmin\u00f3 a Bad Bunny y lo tild\u00f3 de rid\u00edculo - Fm Gente","isPartOf":{"@id":"https:\/\/fmgente.com.ar\/web\/#website"},"primaryImageOfPage":{"@id":"https:\/\/fmgente.com.ar\/web\/donald-trump-fulmino-a-bad-bunny-y-lo-tildo-de-ridiculo\/#primaryimage"},"image":{"@id":"https:\/\/fmgente.com.ar\/web\/donald-trump-fulmino-a-bad-bunny-y-lo-tildo-de-ridiculo\/#primaryimage"},"thumbnailUrl":"https:\/\/fmgente.com.ar\/web\/wp-content\/uploads\/2025\/10\/Garcia-Moritan.jpg-2.webp","datePublished":"2025-10-08T02:06:01+00:00","inLanguage":"es","potentialAction":[{"@type":"ReadAction","target":["https:\/\/fmgente.com.ar\/web\/donald-trump-fulmino-a-bad-bunny-y-lo-tildo-de-ridiculo\/"]}]},{"@type":"ImageObject","inLanguage":"es","@id":"https:\/\/fmgente.com.ar\/web\/donald-trump-fulmino-a-bad-bunny-y-lo-tildo-de-ridiculo\/#primaryimage","url":"https:\/\/fmgente.com.ar\/web\/wp-content\/uploads\/2025\/10\/Garcia-Moritan.jpg-2.webp","contentUrl":"https:\/\/fmgente.com.ar\/web\/wp-content\/uploads\/2025\/10\/Garcia-Moritan.jpg-2.webp","width":1052,"height":665},{"@type":"WebSite","@id":"https:\/\/fmgente.com.ar\/web\/#website","url":"https:\/\/fmgente.com.ar\/web\/","name":"Fm Gente","description":"- Jes\u00fas Mar\u00eda","publisher":{"@id":"https:\/\/fmgente.com.ar\/web\/#organization"},"potentialAction":[{"@type":"SearchAction","target":{"@type":"EntryPoint","urlTemplate":"https:\/\/fmgente.com.ar\/web\/?s={search_term_string}"},"query-input":{"@type":"PropertyValueSpecification","valueRequired":true,"valueName":"search_term_string"}}],"inLanguage":"es"},{"@type":"Organization","@id":"https:\/\/fmgente.com.ar\/web\/#organization","name":"Fm Gente","url":"https:\/\/fmgente.com.ar\/web\/","logo":{"@type":"ImageObject","inLanguage":"es","@id":"https:\/\/fmgente.com.ar\/web\/#\/schema\/logo\/image\/","url":"https:\/\/fmgente.com.ar\/web\/wp-content\/uploads\/2023\/07\/cropped-cropped-logo-sombra2.png","contentUrl":"https:\/\/fmgente.com.ar\/web\/wp-content\/uploads\/2023\/07\/cropped-cropped-logo-sombra2.png","width":1782,"height":1782,"caption":"Fm Gente"},"image":{"@id":"https:\/\/fmgente.com.ar\/web\/#\/schema\/logo\/image\/"}}]}},"_links":{"self":[{"href":"https:\/\/fmgente.com.ar\/web\/wp-json\/wp\/v2\/posts\/6321","targetHints":{"allow":["GET"]}}],"collection":[{"href":"https:\/\/fmgente.com.ar\/web\/wp-json\/wp\/v2\/posts"}],"about":[{"href":"https:\/\/fmgente.com.ar\/web\/wp-json\/wp\/v2\/types\/post"}],"replies":[{"embeddable":true,"href":"https:\/\/fmgente.com.ar\/web\/wp-json\/wp\/v2\/comments?post=6321"}],"version-history":[{"count":0,"href":"https:\/\/fmgente.com.ar\/web\/wp-json\/wp\/v2\/posts\/6321\/revisions"}],"wp:featuredmedia":[{"embeddable":true,"href":"https:\/\/fmgente.com.ar\/web\/wp-json\/wp\/v2\/media\/6322"}],"wp:attachment":[{"href":"https:\/\/fmgente.com.ar\/web\/wp-json\/wp\/v2\/media?parent=6321"}],"wp:term":[{"taxonomy":"category","embeddable":true,"href":"https:\/\/fmgente.com.ar\/web\/wp-json\/wp\/v2\/categories?post=6321"},{"taxonomy":"post_tag","embeddable":true,"href":"https:\/\/fmgente.com.ar\/web\/wp-json\/wp\/v2\/tags?post=6321"}],"curies":[{"name":"wp","href":"https:\/\/api.w.org\/{rel}","templated":true}]}}