{"id":6319,"date":"2025-10-07T22:05:22","date_gmt":"2025-10-08T01:05:22","guid":{"rendered":"https:\/\/fmgente.com.ar\/quien-es-la-participante-de-masterchef-celebrity-que-se-accidento-y-fue-atendida-de-urgencia\/"},"modified":"2025-10-07T22:05:22","modified_gmt":"2025-10-08T01:05:22","slug":"quien-es-la-participante-de-masterchef-celebrity-que-se-accidento-y-fue-atendida-de-urgencia","status":"publish","type":"post","link":"https:\/\/fmgente.com.ar\/web\/quien-es-la-participante-de-masterchef-celebrity-que-se-accidento-y-fue-atendida-de-urgencia\/","title":{"rendered":"Qui\u00e9n es la participante de MasterChef Celebrity que se accident\u00f3 y fue atendida de urgencia"},"content":{"rendered":"<p>Momentos de tensi\u00f3n se vivieron en la previa de la nueva edici\u00f3n de <em><a href=\"https:\/\/www.paparazzi.com.ar\/?s=MasterChef+Celebrity\">MasterChef Celebrity<\/a><\/em>, el exitoso reality culinario de Telefe. <strong><a href=\"https:\/\/www.paparazzi.com.ar\/?s=Eugenia+Tobal\">Eugenia Tobal<\/a><\/strong>, una de las figuras confirmadas para esta temporada, sufri\u00f3 un accidente dom\u00e9stico mientras practicaba desde su casa y debi\u00f3 ser atendida de urgencia.<\/p>\n<p>La noticia fue revelada por <strong><a href=\"https:\/\/www.paparazzi.com.ar\/?s=%C3%81ngel+de+Brito\">\u00c1ngel de Brito<\/a><\/strong> en <em>LAM<\/em>, quien llev\u00f3 tranquilidad a los televidentes, pero no ocult\u00f3 la sorpresa del episodio. <em>\u201cEl viernes tuvo un peque\u00f1o accidente Eugenia Tobal, nada grave. Estaba con una mandolina ensayando y se reban\u00f3 un dedo, termin\u00f3 en la guardia en San Isidro\u201d<\/em>, cont\u00f3 el conductor en pleno programa en vivo.<\/p>\n<p>De acuerdo con la informaci\u00f3n que brind\u00f3 De Brito, el hecho no ocurri\u00f3 durante las grabaciones del reality, sino en la intimidad de su hogar. <em>\u201cLe quer\u00eda mostrar al marido c\u00f3mo le sal\u00eda y, sin querer, se cort\u00f3\u201d<\/em>, agreg\u00f3 sobre la situaci\u00f3n que gener\u00f3 alarma en su entorno cercano.<\/p>\n<div class=\"mt-box \">\n<h4 class=\"mt-heading\">Mir\u00e1 Tambi\u00e9n<\/h4>\n<p><a href=\"https:\/\/www.paparazzi.com.ar\/teve\/exclusivo-nacho-castanares-revelo-como-esta-thiago-medina-tras-despertar-del-coma\/\"><\/p>\n<div class=\"mt-content\">\n<div class=\"mt-image-container\"><img decoding=\"async\" src=\"https:\/\/www.paparazzi.com.ar\/wp-content\/uploads\/2025\/09\/Nacho-Castanares-Thiago-medina.jpg.webp\" alt=\"\u00a1Exclusivo! Nacho Casta\u00f1ares revel\u00f3 c\u00f3mo est\u00e1 Thiago Medina tras despertar del coma\" class=\"mt-image\" loading=\"lazy\" \/><\/div>\n<h5 class=\"mt-title\">\u00a1Exclusivo! Nacho Casta\u00f1ares revel\u00f3 c\u00f3mo est\u00e1 Thiago Medina tras despertar del coma<\/h5>\n<\/div>\n<p><\/a><\/div>\n<p>Seg\u00fan trascendi\u00f3, la actriz estaba ensayando platos para perfeccionar su t\u00e9cnica antes del inicio de las filmaciones oficiales. Tras el accidente, tuvo que ser atendida de inmediato y recibi\u00f3 curaciones en la mano. <em>\u201cTermin\u00f3 con la mano llena de sangre y una toalla envuelta\u201d,<\/em> detall\u00f3 el periodista. <\/p>\n<h2 class=\"wp-block-heading\">LA LESI\u00d3N DE EUGENIA TOBAL:<\/h2>\n<p>Por fortuna, la lesi\u00f3n no pas\u00f3 a mayores y Eugenia ya se encuentra recuper\u00e1ndose favorablemente. A pesar del susto, Tobal mantiene el entusiasmo por su regreso a la televisi\u00f3n, esta vez en un rol completamente distinto: el de participante de un concurso gastron\u00f3mico que promete ser una de las grandes apuestas del a\u00f1o.<\/p>\n<p>D\u00edas atr\u00e1s, Telefe present\u00f3 en horario prime time la lista oficial de participantes, en un lanzamiento conducido por <strong>Wanda Nara<\/strong> y <strong>Ver\u00f3nica Lozano<\/strong>. Entre los nombres m\u00e1s resonantes se destacan <strong>Pablo Lescano<\/strong>, <strong>Evangelina Anderson<\/strong>, <strong>La Joaqui<\/strong>, <strong>Sofi Mart\u00ednez<\/strong>, <strong>Luis Ventura<\/strong>, <strong>Valentina Cervantes<\/strong>.<\/p>\n<div class=\"mt-box \">\n<h4 class=\"mt-heading\">Mir\u00e1 Tambi\u00e9n<\/h4>\n<p><a href=\"https:\/\/www.paparazzi.com.ar\/teve\/wanda-nara-se-burlo-del-tamano-de-mauro-icardi-con-el-jurado-de-masterchef-el-provocador-video\/\"><\/p>\n<div class=\"mt-content\">\n<div class=\"mt-image-container\"><img decoding=\"async\" src=\"https:\/\/www.paparazzi.com.ar\/wp-content\/uploads\/2025\/10\/wanda-nara-mauro-icardi-359x226.jpg\" alt=\"Wanda Nara se burl\u00f3 del &quot;tama\u00f1o&quot; de Mauro Icardi con el jurado de MasterChef: el provocador video\" class=\"mt-image\" loading=\"lazy\" \/><\/div>\n<h5 class=\"mt-title\">Wanda Nara se burl\u00f3 del \u00abtama\u00f1o\u00bb de Mauro Icardi con el jurado de MasterChef: el provocador video<\/h5>\n<\/div>\n<p><\/a><\/div>\n<p>Tambi\u00e9n: <strong>Diego \u201cPeque\u201d Schwartzman<\/strong>, <strong>Momi Giardina<\/strong>, <strong>Marixa Balli<\/strong>, <strong>Emilia Attias<\/strong>, <strong>Andy Chango<\/strong>, <strong>Esteban Mirol<\/strong>, <strong>Jorge \u201cRo\u00f1a\u201d Castro<\/strong>, <strong>Ian Lucas<\/strong>, <strong>Agust\u00edn \u201cCachete\u201d Sierra<\/strong>, <strong>Claudio \u201cTurco\u201d Husa\u00edn<\/strong> y como sorpresa, <strong>Maxi L\u00f3pez<\/strong>, ex de Wanda Nara.<\/p>\n<p>Con este elenco explosivo, la producci\u00f3n de Telefe apuesta nuevamente a combinar famosos, humor y competencia gastron\u00f3mica, con la promesa de momentos imperdibles dentro y fuera de la cocina. Mientras tanto, Eugenia Tobal contin\u00faa recuper\u00e1ndose y se prepara para debutar oficialmente en las grabaciones del programa.<\/p>\n<div class=\"mt-box \">\n<h4 class=\"mt-heading\">Mir\u00e1 Tambi\u00e9n<\/h4>\n<p><a href=\"https:\/\/www.paparazzi.com.ar\/teve\/angel-de-brito-confirmo-el-primer-escandalo-de-masterchef-se-fue-llorando\/\"><\/p>\n<div class=\"mt-content\">\n<div class=\"mt-image-container\"><img decoding=\"async\" src=\"https:\/\/www.paparazzi.com.ar\/wp-content\/uploads\/2025\/08\/Wanda-Nara-MasterChef.jpg.webp\" alt=\"\u00c1ngel de Brito confirm\u00f3 el primer esc\u00e1ndalo de MasterChef: \u201cSe fue llorando\u201d\" class=\"mt-image\" loading=\"lazy\" \/><\/div>\n<h5 class=\"mt-title\">\u00c1ngel de Brito confirm\u00f3 el primer esc\u00e1ndalo de MasterChef: \u201cSe fue llorando\u201d<\/h5>\n<\/div>\n<p><\/a><\/div>\n<div class=\"mt-box \">\n<h4 class=\"mt-heading\">Mir\u00e1 Tambi\u00e9n<\/h4>\n<p><a href=\"https:\/\/www.paparazzi.com.ar\/teve\/todo-mal-suma-preocupacion-por-luis-ventura-en-masterchef-celebrity-le-dieron-un-ultimatum\/\"><\/p>\n<div class=\"mt-content\">\n<div class=\"mt-image-container\"><img decoding=\"async\" src=\"https:\/\/www.paparazzi.com.ar\/wp-content\/uploads\/2025\/08\/Luis-Ventura-atraviesa-una-dolorosa-muerte-familiar-y-expreso-todo-su-dolor-22Era-atroz-seguir-asi22.jpg.webp\" alt=\"\u00a1Todo mal! Suma preocupaci\u00f3n por Luis Ventura en MasterChef Celebrity: \u201cLe dieron un ultim\u00e1tum\u201d\" class=\"mt-image\" loading=\"lazy\" \/><\/div>\n<h5 class=\"mt-title\">\u00a1Todo mal! Suma preocupaci\u00f3n por Luis Ventura en MasterChef Celebrity: \u201cLe dieron un ultim\u00e1tum\u201d<\/h5>\n<\/div>\n<p><\/a><\/div>\n<p>The post <a href=\"https:\/\/www.paparazzi.com.ar\/teve\/quien-es-la-participante-de-masterchef-celebrity-que-se-accidento-y-fue-atendida-de-urgencia\/\">Qui\u00e9n es la participante de MasterChef Celebrity que se accident\u00f3 y fue atendida de urgencia<\/a> appeared first on <a href=\"https:\/\/www.paparazzi.com.ar\">Revista Paparazzi<\/a>.<\/p>\n","protected":false},"excerpt":{"rendered":"<p>Momentos de tensi\u00f3n se vivieron en la previa de la nueva edici\u00f3n de MasterChef Celebrity,<\/p>\n","protected":false},"author":0,"featured_media":6320,"comment_status":"","ping_status":"","sticky":false,"template":"","format":"standard","meta":{"footnotes":""},"categories":[11],"tags":[],"class_list":["post-6319","post","type-post","status-publish","format-standard","has-post-thumbnail","hentry","category-destacadas"],"yoast_head":"<!-- This site is optimized with the Yoast SEO plugin v28.3 - https:\/\/yoast.com\/product\/yoast-seo-wordpress\/ -->\n<title>Qui\u00e9n es la participante de MasterChef Celebrity que se accident\u00f3 y fue atendida de urgencia - Fm Gente<\/title>\n<meta name=\"robots\" content=\"index, follow, max-snippet:-1, max-image-preview:large, max-video-preview:-1\" \/>\n<link rel=\"canonical\" href=\"https:\/\/fmgente.com.ar\/web\/quien-es-la-participante-de-masterchef-celebrity-que-se-accidento-y-fue-atendida-de-urgencia\/\" \/>\n<meta property=\"og:locale\" content=\"es_ES\" \/>\n<meta property=\"og:type\" content=\"article\" \/>\n<meta property=\"og:title\" content=\"Qui\u00e9n es la participante de MasterChef Celebrity que se accident\u00f3 y fue atendida de urgencia - Fm Gente\" \/>\n<meta property=\"og:description\" content=\"Momentos de tensi\u00f3n se vivieron en la previa de la nueva edici\u00f3n de MasterChef Celebrity,\" \/>\n<meta property=\"og:url\" content=\"https:\/\/fmgente.com.ar\/web\/quien-es-la-participante-de-masterchef-celebrity-que-se-accidento-y-fue-atendida-de-urgencia\/\" \/>\n<meta property=\"og:site_name\" content=\"Fm Gente\" \/>\n<meta property=\"article:published_time\" content=\"2025-10-08T01:05:22+00:00\" \/>\n<meta property=\"og:image\" content=\"https:\/\/fmgente.com.ar\/web\/wp-content\/uploads\/2025\/10\/Nacho-Castanares-Thiago-medina.jpg-2.webp\" \/>\n\t<meta property=\"og:image:width\" content=\"1052\" \/>\n\t<meta property=\"og:image:height\" content=\"665\" \/>\n\t<meta property=\"og:image:type\" content=\"image\/webp\" \/>\n<meta name=\"twitter:card\" content=\"summary_large_image\" \/>\n<meta name=\"twitter:label1\" content=\"Tiempo de lectura\" \/>\n\t<meta name=\"twitter:data1\" content=\"3 minutos\" \/>\n<script type=\"application\/ld+json\" class=\"yoast-schema-graph\">{\"@context\":\"https:\\\/\\\/schema.org\",\"@graph\":[{\"@type\":\"Article\",\"@id\":\"https:\\\/\\\/fmgente.com.ar\\\/web\\\/quien-es-la-participante-de-masterchef-celebrity-que-se-accidento-y-fue-atendida-de-urgencia\\\/#article\",\"isPartOf\":{\"@id\":\"https:\\\/\\\/fmgente.com.ar\\\/web\\\/quien-es-la-participante-de-masterchef-celebrity-que-se-accidento-y-fue-atendida-de-urgencia\\\/\"},\"author\":{\"name\":\"\",\"@id\":\"\"},\"headline\":\"Qui\u00e9n es la participante de MasterChef Celebrity que se accident\u00f3 y fue atendida de urgencia\",\"datePublished\":\"2025-10-08T01:05:22+00:00\",\"mainEntityOfPage\":{\"@id\":\"https:\\\/\\\/fmgente.com.ar\\\/web\\\/quien-es-la-participante-de-masterchef-celebrity-que-se-accidento-y-fue-atendida-de-urgencia\\\/\"},\"wordCount\":523,\"publisher\":{\"@id\":\"https:\\\/\\\/fmgente.com.ar\\\/web\\\/#organization\"},\"image\":{\"@id\":\"https:\\\/\\\/fmgente.com.ar\\\/web\\\/quien-es-la-participante-de-masterchef-celebrity-que-se-accidento-y-fue-atendida-de-urgencia\\\/#primaryimage\"},\"thumbnailUrl\":\"https:\\\/\\\/fmgente.com.ar\\\/web\\\/wp-content\\\/uploads\\\/2025\\\/10\\\/Nacho-Castanares-Thiago-medina.jpg-2.webp\",\"articleSection\":[\"DESTACADAS\"],\"inLanguage\":\"es\"},{\"@type\":\"WebPage\",\"@id\":\"https:\\\/\\\/fmgente.com.ar\\\/web\\\/quien-es-la-participante-de-masterchef-celebrity-que-se-accidento-y-fue-atendida-de-urgencia\\\/\",\"url\":\"https:\\\/\\\/fmgente.com.ar\\\/web\\\/quien-es-la-participante-de-masterchef-celebrity-que-se-accidento-y-fue-atendida-de-urgencia\\\/\",\"name\":\"Qui\u00e9n es la participante de MasterChef Celebrity que se accident\u00f3 y fue atendida de urgencia - Fm Gente\",\"isPartOf\":{\"@id\":\"https:\\\/\\\/fmgente.com.ar\\\/web\\\/#website\"},\"primaryImageOfPage\":{\"@id\":\"https:\\\/\\\/fmgente.com.ar\\\/web\\\/quien-es-la-participante-de-masterchef-celebrity-que-se-accidento-y-fue-atendida-de-urgencia\\\/#primaryimage\"},\"image\":{\"@id\":\"https:\\\/\\\/fmgente.com.ar\\\/web\\\/quien-es-la-participante-de-masterchef-celebrity-que-se-accidento-y-fue-atendida-de-urgencia\\\/#primaryimage\"},\"thumbnailUrl\":\"https:\\\/\\\/fmgente.com.ar\\\/web\\\/wp-content\\\/uploads\\\/2025\\\/10\\\/Nacho-Castanares-Thiago-medina.jpg-2.webp\",\"datePublished\":\"2025-10-08T01:05:22+00:00\",\"inLanguage\":\"es\",\"potentialAction\":[{\"@type\":\"ReadAction\",\"target\":[\"https:\\\/\\\/fmgente.com.ar\\\/web\\\/quien-es-la-participante-de-masterchef-celebrity-que-se-accidento-y-fue-atendida-de-urgencia\\\/\"]}]},{\"@type\":\"ImageObject\",\"inLanguage\":\"es\",\"@id\":\"https:\\\/\\\/fmgente.com.ar\\\/web\\\/quien-es-la-participante-de-masterchef-celebrity-que-se-accidento-y-fue-atendida-de-urgencia\\\/#primaryimage\",\"url\":\"https:\\\/\\\/fmgente.com.ar\\\/web\\\/wp-content\\\/uploads\\\/2025\\\/10\\\/Nacho-Castanares-Thiago-medina.jpg-2.webp\",\"contentUrl\":\"https:\\\/\\\/fmgente.com.ar\\\/web\\\/wp-content\\\/uploads\\\/2025\\\/10\\\/Nacho-Castanares-Thiago-medina.jpg-2.webp\",\"width\":1052,\"height\":665},{\"@type\":\"WebSite\",\"@id\":\"https:\\\/\\\/fmgente.com.ar\\\/web\\\/#website\",\"url\":\"https:\\\/\\\/fmgente.com.ar\\\/web\\\/\",\"name\":\"Fm Gente\",\"description\":\"- Jes\u00fas Mar\u00eda\",\"publisher\":{\"@id\":\"https:\\\/\\\/fmgente.com.ar\\\/web\\\/#organization\"},\"potentialAction\":[{\"@type\":\"SearchAction\",\"target\":{\"@type\":\"EntryPoint\",\"urlTemplate\":\"https:\\\/\\\/fmgente.com.ar\\\/web\\\/?s={search_term_string}\"},\"query-input\":{\"@type\":\"PropertyValueSpecification\",\"valueRequired\":true,\"valueName\":\"search_term_string\"}}],\"inLanguage\":\"es\"},{\"@type\":\"Organization\",\"@id\":\"https:\\\/\\\/fmgente.com.ar\\\/web\\\/#organization\",\"name\":\"Fm Gente\",\"url\":\"https:\\\/\\\/fmgente.com.ar\\\/web\\\/\",\"logo\":{\"@type\":\"ImageObject\",\"inLanguage\":\"es\",\"@id\":\"https:\\\/\\\/fmgente.com.ar\\\/web\\\/#\\\/schema\\\/logo\\\/image\\\/\",\"url\":\"https:\\\/\\\/fmgente.com.ar\\\/web\\\/wp-content\\\/uploads\\\/2023\\\/07\\\/cropped-cropped-logo-sombra2.png\",\"contentUrl\":\"https:\\\/\\\/fmgente.com.ar\\\/web\\\/wp-content\\\/uploads\\\/2023\\\/07\\\/cropped-cropped-logo-sombra2.png\",\"width\":1782,\"height\":1782,\"caption\":\"Fm Gente\"},\"image\":{\"@id\":\"https:\\\/\\\/fmgente.com.ar\\\/web\\\/#\\\/schema\\\/logo\\\/image\\\/\"}}]}<\/script>\n<!-- \/ Yoast SEO plugin. -->","yoast_head_json":{"title":"Qui\u00e9n es la participante de MasterChef Celebrity que se accident\u00f3 y fue atendida de urgencia - Fm Gente","robots":{"index":"index","follow":"follow","max-snippet":"max-snippet:-1","max-image-preview":"max-image-preview:large","max-video-preview":"max-video-preview:-1"},"canonical":"https:\/\/fmgente.com.ar\/web\/quien-es-la-participante-de-masterchef-celebrity-que-se-accidento-y-fue-atendida-de-urgencia\/","og_locale":"es_ES","og_type":"article","og_title":"Qui\u00e9n es la participante de MasterChef Celebrity que se accident\u00f3 y fue atendida de urgencia - Fm Gente","og_description":"Momentos de tensi\u00f3n se vivieron en la previa de la nueva edici\u00f3n de MasterChef Celebrity,","og_url":"https:\/\/fmgente.com.ar\/web\/quien-es-la-participante-de-masterchef-celebrity-que-se-accidento-y-fue-atendida-de-urgencia\/","og_site_name":"Fm Gente","article_published_time":"2025-10-08T01:05:22+00:00","og_image":[{"width":1052,"height":665,"url":"https:\/\/fmgente.com.ar\/web\/wp-content\/uploads\/2025\/10\/Nacho-Castanares-Thiago-medina.jpg-2.webp","type":"image\/webp"}],"twitter_card":"summary_large_image","twitter_misc":{"Tiempo de lectura":"3 minutos"},"schema":{"@context":"https:\/\/schema.org","@graph":[{"@type":"Article","@id":"https:\/\/fmgente.com.ar\/web\/quien-es-la-participante-de-masterchef-celebrity-que-se-accidento-y-fue-atendida-de-urgencia\/#article","isPartOf":{"@id":"https:\/\/fmgente.com.ar\/web\/quien-es-la-participante-de-masterchef-celebrity-que-se-accidento-y-fue-atendida-de-urgencia\/"},"author":{"name":"","@id":""},"headline":"Qui\u00e9n es la participante de MasterChef Celebrity que se accident\u00f3 y fue atendida de urgencia","datePublished":"2025-10-08T01:05:22+00:00","mainEntityOfPage":{"@id":"https:\/\/fmgente.com.ar\/web\/quien-es-la-participante-de-masterchef-celebrity-que-se-accidento-y-fue-atendida-de-urgencia\/"},"wordCount":523,"publisher":{"@id":"https:\/\/fmgente.com.ar\/web\/#organization"},"image":{"@id":"https:\/\/fmgente.com.ar\/web\/quien-es-la-participante-de-masterchef-celebrity-que-se-accidento-y-fue-atendida-de-urgencia\/#primaryimage"},"thumbnailUrl":"https:\/\/fmgente.com.ar\/web\/wp-content\/uploads\/2025\/10\/Nacho-Castanares-Thiago-medina.jpg-2.webp","articleSection":["DESTACADAS"],"inLanguage":"es"},{"@type":"WebPage","@id":"https:\/\/fmgente.com.ar\/web\/quien-es-la-participante-de-masterchef-celebrity-que-se-accidento-y-fue-atendida-de-urgencia\/","url":"https:\/\/fmgente.com.ar\/web\/quien-es-la-participante-de-masterchef-celebrity-que-se-accidento-y-fue-atendida-de-urgencia\/","name":"Qui\u00e9n es la participante de MasterChef Celebrity que se accident\u00f3 y fue atendida de urgencia - Fm Gente","isPartOf":{"@id":"https:\/\/fmgente.com.ar\/web\/#website"},"primaryImageOfPage":{"@id":"https:\/\/fmgente.com.ar\/web\/quien-es-la-participante-de-masterchef-celebrity-que-se-accidento-y-fue-atendida-de-urgencia\/#primaryimage"},"image":{"@id":"https:\/\/fmgente.com.ar\/web\/quien-es-la-participante-de-masterchef-celebrity-que-se-accidento-y-fue-atendida-de-urgencia\/#primaryimage"},"thumbnailUrl":"https:\/\/fmgente.com.ar\/web\/wp-content\/uploads\/2025\/10\/Nacho-Castanares-Thiago-medina.jpg-2.webp","datePublished":"2025-10-08T01:05:22+00:00","inLanguage":"es","potentialAction":[{"@type":"ReadAction","target":["https:\/\/fmgente.com.ar\/web\/quien-es-la-participante-de-masterchef-celebrity-que-se-accidento-y-fue-atendida-de-urgencia\/"]}]},{"@type":"ImageObject","inLanguage":"es","@id":"https:\/\/fmgente.com.ar\/web\/quien-es-la-participante-de-masterchef-celebrity-que-se-accidento-y-fue-atendida-de-urgencia\/#primaryimage","url":"https:\/\/fmgente.com.ar\/web\/wp-content\/uploads\/2025\/10\/Nacho-Castanares-Thiago-medina.jpg-2.webp","contentUrl":"https:\/\/fmgente.com.ar\/web\/wp-content\/uploads\/2025\/10\/Nacho-Castanares-Thiago-medina.jpg-2.webp","width":1052,"height":665},{"@type":"WebSite","@id":"https:\/\/fmgente.com.ar\/web\/#website","url":"https:\/\/fmgente.com.ar\/web\/","name":"Fm Gente","description":"- Jes\u00fas Mar\u00eda","publisher":{"@id":"https:\/\/fmgente.com.ar\/web\/#organization"},"potentialAction":[{"@type":"SearchAction","target":{"@type":"EntryPoint","urlTemplate":"https:\/\/fmgente.com.ar\/web\/?s={search_term_string}"},"query-input":{"@type":"PropertyValueSpecification","valueRequired":true,"valueName":"search_term_string"}}],"inLanguage":"es"},{"@type":"Organization","@id":"https:\/\/fmgente.com.ar\/web\/#organization","name":"Fm Gente","url":"https:\/\/fmgente.com.ar\/web\/","logo":{"@type":"ImageObject","inLanguage":"es","@id":"https:\/\/fmgente.com.ar\/web\/#\/schema\/logo\/image\/","url":"https:\/\/fmgente.com.ar\/web\/wp-content\/uploads\/2023\/07\/cropped-cropped-logo-sombra2.png","contentUrl":"https:\/\/fmgente.com.ar\/web\/wp-content\/uploads\/2023\/07\/cropped-cropped-logo-sombra2.png","width":1782,"height":1782,"caption":"Fm Gente"},"image":{"@id":"https:\/\/fmgente.com.ar\/web\/#\/schema\/logo\/image\/"}}]}},"_links":{"self":[{"href":"https:\/\/fmgente.com.ar\/web\/wp-json\/wp\/v2\/posts\/6319","targetHints":{"allow":["GET"]}}],"collection":[{"href":"https:\/\/fmgente.com.ar\/web\/wp-json\/wp\/v2\/posts"}],"about":[{"href":"https:\/\/fmgente.com.ar\/web\/wp-json\/wp\/v2\/types\/post"}],"replies":[{"embeddable":true,"href":"https:\/\/fmgente.com.ar\/web\/wp-json\/wp\/v2\/comments?post=6319"}],"version-history":[{"count":0,"href":"https:\/\/fmgente.com.ar\/web\/wp-json\/wp\/v2\/posts\/6319\/revisions"}],"wp:featuredmedia":[{"embeddable":true,"href":"https:\/\/fmgente.com.ar\/web\/wp-json\/wp\/v2\/media\/6320"}],"wp:attachment":[{"href":"https:\/\/fmgente.com.ar\/web\/wp-json\/wp\/v2\/media?parent=6319"}],"wp:term":[{"taxonomy":"category","embeddable":true,"href":"https:\/\/fmgente.com.ar\/web\/wp-json\/wp\/v2\/categories?post=6319"},{"taxonomy":"post_tag","embeddable":true,"href":"https:\/\/fmgente.com.ar\/web\/wp-json\/wp\/v2\/tags?post=6319"}],"curies":[{"name":"wp","href":"https:\/\/api.w.org\/{rel}","templated":true}]}}